{"id":9176,"date":"2026-02-11T08:58:00","date_gmt":"2026-02-11T08:58:00","guid":{"rendered":"https:\/\/bangbang.md\/?p=9176"},"modified":"2026-02-22T09:10:08","modified_gmt":"2026-02-22T09:10:08","slug":"cedo-cere-explicatii-guvernului-in-cazul-genderdoc-m-unde-se-opreste-libertatea-de-exprimare-in-campanie","status":"publish","type":"post","link":"https:\/\/bangbang.md\/ru\/2026\/02\/11\/cedo-cere-explicatii-guvernului-in-cazul-genderdoc-m-unde-se-opreste-libertatea-de-exprimare-in-campanie\/","title":{"rendered":"CEDO cere explica\u021bii Guvernului \u00een cazul GENDERDOC-M: unde se opre\u0219te libertatea de exprimare \u00een campanie?"},"content":{"rendered":"<h2 class=\"wp-block-heading\" id=\"h-curtea-europeana-a-drepturilor-omului-a-comunicat-guvernului-republicii-moldova-cauza-genderdoc-m-\u0219i-al\u021bii-legata-de-folosirea-imaginilor-unor-activi\u0219ti-lgbtq-intr-un-spot-electoral-din-2015-dosarul-ridica-intrebari-sensibile-despre-via\u021ba-privata-discriminare-\u0219i-limitele-discursului-politic-in-campaniile-electorale\"><strong>Curtea European\u0103 a Drepturilor Omului a comunicat Guvernului Republicii Moldova cauza \u201eGENDERDOC-M \u0219i al\u021bii\u201d, legat\u0103 de folosirea imaginilor unor activi\u0219ti LGBTQ+ \u00eentr-un spot electoral din 2015. Dosarul ridic\u0103 \u00eentreb\u0103ri sensibile despre via\u021ba privat\u0103, discriminare \u0219i limitele discursului politic \u00een campaniile electorale.<\/strong><\/h2>\n\n\n\n<p>Miza nu este doar una juridic\u0103. Este \u0219i o discu\u021bie despre c\u00e2t de vulnerabili r\u0103m\u00e2n activi\u0219tii LGBTQ+ \u00eentr-un climat politic \u00een care retorica despre \u201evalori tradi\u021bionale\u201d a fost folosit\u0103 ca arm\u0103 electoral\u0103.<\/p>\n\n\n\n<h2 class=\"wp-block-heading\" id=\"h-un-spot-electoral-\u0219i-cinci-persoane-expuse-public\">Un spot electoral \u0219i cinci persoane expuse public<\/h2>\n\n\n\n<p>Cazul \u00ee\u0219i are originea \u00een alegerile locale din 14 iunie 2015. \u00cen campanie, Partidul Sociali\u0219tilor din Republica Moldova a difuzat un spot \u00een limbile rom\u00e2n\u0103 \u0219i rus\u0103, \u00een care Igor Dodon acuza guvernarea c\u0103 ar \u201edistruge valorile tradi\u021bionale \u0219i morala cre\u0219tin\u0103\u201d.<\/p>\n\n\n\n<p>\u00cen acel material au fost incluse imagini de la Mar\u0219ul Egalit\u0103\u021bii din 17 mai 2015, organizat la Chi\u0219in\u0103u. Cinci angaja\u021bi ai organiza\u021biei GENDERDOC-M apar clar identificabili \u00een video. Potrivit cererii depuse la CEDO, imaginile au fost folosite f\u0103r\u0103 consim\u021b\u0103m\u00e2ntul lor \u0219i \u00eentr-un context care i-a prezentat ca parte a unei amenin\u021b\u0103ri la adresa \u201evalorilor\u201d.<\/p>\n\n\n\n<p>Acest proces nu este doar o problem\u0103 de imagine, ci una de stigmatizare \u00eentr-o societate \u00een care persoanele LGBTQ+ se confrunt\u0103 frecvent cu discriminare, discurs de ur\u0103 \u0219i presiune social\u0103.<\/p>\n\n\n\n<h2 class=\"wp-block-heading\" id=\"h-de-la-ingerin\u021ba-in-via\u021ba-privata-la-figuri-publice\">De la \u201eingerin\u021b\u0103 \u00een via\u021ba privat\u0103\u201d la \u201efiguri publice\u201d<\/h2>\n\n\n\n<p>Instan\u021ba de fond din Republica Moldova a considerat ini\u021bial c\u0103 este vorba despre o ingerin\u021b\u0103 \u00een via\u021ba privat\u0103 \u0219i a remarcat caracterul stigmatizant al materialului electoral. Ulterior \u00eens\u0103, instan\u021bele superioare, inclusiv Curtea Suprem\u0103 de Justi\u021bie, au schimbat abordarea: reclaman\u021bii au fost califica\u021bi drept \u201efiguri publice\u201d, iar evenimentul \u2013 drept unul \u201epublic\u201d. \u00cen aceast\u0103 logic\u0103, protec\u021bia imaginii \u0219i a vie\u021bii private ar fi mai redus\u0103.<\/p>\n\n\n\n<p>Aceast\u0103 schimbare de interpretare este acum analizat\u0103 la Strasbourg.<\/p>\n\n\n\n<h2 class=\"wp-block-heading\" id=\"h-ce-intreaba-de-fapt-cedo\">Ce \u00eentreab\u0103, de fapt, CEDO?<\/h2>\n\n\n\n<p>Prin comunicarea cauzei, Curtea European\u0103 a Drepturilor Omului solicit\u0103 Guvernului s\u0103 r\u0103spund\u0103 la mai multe \u00eentreb\u0103ri de drept. \u00cen joc sunt trei articole din Conven\u021bia European\u0103: <strong>Articolul 8<\/strong> \u2013 dreptul la via\u021b\u0103 privat\u0103; <strong>Articolul 14<\/strong> \u2013 interzicerea discrimin\u0103rii; <strong>Articolul 10<\/strong> \u2013 libertatea de exprimare.<\/p>\n\n\n\n<p>Curtea va trebui s\u0103 stabileasc\u0103 dac\u0103 statutul de activist sau participarea la un eveniment public diminueaz\u0103 p\u00e2n\u0103 la anulare protec\u021bia vie\u021bii private atunci c\u00e2nd imaginile sunt folosite \u00eentr-un mesaj politic cu poten\u021bial stigmatizant.<\/p>\n\n\n\n<p>De asemenea, este pus\u0103 \u00een discu\u021bie obliga\u021bia pozitiv\u0103 a statului de a proteja persoanele \u00eempotriva utiliz\u0103rii abuzive a imaginii lor, mai ales \u00eentr-un context electoral, unde mesajele pot amplifica frica, excluderea \u0219i autocenzura.<\/p>\n\n\n\n<h2 class=\"wp-block-heading\" id=\"h-de-ce-conteaza-acest-caz-pentru-moldova\">De ce conteaz\u0103 acest caz pentru Moldova<\/h2>\n\n\n\n<p>Comunicarea unei cauze nu \u00eenseamn\u0103 c\u0103 Moldova a pierdut procesul. \u00censeamn\u0103 \u00eens\u0103 c\u0103 judec\u0103torii de la Strasbourg au identificat o problem\u0103 serioas\u0103 de principiu.<\/p>\n\n\n\n<p>Pentru Republica Moldova, dosarul este relevant dincolo de comunitatea LGBTQ+. El poate clarifica: c\u00e2t de departe poate merge propaganda electoral\u0103; dac\u0103 eticheta de \u201efigur\u0103 public\u0103\u201d poate fi folosit\u0103 pentru a sl\u0103bi protec\u021bia drepturilor individuale \u0219i ce obliga\u021bii are statul atunci c\u00e2nd discursul politic produce marginalizare.<\/p>\n\n\n\n<p>\u00centr-un context \u00een care temele legate de orientare sexual\u0103 \u0219i \u201evalori tradi\u021bionale\u201d revin constant \u00een campanii, hot\u0103r\u00e2rea CEDO ar putea seta un precedent important pentru echilibrul dintre libertatea de exprimare \u0219i protec\u021bia demnit\u0103\u021bii umane.<\/p>","protected":false},"excerpt":{"rendered":"<p>Curtea European\u0103 a Drepturilor Omului a comunicat Guvernului Republicii Moldova cauza \u201eGENDERDOC-M \u0219i al\u021bii\u201d, legat\u0103 de folosirea imaginilor unor activi\u0219ti&#8230;<\/p>","protected":false},"author":3,"featured_media":8939,"comment_status":"closed","ping_status":"closed","sticky":false,"template":"","format":"standard","meta":{"footnotes":""},"categories":[183,177,645],"tags":[],"class_list":["post-9176","post","type-post","status-publish","format-standard","has-post-thumbnail","hentry","category-moldova","category-noutati","category-pride"],"yoast_head":"<!-- This site is optimized with the Yoast SEO Premium plugin v18.9 (Yoast SEO v20.13) - https:\/\/yoast.com\/wordpress\/plugins\/seo\/ -->\n<title>CEDO cere explica\u021bii Guvernului \u00een cazul GENDERDOC-M: unde se opre\u0219te libertatea de exprimare \u00een campanie? - BANG-BANG<\/title>\n<meta name=\"description\" content=\"Curtea European\u0103 a Drepturilor Omului a comunicat Guvernului Republicii Moldova cauza \u201eGENDERDOC-M \u0219i al\u021bii\u201d, legat\u0103 de folosirea imaginilor unor activi\u0219ti LGBTQ+ \u00eentr-un spot electoral din 2015.\" \/>\n<meta name=\"robots\" content=\"index, follow, max-snippet:-1, max-image-preview:large, max-video-preview:-1\" \/>\n<link rel=\"canonical\" href=\"https:\/\/bangbang.md\/ru\/2026\/02\/11\/cedo-cere-explicatii-guvernului-in-cazul-genderdoc-m-unde-se-opreste-libertatea-de-exprimare-in-campanie\/\" \/>\n<meta property=\"og:locale\" content=\"ru_RU\" \/>\n<meta property=\"og:type\" content=\"article\" \/>\n<meta property=\"og:title\" content=\"CEDO cere explica\u021bii Guvernului \u00een cazul GENDERDOC-M: unde se opre\u0219te libertatea de exprimare \u00een campanie?\" \/>\n<meta property=\"og:description\" content=\"Curtea European\u0103 a Drepturilor Omului a comunicat Guvernului Republicii Moldova cauza \u201eGENDERDOC-M \u0219i al\u021bii\u201d, legat\u0103 de folosirea imaginilor unor activi\u0219ti LGBTQ+ \u00eentr-un spot electoral din 2015.\" \/>\n<meta property=\"og:url\" content=\"https:\/\/bangbang.md\/ru\/2026\/02\/11\/cedo-cere-explicatii-guvernului-in-cazul-genderdoc-m-unde-se-opreste-libertatea-de-exprimare-in-campanie\/\" \/>\n<meta property=\"og:site_name\" content=\"BANG-BANG\" \/>\n<meta property=\"article:publisher\" content=\"https:\/\/www.facebook.com\/bangbangmoldova\" \/>\n<meta property=\"article:published_time\" content=\"2026-02-11T08:58:00+00:00\" \/>\n<meta property=\"article:modified_time\" content=\"2026-02-22T09:10:08+00:00\" \/>\n<meta property=\"og:image\" content=\"https:\/\/bangbang.md\/wp-content\/uploads\/2025\/05\/60661683_1086970481495760_7332334039921065984_n.jpg\" \/>\n\t<meta property=\"og:image:width\" content=\"2048\" \/>\n\t<meta property=\"og:image:height\" content=\"1365\" \/>\n\t<meta property=\"og:image:type\" content=\"image\/jpeg\" \/>\n<meta name=\"author\" content=\"Micleusanu Vasile\" \/>\n<meta name=\"twitter:card\" content=\"summary_large_image\" \/>\n<meta name=\"twitter:label1\" content=\"\u041d\u0430\u043f\u0438\u0441\u0430\u043d\u043e \u0430\u0432\u0442\u043e\u0440\u043e\u043c\" \/>\n\t<meta name=\"twitter:data1\" content=\"Micleusanu Vasile\" \/>\n\t<meta name=\"twitter:label2\" content=\"\u041f\u0440\u0438\u043c\u0435\u0440\u043d\u043e\u0435 \u0432\u0440\u0435\u043c\u044f \u0434\u043b\u044f \u0447\u0442\u0435\u043d\u0438\u044f\" \/>\n\t<meta name=\"twitter:data2\" content=\"3 \u043c\u0438\u043d\u0443\u0442\u044b\" \/>\n<script type=\"application\/ld+json\" class=\"yoast-schema-graph\">{\"@context\":\"https:\/\/schema.org\",\"@graph\":[{\"@type\":\"Article\",\"@id\":\"https:\/\/bangbang.md\/2026\/02\/11\/cedo-cere-explicatii-guvernului-in-cazul-genderdoc-m-unde-se-opreste-libertatea-de-exprimare-in-campanie\/#article\",\"isPartOf\":{\"@id\":\"https:\/\/bangbang.md\/2026\/02\/11\/cedo-cere-explicatii-guvernului-in-cazul-genderdoc-m-unde-se-opreste-libertatea-de-exprimare-in-campanie\/\"},\"author\":{\"name\":\"Micleusanu Vasile\",\"@id\":\"https:\/\/bangbang.md\/#\/schema\/person\/5378c72f5ed47ee2964c4075df5f713d\"},\"headline\":\"CEDO cere explica\u021bii Guvernului \u00een cazul GENDERDOC-M: unde se opre\u0219te libertatea de exprimare \u00een campanie?\",\"datePublished\":\"2026-02-11T08:58:00+00:00\",\"dateModified\":\"2026-02-22T09:10:08+00:00\",\"mainEntityOfPage\":{\"@id\":\"https:\/\/bangbang.md\/2026\/02\/11\/cedo-cere-explicatii-guvernului-in-cazul-genderdoc-m-unde-se-opreste-libertatea-de-exprimare-in-campanie\/\"},\"wordCount\":575,\"publisher\":{\"@id\":\"https:\/\/bangbang.md\/#organization\"},\"articleSection\":[\"Moldova\",\"Nout\u0103\u021bi\",\"Pride\"],\"inLanguage\":\"ru-RU\"},{\"@type\":\"WebPage\",\"@id\":\"https:\/\/bangbang.md\/2026\/02\/11\/cedo-cere-explicatii-guvernului-in-cazul-genderdoc-m-unde-se-opreste-libertatea-de-exprimare-in-campanie\/\",\"url\":\"https:\/\/bangbang.md\/2026\/02\/11\/cedo-cere-explicatii-guvernului-in-cazul-genderdoc-m-unde-se-opreste-libertatea-de-exprimare-in-campanie\/\",\"name\":\"CEDO cere explica\u021bii Guvernului \u00een cazul GENDERDOC-M: unde se opre\u0219te libertatea de exprimare \u00een campanie? - BANG-BANG\",\"isPartOf\":{\"@id\":\"https:\/\/bangbang.md\/#website\"},\"datePublished\":\"2026-02-11T08:58:00+00:00\",\"dateModified\":\"2026-02-22T09:10:08+00:00\",\"description\":\"Curtea European\u0103 a Drepturilor Omului a comunicat Guvernului Republicii Moldova cauza \u201eGENDERDOC-M \u0219i al\u021bii\u201d, legat\u0103 de folosirea imaginilor unor activi\u0219ti LGBTQ+ \u00eentr-un spot electoral din 2015.\",\"breadcrumb\":{\"@id\":\"https:\/\/bangbang.md\/2026\/02\/11\/cedo-cere-explicatii-guvernului-in-cazul-genderdoc-m-unde-se-opreste-libertatea-de-exprimare-in-campanie\/#breadcrumb\"},\"inLanguage\":\"ru-RU\",\"potentialAction\":[{\"@type\":\"ReadAction\",\"target\":[\"https:\/\/bangbang.md\/2026\/02\/11\/cedo-cere-explicatii-guvernului-in-cazul-genderdoc-m-unde-se-opreste-libertatea-de-exprimare-in-campanie\/\"]}]},{\"@type\":\"BreadcrumbList\",\"@id\":\"https:\/\/bangbang.md\/2026\/02\/11\/cedo-cere-explicatii-guvernului-in-cazul-genderdoc-m-unde-se-opreste-libertatea-de-exprimare-in-campanie\/#breadcrumb\",\"itemListElement\":[{\"@type\":\"ListItem\",\"position\":1,\"name\":\"Prima pagin\u0103\",\"item\":\"https:\/\/bangbang.md\/\"},{\"@type\":\"ListItem\",\"position\":2,\"name\":\"CEDO cere explica\u021bii Guvernului \u00een cazul GENDERDOC-M: unde se opre\u0219te libertatea de exprimare \u00een campanie?\"}]},{\"@type\":\"WebSite\",\"@id\":\"https:\/\/bangbang.md\/#website\",\"url\":\"https:\/\/bangbang.md\/\",\"name\":\"BANG-BANG\",\"description\":\"Portal web dedicat comunit\u0103\u021bii LGBTQ d RM\",\"publisher\":{\"@id\":\"https:\/\/bangbang.md\/#organization\"},\"potentialAction\":[{\"@type\":\"SearchAction\",\"target\":{\"@type\":\"EntryPoint\",\"urlTemplate\":\"https:\/\/bangbang.md\/?s={search_term_string}\"},\"query-input\":\"required name=search_term_string\"}],\"inLanguage\":\"ru-RU\"},{\"@type\":\"Organization\",\"@id\":\"https:\/\/bangbang.md\/#organization\",\"name\":\"Bang bang\",\"url\":\"https:\/\/bangbang.md\/\",\"logo\":{\"@type\":\"ImageObject\",\"inLanguage\":\"ru-RU\",\"@id\":\"https:\/\/bangbang.md\/#\/schema\/logo\/image\/\",\"url\":\"https:\/\/bangbang.md\/wp-content\/uploads\/2022\/07\/cropped-Group.jpg\",\"contentUrl\":\"https:\/\/bangbang.md\/wp-content\/uploads\/2022\/07\/cropped-Group.jpg\",\"width\":512,\"height\":512,\"caption\":\"Bang bang\"},\"image\":{\"@id\":\"https:\/\/bangbang.md\/#\/schema\/logo\/image\/\"},\"sameAs\":[\"https:\/\/www.facebook.com\/bangbangmoldova\"]},{\"@type\":\"Person\",\"@id\":\"https:\/\/bangbang.md\/#\/schema\/person\/5378c72f5ed47ee2964c4075df5f713d\",\"name\":\"Micleusanu Vasile\",\"image\":{\"@type\":\"ImageObject\",\"inLanguage\":\"ru-RU\",\"@id\":\"https:\/\/bangbang.md\/#\/schema\/person\/image\/\",\"url\":\"https:\/\/secure.gravatar.com\/avatar\/33fcec8745ff74b39241dd3111c85da3d8bb21844aef6911b4f86aec2cdeb93b?s=96&d=mm&r=g\",\"contentUrl\":\"https:\/\/secure.gravatar.com\/avatar\/33fcec8745ff74b39241dd3111c85da3d8bb21844aef6911b4f86aec2cdeb93b?s=96&d=mm&r=g\",\"caption\":\"Micleusanu Vasile\"},\"url\":\"https:\/\/bangbang.md\/ru\/author\/vasilem\/\"}]}<\/script>\n<!-- \/ Yoast SEO Premium plugin. -->","yoast_head_json":{"title":"CEDO cere explica\u021bii Guvernului \u00een cazul GENDERDOC-M: unde se opre\u0219te libertatea de exprimare \u00een campanie? - BANG-BANG","description":"Curtea European\u0103 a Drepturilor Omului a comunicat Guvernului Republicii Moldova cauza \u201eGENDERDOC-M \u0219i al\u021bii\u201d, legat\u0103 de folosirea imaginilor unor activi\u0219ti LGBTQ+ \u00eentr-un spot electoral din 2015.","robots":{"index":"index","follow":"follow","max-snippet":"max-snippet:-1","max-image-preview":"max-image-preview:large","max-video-preview":"max-video-preview:-1"},"canonical":"https:\/\/bangbang.md\/ru\/2026\/02\/11\/cedo-cere-explicatii-guvernului-in-cazul-genderdoc-m-unde-se-opreste-libertatea-de-exprimare-in-campanie\/","og_locale":"ru_RU","og_type":"article","og_title":"CEDO cere explica\u021bii Guvernului \u00een cazul GENDERDOC-M: unde se opre\u0219te libertatea de exprimare \u00een campanie?","og_description":"Curtea European\u0103 a Drepturilor Omului a comunicat Guvernului Republicii Moldova cauza \u201eGENDERDOC-M \u0219i al\u021bii\u201d, legat\u0103 de folosirea imaginilor unor activi\u0219ti LGBTQ+ \u00eentr-un spot electoral din 2015.","og_url":"https:\/\/bangbang.md\/ru\/2026\/02\/11\/cedo-cere-explicatii-guvernului-in-cazul-genderdoc-m-unde-se-opreste-libertatea-de-exprimare-in-campanie\/","og_site_name":"BANG-BANG","article_publisher":"https:\/\/www.facebook.com\/bangbangmoldova","article_published_time":"2026-02-11T08:58:00+00:00","article_modified_time":"2026-02-22T09:10:08+00:00","og_image":[{"width":2048,"height":1365,"url":"https:\/\/bangbang.md\/wp-content\/uploads\/2025\/05\/60661683_1086970481495760_7332334039921065984_n.jpg","type":"image\/jpeg"}],"author":"Micleusanu Vasile","twitter_card":"summary_large_image","twitter_misc":{"\u041d\u0430\u043f\u0438\u0441\u0430\u043d\u043e \u0430\u0432\u0442\u043e\u0440\u043e\u043c":"Micleusanu Vasile","\u041f\u0440\u0438\u043c\u0435\u0440\u043d\u043e\u0435 \u0432\u0440\u0435\u043c\u044f \u0434\u043b\u044f \u0447\u0442\u0435\u043d\u0438\u044f":"3 \u043c\u0438\u043d\u0443\u0442\u044b"},"schema":{"@context":"https:\/\/schema.org","@graph":[{"@type":"Article","@id":"https:\/\/bangbang.md\/2026\/02\/11\/cedo-cere-explicatii-guvernului-in-cazul-genderdoc-m-unde-se-opreste-libertatea-de-exprimare-in-campanie\/#article","isPartOf":{"@id":"https:\/\/bangbang.md\/2026\/02\/11\/cedo-cere-explicatii-guvernului-in-cazul-genderdoc-m-unde-se-opreste-libertatea-de-exprimare-in-campanie\/"},"author":{"name":"Micleusanu Vasile","@id":"https:\/\/bangbang.md\/#\/schema\/person\/5378c72f5ed47ee2964c4075df5f713d"},"headline":"CEDO cere explica\u021bii Guvernului \u00een cazul GENDERDOC-M: unde se opre\u0219te libertatea de exprimare \u00een campanie?","datePublished":"2026-02-11T08:58:00+00:00","dateModified":"2026-02-22T09:10:08+00:00","mainEntityOfPage":{"@id":"https:\/\/bangbang.md\/2026\/02\/11\/cedo-cere-explicatii-guvernului-in-cazul-genderdoc-m-unde-se-opreste-libertatea-de-exprimare-in-campanie\/"},"wordCount":575,"publisher":{"@id":"https:\/\/bangbang.md\/#organization"},"articleSection":["Moldova","Nout\u0103\u021bi","Pride"],"inLanguage":"ru-RU"},{"@type":"WebPage","@id":"https:\/\/bangbang.md\/2026\/02\/11\/cedo-cere-explicatii-guvernului-in-cazul-genderdoc-m-unde-se-opreste-libertatea-de-exprimare-in-campanie\/","url":"https:\/\/bangbang.md\/2026\/02\/11\/cedo-cere-explicatii-guvernului-in-cazul-genderdoc-m-unde-se-opreste-libertatea-de-exprimare-in-campanie\/","name":"CEDO cere explica\u021bii Guvernului \u00een cazul GENDERDOC-M: unde se opre\u0219te libertatea de exprimare \u00een campanie? - BANG-BANG","isPartOf":{"@id":"https:\/\/bangbang.md\/#website"},"datePublished":"2026-02-11T08:58:00+00:00","dateModified":"2026-02-22T09:10:08+00:00","description":"Curtea European\u0103 a Drepturilor Omului a comunicat Guvernului Republicii Moldova cauza \u201eGENDERDOC-M \u0219i al\u021bii\u201d, legat\u0103 de folosirea imaginilor unor activi\u0219ti LGBTQ+ \u00eentr-un spot electoral din 2015.","breadcrumb":{"@id":"https:\/\/bangbang.md\/2026\/02\/11\/cedo-cere-explicatii-guvernului-in-cazul-genderdoc-m-unde-se-opreste-libertatea-de-exprimare-in-campanie\/#breadcrumb"},"inLanguage":"ru-RU","potentialAction":[{"@type":"ReadAction","target":["https:\/\/bangbang.md\/2026\/02\/11\/cedo-cere-explicatii-guvernului-in-cazul-genderdoc-m-unde-se-opreste-libertatea-de-exprimare-in-campanie\/"]}]},{"@type":"BreadcrumbList","@id":"https:\/\/bangbang.md\/2026\/02\/11\/cedo-cere-explicatii-guvernului-in-cazul-genderdoc-m-unde-se-opreste-libertatea-de-exprimare-in-campanie\/#breadcrumb","itemListElement":[{"@type":"ListItem","position":1,"name":"Prima pagin\u0103","item":"https:\/\/bangbang.md\/"},{"@type":"ListItem","position":2,"name":"CEDO cere explica\u021bii Guvernului \u00een cazul GENDERDOC-M: unde se opre\u0219te libertatea de exprimare \u00een campanie?"}]},{"@type":"WebSite","@id":"https:\/\/bangbang.md\/#website","url":"https:\/\/bangbang.md\/","name":"BANG-BANG","description":"Portal web dedicat comunit\u0103\u021bii LGBTQ d RM","publisher":{"@id":"https:\/\/bangbang.md\/#organization"},"potentialAction":[{"@type":"SearchAction","target":{"@type":"EntryPoint","urlTemplate":"https:\/\/bangbang.md\/?s={search_term_string}"},"query-input":"required name=search_term_string"}],"inLanguage":"ru-RU"},{"@type":"Organization","@id":"https:\/\/bangbang.md\/#organization","name":"Bang bang","url":"https:\/\/bangbang.md\/","logo":{"@type":"ImageObject","inLanguage":"ru-RU","@id":"https:\/\/bangbang.md\/#\/schema\/logo\/image\/","url":"https:\/\/bangbang.md\/wp-content\/uploads\/2022\/07\/cropped-Group.jpg","contentUrl":"https:\/\/bangbang.md\/wp-content\/uploads\/2022\/07\/cropped-Group.jpg","width":512,"height":512,"caption":"Bang bang"},"image":{"@id":"https:\/\/bangbang.md\/#\/schema\/logo\/image\/"},"sameAs":["https:\/\/www.facebook.com\/bangbangmoldova"]},{"@type":"Person","@id":"https:\/\/bangbang.md\/#\/schema\/person\/5378c72f5ed47ee2964c4075df5f713d","name":"Micleusanu Vasile","image":{"@type":"ImageObject","inLanguage":"ru-RU","@id":"https:\/\/bangbang.md\/#\/schema\/person\/image\/","url":"https:\/\/secure.gravatar.com\/avatar\/33fcec8745ff74b39241dd3111c85da3d8bb21844aef6911b4f86aec2cdeb93b?s=96&d=mm&r=g","contentUrl":"https:\/\/secure.gravatar.com\/avatar\/33fcec8745ff74b39241dd3111c85da3d8bb21844aef6911b4f86aec2cdeb93b?s=96&d=mm&r=g","caption":"Micleusanu Vasile"},"url":"https:\/\/bangbang.md\/ru\/author\/vasilem\/"}]}},"_links":{"self":[{"href":"https:\/\/bangbang.md\/ru\/wp-json\/wp\/v2\/posts\/9176","targetHints":{"allow":["GET"]}}],"collection":[{"href":"https:\/\/bangbang.md\/ru\/wp-json\/wp\/v2\/posts"}],"about":[{"href":"https:\/\/bangbang.md\/ru\/wp-json\/wp\/v2\/types\/post"}],"author":[{"embeddable":true,"href":"https:\/\/bangbang.md\/ru\/wp-json\/wp\/v2\/users\/3"}],"replies":[{"embeddable":true,"href":"https:\/\/bangbang.md\/ru\/wp-json\/wp\/v2\/comments?post=9176"}],"version-history":[{"count":1,"href":"https:\/\/bangbang.md\/ru\/wp-json\/wp\/v2\/posts\/9176\/revisions"}],"predecessor-version":[{"id":9177,"href":"https:\/\/bangbang.md\/ru\/wp-json\/wp\/v2\/posts\/9176\/revisions\/9177"}],"wp:featuredmedia":[{"embeddable":true,"href":"https:\/\/bangbang.md\/ru\/wp-json\/wp\/v2\/media\/8939"}],"wp:attachment":[{"href":"https:\/\/bangbang.md\/ru\/wp-json\/wp\/v2\/media?parent=9176"}],"wp:term":[{"taxonomy":"category","embeddable":true,"href":"https:\/\/bangbang.md\/ru\/wp-json\/wp\/v2\/categories?post=9176"},{"taxonomy":"post_tag","embeddable":true,"href":"https:\/\/bangbang.md\/ru\/wp-json\/wp\/v2\/tags?post=9176"}],"curies":[{"name":"wp","href":"https:\/\/api.w.org\/{rel}","templated":true}]}}