{"id":9112,"date":"2026-02-03T13:34:13","date_gmt":"2026-02-03T13:34:13","guid":{"rendered":"https:\/\/bangbang.md\/?p=9112"},"modified":"2026-02-03T13:34:15","modified_gmt":"2026-02-03T13:34:15","slug":"rolul-persoanelor-bi-in-eliberarea-queer-de-a-lungul-istoriei","status":"publish","type":"post","link":"https:\/\/bangbang.md\/ru\/2026\/02\/03\/rolul-persoanelor-bi-in-eliberarea-queer-de-a-lungul-istoriei\/","title":{"rendered":"Rolul persoanelor bi+ \u00een eliberarea queer de-a lungul istoriei"},"content":{"rendered":"<p>De-a lungul istoriei queer, \u00een spa\u021biile LGBTQ+, persoanele bi+ au fost marginalizate. Suspiciunea, frica \u0219i ne\u00eencrederea au transformat bisexualitatea \u00eentr-o identitate pus\u0103 constant sub semnul \u00eentreb\u0103rii: \u201enu e\u0219ti suficient de gay\u201d, \u201ee doar o faz\u0103\u201d, \u201ep\u00e2n\u0103 se hot\u0103r\u0103\u0219ti\u201d. Pentru mul\u021bi gay \u0219i lesbiene, persoanele bi+ au fost percepute ca indecise, oportuniste sau chiar periculoase, purt\u0103toare ale privilegiului heterosexual, dar \u0219i ale stigmei queer, f\u0103r\u0103 a fi considerate pe deplin parte din niciuna dintre lumi.<\/p>\n\n\n\n<p>Aceast\u0103 excludere nu a ap\u0103rut din nimic. Ea este str\u00e2ns legat\u0103 de frica de invizibilitate, de teama c\u0103 identit\u0103\u021bile queer ar putea fi diluate, negate sau invalidate \u00eentr-o societate care a cerut mereu dovezi clare, categorii fixe \u0219i pozi\u021bion\u0103ri \u201ef\u0103r\u0103 ambiguit\u0103\u021bi\u201d.<\/p>\n\n\n\n<p>Tocmai de aceea, discu\u021bia despre locul persoanelor bi+ \u00een comunitatea LGBTQ+ devine esen\u021bial\u0103 ast\u0103zi, \u00eentr-un moment \u00een care drepturile queer sunt din nou contestate, iar solidaritatea nu mai poate fi selectiv\u0103. Istoria ne arat\u0103 c\u0103, \u00een fa\u021ba dilemei cine apar\u021bine \u0219i cine nu, solu\u021bia nu este excluderea, ci incluziunea tuturor celor marginaliza\u021bi.<\/p>\n\n\n\n<p>Activi\u0219tii bi+ au fost, de-a lungul timpului, prezen\u021bi, vizibili \u0219i implica\u021bi \u00een eliberarea queer, chiar \u0219i atunci c\u00e2nd propria lor identitate era pus\u0103 la \u00eendoial\u0103.<\/p>\n\n\n\n<p>Pornind de la aceast\u0103 tensiune dintre excludere \u0219i contribu\u021bie, dintre stigmat \u0219i solidaritate, devine necesar s\u0103 ne \u00eentoarcem la istorie \u0219i s\u0103 recunoa\u0219tem rolul central al persoanelor bi+ \u00een lupta pentru drepturile, vizibilitatea \u0219i supravie\u021buirea comunit\u0103\u021bii LGBTQ+ \u00een ansamblu.<\/p>\n\n\n\n<p data-wp-context---core-fit-text=\"core\/fit-text::{&quot;fontSize&quot;:&quot;&quot;}\" data-wp-init---core-fit-text=\"core\/fit-text::callbacks.init\" data-wp-interactive data-wp-style--font-size=\"core\/fit-text::context.fontSize\" class=\"has-fit-text\">Brenda Howard<\/p>\n\n\n<div class=\"wp-block-image\">\n<figure class=\"alignleft size-full\"><img loading=\"lazy\" decoding=\"async\" width=\"250\" height=\"284\" src=\"https:\/\/bangbang.md\/wp-content\/uploads\/2026\/01\/Brenda-howard.jpeg\" alt=\"\" class=\"wp-image-9113\" srcset=\"https:\/\/bangbang.md\/wp-content\/uploads\/2026\/01\/Brenda-howard.jpeg 250w, https:\/\/bangbang.md\/wp-content\/uploads\/2026\/01\/Brenda-howard-11x12.jpeg 11w\" sizes=\"auto, (max-width: 250px) 100vw, 250px\" \/><\/figure>\n<\/div>\n\n\n<p>Activi\u0219tii bisexuali s-au implicat public \u00een mi\u0219carea de eliberare LGBTQ+ \u00eenc\u0103 din anii 1960. Brenda Howard a coordonat un eveniment important la o lun\u0103 dup\u0103 Stonewall \u00een New York City, cunoscut sub numele de Christopher Street Liberation Day March, care a devenit prima parad\u0103 Pride din New York City. <\/p>\n\n\n\n<p>Howard este cunoscut\u0103 drept \u201eMama Pride\u201d pentru coordonarea unui miting. Ea a avut ideea unei serii de evenimente de o s\u0103pt\u0103m\u00e2n\u0103 \u00een jurul Pride, care a devenit originea s\u0103rb\u0103torilor anuale LGBT Pride, organizate acum \u00een \u00eentreaga lume. Howard, \u00eempreun\u0103 cu activi\u0219tii Robert A. Martin \u0219i L. Craig Schoonmaker, este, de asemenea, creditat\u0103 cu popularizarea cuv\u00e2ntului \u201ePride\u201d pentru a descrie aceste festivit\u0103\u021bi. <\/p>\n\n\n\n<p>O figur\u0103 important\u0103 \u00een comunitatea LGBT din New York, Howard a fost activ\u0103 \u00een Coali\u021bia pentru Drepturile Lesbienelor \u0219i Gay-ilor, care a contribuit la adoptarea legii privind drepturile LGBT din New York de c\u0103tre Consiliul Municipal \u00een 1986. \u00cen 1987, Howard a contribuit la \u00eenfiin\u021barea Re\u021belei Bisexuale din Zona New York pentru a ajuta la coordonarea serviciilor pentru comunitatea bisexual\u0103 \u00een cre\u0219tere din regiune. A fost, de asemenea, membru activ al grupului activist politic bisexual BiPAC, organizator regional pentru BiNet USA, co-facilitator al Grupului de Discu\u021bii Bisexual S\/M \u0219i fondator al primei filiale na\u021bionale a Alcoolicilor Anonimi pentru Bisexuali. <\/p>\n\n\n\n<p>Activismul ei continuu a inclus participarea la Mar\u0219ul din 1993 de la Washington pentru drepturile homosexualilor, lesbienelor \u0219i bisexualilor, unde a fost co-pre\u0219edint\u0103 \u0219i a ajutat la lobby pentru includerea termenului \u201ebisexuali\u201d \u00een titlu. <\/p>\n\n\n\n<p data-wp-context---core-fit-text=\"core\/fit-text::{&quot;fontSize&quot;:&quot;&quot;}\" data-wp-init---core-fit-text=\"core\/fit-text::callbacks.init\" data-wp-interactive data-wp-style--font-size=\"core\/fit-text::context.fontSize\" class=\"has-fit-text\">Bill Beasley<\/p>\n\n\n\n<p>\u00cen 1972, Bill Beasley, un alt activist bisexual, a fost unul dintre principalii organizatori ai primului mar\u0219 Pride din Los Angeles. Beasley a fost, de asemenea, activ \u00een Frontul de Eliberare a Homosexualilor. Mai t\u00e2rziu, a devenit membru al consiliului de administra\u021bie al ceea ce era atunci San Francisco Gay and Lesbian Freedom Day Parade, care a fost schimbat la mijlocul anilor 1990 \u00een LGBT Pride Celebration datorit\u0103 eforturilor lui Beasley \u0219i ale unui alt lider bisexual din consiliu, Matthew L. Le Grant.<\/p>\n\n\n\n<p>Mar\u0219ul istoric din 1987 de la Washington pentru \u201edrepturile gay-lor \u0219i ale lesbienelor\u201d a inclus o coloan\u0103 de persoane bisexuale organizat de Boston Bisexual Women&#8217;s Network.<\/p>\n\n\n\n<p data-wp-context---core-fit-text=\"core\/fit-text::{&quot;fontSize&quot;:&quot;&quot;}\" data-wp-init---core-fit-text=\"core\/fit-text::callbacks.init\" data-wp-interactive data-wp-style--font-size=\"core\/fit-text::context.fontSize\" class=\"has-fit-text\">Alan Rockway<\/p>\n\n\n<div class=\"wp-block-image\">\n<figure class=\"aligncenter size-full\"><img loading=\"lazy\" decoding=\"async\" width=\"663\" height=\"455\" src=\"https:\/\/bangbang.md\/wp-content\/uploads\/2026\/01\/DmRYF48X0AI__1y.jpg\" alt=\"\" class=\"wp-image-9115\" srcset=\"https:\/\/bangbang.md\/wp-content\/uploads\/2026\/01\/DmRYF48X0AI__1y.jpg 663w, https:\/\/bangbang.md\/wp-content\/uploads\/2026\/01\/DmRYF48X0AI__1y-300x206.jpg 300w, https:\/\/bangbang.md\/wp-content\/uploads\/2026\/01\/DmRYF48X0AI__1y-18x12.jpg 18w, https:\/\/bangbang.md\/wp-content\/uploads\/2026\/01\/DmRYF48X0AI__1y-585x401.jpg 585w\" sizes=\"auto, (max-width: 663px) 100vw, 663px\" \/><\/figure>\n<\/div>\n\n\n<p>Dr. Alan Rockway a fost un psiholog clinic care era deschis bisexual \u0219i \u00ee\u0219i folosea expertiza pentru a milita \u00een favoarea comunit\u0103\u021bii. \u00cen ciuda lipsei de aten\u021bie acordate vie\u021bii sale, Dr. Alan Rockway a fost o figur\u0103 important\u0103 \u00een lupta pentru egalitatea LBGT \u00een anii &#8217;70 \u0219i &#8217;80. Una dintre realiz\u0103rile sale a fost co-fondarea BiPOL, prima organiza\u021bie politic\u0103 dedicat\u0103 drepturilor persoanelor bisexuale la nivel na\u021bional \u0219i interna\u021bional.<\/p>\n\n\n\n<p>Rockway a fost, de asemenea, responsabil pentru lansarea a dou\u0103 dintre primele programe de s\u0103n\u0103tate mintal\u0103 pentru persoanele LGBT din SUA, \u00een Miami, Florida, \u0219i Berkeley, California, la sf\u00e2r\u0219itul anilor &#8217;70 \u0219i \u00eenceputul anilor &#8217;80. Institutul Rockway, \u201eun centru na\u021bional pentru cercetare, educa\u021bie \u0219i politici publice \u00een domeniul psihologiei LGBT\u201d, creat pentru a \u201ecombate prejudec\u0103\u021bile anti-gay \u0219i a informa politicile publice care afecteaz\u0103 persoanele lesbiene, gay, bisexuale \u0219i transgender (LGBT)\u201d, a fost numit dup\u0103 activistul care a murit de SIDA \u00een 1987<\/p>\n\n\n\n<p data-wp-context---core-fit-text=\"core\/fit-text::{&quot;fontSize&quot;:&quot;&quot;}\" data-wp-init---core-fit-text=\"core\/fit-text::callbacks.init\" data-wp-interactive data-wp-style--font-size=\"core\/fit-text::context.fontSize\" class=\"has-fit-text\">ABilly S. Jones-Hennin<\/p>\n\n\n\n<figure class=\"wp-block-image size-large\"><img loading=\"lazy\" decoding=\"async\" width=\"1693\" height=\"1693\" src=\"https:\/\/bangbang.md\/wp-content\/uploads\/2026\/01\/abilly-s-jones-hennin-24-edited.jpeg\" alt=\"\" class=\"wp-image-9117\" srcset=\"https:\/\/bangbang.md\/wp-content\/uploads\/2026\/01\/abilly-s-jones-hennin-24-edited.jpeg 1693w, https:\/\/bangbang.md\/wp-content\/uploads\/2026\/01\/abilly-s-jones-hennin-24-edited-300x300.jpeg 300w, https:\/\/bangbang.md\/wp-content\/uploads\/2026\/01\/abilly-s-jones-hennin-24-edited-1024x1024.jpeg 1024w, https:\/\/bangbang.md\/wp-content\/uploads\/2026\/01\/abilly-s-jones-hennin-24-edited-150x150.jpeg 150w, https:\/\/bangbang.md\/wp-content\/uploads\/2026\/01\/abilly-s-jones-hennin-24-edited-768x768.jpeg 768w, https:\/\/bangbang.md\/wp-content\/uploads\/2026\/01\/abilly-s-jones-hennin-24-edited-1536x1536.jpeg 1536w, https:\/\/bangbang.md\/wp-content\/uploads\/2026\/01\/abilly-s-jones-hennin-24-edited-12x12.jpeg 12w, https:\/\/bangbang.md\/wp-content\/uploads\/2026\/01\/abilly-s-jones-hennin-24-edited-585x585.jpeg 585w, https:\/\/bangbang.md\/wp-content\/uploads\/2026\/01\/abilly-s-jones-hennin-24-edited-220x220.jpeg 220w, https:\/\/bangbang.md\/wp-content\/uploads\/2026\/01\/abilly-s-jones-hennin-24-edited-80x80.jpeg 80w\" sizes=\"auto, (max-width: 1693px) 100vw, 1693px\" \/><\/figure>\n\n\n\n<p>ABilly S. Jones-Hennin a fost membru cofondator al National Coalition of Black Lesbians and Gays (Coali\u021bia Na\u021bional\u0103 a Lesbienelor \u0219i Gay-ilor de Culoare), a ajutat la organizarea primei \u00eent\u00e2lniri cu personalul Casei Albe a pre\u0219edintelui Carter \u0219i a organizat Mar\u0219ul din 1979 de la Washington pentru drepturile LGBTQ+.<\/p>\n\n\n\n<p>Activist pe tot parcursul vie\u021bii, ABilly \u0219i-a dedicat via\u021ba remodel\u0103rii peisajului justi\u021biei sociale \u0219i al advocacy-ului intersec\u021bional \u0219i, \u00een calitate de sus\u021bin\u0103tor apreciat al comunit\u0103\u021bii bi+, al mi\u0219c\u0103rii LGBTQ+ \u00een sens larg \u0219i, \u00een mod specific, al comunit\u0103\u021bii queer. Angajamentul s\u0103u neclintit pentru promovarea echit\u0103\u021bii pentru numeroase grupuri marginalizate , fie c\u0103 lupta pentru vizibilitatea bisexualilor, drepturile civile ale afro-americanilor, eliberarea LGBTQ+ sau justi\u021bia pentru persoanele cu dizabilit\u0103\u021bi, a creat un precedent puternic pentru ceea ce \u00eenseamn\u0103 s\u0103 sus\u021bii at\u00e2t incluziunea, c\u00e2t \u0219i solidaritatea. <\/p>\n\n\n\n<p>Abilitatea unic\u0103 a lui ABilly de a face leg\u0103tura \u00eentre lupte adesea segregate a demonstrat \u00een\u021belegerea sa profund\u0103 c\u0103 eliberarea este \u00een mod inerent interconectat\u0103. Reflect\u00e2nd aceast\u0103 etic\u0103, ABilly a declarat \u00eentr-un interviu pentru Metro Weekly: <\/p>\n\n\n\n<blockquote class=\"wp-block-quote is-layout-flow wp-block-quote-is-layout-flow\">\n<p>\u201eSunt activist p\u00e2n\u0103 la moarte. Odat\u0103 ce \u00ee\u021bi intr\u0103 \u00een s\u00e2nge, po\u021bi s\u0103 faci un pas \u00eenapoi, dar nu po\u021bi s\u0103 renun\u021bi\u201d. <\/p>\n<\/blockquote>\n\n\n\n<p><\/p>","protected":false},"excerpt":{"rendered":"<p>De-a lungul istoriei queer, \u00een spa\u021biile LGBTQ+, persoanele bi+ au fost marginalizate. Suspiciunea, frica \u0219i ne\u00eencrederea au transformat bisexualitatea \u00eentr-o&#8230;<\/p>","protected":false},"author":3,"featured_media":9118,"comment_status":"closed","ping_status":"closed","sticky":false,"template":"","format":"standard","meta":{"footnotes":""},"categories":[645,178],"tags":[],"class_list":["post-9112","post","type-post","status-publish","format-standard","has-post-thumbnail","hentry","category-pride","category-queer-proud"],"yoast_head":"<!-- This site is optimized with the Yoast SEO Premium plugin v18.9 (Yoast SEO v20.13) - https:\/\/yoast.com\/wordpress\/plugins\/seo\/ -->\n<title>Rolul persoanelor bi+ \u00een eliberarea queer de-a lungul istoriei - BANG-BANG<\/title>\n<meta name=\"robots\" content=\"index, follow, max-snippet:-1, max-image-preview:large, max-video-preview:-1\" \/>\n<link rel=\"canonical\" href=\"https:\/\/bangbang.md\/ru\/2026\/02\/03\/rolul-persoanelor-bi-in-eliberarea-queer-de-a-lungul-istoriei\/\" \/>\n<meta property=\"og:locale\" content=\"ru_RU\" \/>\n<meta property=\"og:type\" content=\"article\" \/>\n<meta property=\"og:title\" content=\"Rolul persoanelor bi+ \u00een eliberarea queer de-a lungul istoriei\" \/>\n<meta property=\"og:description\" content=\"De-a lungul istoriei queer, \u00een spa\u021biile LGBTQ+, persoanele bi+ au fost marginalizate. Suspiciunea, frica \u0219i ne\u00eencrederea au transformat bisexualitatea \u00eentr-o...\" \/>\n<meta property=\"og:url\" content=\"https:\/\/bangbang.md\/ru\/2026\/02\/03\/rolul-persoanelor-bi-in-eliberarea-queer-de-a-lungul-istoriei\/\" \/>\n<meta property=\"og:site_name\" content=\"BANG-BANG\" \/>\n<meta property=\"article:publisher\" content=\"https:\/\/www.facebook.com\/bangbangmoldova\" \/>\n<meta property=\"article:published_time\" content=\"2026-02-03T13:34:13+00:00\" \/>\n<meta property=\"article:modified_time\" content=\"2026-02-03T13:34:15+00:00\" \/>\n<meta property=\"og:image\" content=\"https:\/\/bangbang.md\/wp-content\/uploads\/2026\/01\/15508d124055abee8ab053f9959ad965.jpg\" \/>\n\t<meta property=\"og:image:width\" content=\"640\" \/>\n\t<meta property=\"og:image:height\" content=\"640\" \/>\n\t<meta property=\"og:image:type\" content=\"image\/jpeg\" \/>\n<meta name=\"author\" content=\"Micleusanu Vasile\" \/>\n<meta name=\"twitter:card\" content=\"summary_large_image\" \/>\n<meta name=\"twitter:label1\" content=\"\u041d\u0430\u043f\u0438\u0441\u0430\u043d\u043e \u0430\u0432\u0442\u043e\u0440\u043e\u043c\" \/>\n\t<meta name=\"twitter:data1\" content=\"Micleusanu Vasile\" \/>\n\t<meta name=\"twitter:label2\" content=\"\u041f\u0440\u0438\u043c\u0435\u0440\u043d\u043e\u0435 \u0432\u0440\u0435\u043c\u044f \u0434\u043b\u044f \u0447\u0442\u0435\u043d\u0438\u044f\" \/>\n\t<meta name=\"twitter:data2\" content=\"6 \u043c\u0438\u043d\u0443\u0442\" \/>\n<script type=\"application\/ld+json\" class=\"yoast-schema-graph\">{\"@context\":\"https:\/\/schema.org\",\"@graph\":[{\"@type\":\"Article\",\"@id\":\"https:\/\/bangbang.md\/2026\/02\/03\/rolul-persoanelor-bi-in-eliberarea-queer-de-a-lungul-istoriei\/#article\",\"isPartOf\":{\"@id\":\"https:\/\/bangbang.md\/2026\/02\/03\/rolul-persoanelor-bi-in-eliberarea-queer-de-a-lungul-istoriei\/\"},\"author\":{\"name\":\"Micleusanu Vasile\",\"@id\":\"https:\/\/bangbang.md\/#\/schema\/person\/5378c72f5ed47ee2964c4075df5f713d\"},\"headline\":\"Rolul persoanelor bi+ \u00een eliberarea queer de-a lungul istoriei\",\"datePublished\":\"2026-02-03T13:34:13+00:00\",\"dateModified\":\"2026-02-03T13:34:15+00:00\",\"mainEntityOfPage\":{\"@id\":\"https:\/\/bangbang.md\/2026\/02\/03\/rolul-persoanelor-bi-in-eliberarea-queer-de-a-lungul-istoriei\/\"},\"wordCount\":1031,\"publisher\":{\"@id\":\"https:\/\/bangbang.md\/#organization\"},\"articleSection\":[\"Pride\",\"Queer &amp; Proud\"],\"inLanguage\":\"ru-RU\"},{\"@type\":\"WebPage\",\"@id\":\"https:\/\/bangbang.md\/2026\/02\/03\/rolul-persoanelor-bi-in-eliberarea-queer-de-a-lungul-istoriei\/\",\"url\":\"https:\/\/bangbang.md\/2026\/02\/03\/rolul-persoanelor-bi-in-eliberarea-queer-de-a-lungul-istoriei\/\",\"name\":\"Rolul persoanelor bi+ \u00een eliberarea queer de-a lungul istoriei - BANG-BANG\",\"isPartOf\":{\"@id\":\"https:\/\/bangbang.md\/#website\"},\"datePublished\":\"2026-02-03T13:34:13+00:00\",\"dateModified\":\"2026-02-03T13:34:15+00:00\",\"breadcrumb\":{\"@id\":\"https:\/\/bangbang.md\/2026\/02\/03\/rolul-persoanelor-bi-in-eliberarea-queer-de-a-lungul-istoriei\/#breadcrumb\"},\"inLanguage\":\"ru-RU\",\"potentialAction\":[{\"@type\":\"ReadAction\",\"target\":[\"https:\/\/bangbang.md\/2026\/02\/03\/rolul-persoanelor-bi-in-eliberarea-queer-de-a-lungul-istoriei\/\"]}]},{\"@type\":\"BreadcrumbList\",\"@id\":\"https:\/\/bangbang.md\/2026\/02\/03\/rolul-persoanelor-bi-in-eliberarea-queer-de-a-lungul-istoriei\/#breadcrumb\",\"itemListElement\":[{\"@type\":\"ListItem\",\"position\":1,\"name\":\"Prima pagin\u0103\",\"item\":\"https:\/\/bangbang.md\/\"},{\"@type\":\"ListItem\",\"position\":2,\"name\":\"Rolul persoanelor bi+ \u00een eliberarea queer de-a lungul istoriei\"}]},{\"@type\":\"WebSite\",\"@id\":\"https:\/\/bangbang.md\/#website\",\"url\":\"https:\/\/bangbang.md\/\",\"name\":\"BANG-BANG\",\"description\":\"Portal web dedicat comunit\u0103\u021bii LGBTQ d RM\",\"publisher\":{\"@id\":\"https:\/\/bangbang.md\/#organization\"},\"potentialAction\":[{\"@type\":\"SearchAction\",\"target\":{\"@type\":\"EntryPoint\",\"urlTemplate\":\"https:\/\/bangbang.md\/?s={search_term_string}\"},\"query-input\":\"required name=search_term_string\"}],\"inLanguage\":\"ru-RU\"},{\"@type\":\"Organization\",\"@id\":\"https:\/\/bangbang.md\/#organization\",\"name\":\"Bang bang\",\"url\":\"https:\/\/bangbang.md\/\",\"logo\":{\"@type\":\"ImageObject\",\"inLanguage\":\"ru-RU\",\"@id\":\"https:\/\/bangbang.md\/#\/schema\/logo\/image\/\",\"url\":\"https:\/\/bangbang.md\/wp-content\/uploads\/2022\/07\/cropped-Group.jpg\",\"contentUrl\":\"https:\/\/bangbang.md\/wp-content\/uploads\/2022\/07\/cropped-Group.jpg\",\"width\":512,\"height\":512,\"caption\":\"Bang bang\"},\"image\":{\"@id\":\"https:\/\/bangbang.md\/#\/schema\/logo\/image\/\"},\"sameAs\":[\"https:\/\/www.facebook.com\/bangbangmoldova\"]},{\"@type\":\"Person\",\"@id\":\"https:\/\/bangbang.md\/#\/schema\/person\/5378c72f5ed47ee2964c4075df5f713d\",\"name\":\"Micleusanu Vasile\",\"image\":{\"@type\":\"ImageObject\",\"inLanguage\":\"ru-RU\",\"@id\":\"https:\/\/bangbang.md\/#\/schema\/person\/image\/\",\"url\":\"https:\/\/secure.gravatar.com\/avatar\/33fcec8745ff74b39241dd3111c85da3d8bb21844aef6911b4f86aec2cdeb93b?s=96&d=mm&r=g\",\"contentUrl\":\"https:\/\/secure.gravatar.com\/avatar\/33fcec8745ff74b39241dd3111c85da3d8bb21844aef6911b4f86aec2cdeb93b?s=96&d=mm&r=g\",\"caption\":\"Micleusanu Vasile\"},\"url\":\"https:\/\/bangbang.md\/ru\/author\/vasilem\/\"}]}<\/script>\n<!-- \/ Yoast SEO Premium plugin. -->","yoast_head_json":{"title":"Rolul persoanelor bi+ \u00een eliberarea queer de-a lungul istoriei - BANG-BANG","robots":{"index":"index","follow":"follow","max-snippet":"max-snippet:-1","max-image-preview":"max-image-preview:large","max-video-preview":"max-video-preview:-1"},"canonical":"https:\/\/bangbang.md\/ru\/2026\/02\/03\/rolul-persoanelor-bi-in-eliberarea-queer-de-a-lungul-istoriei\/","og_locale":"ru_RU","og_type":"article","og_title":"Rolul persoanelor bi+ \u00een eliberarea queer de-a lungul istoriei","og_description":"De-a lungul istoriei queer, \u00een spa\u021biile LGBTQ+, persoanele bi+ au fost marginalizate. Suspiciunea, frica \u0219i ne\u00eencrederea au transformat bisexualitatea \u00eentr-o...","og_url":"https:\/\/bangbang.md\/ru\/2026\/02\/03\/rolul-persoanelor-bi-in-eliberarea-queer-de-a-lungul-istoriei\/","og_site_name":"BANG-BANG","article_publisher":"https:\/\/www.facebook.com\/bangbangmoldova","article_published_time":"2026-02-03T13:34:13+00:00","article_modified_time":"2026-02-03T13:34:15+00:00","og_image":[{"width":640,"height":640,"url":"https:\/\/bangbang.md\/wp-content\/uploads\/2026\/01\/15508d124055abee8ab053f9959ad965.jpg","type":"image\/jpeg"}],"author":"Micleusanu Vasile","twitter_card":"summary_large_image","twitter_misc":{"\u041d\u0430\u043f\u0438\u0441\u0430\u043d\u043e \u0430\u0432\u0442\u043e\u0440\u043e\u043c":"Micleusanu Vasile","\u041f\u0440\u0438\u043c\u0435\u0440\u043d\u043e\u0435 \u0432\u0440\u0435\u043c\u044f \u0434\u043b\u044f \u0447\u0442\u0435\u043d\u0438\u044f":"6 \u043c\u0438\u043d\u0443\u0442"},"schema":{"@context":"https:\/\/schema.org","@graph":[{"@type":"Article","@id":"https:\/\/bangbang.md\/2026\/02\/03\/rolul-persoanelor-bi-in-eliberarea-queer-de-a-lungul-istoriei\/#article","isPartOf":{"@id":"https:\/\/bangbang.md\/2026\/02\/03\/rolul-persoanelor-bi-in-eliberarea-queer-de-a-lungul-istoriei\/"},"author":{"name":"Micleusanu Vasile","@id":"https:\/\/bangbang.md\/#\/schema\/person\/5378c72f5ed47ee2964c4075df5f713d"},"headline":"Rolul persoanelor bi+ \u00een eliberarea queer de-a lungul istoriei","datePublished":"2026-02-03T13:34:13+00:00","dateModified":"2026-02-03T13:34:15+00:00","mainEntityOfPage":{"@id":"https:\/\/bangbang.md\/2026\/02\/03\/rolul-persoanelor-bi-in-eliberarea-queer-de-a-lungul-istoriei\/"},"wordCount":1031,"publisher":{"@id":"https:\/\/bangbang.md\/#organization"},"articleSection":["Pride","Queer &amp; Proud"],"inLanguage":"ru-RU"},{"@type":"WebPage","@id":"https:\/\/bangbang.md\/2026\/02\/03\/rolul-persoanelor-bi-in-eliberarea-queer-de-a-lungul-istoriei\/","url":"https:\/\/bangbang.md\/2026\/02\/03\/rolul-persoanelor-bi-in-eliberarea-queer-de-a-lungul-istoriei\/","name":"Rolul persoanelor bi+ \u00een eliberarea queer de-a lungul istoriei - BANG-BANG","isPartOf":{"@id":"https:\/\/bangbang.md\/#website"},"datePublished":"2026-02-03T13:34:13+00:00","dateModified":"2026-02-03T13:34:15+00:00","breadcrumb":{"@id":"https:\/\/bangbang.md\/2026\/02\/03\/rolul-persoanelor-bi-in-eliberarea-queer-de-a-lungul-istoriei\/#breadcrumb"},"inLanguage":"ru-RU","potentialAction":[{"@type":"ReadAction","target":["https:\/\/bangbang.md\/2026\/02\/03\/rolul-persoanelor-bi-in-eliberarea-queer-de-a-lungul-istoriei\/"]}]},{"@type":"BreadcrumbList","@id":"https:\/\/bangbang.md\/2026\/02\/03\/rolul-persoanelor-bi-in-eliberarea-queer-de-a-lungul-istoriei\/#breadcrumb","itemListElement":[{"@type":"ListItem","position":1,"name":"Prima pagin\u0103","item":"https:\/\/bangbang.md\/"},{"@type":"ListItem","position":2,"name":"Rolul persoanelor bi+ \u00een eliberarea queer de-a lungul istoriei"}]},{"@type":"WebSite","@id":"https:\/\/bangbang.md\/#website","url":"https:\/\/bangbang.md\/","name":"BANG-BANG","description":"Portal web dedicat comunit\u0103\u021bii LGBTQ d RM","publisher":{"@id":"https:\/\/bangbang.md\/#organization"},"potentialAction":[{"@type":"SearchAction","target":{"@type":"EntryPoint","urlTemplate":"https:\/\/bangbang.md\/?s={search_term_string}"},"query-input":"required name=search_term_string"}],"inLanguage":"ru-RU"},{"@type":"Organization","@id":"https:\/\/bangbang.md\/#organization","name":"Bang bang","url":"https:\/\/bangbang.md\/","logo":{"@type":"ImageObject","inLanguage":"ru-RU","@id":"https:\/\/bangbang.md\/#\/schema\/logo\/image\/","url":"https:\/\/bangbang.md\/wp-content\/uploads\/2022\/07\/cropped-Group.jpg","contentUrl":"https:\/\/bangbang.md\/wp-content\/uploads\/2022\/07\/cropped-Group.jpg","width":512,"height":512,"caption":"Bang bang"},"image":{"@id":"https:\/\/bangbang.md\/#\/schema\/logo\/image\/"},"sameAs":["https:\/\/www.facebook.com\/bangbangmoldova"]},{"@type":"Person","@id":"https:\/\/bangbang.md\/#\/schema\/person\/5378c72f5ed47ee2964c4075df5f713d","name":"Micleusanu Vasile","image":{"@type":"ImageObject","inLanguage":"ru-RU","@id":"https:\/\/bangbang.md\/#\/schema\/person\/image\/","url":"https:\/\/secure.gravatar.com\/avatar\/33fcec8745ff74b39241dd3111c85da3d8bb21844aef6911b4f86aec2cdeb93b?s=96&d=mm&r=g","contentUrl":"https:\/\/secure.gravatar.com\/avatar\/33fcec8745ff74b39241dd3111c85da3d8bb21844aef6911b4f86aec2cdeb93b?s=96&d=mm&r=g","caption":"Micleusanu Vasile"},"url":"https:\/\/bangbang.md\/ru\/author\/vasilem\/"}]}},"_links":{"self":[{"href":"https:\/\/bangbang.md\/ru\/wp-json\/wp\/v2\/posts\/9112","targetHints":{"allow":["GET"]}}],"collection":[{"href":"https:\/\/bangbang.md\/ru\/wp-json\/wp\/v2\/posts"}],"about":[{"href":"https:\/\/bangbang.md\/ru\/wp-json\/wp\/v2\/types\/post"}],"author":[{"embeddable":true,"href":"https:\/\/bangbang.md\/ru\/wp-json\/wp\/v2\/users\/3"}],"replies":[{"embeddable":true,"href":"https:\/\/bangbang.md\/ru\/wp-json\/wp\/v2\/comments?post=9112"}],"version-history":[{"count":2,"href":"https:\/\/bangbang.md\/ru\/wp-json\/wp\/v2\/posts\/9112\/revisions"}],"predecessor-version":[{"id":9120,"href":"https:\/\/bangbang.md\/ru\/wp-json\/wp\/v2\/posts\/9112\/revisions\/9120"}],"wp:featuredmedia":[{"embeddable":true,"href":"https:\/\/bangbang.md\/ru\/wp-json\/wp\/v2\/media\/9118"}],"wp:attachment":[{"href":"https:\/\/bangbang.md\/ru\/wp-json\/wp\/v2\/media?parent=9112"}],"wp:term":[{"taxonomy":"category","embeddable":true,"href":"https:\/\/bangbang.md\/ru\/wp-json\/wp\/v2\/categories?post=9112"},{"taxonomy":"post_tag","embeddable":true,"href":"https:\/\/bangbang.md\/ru\/wp-json\/wp\/v2\/tags?post=9112"}],"curies":[{"name":"wp","href":"https:\/\/api.w.org\/{rel}","templated":true}]}}