{"id":9090,"date":"2026-01-19T08:31:18","date_gmt":"2026-01-19T08:31:18","guid":{"rendered":"https:\/\/bangbang.md\/?p=9090"},"modified":"2026-01-19T08:31:19","modified_gmt":"2026-01-19T08:31:19","slug":"misgendering-si-marginalizarea-in-spatiile-queer","status":"publish","type":"post","link":"https:\/\/bangbang.md\/ru\/2026\/01\/19\/misgendering-si-marginalizarea-in-spatiile-queer\/","title":{"rendered":"Misgendering \u0219i marginalizarea \u00een spa\u021biile queer"},"content":{"rendered":"<p><em>Autorx: Serafim &amp; Alex, persoane transgender <\/em><\/p>\n\n\n\n<p>Rolul principal al spa\u021biilor queer este de a oferi un mediu sigur, confortabil \u0219i primitor pentru fiecare dintre membrii lor. Totu\u0219i, acest lucru nu este \u00eentotdeauna garantat, deoarece chiar \u0219i mediile sigure sunt predispuse la gre\u0219eli. Misgenderingul este o problem\u0103 comun\u0103 cu care se confrunt\u0103 multe persoane transgender \u0219i non-binare, at\u00e2t \u00een spa\u021biile publice ostile, c\u00e2t \u0219i \u00een cadrul comunit\u0103\u021bii queer. De\u0219i poate p\u0103rea o gre\u0219eal\u0103 nevinovat\u0103, se \u00eent\u00e2mpl\u0103 destul de des chiar \u0219i \u00een cadrul comunit\u0103\u021bii LGBTQ+.<\/p>\n\n\n\n<h2 class=\"wp-block-heading\" id=\"h-forme-de-misgendering\">Forme de misgendering<\/h2>\n\n\n\n<p>Misgenderingul apare atunci c\u00e2nd presupunerile despre cisnormativitate (Cisnormativitatea se manifest\u0103 ca o separare \u00eentre persoanele cisgender \u0219i transgender, \u00een care persoanele cisgender sunt considerate \u201enormale\u201d, \u00een timp ce persoanele transgender sunt considerate \u201eexcep\u021bii\u201d) sunt \u00eent\u0103rite, ceea ce duce la clasificarea persoanelor \u00een categorii binare stereotipice, cum ar fi b\u0103rbat (b\u0103rbat cisgender) sau femeie (femeie cisgender). Datorit\u0103 unei percep\u021bii rigide, persoanele din spectrul transgender sunt adesea supuse unei marginaliz\u0103ri sistemice.<\/p>\n\n\n\n<p>De\u0219i misgendering-ul poate lua multe forme, cele mai comune tipuri sunt deadnaming-ul, utilizarea pronumelor incorecte \u0219i presupunerile bazate pe aspectul fizic.<\/p>\n\n\n\n<p>Deadnaming \u00eenseamn\u0103 utilizarea unui nume incorect, de obicei numele de na\u0219tere, \u00een loc de numele pe care persoana trans l-a ales pentru sine.<\/p>\n\n\n\n<p>Utilizarea pronumelor incorecte este o alt\u0103 form\u0103 comun\u0103 de misgendering. Este actul de a se referi la cineva cu pronume cu care acea persoan\u0103 nu dore\u0219te s\u0103 fie asociat\u0103. (De exemplu, utilizarea pronumelui \u201eea\u201d pentru a se referi la un b\u0103rbat transgender sau \u201eel\u201d pentru a se referi la o femeie transgender.)<\/p>\n\n\n\n<p>Presupunerile bazate pe aspectul fizic reprezint\u0103 o \u00eencercare de a ghici sexul unei persoane pe baza aspectului s\u0103u fizic. Acest lucru este adesea legat de normele tradi\u021bionale de gen. (De exemplu, p\u0103rul lung este asociat cu femeile, barba\/musta\u021ba este asociat\u0103 cu b\u0103rba\u021bii etc.)<\/p>\n\n\n\n<p>Experien\u021bele de mai jos reflect\u0103 situa\u021bii comune cu care se confrunt\u0103 persoanele din spectrul transgender:<\/p>\n\n\n\n<blockquote class=\"wp-block-quote is-layout-flow wp-block-quote-is-layout-flow\">\n<p>\u201eDe-a lungul timpului, chiar \u0219i \u00een spa\u021bii considerate \u201esigure\u201d \u0219i \u201etolerante\u201d, am observat c\u0103 misgenderingul tinde s\u0103 fie un model recurent, mai degrab\u0103 dec\u00e2t un incident izolat. Sunt trans-masculin \u0219i genderqueer, folosind strict pronumele \u201eel\/lui\u201d, dar mul\u021bi oameni tind s\u0103 foloseasc\u0103 \u201eea\/ei\u201d \u00een privin\u021ba mea, chiar \u0219i dup\u0103 ce le spun pronumele pe care le folosesc. Indiferent dac\u0103 este inten\u021bionat sau nu, acest lucru m-a f\u0103cut s\u0103 realizez c\u0103, comunitatea local\u0103 trebuie s\u0103 fie mai bine educat\u0103 cu privire la subiectul pronumelor \u0219i la importan\u021ba utiliz\u0103rii celor corecte. Gre\u0219elile frecvente m-au f\u0103cut s\u0103 simt c\u0103 oamenii nu m\u0103 v\u0103d cu adev\u0103rat a\u0219a cum sunt, ci m\u0103 privesc ca pe o \u201especie separat\u0103\u201d, \u00een timp ce eu \u00eemi doresc s\u0103 m\u0103 simt inclus \u0219i apreciat, indiferent de identitatea mea de gen. \u00cen cele din urm\u0103, devine greu s\u0103 p\u0103strez o fa\u021b\u0103 fericit\u0103, \u00een timp ce nevoile mele sociale \u0219i emo\u021bionale nu sunt pe deplin satisf\u0103cute.\u201d &#8211; Serafim, 25 de ani, genderqueer<\/p>\n<\/blockquote>\n\n\n\n<blockquote class=\"wp-block-quote is-layout-flow wp-block-quote-is-layout-flow\">\n<p>\u201eProblemele din cadrul comunit\u0103\u021bii queer nu sunt legate doar de genurile binare \u2013 ele afecteaz\u0103 \u0219i pe cei care aleg s\u0103 se identifice ca fiind altceva. Eu sunt o persoan\u0103 trans-feminin\u0103 non-binar\u0103; pentru a v\u0103 oferi un context, nu trec neobservatx, deoarece vocea mea este masculin\u0103. Am \u00eent\u00e2lnit mai multe persoane din comunitatea queer care erau transfobe fa\u021b\u0103 de mine (persoane care \u00eemi atribuiau un gen gre\u0219it, chiar dac\u0103 \u00eemi cuno\u0219teau foarte bine pronumele, sau persoane care \u00eemi puneau \u00eentreb\u0103ri foarte incomode care sugerau sexul meu biologic). (\u2026) Din p\u0103cate, problema persist\u0103 \u00een mare m\u0103sur\u0103 \u0219i m\u0103 \u00eentristeaz\u0103 sincer s\u0103 \u0219tiu c\u0103 chiar \u0219i persoanele queer m\u0103 pot trata ca pe o persoan\u0103 bizar\u0103 doar pentru c\u0103 identitatea mea este diferit\u0103 de a lor.\u201d &#8211; Nancy, 20 de ani, trans-feminin\u0103 non-binar\u0103<\/p>\n<\/blockquote>\n\n\n\n<h2 class=\"wp-block-heading\" id=\"h-care-sunt-cauzele-misgenderingului\">Care sunt cauzele misgenderingului?<\/h2>\n\n\n\n<p>Misgenderingul \u00een spa\u021biile queer se \u00eent\u00e2mpl\u0103 din cauza unei variet\u0103\u021bi de factori, printre care se num\u0103r\u0103 lipsa de educa\u021bie, presupunerile bazate pe aspectul fizic, obiceiurile, prejudec\u0103\u021bile sau chiar biasurile personale. De\u0219i nu este \u00eentotdeauna inten\u021bionat, misgenderingul persistent poate avea efecte negative pe termen lung, cum ar fi sentimente de disconfort, alienare, izolare \u0219i chiar \u00eendoieli de sine (\u201eCe se \u00eent\u00e2mpl\u0103 dac\u0103 nu sunt suficient de bun a\u0219a cum sunt?\u201d, \u201eDac\u0103 nu sunt o persoan\u0103 trans \u201eadev\u0103rat\u0103\u201d?\u201d).<\/p>\n\n\n\n<p>Misgenderingul persist\u0103 adesea chiar \u0219i dup\u0103 corectare, ceea ce arat\u0103 c\u0103 problema nu este lipsa de informa\u021bii, ci mai degrab\u0103:<\/p>\n\n\n\n<h3 class=\"wp-block-heading\" id=\"h-lipsa-educa\u021biei\">Lipsa educa\u021biei<\/h3>\n\n\n\n<p>Unele persoane, chiar \u0219i \u00een cadrul comunit\u0103\u021bilor queer, nu au cuno\u0219tin\u021bele necesare despre diferen\u021bele dintre gen \u0219i sex \u0219i despre importan\u021ba utiliz\u0103rii pronumelor corecte (precum \u0219i despre impactul negativ al identific\u0103rii gre\u0219ite a genului). \u00cen timp ce sexul este ceea ce suntem din punct de vedere biologic la na\u0219tere, genul este o construc\u021bie social\u0103 care poate varia \u00een func\u021bie de individ. Educarea noastr\u0103 \u0219i a celorlal\u021bi poate ajuta la evitarea situa\u021biilor nepl\u0103cute, cum ar fi \u00eentrebarea ce se afl\u0103 \u00een pantalonii cuiva.<\/p>\n\n\n\n<h3 class=\"wp-block-heading\" id=\"h-presupuneri-bazate-pe-aspectul-fizic\">Presupuneri bazate pe aspectul fizic<\/h3>\n\n\n\n<p>Sistemul patriarhal \u00eencurajeaz\u0103 indivizii s\u0103 asocieze anumite tr\u0103s\u0103turi fizice, cum ar fi tonul vocii, tr\u0103s\u0103turile faciale, structura corpului, p\u0103rul sau stilul vestimentar, cu anumite identit\u0103\u021bi de gen. Aceast\u0103 presiune sistematic\u0103 poate for\u021ba persoanele transgender s\u0103 se conformeze stereotipurilor tradi\u021bionale masculine\/feminine sau s\u0103 ri\u0219te s\u0103 fie percepute ca av\u00e2nd sexul biologic. A for\u021ba o persoan\u0103 transgender s\u0103 se conformeze cu ceea ce societatea consider\u0103 \u201eacceptabil\u201d este echivalent cu a \u00eencerca s\u0103 for\u021bezi o persoan\u0103 cisgender s\u0103 se \u00eembrace \u0219i s\u0103 se comporte ca persoana de gen opus \u2013 acest lucru le-ar provoca disconfort \u0219i ar face tot posibilul s\u0103 evite situa\u021biile sociale.<\/p>\n\n\n\n<h3 class=\"wp-block-heading\" id=\"h-prejudeca\u021bi-anti-transgender\">Prejudec\u0103\u021bi anti-transgender<\/h3>\n\n\n\n<p>O prejudecat\u0103 este \u00eenclina\u021bia sau prejudecata \u00een favoarea sau \u00eempotriva unei persoane sau a unui grup, \u00een special \u00eentr-un mod considerat nedrept. Prejudec\u0103\u021bile anti-transgender pot fi rezultatul unei reprezent\u0103ri mediatice deficitare, al cercurilor sociale, al credin\u021belor religioase, al retoricii politice, al normelor sociale \u0219i al fricii de necunoscut. Con\u0219tientizarea prejudec\u0103\u021bilor este primul pas c\u0103tre evitarea acestora.<\/p>\n\n\n\n<h2 class=\"wp-block-heading\" id=\"h-cum-sa-preveni\u021bi-sau-sa-minimiza\u021bi-misgenderingul-marginalizarea-in-cadrul-comunita\u021bii\">Cum s\u0103 preveni\u021bi sau s\u0103 minimiza\u021bi misgenderingul\/marginalizarea \u00een cadrul comunit\u0103\u021bii<\/h2>\n\n\n\n<p>Nu face\u021bi presupuneri cu privire la pronume, \u00een special \u00een spa\u021biile queer. Indiferent de modul \u00een care se prezint\u0103 persoana, este important s\u0103 evita\u021bi presupunerile cu privire la identitatea sa de gen. Unele persoane prefer\u0103 s\u0103 se exprime \u00een moduri diferite de normele tipice de gen. Exist\u0103, de asemenea, persoane transgender care nu se pot exprima \u00een modul dorit din diverse motive, cum ar fi siguran\u021ba sau probleme medicale.<\/p>\n\n\n\n<p>Fi\u021bi respectuos. \u00cen cazul unei gre\u0219eli accidentale, cere\u021bi scuze \u0219i corecta\u021bi-v\u0103 c\u00e2t mai cur\u00e2nd posibil. Fi\u021bi concis \u0219i evita\u021bi scuzele lungi. Dac\u0103 nu sunte\u021bi sigur ce pronume folose\u0219te persoana respectiv\u0103, \u00eentreba\u021bi-o politicos sau folosi\u021bi un limbaj neutru din punct de vedere al genului p\u00e2n\u0103 c\u00e2nd persoana respectiv\u0103 v\u0103 indic\u0103 pronumele pe care \u00eel folose\u0219te. Pute\u021bi, de asemenea, s\u0103 specifica\u021bi propriile pronume pentru a \u00eencuraja persoana respectiv\u0103 s\u0103 vorbeasc\u0103 despre ale sale.<\/p>\n\n\n\n<p>Informa\u021bi-v\u0103 \u0219i informa\u021bi-i pe ceilal\u021bi folosind surse verificate \u0219i fiabile. Un bun punct de plecare ar putea fi site-ul web sau pagina de socializare a unei ONG-uri locale care se ocup\u0103 de comunitatea queer.<\/p>\n\n\n\n<p>Depune\u021bi eforturi pentru a \u00eenv\u0103\u021ba \u0219i a respecta pronumele altor persoane. Misgendering-ul este similar cu a numi \u00een mod repetat pe cineva cu un nume gre\u0219it. Memora\u021bi pronumele \u00een acela\u0219i mod \u00een care memora\u021bi numele. Dac\u0103 uita\u021bi sau ave\u021bi dificult\u0103\u021bi \u00een a v\u0103 aminti pronumele, pute\u021bi oric\u00e2nd s\u0103 ruga\u021bi persoana respectiv\u0103 s\u0103 vi le reaminteasc\u0103 \u00eentr-un mod respectuos.<\/p>\n\n\n\n<p>\u00cen\u021belegerea \u0219i respectarea diversit\u0103\u021bii identit\u0103\u021bilor de gen este esen\u021bial\u0103 pentru a tr\u0103i \u00eentr-o lume care promoveaz\u0103 \u0219i respect\u0103 individualitatea \u0219i incluziunea. Este extrem de important s\u0103 continu\u0103m s\u0103 ne educ\u0103m pe noi \u00een\u0219ine \u0219i pe ceilal\u021bi cu privire la dificult\u0103\u021bile cu care se confrunt\u0103 persoanele transgender, s\u0103 p\u0103str\u0103m o minte deschis\u0103 \u0219i s\u0103 recunoa\u0219tem acest lucru ca pe o experien\u021b\u0103 de \u00eenv\u0103\u021bare.<\/p>","protected":false},"excerpt":{"rendered":"<p>Autorx: Serafim &amp; Alex, persoane transgender Rolul principal al spa\u021biilor queer este de a oferi un mediu sigur, confortabil \u0219i&#8230;<\/p>","protected":false},"author":4,"featured_media":9091,"comment_status":"closed","ping_status":"closed","sticky":false,"template":"","format":"standard","meta":{"footnotes":""},"categories":[182,645,178],"tags":[],"class_list":["post-9090","post","type-post","status-publish","format-standard","has-post-thumbnail","hentry","category-asa-nu","category-pride","category-queer-proud"],"yoast_head":"<!-- This site is optimized with the Yoast SEO Premium plugin v18.9 (Yoast SEO v20.13) - https:\/\/yoast.com\/wordpress\/plugins\/seo\/ -->\n<title>Misgendering \u0219i marginalizarea \u00een spa\u021biile queer - BANG-BANG<\/title>\n<meta name=\"robots\" content=\"index, follow, max-snippet:-1, max-image-preview:large, max-video-preview:-1\" \/>\n<link rel=\"canonical\" href=\"https:\/\/bangbang.md\/ru\/2026\/01\/19\/misgendering-si-marginalizarea-in-spatiile-queer\/\" \/>\n<meta property=\"og:locale\" content=\"ru_RU\" \/>\n<meta property=\"og:type\" content=\"article\" \/>\n<meta property=\"og:title\" content=\"Misgendering \u0219i marginalizarea \u00een spa\u021biile queer\" \/>\n<meta property=\"og:description\" content=\"Autorx: Serafim &amp; Alex, persoane transgender Rolul principal al spa\u021biilor queer este de a oferi un mediu sigur, confortabil \u0219i...\" \/>\n<meta property=\"og:url\" content=\"https:\/\/bangbang.md\/ru\/2026\/01\/19\/misgendering-si-marginalizarea-in-spatiile-queer\/\" \/>\n<meta property=\"og:site_name\" content=\"BANG-BANG\" \/>\n<meta property=\"article:publisher\" content=\"https:\/\/www.facebook.com\/bangbangmoldova\" \/>\n<meta property=\"article:published_time\" content=\"2026-01-19T08:31:18+00:00\" \/>\n<meta property=\"article:modified_time\" content=\"2026-01-19T08:31:19+00:00\" \/>\n<meta property=\"og:image\" content=\"https:\/\/bangbang.md\/wp-content\/uploads\/2026\/01\/EL-41.png\" \/>\n\t<meta property=\"og:image:width\" content=\"1200\" \/>\n\t<meta property=\"og:image:height\" content=\"800\" \/>\n\t<meta property=\"og:image:type\" content=\"image\/png\" \/>\n<meta name=\"author\" content=\"Redactia\" \/>\n<meta name=\"twitter:card\" content=\"summary_large_image\" \/>\n<meta name=\"twitter:label1\" content=\"\u041d\u0430\u043f\u0438\u0441\u0430\u043d\u043e \u0430\u0432\u0442\u043e\u0440\u043e\u043c\" \/>\n\t<meta name=\"twitter:data1\" content=\"Redactia\" \/>\n\t<meta name=\"twitter:label2\" content=\"\u041f\u0440\u0438\u043c\u0435\u0440\u043d\u043e\u0435 \u0432\u0440\u0435\u043c\u044f \u0434\u043b\u044f \u0447\u0442\u0435\u043d\u0438\u044f\" \/>\n\t<meta name=\"twitter:data2\" content=\"6 \u043c\u0438\u043d\u0443\u0442\" \/>\n<script type=\"application\/ld+json\" class=\"yoast-schema-graph\">{\"@context\":\"https:\/\/schema.org\",\"@graph\":[{\"@type\":\"Article\",\"@id\":\"https:\/\/bangbang.md\/2026\/01\/19\/misgendering-si-marginalizarea-in-spatiile-queer\/#article\",\"isPartOf\":{\"@id\":\"https:\/\/bangbang.md\/2026\/01\/19\/misgendering-si-marginalizarea-in-spatiile-queer\/\"},\"author\":{\"name\":\"Redactia\",\"@id\":\"https:\/\/bangbang.md\/#\/schema\/person\/3c4bdd852f2d2f8db3bde1e81e9676a2\"},\"headline\":\"Misgendering \u0219i marginalizarea \u00een spa\u021biile queer\",\"datePublished\":\"2026-01-19T08:31:18+00:00\",\"dateModified\":\"2026-01-19T08:31:19+00:00\",\"mainEntityOfPage\":{\"@id\":\"https:\/\/bangbang.md\/2026\/01\/19\/misgendering-si-marginalizarea-in-spatiile-queer\/\"},\"wordCount\":1415,\"publisher\":{\"@id\":\"https:\/\/bangbang.md\/#organization\"},\"articleSection\":[\"A\u0219a nu\",\"Pride\",\"Queer &amp; Proud\"],\"inLanguage\":\"ru-RU\"},{\"@type\":\"WebPage\",\"@id\":\"https:\/\/bangbang.md\/2026\/01\/19\/misgendering-si-marginalizarea-in-spatiile-queer\/\",\"url\":\"https:\/\/bangbang.md\/2026\/01\/19\/misgendering-si-marginalizarea-in-spatiile-queer\/\",\"name\":\"Misgendering \u0219i marginalizarea \u00een spa\u021biile queer - BANG-BANG\",\"isPartOf\":{\"@id\":\"https:\/\/bangbang.md\/#website\"},\"datePublished\":\"2026-01-19T08:31:18+00:00\",\"dateModified\":\"2026-01-19T08:31:19+00:00\",\"breadcrumb\":{\"@id\":\"https:\/\/bangbang.md\/2026\/01\/19\/misgendering-si-marginalizarea-in-spatiile-queer\/#breadcrumb\"},\"inLanguage\":\"ru-RU\",\"potentialAction\":[{\"@type\":\"ReadAction\",\"target\":[\"https:\/\/bangbang.md\/2026\/01\/19\/misgendering-si-marginalizarea-in-spatiile-queer\/\"]}]},{\"@type\":\"BreadcrumbList\",\"@id\":\"https:\/\/bangbang.md\/2026\/01\/19\/misgendering-si-marginalizarea-in-spatiile-queer\/#breadcrumb\",\"itemListElement\":[{\"@type\":\"ListItem\",\"position\":1,\"name\":\"Prima pagin\u0103\",\"item\":\"https:\/\/bangbang.md\/\"},{\"@type\":\"ListItem\",\"position\":2,\"name\":\"Misgendering \u0219i marginalizarea \u00een spa\u021biile queer\"}]},{\"@type\":\"WebSite\",\"@id\":\"https:\/\/bangbang.md\/#website\",\"url\":\"https:\/\/bangbang.md\/\",\"name\":\"BANG-BANG\",\"description\":\"Portal web dedicat comunit\u0103\u021bii LGBTQ d RM\",\"publisher\":{\"@id\":\"https:\/\/bangbang.md\/#organization\"},\"potentialAction\":[{\"@type\":\"SearchAction\",\"target\":{\"@type\":\"EntryPoint\",\"urlTemplate\":\"https:\/\/bangbang.md\/?s={search_term_string}\"},\"query-input\":\"required name=search_term_string\"}],\"inLanguage\":\"ru-RU\"},{\"@type\":\"Organization\",\"@id\":\"https:\/\/bangbang.md\/#organization\",\"name\":\"Bang bang\",\"url\":\"https:\/\/bangbang.md\/\",\"logo\":{\"@type\":\"ImageObject\",\"inLanguage\":\"ru-RU\",\"@id\":\"https:\/\/bangbang.md\/#\/schema\/logo\/image\/\",\"url\":\"https:\/\/bangbang.md\/wp-content\/uploads\/2022\/07\/cropped-Group.jpg\",\"contentUrl\":\"https:\/\/bangbang.md\/wp-content\/uploads\/2022\/07\/cropped-Group.jpg\",\"width\":512,\"height\":512,\"caption\":\"Bang bang\"},\"image\":{\"@id\":\"https:\/\/bangbang.md\/#\/schema\/logo\/image\/\"},\"sameAs\":[\"https:\/\/www.facebook.com\/bangbangmoldova\"]},{\"@type\":\"Person\",\"@id\":\"https:\/\/bangbang.md\/#\/schema\/person\/3c4bdd852f2d2f8db3bde1e81e9676a2\",\"name\":\"Redactia\",\"image\":{\"@type\":\"ImageObject\",\"inLanguage\":\"ru-RU\",\"@id\":\"https:\/\/bangbang.md\/#\/schema\/person\/image\/\",\"url\":\"https:\/\/secure.gravatar.com\/avatar\/31b9e560d1e50693e5c3bec169fad34f40ffc3d32174e8953ddc1d30a6216ced?s=96&d=mm&r=g\",\"contentUrl\":\"https:\/\/secure.gravatar.com\/avatar\/31b9e560d1e50693e5c3bec169fad34f40ffc3d32174e8953ddc1d30a6216ced?s=96&d=mm&r=g\",\"caption\":\"Redactia\"},\"url\":\"https:\/\/bangbang.md\/ru\/author\/redactia\/\"}]}<\/script>\n<!-- \/ Yoast SEO Premium plugin. -->","yoast_head_json":{"title":"Misgendering \u0219i marginalizarea \u00een spa\u021biile queer - BANG-BANG","robots":{"index":"index","follow":"follow","max-snippet":"max-snippet:-1","max-image-preview":"max-image-preview:large","max-video-preview":"max-video-preview:-1"},"canonical":"https:\/\/bangbang.md\/ru\/2026\/01\/19\/misgendering-si-marginalizarea-in-spatiile-queer\/","og_locale":"ru_RU","og_type":"article","og_title":"Misgendering \u0219i marginalizarea \u00een spa\u021biile queer","og_description":"Autorx: Serafim &amp; Alex, persoane transgender Rolul principal al spa\u021biilor queer este de a oferi un mediu sigur, confortabil \u0219i...","og_url":"https:\/\/bangbang.md\/ru\/2026\/01\/19\/misgendering-si-marginalizarea-in-spatiile-queer\/","og_site_name":"BANG-BANG","article_publisher":"https:\/\/www.facebook.com\/bangbangmoldova","article_published_time":"2026-01-19T08:31:18+00:00","article_modified_time":"2026-01-19T08:31:19+00:00","og_image":[{"width":1200,"height":800,"url":"https:\/\/bangbang.md\/wp-content\/uploads\/2026\/01\/EL-41.png","type":"image\/png"}],"author":"Redactia","twitter_card":"summary_large_image","twitter_misc":{"\u041d\u0430\u043f\u0438\u0441\u0430\u043d\u043e \u0430\u0432\u0442\u043e\u0440\u043e\u043c":"Redactia","\u041f\u0440\u0438\u043c\u0435\u0440\u043d\u043e\u0435 \u0432\u0440\u0435\u043c\u044f \u0434\u043b\u044f \u0447\u0442\u0435\u043d\u0438\u044f":"6 \u043c\u0438\u043d\u0443\u0442"},"schema":{"@context":"https:\/\/schema.org","@graph":[{"@type":"Article","@id":"https:\/\/bangbang.md\/2026\/01\/19\/misgendering-si-marginalizarea-in-spatiile-queer\/#article","isPartOf":{"@id":"https:\/\/bangbang.md\/2026\/01\/19\/misgendering-si-marginalizarea-in-spatiile-queer\/"},"author":{"name":"Redactia","@id":"https:\/\/bangbang.md\/#\/schema\/person\/3c4bdd852f2d2f8db3bde1e81e9676a2"},"headline":"Misgendering \u0219i marginalizarea \u00een spa\u021biile queer","datePublished":"2026-01-19T08:31:18+00:00","dateModified":"2026-01-19T08:31:19+00:00","mainEntityOfPage":{"@id":"https:\/\/bangbang.md\/2026\/01\/19\/misgendering-si-marginalizarea-in-spatiile-queer\/"},"wordCount":1415,"publisher":{"@id":"https:\/\/bangbang.md\/#organization"},"articleSection":["A\u0219a nu","Pride","Queer &amp; Proud"],"inLanguage":"ru-RU"},{"@type":"WebPage","@id":"https:\/\/bangbang.md\/2026\/01\/19\/misgendering-si-marginalizarea-in-spatiile-queer\/","url":"https:\/\/bangbang.md\/2026\/01\/19\/misgendering-si-marginalizarea-in-spatiile-queer\/","name":"Misgendering \u0219i marginalizarea \u00een spa\u021biile queer - BANG-BANG","isPartOf":{"@id":"https:\/\/bangbang.md\/#website"},"datePublished":"2026-01-19T08:31:18+00:00","dateModified":"2026-01-19T08:31:19+00:00","breadcrumb":{"@id":"https:\/\/bangbang.md\/2026\/01\/19\/misgendering-si-marginalizarea-in-spatiile-queer\/#breadcrumb"},"inLanguage":"ru-RU","potentialAction":[{"@type":"ReadAction","target":["https:\/\/bangbang.md\/2026\/01\/19\/misgendering-si-marginalizarea-in-spatiile-queer\/"]}]},{"@type":"BreadcrumbList","@id":"https:\/\/bangbang.md\/2026\/01\/19\/misgendering-si-marginalizarea-in-spatiile-queer\/#breadcrumb","itemListElement":[{"@type":"ListItem","position":1,"name":"Prima pagin\u0103","item":"https:\/\/bangbang.md\/"},{"@type":"ListItem","position":2,"name":"Misgendering \u0219i marginalizarea \u00een spa\u021biile queer"}]},{"@type":"WebSite","@id":"https:\/\/bangbang.md\/#website","url":"https:\/\/bangbang.md\/","name":"BANG-BANG","description":"Portal web dedicat comunit\u0103\u021bii LGBTQ d RM","publisher":{"@id":"https:\/\/bangbang.md\/#organization"},"potentialAction":[{"@type":"SearchAction","target":{"@type":"EntryPoint","urlTemplate":"https:\/\/bangbang.md\/?s={search_term_string}"},"query-input":"required name=search_term_string"}],"inLanguage":"ru-RU"},{"@type":"Organization","@id":"https:\/\/bangbang.md\/#organization","name":"Bang bang","url":"https:\/\/bangbang.md\/","logo":{"@type":"ImageObject","inLanguage":"ru-RU","@id":"https:\/\/bangbang.md\/#\/schema\/logo\/image\/","url":"https:\/\/bangbang.md\/wp-content\/uploads\/2022\/07\/cropped-Group.jpg","contentUrl":"https:\/\/bangbang.md\/wp-content\/uploads\/2022\/07\/cropped-Group.jpg","width":512,"height":512,"caption":"Bang bang"},"image":{"@id":"https:\/\/bangbang.md\/#\/schema\/logo\/image\/"},"sameAs":["https:\/\/www.facebook.com\/bangbangmoldova"]},{"@type":"Person","@id":"https:\/\/bangbang.md\/#\/schema\/person\/3c4bdd852f2d2f8db3bde1e81e9676a2","name":"Redactia","image":{"@type":"ImageObject","inLanguage":"ru-RU","@id":"https:\/\/bangbang.md\/#\/schema\/person\/image\/","url":"https:\/\/secure.gravatar.com\/avatar\/31b9e560d1e50693e5c3bec169fad34f40ffc3d32174e8953ddc1d30a6216ced?s=96&d=mm&r=g","contentUrl":"https:\/\/secure.gravatar.com\/avatar\/31b9e560d1e50693e5c3bec169fad34f40ffc3d32174e8953ddc1d30a6216ced?s=96&d=mm&r=g","caption":"Redactia"},"url":"https:\/\/bangbang.md\/ru\/author\/redactia\/"}]}},"_links":{"self":[{"href":"https:\/\/bangbang.md\/ru\/wp-json\/wp\/v2\/posts\/9090","targetHints":{"allow":["GET"]}}],"collection":[{"href":"https:\/\/bangbang.md\/ru\/wp-json\/wp\/v2\/posts"}],"about":[{"href":"https:\/\/bangbang.md\/ru\/wp-json\/wp\/v2\/types\/post"}],"author":[{"embeddable":true,"href":"https:\/\/bangbang.md\/ru\/wp-json\/wp\/v2\/users\/4"}],"replies":[{"embeddable":true,"href":"https:\/\/bangbang.md\/ru\/wp-json\/wp\/v2\/comments?post=9090"}],"version-history":[{"count":1,"href":"https:\/\/bangbang.md\/ru\/wp-json\/wp\/v2\/posts\/9090\/revisions"}],"predecessor-version":[{"id":9092,"href":"https:\/\/bangbang.md\/ru\/wp-json\/wp\/v2\/posts\/9090\/revisions\/9092"}],"wp:featuredmedia":[{"embeddable":true,"href":"https:\/\/bangbang.md\/ru\/wp-json\/wp\/v2\/media\/9091"}],"wp:attachment":[{"href":"https:\/\/bangbang.md\/ru\/wp-json\/wp\/v2\/media?parent=9090"}],"wp:term":[{"taxonomy":"category","embeddable":true,"href":"https:\/\/bangbang.md\/ru\/wp-json\/wp\/v2\/categories?post=9090"},{"taxonomy":"post_tag","embeddable":true,"href":"https:\/\/bangbang.md\/ru\/wp-json\/wp\/v2\/tags?post=9090"}],"curies":[{"name":"wp","href":"https:\/\/api.w.org\/{rel}","templated":true}]}}