{"id":9085,"date":"2026-04-16T09:54:42","date_gmt":"2026-04-16T09:54:42","guid":{"rendered":"https:\/\/bangbang.md\/?p=9085"},"modified":"2026-04-29T11:01:42","modified_gmt":"2026-04-29T11:01:42","slug":"realitatea-in-era-digitala-ce-ne-invata-mitul-pesterii-al-lui-platon","status":"publish","type":"post","link":"https:\/\/bangbang.md\/ru\/2026\/04\/16\/realitatea-in-era-digitala-ce-ne-invata-mitul-pesterii-al-lui-platon\/","title":{"rendered":"Realitatea \u00een era digital\u0103: ce ne \u00eenva\u021b\u0103 mitul pe\u0219terii al lui Platon"},"content":{"rendered":"<h2 class=\"wp-block-heading\" id=\"h-cum-ne-influen\u021beaza-algoritmii-dezinformarea-\u0219i-mediile-digitale-prin-lentila-mitului-pe\u0219terii\"><em>Cum ne influen\u021beaz\u0103 algoritmii, dezinformarea \u0219i mediile digitale prin lentila mitului pe\u0219terii.<\/em><\/h2>\n\n\n\n<p>\u00cen dialogul socratic <em>Republica,<\/em> una dintre cele mai influente lucr\u0103ri din istoria filozofiei occidentale, Platon, filosof antic, se \u00eentreaba: ce este adev\u0103rul, cine \u00eel define\u0219te \u0219i cum ajungem s\u0103-l recunoa\u0219tem \u00eentr-o societate. \u00centreb\u0103ri la fel de actuale \u0219i pentru societ\u0103\u021bile contemporane. <\/p>\n\n\n\n<p>\u00cen materialul anterior vorbeam despre <mark style=\"background-color:rgba(0, 0, 0, 0)\" class=\"has-inline-color has-vivid-cyan-blue-color\"><strong><a href=\"https:\/\/bangbang.md\/ru\/2026\/04\/14\/de-ce-totul-pare-urgent-si-nimic-pare-sa-aiba-sens\/\" target=\"_blank\" rel=\"noreferrer noopener\">senza\u021bia c\u0103 totul este urgent \u0219i nimic nu mai are sens<\/a>,<\/strong><\/mark> \u00een acest articol vom analiza mai profund aceast\u0103 stare prin prisma felul \u00een care \u00een\u021belegem realitatea. Drept punct de reper vom lua Mitul Pe\u0219terii care este alegoria cunoa\u0219terii imaginat\u0103 de Platon. O metafor\u0103 despre iluzie \u0219i despre c\u00e2t de u\u0219or confund\u0103m aparen\u021bele cu adev\u0103rul. <\/p>\n\n\n\n<p>\u00cen mitul antic c\u00e2\u021biva oameni tr\u0103iesc toat\u0103 via\u021ba imobiliza\u021bi \u00eentr-o pe\u0219ter\u0103 cu fa\u021ba la perete, incapabili s\u0103 poat\u0103 mi\u0219ca capul \u00een dreapta sau stanga. Tot ce pot vedea sunt umbrele proiectate pe peretele din fa\u021ba lor. Aceste umbre sunt create de obiecte reale aflate \u00een spatele lor, dar invizibile pentru ochii lor. Pentru cei lega\u021bi aceste umbre devin singura realitate a lor.<\/p>\n\n\n\n<p>La un moment dat, unul dintre ei este eliberat. Este for\u021bat s\u0103 se \u00eentoarc\u0103 \u0219i, pentru prima dat\u0103, vede focul, sursa umbrelor. Lumina focului \u00eel orbe\u0219te, \u00eel doare. Este apoi \u00eempins mai departe, spre ie\u0219irea din pe\u0219ter\u0103. Afar\u0103, lumina este \u0219i mai puternic\u0103. La \u00eenceput nu poate vedea nimic clar. Treptat \u00eens\u0103, \u00eencepe s\u0103 disting\u0103 lucrurile: mai \u00eent\u00e2i umbrele lor, apoi reflexiile, apoi obiectele \u00een sine. \u00cen cele din urm\u0103, poate privi cerul \u0219i \u00een\u021belege sursa luminii, soarele.<\/p>\n\n\n\n<p>Pentru prima dat\u0103, vede lumea a\u0219a cum este. Dar c\u00e2nd se \u00eentoarce \u00een pe\u0219ter\u0103 s\u0103 le spun\u0103 \u0219i celorlal\u021bi, nu este crezut. Ochii lui, obi\u0219nui\u021bi cu lumina, nu mai pot vedea bine \u00een \u00eentuneric. Pare confuz. Pentru ceilal\u021bi, el nu este un exemplu, ci un avertisment.<\/p>\n\n\n\n<p>Ceea ce ne spune Platon prin acest mit este c\u0103:<strong> Adev\u0103rul nu doar c\u0103 este greu de descoperit. Este greu de acceptat.<\/strong><\/p>\n\n\n\n<p>Pentru noi, oamenii moderni, Mitul Pe\u0219terii devine mai complex. Nu mai suntem prizonierii unui singur zid, ci ai unor nenum\u0103rate ecrane. Nu mai vedem umbre proiectate de foc, dar despre imagini, algoritmi \u0219i adaptate preferin\u021belor noastre. Nu mai suntem prizonieri \u00eentr-o singur\u0103 pe\u0219ter\u0103, dar \u00een mai multe simultan. <\/p>\n\n\n\n<h2 class=\"wp-block-heading\" id=\"h-de-la-umbrele-lui-platon-la-feed-ul-digital\">De la umbrele lui Platon la feed-ul digital<\/h2>\n\n\n\n<p>Dac\u0103 pentru lumea antic\u0103, iluziile veneau din lipsa cunoa\u0219terii. Ast\u0103zi, pentru noi ele vin din excesul de imagini. \u00cen fiecare zi, consum\u0103m un flux nesf\u00e2r\u0219it de fotografii, videoclipuri, post\u0103ri, story-uri, \u0219tiri, reclame. Toate acestea formeaz\u0103 o realitate stratificat\u0103, construit\u0103 din con\u021binut digital. Realitatea tr\u0103it\u0103 de noi este mediat\u0103 de un ecran. <\/p>\n\n\n\n<p>Acces\u0103m realitatea nu prin contact direct, ci prin mediere. Vedem natura prin filtrele unui telefon, cunoa\u0219tem evenimentele prin selec\u021biile unui algoritm, \u00een\u021belegem oamenii prin profilurile lor online. Iar imaginea nu doar c\u0103 \u00eenlocuie\u0219te experien\u021ba, ci o prelucreaz\u0103, o face mai atr\u0103g\u0103toare, mai \u0219ocant\u0103, mai u\u0219or de digerat.<\/p>\n\n\n\n<p>Scriam \u00een teza mea de masterat, <em>\u201eMetamorfoze ale condi\u021biei umane \u00een filosofiile contemporane\u201d &#8211; realizat\u0103 \u00een cadrul Universit\u0103\u021bii din Bucure\u0219ti \u0219i Universit\u0103\u021bii de Stat din Moldova<\/em>: \u201e<em>realitatea digital\u0103 este o realitate stratificat\u0103 \u0219i tehnologic\u0103 \u00een care omul nu mai tr\u0103ie\u0219te ca prezen\u021b\u0103, ci ca reac\u021bie la stimuli<\/em>.\u201d Este o lume \u00een care nu cunoa\u0219tem direct, ci prin reprezent\u0103ri. Iar \u00een timp luam drept realitate aceste reprezent\u0103ri.<\/p>\n\n\n\n<h2 class=\"wp-block-heading\" id=\"h-cum-ajungem-sa-reac\u021bionam-la-o-realitate-construita-pentru-noi\">Cum ajungem s\u0103 reac\u021bion\u0103m la o realitate construit\u0103 pentru noi<\/h2>\n\n\n\n<p>A\u0219a cum prizonierii din pe\u0219tera lui Platon priveau doar umbrele, omul contemporan se uit\u0103 la lumea sa printr-un intermediar: ecranul. Dar aten\u021bie, aceast\u0103 privire nu e neutr\u0103 \u0219i nici nu ne apar\u021bine. Este produs\u0103, regizat\u0103, editat\u0103, deseori construit\u0103 pentru a genera reac\u021bii \u0219i ne controla alegerile prin emo\u021bii. <\/p>\n\n\n\n<p>Se vede cel mai clar \u00een perioadele electorale. Atunci ne se livreaz\u0103 versiuni ale realit\u0103\u021bii adaptate pentru a ne provoca fric\u0103, furie sau entuziasm. Un candidat devine \u201esalvator\u201d, altul \u201eamenin\u021bare\u201d, nu prin complexitatea ideilor, ci prin cum sunt \u00eempachetate mesajele.<\/p>\n\n\n\n<p>La fel func\u021bioneaz\u0103 \u0219i reclamele, ele nu ne v\u00e2nd doar un produs, ci o emo\u021bie. Cump\u0103r\u0103m un statut \u00een locul unui telefon sau o versiune idealizat\u0103 a vie\u021bii noastre \u00een locul unui vacan\u021b\u0103.  <\/p>\n\n\n\n<p>\u00cen ambele exemple, reac\u021bion\u0103m emo\u021bional la o realitate construit\u0103 pentru noi. \u0218i, la fel ca \u00een pe\u0219ter\u0103, cu c\u00e2t privim mai mult aceste \u201eumbre\u201d, cu at\u00e2t ne este mai greu s\u0103 le distingem de adev\u0103r.<\/p>\n\n\n\n<h2 class=\"wp-block-heading\" id=\"h-nu-mai-traim-direct-traim-prin-ceea-ce-ni-se-arata\">Nu mai tr\u0103im direct. Tr\u0103im prin ceea ce ni se arat\u0103.<\/h2>\n\n\n\n<p>\u00cen aceast\u0103 nou\u0103 pe\u0219ter\u0103, nu doar realitatea este reprodus\u0103, ci \u0219i identitatea noastr\u0103. Nu mai suntem ceea ce suntem, ci ceea ce ar\u0103t\u0103m c\u0103 suntem. Astfel, omul devine o fiin\u021b\u0103 virtual\u0103.  Nu ne mai definim prin prezen\u021b\u0103, ci prin performan\u021b\u0103 digital\u0103. Suntem live, vizibili, accesibili, dar rareori conecta\u021bi cu propria fiin\u021b\u0103. A fi \u201evizibil\u201d a devenit echivalent cu a fi \u201ereal\u201d. Iar \u00een lipsa imaginii, sim\u021bim c\u0103 nu mai exist\u0103m.<\/p>\n\n\n\n<h2 class=\"wp-block-heading\" id=\"h-pe\u0219tera-ca-alegere\">Pe\u0219tera ca alegere<\/h2>\n\n\n\n<p>Ce este cel mai tulbur\u0103tor \u00een realitatea de azi e faptul c\u0103 mul\u021bi alegem s\u0103 tr\u0103im \u00een aceast\u0103 pe\u0219ter\u0103. Spre deosebire de prizonierii lui Platon, care erau for\u021ba\u021bi s\u0103 r\u0103m\u00e2n\u0103 \u00eenl\u0103n\u021bui\u021bi, noi ne leg\u0103m de bun\u0103voie. Pentru c\u0103 aceast\u0103 pe\u0219ter\u0103 digital\u0103 ofer\u0103 siguran\u021b\u0103, dopamin\u0103, validare rapid\u0103. Ne \u021bine departe de complexitate, de ambiguitate, de singur\u0103tate. Ne scap\u0103 de \u00eentreb\u0103ri incomode. <\/p>\n\n\n\n<p>Tot ceea ce oferim \u00een schimb este aten\u021bia noastr\u0103. Dar oare este acesta un pre\u021b mic?<\/p>\n\n\n\n<p>Spuneam \u00een textele anterioare c\u0103 mediile digitale ne modeleaz\u0103 \u0219i ne formeaz\u0103 g\u00e2ndirea, comportamentul, emo\u021biile. Iar un prim pas pentru a rec\u00e2\u0219tiga independen\u021ba emo\u021bional\u0103 este s\u0103 \u00een\u021belegem cum aceste medii ne influen\u021beaz\u0103. \u0218i poate pentru mul\u021bi, Pe\u0219tera digital\u0103 \u00een care tr\u0103im pare imposibil de p\u0103r\u0103sit. Totu\u0219i, ne putem elibera prin simpla ac\u021biune de a \u00eencepe de a ne \u00eendoi de tot ce ni se prezint\u0103 ca adev\u0103r \u0219i de a \u00eencepe a ne pune \u00eentreb\u0103ri. <\/p>\n\n\n\n<p>Pentru c\u0103, at\u00e2t timp c\u00e2t confund\u0103m umbrele digitale cu realitatea suntem vulnerabili la manipulare \u0219i la uitarea propriei umanit\u0103\u021bi.<\/p>\n\n\n\n<hr class=\"wp-block-separator has-alpha-channel-opacity\"\/>\n\n\n\n<p>Acest material face parte din seria editorial\u0103 realizat\u0103 \u00een cadrul proiectului&nbsp;<strong>\u201eCre\u0219terea rezilien\u021bei societale \u00een era dezinform\u0103rii \u0219i a deepfake-urilor generate de AI\u201d<\/strong>, implementat de A.O. Media Cub \u0219i&nbsp;<strong>sus\u021binut financiar de Ambasada Regatului \u021a\u0103rilor de Jos la Chi\u0219in\u0103u<\/strong>, prin intermediul&nbsp;<strong>Centrului de Resurse Juridice din Moldova (CRJM)<\/strong>.<\/p>\n\n\n\n<p>Con\u021binutul acestui material reflect\u0103 exclusiv punctul de vedere al autorului \u0219i nu reprezint\u0103 \u00een mod necesar pozi\u021bia finan\u021batorilor.<\/p>\n\n\n\n<p><a href=\"https:\/\/bangbang.md\/ru\/2026\/04\/15\/good-and-bad-questions-to-ask-a-transgender-person\/\"><\/a><\/p>\n\n\n\n<p><\/p>","protected":false},"excerpt":{"rendered":"<p>Cum ne influen\u021beaz\u0103 algoritmii, dezinformarea \u0219i mediile digitale prin lentila mitului pe\u0219terii. \u00cen dialogul socratic Republica, una dintre cele mai&#8230;<\/p>","protected":false},"author":3,"featured_media":9397,"comment_status":"closed","ping_status":"closed","sticky":false,"template":"","format":"standard","meta":{"footnotes":""},"categories":[179,178],"tags":[],"class_list":["post-9085","post","type-post","status-publish","format-standard","has-post-thumbnail","hentry","category-lumea-noastra","category-queer-proud"],"yoast_head":"<!-- This site is optimized with the Yoast SEO Premium plugin v18.9 (Yoast SEO v20.13) - https:\/\/yoast.com\/wordpress\/plugins\/seo\/ -->\n<title>Realitatea \u00een era digital\u0103: ce ne \u00eenva\u021b\u0103 mitul pe\u0219terii al lui Platon - BANG-BANG<\/title>\n<meta name=\"description\" content=\"Cum ne influen\u021beaz\u0103 algoritmii \u0219i dezinformarea percep\u021bia realit\u0103\u021bii? O analiz\u0103 a mitului pe\u0219terii din Republica \u0219i relevan\u021ba lui \u00een era digital\u0103.\" \/>\n<meta name=\"robots\" content=\"index, follow, max-snippet:-1, max-image-preview:large, max-video-preview:-1\" \/>\n<link rel=\"canonical\" href=\"https:\/\/bangbang.md\/ru\/2026\/04\/16\/realitatea-in-era-digitala-ce-ne-invata-mitul-pesterii-al-lui-platon\/\" \/>\n<meta property=\"og:locale\" content=\"ru_RU\" \/>\n<meta property=\"og:type\" content=\"article\" \/>\n<meta property=\"og:title\" content=\"Realitatea \u00een era digital\u0103: ce ne \u00eenva\u021b\u0103 mitul pe\u0219terii al lui Platon\" \/>\n<meta property=\"og:description\" content=\"Cum ne influen\u021beaz\u0103 algoritmii \u0219i dezinformarea percep\u021bia realit\u0103\u021bii? O analiz\u0103 a mitului pe\u0219terii din Republica \u0219i relevan\u021ba lui \u00een era digital\u0103.\" \/>\n<meta property=\"og:url\" content=\"https:\/\/bangbang.md\/ru\/2026\/04\/16\/realitatea-in-era-digitala-ce-ne-invata-mitul-pesterii-al-lui-platon\/\" \/>\n<meta property=\"og:site_name\" content=\"BANG-BANG\" \/>\n<meta property=\"article:publisher\" content=\"https:\/\/www.facebook.com\/bangbangmoldova\" \/>\n<meta property=\"article:published_time\" content=\"2026-04-16T09:54:42+00:00\" \/>\n<meta property=\"article:modified_time\" content=\"2026-04-29T11:01:42+00:00\" \/>\n<meta property=\"og:image\" content=\"https:\/\/bangbang.md\/wp-content\/uploads\/2026\/04\/EL-52.png\" \/>\n\t<meta property=\"og:image:width\" content=\"1200\" \/>\n\t<meta property=\"og:image:height\" content=\"800\" \/>\n\t<meta property=\"og:image:type\" content=\"image\/png\" \/>\n<meta name=\"author\" content=\"Micleusanu Vasile\" \/>\n<meta name=\"twitter:card\" content=\"summary_large_image\" \/>\n<meta name=\"twitter:label1\" content=\"\u041d\u0430\u043f\u0438\u0441\u0430\u043d\u043e \u0430\u0432\u0442\u043e\u0440\u043e\u043c\" \/>\n\t<meta name=\"twitter:data1\" content=\"Micleusanu Vasile\" \/>\n\t<meta name=\"twitter:label2\" content=\"\u041f\u0440\u0438\u043c\u0435\u0440\u043d\u043e\u0435 \u0432\u0440\u0435\u043c\u044f \u0434\u043b\u044f \u0447\u0442\u0435\u043d\u0438\u044f\" \/>\n\t<meta name=\"twitter:data2\" content=\"6 \u043c\u0438\u043d\u0443\u0442\" \/>\n<script type=\"application\/ld+json\" class=\"yoast-schema-graph\">{\"@context\":\"https:\/\/schema.org\",\"@graph\":[{\"@type\":\"Article\",\"@id\":\"https:\/\/bangbang.md\/2026\/04\/16\/realitatea-in-era-digitala-ce-ne-invata-mitul-pesterii-al-lui-platon\/#article\",\"isPartOf\":{\"@id\":\"https:\/\/bangbang.md\/2026\/04\/16\/realitatea-in-era-digitala-ce-ne-invata-mitul-pesterii-al-lui-platon\/\"},\"author\":{\"name\":\"Micleusanu Vasile\",\"@id\":\"https:\/\/bangbang.md\/#\/schema\/person\/5378c72f5ed47ee2964c4075df5f713d\"},\"headline\":\"Realitatea \u00een era digital\u0103: ce ne \u00eenva\u021b\u0103 mitul pe\u0219terii al lui Platon\",\"datePublished\":\"2026-04-16T09:54:42+00:00\",\"dateModified\":\"2026-04-29T11:01:42+00:00\",\"mainEntityOfPage\":{\"@id\":\"https:\/\/bangbang.md\/2026\/04\/16\/realitatea-in-era-digitala-ce-ne-invata-mitul-pesterii-al-lui-platon\/\"},\"wordCount\":1194,\"publisher\":{\"@id\":\"https:\/\/bangbang.md\/#organization\"},\"articleSection\":[\"Lumea noastr\u0103\",\"Queer &amp; Proud\"],\"inLanguage\":\"ru-RU\"},{\"@type\":\"WebPage\",\"@id\":\"https:\/\/bangbang.md\/2026\/04\/16\/realitatea-in-era-digitala-ce-ne-invata-mitul-pesterii-al-lui-platon\/\",\"url\":\"https:\/\/bangbang.md\/2026\/04\/16\/realitatea-in-era-digitala-ce-ne-invata-mitul-pesterii-al-lui-platon\/\",\"name\":\"Realitatea \u00een era digital\u0103: ce ne \u00eenva\u021b\u0103 mitul pe\u0219terii al lui Platon - BANG-BANG\",\"isPartOf\":{\"@id\":\"https:\/\/bangbang.md\/#website\"},\"datePublished\":\"2026-04-16T09:54:42+00:00\",\"dateModified\":\"2026-04-29T11:01:42+00:00\",\"description\":\"Cum ne influen\u021beaz\u0103 algoritmii \u0219i dezinformarea percep\u021bia realit\u0103\u021bii? O analiz\u0103 a mitului pe\u0219terii din Republica \u0219i relevan\u021ba lui \u00een era digital\u0103.\",\"breadcrumb\":{\"@id\":\"https:\/\/bangbang.md\/2026\/04\/16\/realitatea-in-era-digitala-ce-ne-invata-mitul-pesterii-al-lui-platon\/#breadcrumb\"},\"inLanguage\":\"ru-RU\",\"potentialAction\":[{\"@type\":\"ReadAction\",\"target\":[\"https:\/\/bangbang.md\/2026\/04\/16\/realitatea-in-era-digitala-ce-ne-invata-mitul-pesterii-al-lui-platon\/\"]}]},{\"@type\":\"BreadcrumbList\",\"@id\":\"https:\/\/bangbang.md\/2026\/04\/16\/realitatea-in-era-digitala-ce-ne-invata-mitul-pesterii-al-lui-platon\/#breadcrumb\",\"itemListElement\":[{\"@type\":\"ListItem\",\"position\":1,\"name\":\"Prima pagin\u0103\",\"item\":\"https:\/\/bangbang.md\/\"},{\"@type\":\"ListItem\",\"position\":2,\"name\":\"Realitatea \u00een era digital\u0103: ce ne \u00eenva\u021b\u0103 mitul pe\u0219terii al lui Platon\"}]},{\"@type\":\"WebSite\",\"@id\":\"https:\/\/bangbang.md\/#website\",\"url\":\"https:\/\/bangbang.md\/\",\"name\":\"BANG-BANG\",\"description\":\"Portal web dedicat comunit\u0103\u021bii LGBTQ d RM\",\"publisher\":{\"@id\":\"https:\/\/bangbang.md\/#organization\"},\"potentialAction\":[{\"@type\":\"SearchAction\",\"target\":{\"@type\":\"EntryPoint\",\"urlTemplate\":\"https:\/\/bangbang.md\/?s={search_term_string}\"},\"query-input\":\"required name=search_term_string\"}],\"inLanguage\":\"ru-RU\"},{\"@type\":\"Organization\",\"@id\":\"https:\/\/bangbang.md\/#organization\",\"name\":\"Bang bang\",\"url\":\"https:\/\/bangbang.md\/\",\"logo\":{\"@type\":\"ImageObject\",\"inLanguage\":\"ru-RU\",\"@id\":\"https:\/\/bangbang.md\/#\/schema\/logo\/image\/\",\"url\":\"https:\/\/bangbang.md\/wp-content\/uploads\/2022\/07\/cropped-Group.jpg\",\"contentUrl\":\"https:\/\/bangbang.md\/wp-content\/uploads\/2022\/07\/cropped-Group.jpg\",\"width\":512,\"height\":512,\"caption\":\"Bang bang\"},\"image\":{\"@id\":\"https:\/\/bangbang.md\/#\/schema\/logo\/image\/\"},\"sameAs\":[\"https:\/\/www.facebook.com\/bangbangmoldova\"]},{\"@type\":\"Person\",\"@id\":\"https:\/\/bangbang.md\/#\/schema\/person\/5378c72f5ed47ee2964c4075df5f713d\",\"name\":\"Micleusanu Vasile\",\"image\":{\"@type\":\"ImageObject\",\"inLanguage\":\"ru-RU\",\"@id\":\"https:\/\/bangbang.md\/#\/schema\/person\/image\/\",\"url\":\"https:\/\/secure.gravatar.com\/avatar\/33fcec8745ff74b39241dd3111c85da3d8bb21844aef6911b4f86aec2cdeb93b?s=96&d=mm&r=g\",\"contentUrl\":\"https:\/\/secure.gravatar.com\/avatar\/33fcec8745ff74b39241dd3111c85da3d8bb21844aef6911b4f86aec2cdeb93b?s=96&d=mm&r=g\",\"caption\":\"Micleusanu Vasile\"},\"url\":\"https:\/\/bangbang.md\/ru\/author\/vasilem\/\"}]}<\/script>\n<!-- \/ Yoast SEO Premium plugin. -->","yoast_head_json":{"title":"Realitatea \u00een era digital\u0103: ce ne \u00eenva\u021b\u0103 mitul pe\u0219terii al lui Platon - BANG-BANG","description":"Cum ne influen\u021beaz\u0103 algoritmii \u0219i dezinformarea percep\u021bia realit\u0103\u021bii? O analiz\u0103 a mitului pe\u0219terii din Republica \u0219i relevan\u021ba lui \u00een era digital\u0103.","robots":{"index":"index","follow":"follow","max-snippet":"max-snippet:-1","max-image-preview":"max-image-preview:large","max-video-preview":"max-video-preview:-1"},"canonical":"https:\/\/bangbang.md\/ru\/2026\/04\/16\/realitatea-in-era-digitala-ce-ne-invata-mitul-pesterii-al-lui-platon\/","og_locale":"ru_RU","og_type":"article","og_title":"Realitatea \u00een era digital\u0103: ce ne \u00eenva\u021b\u0103 mitul pe\u0219terii al lui Platon","og_description":"Cum ne influen\u021beaz\u0103 algoritmii \u0219i dezinformarea percep\u021bia realit\u0103\u021bii? O analiz\u0103 a mitului pe\u0219terii din Republica \u0219i relevan\u021ba lui \u00een era digital\u0103.","og_url":"https:\/\/bangbang.md\/ru\/2026\/04\/16\/realitatea-in-era-digitala-ce-ne-invata-mitul-pesterii-al-lui-platon\/","og_site_name":"BANG-BANG","article_publisher":"https:\/\/www.facebook.com\/bangbangmoldova","article_published_time":"2026-04-16T09:54:42+00:00","article_modified_time":"2026-04-29T11:01:42+00:00","og_image":[{"width":1200,"height":800,"url":"https:\/\/bangbang.md\/wp-content\/uploads\/2026\/04\/EL-52.png","type":"image\/png"}],"author":"Micleusanu Vasile","twitter_card":"summary_large_image","twitter_misc":{"\u041d\u0430\u043f\u0438\u0441\u0430\u043d\u043e \u0430\u0432\u0442\u043e\u0440\u043e\u043c":"Micleusanu Vasile","\u041f\u0440\u0438\u043c\u0435\u0440\u043d\u043e\u0435 \u0432\u0440\u0435\u043c\u044f \u0434\u043b\u044f \u0447\u0442\u0435\u043d\u0438\u044f":"6 \u043c\u0438\u043d\u0443\u0442"},"schema":{"@context":"https:\/\/schema.org","@graph":[{"@type":"Article","@id":"https:\/\/bangbang.md\/2026\/04\/16\/realitatea-in-era-digitala-ce-ne-invata-mitul-pesterii-al-lui-platon\/#article","isPartOf":{"@id":"https:\/\/bangbang.md\/2026\/04\/16\/realitatea-in-era-digitala-ce-ne-invata-mitul-pesterii-al-lui-platon\/"},"author":{"name":"Micleusanu Vasile","@id":"https:\/\/bangbang.md\/#\/schema\/person\/5378c72f5ed47ee2964c4075df5f713d"},"headline":"Realitatea \u00een era digital\u0103: ce ne \u00eenva\u021b\u0103 mitul pe\u0219terii al lui Platon","datePublished":"2026-04-16T09:54:42+00:00","dateModified":"2026-04-29T11:01:42+00:00","mainEntityOfPage":{"@id":"https:\/\/bangbang.md\/2026\/04\/16\/realitatea-in-era-digitala-ce-ne-invata-mitul-pesterii-al-lui-platon\/"},"wordCount":1194,"publisher":{"@id":"https:\/\/bangbang.md\/#organization"},"articleSection":["Lumea noastr\u0103","Queer &amp; Proud"],"inLanguage":"ru-RU"},{"@type":"WebPage","@id":"https:\/\/bangbang.md\/2026\/04\/16\/realitatea-in-era-digitala-ce-ne-invata-mitul-pesterii-al-lui-platon\/","url":"https:\/\/bangbang.md\/2026\/04\/16\/realitatea-in-era-digitala-ce-ne-invata-mitul-pesterii-al-lui-platon\/","name":"Realitatea \u00een era digital\u0103: ce ne \u00eenva\u021b\u0103 mitul pe\u0219terii al lui Platon - BANG-BANG","isPartOf":{"@id":"https:\/\/bangbang.md\/#website"},"datePublished":"2026-04-16T09:54:42+00:00","dateModified":"2026-04-29T11:01:42+00:00","description":"Cum ne influen\u021beaz\u0103 algoritmii \u0219i dezinformarea percep\u021bia realit\u0103\u021bii? O analiz\u0103 a mitului pe\u0219terii din Republica \u0219i relevan\u021ba lui \u00een era digital\u0103.","breadcrumb":{"@id":"https:\/\/bangbang.md\/2026\/04\/16\/realitatea-in-era-digitala-ce-ne-invata-mitul-pesterii-al-lui-platon\/#breadcrumb"},"inLanguage":"ru-RU","potentialAction":[{"@type":"ReadAction","target":["https:\/\/bangbang.md\/2026\/04\/16\/realitatea-in-era-digitala-ce-ne-invata-mitul-pesterii-al-lui-platon\/"]}]},{"@type":"BreadcrumbList","@id":"https:\/\/bangbang.md\/2026\/04\/16\/realitatea-in-era-digitala-ce-ne-invata-mitul-pesterii-al-lui-platon\/#breadcrumb","itemListElement":[{"@type":"ListItem","position":1,"name":"Prima pagin\u0103","item":"https:\/\/bangbang.md\/"},{"@type":"ListItem","position":2,"name":"Realitatea \u00een era digital\u0103: ce ne \u00eenva\u021b\u0103 mitul pe\u0219terii al lui Platon"}]},{"@type":"WebSite","@id":"https:\/\/bangbang.md\/#website","url":"https:\/\/bangbang.md\/","name":"BANG-BANG","description":"Portal web dedicat comunit\u0103\u021bii LGBTQ d RM","publisher":{"@id":"https:\/\/bangbang.md\/#organization"},"potentialAction":[{"@type":"SearchAction","target":{"@type":"EntryPoint","urlTemplate":"https:\/\/bangbang.md\/?s={search_term_string}"},"query-input":"required name=search_term_string"}],"inLanguage":"ru-RU"},{"@type":"Organization","@id":"https:\/\/bangbang.md\/#organization","name":"Bang bang","url":"https:\/\/bangbang.md\/","logo":{"@type":"ImageObject","inLanguage":"ru-RU","@id":"https:\/\/bangbang.md\/#\/schema\/logo\/image\/","url":"https:\/\/bangbang.md\/wp-content\/uploads\/2022\/07\/cropped-Group.jpg","contentUrl":"https:\/\/bangbang.md\/wp-content\/uploads\/2022\/07\/cropped-Group.jpg","width":512,"height":512,"caption":"Bang bang"},"image":{"@id":"https:\/\/bangbang.md\/#\/schema\/logo\/image\/"},"sameAs":["https:\/\/www.facebook.com\/bangbangmoldova"]},{"@type":"Person","@id":"https:\/\/bangbang.md\/#\/schema\/person\/5378c72f5ed47ee2964c4075df5f713d","name":"Micleusanu Vasile","image":{"@type":"ImageObject","inLanguage":"ru-RU","@id":"https:\/\/bangbang.md\/#\/schema\/person\/image\/","url":"https:\/\/secure.gravatar.com\/avatar\/33fcec8745ff74b39241dd3111c85da3d8bb21844aef6911b4f86aec2cdeb93b?s=96&d=mm&r=g","contentUrl":"https:\/\/secure.gravatar.com\/avatar\/33fcec8745ff74b39241dd3111c85da3d8bb21844aef6911b4f86aec2cdeb93b?s=96&d=mm&r=g","caption":"Micleusanu Vasile"},"url":"https:\/\/bangbang.md\/ru\/author\/vasilem\/"}]}},"_links":{"self":[{"href":"https:\/\/bangbang.md\/ru\/wp-json\/wp\/v2\/posts\/9085","targetHints":{"allow":["GET"]}}],"collection":[{"href":"https:\/\/bangbang.md\/ru\/wp-json\/wp\/v2\/posts"}],"about":[{"href":"https:\/\/bangbang.md\/ru\/wp-json\/wp\/v2\/types\/post"}],"author":[{"embeddable":true,"href":"https:\/\/bangbang.md\/ru\/wp-json\/wp\/v2\/users\/3"}],"replies":[{"embeddable":true,"href":"https:\/\/bangbang.md\/ru\/wp-json\/wp\/v2\/comments?post=9085"}],"version-history":[{"count":5,"href":"https:\/\/bangbang.md\/ru\/wp-json\/wp\/v2\/posts\/9085\/revisions"}],"predecessor-version":[{"id":9407,"href":"https:\/\/bangbang.md\/ru\/wp-json\/wp\/v2\/posts\/9085\/revisions\/9407"}],"wp:featuredmedia":[{"embeddable":true,"href":"https:\/\/bangbang.md\/ru\/wp-json\/wp\/v2\/media\/9397"}],"wp:attachment":[{"href":"https:\/\/bangbang.md\/ru\/wp-json\/wp\/v2\/media?parent=9085"}],"wp:term":[{"taxonomy":"category","embeddable":true,"href":"https:\/\/bangbang.md\/ru\/wp-json\/wp\/v2\/categories?post=9085"},{"taxonomy":"post_tag","embeddable":true,"href":"https:\/\/bangbang.md\/ru\/wp-json\/wp\/v2\/tags?post=9085"}],"curies":[{"name":"wp","href":"https:\/\/api.w.org\/{rel}","templated":true}]}}