{"id":8881,"date":"2025-05-20T10:44:36","date_gmt":"2025-05-20T10:44:36","guid":{"rendered":"https:\/\/bangbang.md\/?p=8881"},"modified":"2025-05-20T18:05:08","modified_gmt":"2025-05-20T18:05:08","slug":"care-sunt-asteptarile-comunitatii-catolice-lgbtq-fata-de-noul-papa-de-la-roma-leon-al-xiv-lea","status":"publish","type":"post","link":"https:\/\/bangbang.md\/ru\/2025\/05\/20\/care-sunt-asteptarile-comunitatii-catolice-lgbtq-fata-de-noul-papa-de-la-roma-leon-al-xiv-lea\/","title":{"rendered":"Care sunt a\u0219tept\u0103rile comunit\u0103\u021bii catolice LGBTQ+ fa\u021b\u0103 de noul Pap\u0103 de la Roma, Leon al XIV-lea"},"content":{"rendered":"<h4 class=\"wp-block-heading\" id=\"h-odata-cu-alegerea-noului-papa-de-la-roma-comunitatea-catolica-lgbtq-a-ob\u021binut-un-pontif-care-exprima-o-pozi\u021bie-mult-mai-conservatoare-decat-predecesorul-sau-papa-francisc-ingrijorarea-persoanelor-homosexuale-catolice-vine-pe-de-o-parte-in-contextul-sus\u021binerii-\u0219i-incluziunii-din-ultimii-ani-oferite-de-papa-francisc-iar-pe-de-alta-parte-pe-fondul-declara\u021biilor-reci-din-trecut-ale-papei-leon-al-xiv-lea\">Odat\u0103 cu alegerea noului Pap\u0103 de la Roma, comunitatea catolic\u0103 LGBTQ+ a ob\u021binut un pontif care exprim\u0103 o pozi\u021bie mult mai conservatoare dec\u00e2t predecesorul s\u0103u, Papa Francisc. \u00cengrijorarea persoanelor homosexuale catolice vine, pe de o parte, \u00een contextul sus\u021binerii \u0219i incluziunii din ultimii ani oferite de Papa Francisc, iar pe de alt\u0103 parte, pe fondul declara\u021biilor reci din trecut ale Papei Leon al XIV-lea.<\/h4>\n\n\n\n<p>Haide\u021bi s\u0103 vedem ce a declarat \u00een 2012 actualul Pap\u0103 despre comunitatea LGBTQ+.<\/p>\n\n\n\n<p>\u00centr-un discurs din 2012 adresat Sinodului Mondial al Episcopilor, Robert Francis Prevost, actualul Suveran Pontif, a spus c\u0103: <\/p>\n\n\n\n<blockquote class=\"wp-block-quote is-layout-flow wp-block-quote-is-layout-flow\">\n<p>Mass-media occidental\u0103 este extraordinar de eficient\u0103 \u00een a cultiva \u00een r\u00e2ndul publicului larg o simpatie enorm\u0103 pentru credin\u021be \u0219i practici care sunt \u00een contradic\u021bie cu Evanghelia \u2013 de exemplu, avortul, stilul de via\u021b\u0103 homosexual, eutanasia. <\/p>\n<\/blockquote>\n\n\n\n<p>Mai t\u00e2rziu, clericul a \u00eenvinuit mass-media pentru promovarea unei \u201esimpatii\u201d fa\u021b\u0103 de \u201ealegerea stilului de via\u021b\u0103 anticre\u0219tin\u201d.<\/p>\n\n\n\n<p>DignityUSA, cea mai veche organiza\u021bie care reprezint\u0103 catolicii LGBTQ+ din lume, <a href=\"https:\/\/www.dignityusa.org\/articles\/dignityusa-expresses-hope-for-lgbtq-catholics-after-pope-leo-xiv-election?fbclid=IwY2xjawKK1zpleHRuA2FlbQIxMQBicmlkETFJNlhXaVFWb3ZzUTkyR0psAR5lziXJuSwRuSJ8DxVUwPwgn-ShrZ_69BOw6yq-EuA4iIt-d3Wo7PV27ldIRg_aem_liW3G2naqhfZIodk6XkANA\" target=\"_blank\" rel=\"noreferrer noopener\"><strong><mark style=\"background-color:rgba(0, 0, 0, 0)\" class=\"has-inline-color has-vivid-cyan-blue-color\">\u0219i-a exprimat<\/mark><\/strong><\/a>, de asemenea, \u201e\u00eengrijorarea\u201d fa\u021b\u0103 de comentariile anterioare ale Papei, dar a men\u021bionat \u0219i urm\u0103toarele:<\/p>\n\n\n\n<blockquote class=\"wp-block-quote is-layout-flow wp-block-quote-is-layout-flow\">\n<p>Aceast\u0103 declara\u021bie a fost f\u0103cut\u0103 \u00een timpul pontificatului lui Benedict al XVI-lea, c\u00e2nd se punea accentul pe respectarea riguroas\u0103 a doctrinei biserice\u0219ti. \u00cen plus, vocile persoanelor LGBTQ+ erau rareori auzite la acel nivel al conducerii Bisericii. <strong>Ne rug\u0103m ca Papa Leon al XIV-lea s\u0103 demonstreze o dorin\u021b\u0103 de a asculta \u0219i de a evolua pe m\u0103sur\u0103 ce \u00ee\u0219i \u00eencepe noul s\u0103u rol de conduc\u0103tor al Bisericii globale.<\/strong><\/p>\n<\/blockquote>\n\n\n\n<p>Prima declara\u021bie pro-LGBTQ+ a lui Papa Francisc a fost \u00een 2013, c\u00e2nd a spus: \u201eDac\u0103 o persoan\u0103 este gay \u0219i \u00eel caut\u0103 pe Domnul \u0219i are bun\u0103voin\u021b\u0103, cine sunt eu s\u0103 judec?\u201d.<\/p>\n\n\n\n<p>\u201ePapa Francisc a deschis u\u0219a unei noi abord\u0103ri fa\u021b\u0103 de persoanele LGBTQ+; Papa Leon trebuie acum s\u0103 ghideze Biserica prin aceea\u0219i u\u0219\u0103\u201d, a declarat <strong>Francis DeBernardo<\/strong>, ministru na\u021bional catolic de justi\u021bie \u0219i reconciliere pentru catolicii LGBTQ+ din SUA.<\/p>\n\n\n\n<p>Acesta a mai ad\u0103ugat: \u201eMul\u021bi catolici, inclusiv episcopi \u0219i al\u021bi lideri, r\u0103m\u00e2n ignoran\u021bi cu privire la realitatea vie\u021bilor LGBTQ+, inclusiv marginalizarea, discriminarea \u0219i violen\u021ba cu care mul\u021bi se confrunt\u0103 \u00eenc\u0103, chiar \u0219i \u00een institu\u021biile catolice.&nbsp;<\/p>\n\n\n\n<p>De\u0219i Papa Leon al XIV-lea promoveaz\u0103 un stil pastoral centrist \u0219i sensibil la diversitatea cultural\u0103, pozi\u021biile sale anterioare indic\u0103 o orientare mai conservatoare \u00een ceea ce prive\u0219te incluziunea persoanelor LGBTQ+. R\u0103m\u00e2ne de v\u0103zut \u00een ce m\u0103sur\u0103 va continua sau va modifica direc\u021bia stabilit\u0103 de Papa Francisc \u00een aceast\u0103 privin\u021b\u0103.<\/p>\n\n\n\n<p>\u00cen 2020, Papa Francisc <a href=\"https:\/\/www.catholicnewsagency.com\/news\/46295\/pope-francis-calls-for-civil-union-law-for-same-sex-couples-in-shift-from-vatican-stance\" target=\"_blank\" rel=\"noreferrer noopener\"><mark style=\"background-color:rgba(0, 0, 0, 0)\" class=\"has-inline-color has-vivid-cyan-blue-color\"><strong>a afirmat<\/strong><\/mark><\/a> c\u0103 sus\u021bine legile privind parteneriatele civile pentru cuplurile de acela\u0219i sex: \u201eHomosexualii au dreptul de a face parte din familie. Sunt copiii lui Dumnezeu \u0219i au dreptul la o familie. Nimeni nu ar trebui s\u0103 fie alungat sau f\u0103cut nefericit din aceast\u0103 cauz\u0103\u201d.<\/p>\n\n\n\n<p>Apoi, \u00een 2023, \u00eentr-o scrisoare de sprijin a uniunilor persoanelor de acela\u0219i sex adresat\u0103 unui grup de cardinali conservatori, Papa Francisc nota:&nbsp; \u201eNu putem fi judec\u0103tori care doar neag\u0103, resping \u0219i exclud. Pastorul, cu pruden\u021b\u0103, trebuie s\u0103 discearn\u0103 dac\u0103 o persoan\u0103 cere cu adev\u0103rat o binecuv\u00e2ntare. Pentru c\u0103 atunci c\u00e2nd cineva caut\u0103 o binecuv\u00e2ntare, cere ajutor de la Dumnezeu\u201d.<\/p>\n\n\n\n<p>\u00cen 2024, Prevost a exprimat necesitatea unor discu\u021bii mai ample \u00een cadrul conferin\u021belor episcopale, pentru a analiza binecuv\u00e2nt\u0103rile cuplurilor de acela\u0219i sex \u0219i a le aplica \u00eentr-un mod adaptat diferen\u021belor culturale din \u00eentreaga lume, av\u00e2nd \u00een vedere c\u0103 \u00een unele \u021b\u0103ri homosexualitatea este \u00eenc\u0103 incriminat\u0103.<\/p>\n\n\n\n<p><strong>Vezi \u0219i:<\/strong><a href=\"https:\/\/bangbang.md\/ru\/2025\/04\/07\/indexul-tarilor-sigure-pentru-calatorii-trai-sau-job-pentru-comunitatea-lgbtq-in-2025\/\"><strong> <mark style=\"background-color:rgba(0, 0, 0, 0)\" class=\"has-inline-color has-vivid-cyan-blue-color\">Indexul \u021b\u0103rilor sigure pentru c\u0103l\u0103torii, trai sau job pentru comunitatea LGBTQ+ \u00een<\/mark><\/strong><\/a><a href=\"https:\/\/bangbang.md\/ru\/2025\/04\/07\/indexul-tarilor-sigure-pentru-calatorii-trai-sau-job-pentru-comunitatea-lgbtq-in-2025\/\" target=\"_blank\" rel=\"noreferrer noopener\"><strong><mark style=\"background-color:rgba(0, 0, 0, 0)\" class=\"has-inline-color has-vivid-cyan-blue-color\"> 2025<\/mark><\/strong><\/a><\/p>\n\n\n\n<p>\u00cen cei 12 ani de conducere a Bisericii Catolice, Papa Francisc a f\u0103cut mai mult pentru comunitatea LGBTQ+ dec\u00e2t to\u021bi predecesorii s\u0103i la un loc. Actualul Pap\u0103 nu \u0219i-a exprimat \u00eenc\u0103 o pozi\u021bie actualizat\u0103 cu privire la declara\u021biile sale din trecut. R\u0103m\u00e2ne de v\u0103zut \u00een lunile urm\u0103toare care va fi politica real\u0103 a noii administra\u021bii biserice\u0219ti \u00een ceea ce prive\u0219te sprijinirea comunit\u0103\u021bii catolice LGBTQ+.<\/p>\n\n\n\n<p>V\u0103 reamintim c\u0103 Biserica Catolic\u0103 sus\u021bine \u00een continuare pozi\u021bia potrivit c\u0103reia homosexualitatea este un p\u0103cat \u0219i c\u0103 persoanele de acela\u0219i sex nu pot fi c\u0103s\u0103torite religios.<\/p>\n\n\n\n<p>Pe 8 mai, conclavul a ales noul Pap\u0103 de la Roma. Este vorba despre Robert Francis Prevost, care va sluji sub numele Papa Leon al XIV-lea. Este primul Pontif originar din SUA \u0219i cel de-al 257-lea Pap\u0103 din istoria Bisericii Catolice.<\/p>","protected":false},"excerpt":{"rendered":"<p>Odat\u0103 cu alegerea noului Pap\u0103 de la Roma, comunitatea catolic\u0103 LGBTQ+ a ob\u021binut un pontif care exprim\u0103 o pozi\u021bie mult&#8230;<\/p>","protected":false},"author":11,"featured_media":8882,"comment_status":"closed","ping_status":"closed","sticky":false,"template":"","format":"standard","meta":{"footnotes":""},"categories":[179],"tags":[],"class_list":["post-8881","post","type-post","status-publish","format-standard","has-post-thumbnail","hentry","category-lumea-noastra"],"yoast_head":"<!-- This site is optimized with the Yoast SEO Premium plugin v18.9 (Yoast SEO v20.13) - https:\/\/yoast.com\/wordpress\/plugins\/seo\/ -->\n<title>Care sunt a\u0219tept\u0103rile comunit\u0103\u021bii catolice LGBTQ+ fa\u021b\u0103 de noul Pap\u0103 de la Roma, Leon al XIV-lea - BANG-BANG<\/title>\n<meta name=\"robots\" content=\"index, follow, max-snippet:-1, max-image-preview:large, max-video-preview:-1\" \/>\n<link rel=\"canonical\" href=\"https:\/\/bangbang.md\/ru\/2025\/05\/20\/care-sunt-asteptarile-comunitatii-catolice-lgbtq-fata-de-noul-papa-de-la-roma-leon-al-xiv-lea\/\" \/>\n<meta property=\"og:locale\" content=\"ru_RU\" \/>\n<meta property=\"og:type\" content=\"article\" \/>\n<meta property=\"og:title\" content=\"Care sunt a\u0219tept\u0103rile comunit\u0103\u021bii catolice LGBTQ+ fa\u021b\u0103 de noul Pap\u0103 de la Roma, Leon al XIV-lea\" \/>\n<meta property=\"og:description\" content=\"Odat\u0103 cu alegerea noului Pap\u0103 de la Roma, comunitatea catolic\u0103 LGBTQ+ a ob\u021binut un pontif care exprim\u0103 o pozi\u021bie mult...\" \/>\n<meta property=\"og:url\" content=\"https:\/\/bangbang.md\/ru\/2025\/05\/20\/care-sunt-asteptarile-comunitatii-catolice-lgbtq-fata-de-noul-papa-de-la-roma-leon-al-xiv-lea\/\" \/>\n<meta property=\"og:site_name\" content=\"BANG-BANG\" \/>\n<meta property=\"article:publisher\" content=\"https:\/\/www.facebook.com\/bangbangmoldova\" \/>\n<meta property=\"article:published_time\" content=\"2025-05-20T10:44:36+00:00\" \/>\n<meta property=\"article:modified_time\" content=\"2025-05-20T18:05:08+00:00\" \/>\n<meta property=\"og:image\" content=\"https:\/\/bangbang.md\/wp-content\/uploads\/2025\/05\/profimedia-0997838712-1747042708ruj0onw-17470427139hkgcf5.jpeg\" \/>\n\t<meta property=\"og:image:width\" content=\"900\" \/>\n\t<meta property=\"og:image:height\" content=\"545\" \/>\n\t<meta property=\"og:image:type\" content=\"image\/jpeg\" \/>\n<meta name=\"author\" content=\"Liubomir Gutu\" \/>\n<meta name=\"twitter:card\" content=\"summary_large_image\" \/>\n<meta name=\"twitter:label1\" content=\"\u041d\u0430\u043f\u0438\u0441\u0430\u043d\u043e \u0430\u0432\u0442\u043e\u0440\u043e\u043c\" \/>\n\t<meta name=\"twitter:data1\" content=\"Liubomir Gutu\" \/>\n\t<meta name=\"twitter:label2\" content=\"\u041f\u0440\u0438\u043c\u0435\u0440\u043d\u043e\u0435 \u0432\u0440\u0435\u043c\u044f \u0434\u043b\u044f \u0447\u0442\u0435\u043d\u0438\u044f\" \/>\n\t<meta name=\"twitter:data2\" content=\"4 \u043c\u0438\u043d\u0443\u0442\u044b\" \/>\n<script type=\"application\/ld+json\" class=\"yoast-schema-graph\">{\"@context\":\"https:\/\/schema.org\",\"@graph\":[{\"@type\":\"Article\",\"@id\":\"https:\/\/bangbang.md\/2025\/05\/20\/care-sunt-asteptarile-comunitatii-catolice-lgbtq-fata-de-noul-papa-de-la-roma-leon-al-xiv-lea\/#article\",\"isPartOf\":{\"@id\":\"https:\/\/bangbang.md\/2025\/05\/20\/care-sunt-asteptarile-comunitatii-catolice-lgbtq-fata-de-noul-papa-de-la-roma-leon-al-xiv-lea\/\"},\"author\":{\"name\":\"Liubomir Gutu\",\"@id\":\"https:\/\/bangbang.md\/#\/schema\/person\/b4ff4d5c9f0016ac2c271c7f56fe821a\"},\"headline\":\"Care sunt a\u0219tept\u0103rile comunit\u0103\u021bii catolice LGBTQ+ fa\u021b\u0103 de noul Pap\u0103 de la Roma, Leon al XIV-lea\",\"datePublished\":\"2025-05-20T10:44:36+00:00\",\"dateModified\":\"2025-05-20T18:05:08+00:00\",\"mainEntityOfPage\":{\"@id\":\"https:\/\/bangbang.md\/2025\/05\/20\/care-sunt-asteptarile-comunitatii-catolice-lgbtq-fata-de-noul-papa-de-la-roma-leon-al-xiv-lea\/\"},\"wordCount\":793,\"publisher\":{\"@id\":\"https:\/\/bangbang.md\/#organization\"},\"articleSection\":[\"Lumea noastr\u0103\"],\"inLanguage\":\"ru-RU\"},{\"@type\":\"WebPage\",\"@id\":\"https:\/\/bangbang.md\/2025\/05\/20\/care-sunt-asteptarile-comunitatii-catolice-lgbtq-fata-de-noul-papa-de-la-roma-leon-al-xiv-lea\/\",\"url\":\"https:\/\/bangbang.md\/2025\/05\/20\/care-sunt-asteptarile-comunitatii-catolice-lgbtq-fata-de-noul-papa-de-la-roma-leon-al-xiv-lea\/\",\"name\":\"Care sunt a\u0219tept\u0103rile comunit\u0103\u021bii catolice LGBTQ+ fa\u021b\u0103 de noul Pap\u0103 de la Roma, Leon al XIV-lea - BANG-BANG\",\"isPartOf\":{\"@id\":\"https:\/\/bangbang.md\/#website\"},\"datePublished\":\"2025-05-20T10:44:36+00:00\",\"dateModified\":\"2025-05-20T18:05:08+00:00\",\"breadcrumb\":{\"@id\":\"https:\/\/bangbang.md\/2025\/05\/20\/care-sunt-asteptarile-comunitatii-catolice-lgbtq-fata-de-noul-papa-de-la-roma-leon-al-xiv-lea\/#breadcrumb\"},\"inLanguage\":\"ru-RU\",\"potentialAction\":[{\"@type\":\"ReadAction\",\"target\":[\"https:\/\/bangbang.md\/2025\/05\/20\/care-sunt-asteptarile-comunitatii-catolice-lgbtq-fata-de-noul-papa-de-la-roma-leon-al-xiv-lea\/\"]}]},{\"@type\":\"BreadcrumbList\",\"@id\":\"https:\/\/bangbang.md\/2025\/05\/20\/care-sunt-asteptarile-comunitatii-catolice-lgbtq-fata-de-noul-papa-de-la-roma-leon-al-xiv-lea\/#breadcrumb\",\"itemListElement\":[{\"@type\":\"ListItem\",\"position\":1,\"name\":\"Prima pagin\u0103\",\"item\":\"https:\/\/bangbang.md\/\"},{\"@type\":\"ListItem\",\"position\":2,\"name\":\"Care sunt a\u0219tept\u0103rile comunit\u0103\u021bii catolice LGBTQ+ fa\u021b\u0103 de noul Pap\u0103 de la Roma, Leon al XIV-lea\"}]},{\"@type\":\"WebSite\",\"@id\":\"https:\/\/bangbang.md\/#website\",\"url\":\"https:\/\/bangbang.md\/\",\"name\":\"BANG-BANG\",\"description\":\"Portal web dedicat comunit\u0103\u021bii LGBTQ d RM\",\"publisher\":{\"@id\":\"https:\/\/bangbang.md\/#organization\"},\"potentialAction\":[{\"@type\":\"SearchAction\",\"target\":{\"@type\":\"EntryPoint\",\"urlTemplate\":\"https:\/\/bangbang.md\/?s={search_term_string}\"},\"query-input\":\"required name=search_term_string\"}],\"inLanguage\":\"ru-RU\"},{\"@type\":\"Organization\",\"@id\":\"https:\/\/bangbang.md\/#organization\",\"name\":\"Bang bang\",\"url\":\"https:\/\/bangbang.md\/\",\"logo\":{\"@type\":\"ImageObject\",\"inLanguage\":\"ru-RU\",\"@id\":\"https:\/\/bangbang.md\/#\/schema\/logo\/image\/\",\"url\":\"https:\/\/bangbang.md\/wp-content\/uploads\/2022\/07\/cropped-Group.jpg\",\"contentUrl\":\"https:\/\/bangbang.md\/wp-content\/uploads\/2022\/07\/cropped-Group.jpg\",\"width\":512,\"height\":512,\"caption\":\"Bang bang\"},\"image\":{\"@id\":\"https:\/\/bangbang.md\/#\/schema\/logo\/image\/\"},\"sameAs\":[\"https:\/\/www.facebook.com\/bangbangmoldova\"]},{\"@type\":\"Person\",\"@id\":\"https:\/\/bangbang.md\/#\/schema\/person\/b4ff4d5c9f0016ac2c271c7f56fe821a\",\"name\":\"Liubomir Gutu\",\"image\":{\"@type\":\"ImageObject\",\"inLanguage\":\"ru-RU\",\"@id\":\"https:\/\/bangbang.md\/#\/schema\/person\/image\/\",\"url\":\"https:\/\/secure.gravatar.com\/avatar\/60b5aae02a7c05b5a360da7b8f74afbe8e259be49f2a87a5f18011708237c7b9?s=96&d=mm&r=g\",\"contentUrl\":\"https:\/\/secure.gravatar.com\/avatar\/60b5aae02a7c05b5a360da7b8f74afbe8e259be49f2a87a5f18011708237c7b9?s=96&d=mm&r=g\",\"caption\":\"Liubomir Gutu\"},\"description\":\"Nu v\u0103 sup\u0103ra\u021bi, dar brune\u021bii cu p\u0103rul cre\u021b sunt adorabili!\",\"sameAs\":[\"https:\/\/www.instagram.com\/liubomir_gutu\/\"],\"url\":\"https:\/\/bangbang.md\/ru\/author\/liubomir-gutu\/\"}]}<\/script>\n<!-- \/ Yoast SEO Premium plugin. -->","yoast_head_json":{"title":"Care sunt a\u0219tept\u0103rile comunit\u0103\u021bii catolice LGBTQ+ fa\u021b\u0103 de noul Pap\u0103 de la Roma, Leon al XIV-lea - BANG-BANG","robots":{"index":"index","follow":"follow","max-snippet":"max-snippet:-1","max-image-preview":"max-image-preview:large","max-video-preview":"max-video-preview:-1"},"canonical":"https:\/\/bangbang.md\/ru\/2025\/05\/20\/care-sunt-asteptarile-comunitatii-catolice-lgbtq-fata-de-noul-papa-de-la-roma-leon-al-xiv-lea\/","og_locale":"ru_RU","og_type":"article","og_title":"Care sunt a\u0219tept\u0103rile comunit\u0103\u021bii catolice LGBTQ+ fa\u021b\u0103 de noul Pap\u0103 de la Roma, Leon al XIV-lea","og_description":"Odat\u0103 cu alegerea noului Pap\u0103 de la Roma, comunitatea catolic\u0103 LGBTQ+ a ob\u021binut un pontif care exprim\u0103 o pozi\u021bie mult...","og_url":"https:\/\/bangbang.md\/ru\/2025\/05\/20\/care-sunt-asteptarile-comunitatii-catolice-lgbtq-fata-de-noul-papa-de-la-roma-leon-al-xiv-lea\/","og_site_name":"BANG-BANG","article_publisher":"https:\/\/www.facebook.com\/bangbangmoldova","article_published_time":"2025-05-20T10:44:36+00:00","article_modified_time":"2025-05-20T18:05:08+00:00","og_image":[{"width":900,"height":545,"url":"https:\/\/bangbang.md\/wp-content\/uploads\/2025\/05\/profimedia-0997838712-1747042708ruj0onw-17470427139hkgcf5.jpeg","type":"image\/jpeg"}],"author":"Liubomir Gutu","twitter_card":"summary_large_image","twitter_misc":{"\u041d\u0430\u043f\u0438\u0441\u0430\u043d\u043e \u0430\u0432\u0442\u043e\u0440\u043e\u043c":"Liubomir Gutu","\u041f\u0440\u0438\u043c\u0435\u0440\u043d\u043e\u0435 \u0432\u0440\u0435\u043c\u044f \u0434\u043b\u044f \u0447\u0442\u0435\u043d\u0438\u044f":"4 \u043c\u0438\u043d\u0443\u0442\u044b"},"schema":{"@context":"https:\/\/schema.org","@graph":[{"@type":"Article","@id":"https:\/\/bangbang.md\/2025\/05\/20\/care-sunt-asteptarile-comunitatii-catolice-lgbtq-fata-de-noul-papa-de-la-roma-leon-al-xiv-lea\/#article","isPartOf":{"@id":"https:\/\/bangbang.md\/2025\/05\/20\/care-sunt-asteptarile-comunitatii-catolice-lgbtq-fata-de-noul-papa-de-la-roma-leon-al-xiv-lea\/"},"author":{"name":"Liubomir Gutu","@id":"https:\/\/bangbang.md\/#\/schema\/person\/b4ff4d5c9f0016ac2c271c7f56fe821a"},"headline":"Care sunt a\u0219tept\u0103rile comunit\u0103\u021bii catolice LGBTQ+ fa\u021b\u0103 de noul Pap\u0103 de la Roma, Leon al XIV-lea","datePublished":"2025-05-20T10:44:36+00:00","dateModified":"2025-05-20T18:05:08+00:00","mainEntityOfPage":{"@id":"https:\/\/bangbang.md\/2025\/05\/20\/care-sunt-asteptarile-comunitatii-catolice-lgbtq-fata-de-noul-papa-de-la-roma-leon-al-xiv-lea\/"},"wordCount":793,"publisher":{"@id":"https:\/\/bangbang.md\/#organization"},"articleSection":["Lumea noastr\u0103"],"inLanguage":"ru-RU"},{"@type":"WebPage","@id":"https:\/\/bangbang.md\/2025\/05\/20\/care-sunt-asteptarile-comunitatii-catolice-lgbtq-fata-de-noul-papa-de-la-roma-leon-al-xiv-lea\/","url":"https:\/\/bangbang.md\/2025\/05\/20\/care-sunt-asteptarile-comunitatii-catolice-lgbtq-fata-de-noul-papa-de-la-roma-leon-al-xiv-lea\/","name":"Care sunt a\u0219tept\u0103rile comunit\u0103\u021bii catolice LGBTQ+ fa\u021b\u0103 de noul Pap\u0103 de la Roma, Leon al XIV-lea - BANG-BANG","isPartOf":{"@id":"https:\/\/bangbang.md\/#website"},"datePublished":"2025-05-20T10:44:36+00:00","dateModified":"2025-05-20T18:05:08+00:00","breadcrumb":{"@id":"https:\/\/bangbang.md\/2025\/05\/20\/care-sunt-asteptarile-comunitatii-catolice-lgbtq-fata-de-noul-papa-de-la-roma-leon-al-xiv-lea\/#breadcrumb"},"inLanguage":"ru-RU","potentialAction":[{"@type":"ReadAction","target":["https:\/\/bangbang.md\/2025\/05\/20\/care-sunt-asteptarile-comunitatii-catolice-lgbtq-fata-de-noul-papa-de-la-roma-leon-al-xiv-lea\/"]}]},{"@type":"BreadcrumbList","@id":"https:\/\/bangbang.md\/2025\/05\/20\/care-sunt-asteptarile-comunitatii-catolice-lgbtq-fata-de-noul-papa-de-la-roma-leon-al-xiv-lea\/#breadcrumb","itemListElement":[{"@type":"ListItem","position":1,"name":"Prima pagin\u0103","item":"https:\/\/bangbang.md\/"},{"@type":"ListItem","position":2,"name":"Care sunt a\u0219tept\u0103rile comunit\u0103\u021bii catolice LGBTQ+ fa\u021b\u0103 de noul Pap\u0103 de la Roma, Leon al XIV-lea"}]},{"@type":"WebSite","@id":"https:\/\/bangbang.md\/#website","url":"https:\/\/bangbang.md\/","name":"BANG-BANG","description":"Portal web dedicat comunit\u0103\u021bii LGBTQ d RM","publisher":{"@id":"https:\/\/bangbang.md\/#organization"},"potentialAction":[{"@type":"SearchAction","target":{"@type":"EntryPoint","urlTemplate":"https:\/\/bangbang.md\/?s={search_term_string}"},"query-input":"required name=search_term_string"}],"inLanguage":"ru-RU"},{"@type":"Organization","@id":"https:\/\/bangbang.md\/#organization","name":"Bang bang","url":"https:\/\/bangbang.md\/","logo":{"@type":"ImageObject","inLanguage":"ru-RU","@id":"https:\/\/bangbang.md\/#\/schema\/logo\/image\/","url":"https:\/\/bangbang.md\/wp-content\/uploads\/2022\/07\/cropped-Group.jpg","contentUrl":"https:\/\/bangbang.md\/wp-content\/uploads\/2022\/07\/cropped-Group.jpg","width":512,"height":512,"caption":"Bang bang"},"image":{"@id":"https:\/\/bangbang.md\/#\/schema\/logo\/image\/"},"sameAs":["https:\/\/www.facebook.com\/bangbangmoldova"]},{"@type":"Person","@id":"https:\/\/bangbang.md\/#\/schema\/person\/b4ff4d5c9f0016ac2c271c7f56fe821a","name":"Liubomir Gutu","image":{"@type":"ImageObject","inLanguage":"ru-RU","@id":"https:\/\/bangbang.md\/#\/schema\/person\/image\/","url":"https:\/\/secure.gravatar.com\/avatar\/60b5aae02a7c05b5a360da7b8f74afbe8e259be49f2a87a5f18011708237c7b9?s=96&d=mm&r=g","contentUrl":"https:\/\/secure.gravatar.com\/avatar\/60b5aae02a7c05b5a360da7b8f74afbe8e259be49f2a87a5f18011708237c7b9?s=96&d=mm&r=g","caption":"Liubomir Gutu"},"description":"Nu v\u0103 sup\u0103ra\u021bi, dar brune\u021bii cu p\u0103rul cre\u021b sunt adorabili!","sameAs":["https:\/\/www.instagram.com\/liubomir_gutu\/"],"url":"https:\/\/bangbang.md\/ru\/author\/liubomir-gutu\/"}]}},"_links":{"self":[{"href":"https:\/\/bangbang.md\/ru\/wp-json\/wp\/v2\/posts\/8881","targetHints":{"allow":["GET"]}}],"collection":[{"href":"https:\/\/bangbang.md\/ru\/wp-json\/wp\/v2\/posts"}],"about":[{"href":"https:\/\/bangbang.md\/ru\/wp-json\/wp\/v2\/types\/post"}],"author":[{"embeddable":true,"href":"https:\/\/bangbang.md\/ru\/wp-json\/wp\/v2\/users\/11"}],"replies":[{"embeddable":true,"href":"https:\/\/bangbang.md\/ru\/wp-json\/wp\/v2\/comments?post=8881"}],"version-history":[{"count":2,"href":"https:\/\/bangbang.md\/ru\/wp-json\/wp\/v2\/posts\/8881\/revisions"}],"predecessor-version":[{"id":8884,"href":"https:\/\/bangbang.md\/ru\/wp-json\/wp\/v2\/posts\/8881\/revisions\/8884"}],"wp:featuredmedia":[{"embeddable":true,"href":"https:\/\/bangbang.md\/ru\/wp-json\/wp\/v2\/media\/8882"}],"wp:attachment":[{"href":"https:\/\/bangbang.md\/ru\/wp-json\/wp\/v2\/media?parent=8881"}],"wp:term":[{"taxonomy":"category","embeddable":true,"href":"https:\/\/bangbang.md\/ru\/wp-json\/wp\/v2\/categories?post=8881"},{"taxonomy":"post_tag","embeddable":true,"href":"https:\/\/bangbang.md\/ru\/wp-json\/wp\/v2\/tags?post=8881"}],"curies":[{"name":"wp","href":"https:\/\/api.w.org\/{rel}","templated":true}]}}