{"id":8829,"date":"2025-05-15T15:17:03","date_gmt":"2025-05-15T15:17:03","guid":{"rendered":"https:\/\/bangbang.md\/?p=8829"},"modified":"2025-05-15T18:34:39","modified_gmt":"2025-05-15T18:34:39","slug":"marsul-moldova-pride-va-avea-loc-cum-ion-ceban-incalca-legea-pentru-pr-electoral","status":"publish","type":"post","link":"https:\/\/bangbang.md\/ru\/2025\/05\/15\/marsul-moldova-pride-va-avea-loc-cum-ion-ceban-incalca-legea-pentru-pr-electoral\/","title":{"rendered":"Mar\u0219ul Moldova Pride va avea loc. Cum Ion Ceban \u00eencalc\u0103 legea pentru PR electoral"},"content":{"rendered":"<p>Prim\u0103ria Chi\u0219in\u0103u, sub conducerea lui Ion Ceban, \u00ee\u0219i dezv\u0103luie din nou fa\u021ba anti-democratic\u0103. \u00centr-un an electoral, drepturile fundamentale ale cet\u0103\u021benilor sunt reduse la simple instrumente de PR politic pentru partidul MAN, care viseaz\u0103 la fotolii \u00een Parlament. \u0218i cum altfel po\u021bi s\u0103-\u021bi faci campanie \u00eentr-o societate divizat\u0103, dac\u0103 nu prin ur\u0103? Fostul socialist Ceban,&nbsp; acum pro-europenean, se \u00eentoarce la obsesia lui de a interzice Mar\u0219ul Pride. Anul trecut Pride-ul nu l-a deranjat at\u00e2t de tare. Poate pentru c\u0103 nu candida la preziden\u021biale?<\/p>\n\n\n\n<p>\u00cempreun\u0103 cu consilierii s\u0103i, Ceban adopt\u0103 o decizie prin care \u201einterzice desf\u0103\u0219urarea \u00eentrunirilor, manifesta\u021biilor publice \u0219i mar\u0219urilor pe teritoriul municipiului Chi\u0219in\u0103u care au ca scop principal promovarea diversit\u0103\u021bii sexuale \u0219i de gen\u201d. Pretextul? \u201eProtejarea valorilor morale \u0219i culturale tradi\u021bionale ale popula\u021biei majoritare\u201d \u0219i ap\u0103rarea \u201ecopiilor \u0219i tinerilor de influen\u021be percepute ca fiind inadecvate sau incompatibile cu normele culturale \u0219i morale ale comunit\u0103\u021bii.\u201d<\/p>\n\n\n\n<h2 class=\"wp-block-heading\" id=\"h-o-decizie-neconstitu\u021bionala-care-incita-la-discriminare\"><strong>O decizie neconstitu\u021bional\u0103 care incit\u0103 la discriminare<\/strong><\/h2>\n\n\n\n<p>Constitu\u021bia Republicii Moldova garanteaz\u0103 egalitatea tuturor cet\u0103\u021benilor \u00een fa\u021ba legii (articolul 16), precum \u0219i libertatea de exprimare \u0219i dreptul la \u00eentrunire pa\u0219nic\u0103 (articolul 32) \u2014 drepturi ce nu pot fi restr\u00e2nse arbitrar. Iar alineatul trei din acela\u0219i articol este c\u00e2t se poate de clar: incitarea la discriminare este interzis\u0103 \u0219i se pedepse\u0219te prin lege.<\/p>\n\n\n\n<p>Sub pretextul \u201eprotej\u0103rii moralit\u0103\u021bii\u201d Prim\u0103ria Chi\u0219in\u0103u face instigare la discriminare. Legea nr. 121\/2012 privind prevenirea \u0219i combaterea discrimin\u0103rii interzice orice form\u0103 de excludere sau restric\u021bie bazat\u0103 pe orientare sexual\u0103, identitate de gen sau alte criterii protejate. Iar Legea nr. 26\/2008 privind \u00eentrunirile prevede c\u0103 dreptul la \u00eentrunire este garantat tuturor persoanelor, iar autorit\u0103\u021bile locale nu pot refuza o manifesta\u021bie pe baza unor criterii subiective sau pentru c\u0103 nu sunt de acord cu mesajul acesteia.<\/p>\n\n\n\n<p>Mai mult, Codul Penal al Republicii Moldova, prin articolul 176, sanc\u021bioneaz\u0103 \u00eenc\u0103lcarea egalit\u0103\u021bii \u00een drepturi a cet\u0103\u021benilor. Legea stabile\u0219te clar: orice deosebire, excludere, restric\u021bie sau preferin\u021b\u0103 \u00een exercitarea drepturilor \u0219i libert\u0103\u021bilor unei persoane sau a unui grup, inclusiv sus\u021binerea unui comportament discriminatoriu \u00een via\u021ba politic\u0103, economic\u0103, social\u0103 sau cultural\u0103, este ilegal\u0103.<\/p>\n\n\n\n<h2 class=\"wp-block-heading\" id=\"h-protec\u021bia-sau-discriminarea-copilului\"><strong>Protec\u021bia sau discriminarea copilului?<\/strong><\/h2>\n\n\n\n<p>Poate cel mai ironic aspect al deciziei CMC este invocarea Legii nr. 140\/2013 privind protec\u021bia copilului. Prim\u0103ria sus\u021bine c\u0103 interzicerea Pride-ului este necesar\u0103 pentru \u201eprotejarea copiilor\u201d, baz\u00e2ndu-se pe Articolul 4 al legii. Ce nu \u00een\u021belege \u2014 sau prefer\u0103 s\u0103 ignore \u2014 Prim\u0103ria este c\u0103 acest articol se refer\u0103 la \u201eprotec\u021bia copilului aflat \u00een situa\u021bie de risc \u0219i a copilului separat de p\u0103rin\u021bi.\u201d<\/p>\n\n\n\n<p>Acest statut nu se aplic\u0103 automat oric\u0103rui copil, ci doar \u00een urma unei evalu\u0103ri legale. Mai mult, legea invocat\u0103 protejeaz\u0103 copiii \u00eempotriva discrimin\u0103rii, iar Prim\u0103ria o folose\u0219te ca fundament pentru o decizie care discrimineaz\u0103.<\/p>\n\n\n\n<p>Este o contradic\u021bie at\u00e2t de evident\u0103, \u00eenc\u00e2t ridic\u0103 un mare semn de \u00eentrebare asupra competen\u021bei juridice, dar \u0219i de guvernare a celor care au elaborat aceast\u0103 hot\u0103r\u00e2re.<\/p>\n\n\n\n<h2 class=\"wp-block-heading\" id=\"h-moralitatea-publica-vs-discriminare\"><strong>Moralitatea public\u0103 vs discriminare<\/strong><\/h2>\n\n\n\n<p>Ce mi-a atras aten\u021bia este retorica ruseasc\u0103 folosit\u0103 ca argument pentru aceast\u0103 decizie. Fraze ca: \u201eprotejarea valorilor morale\u201d, \u201ea moralit\u0103\u021bii publice\u201d sau \u201ebunelor moravuri \u0219i interesului superior al copilului\u201d sunt invocat obsesiv \u0219i serve\u0219te drept exemplu perfect de moralitate selectiv\u0103.<\/p>\n\n\n\n<p>De fiecare dat\u0103 c\u00e2nd drepturile unei minorit\u0103\u021bi sunt atacate, \u201eprotejarea valorilor morale\u201d, devine un scut ideologic pentru excludere \u0219i o justificare pentru \u00eenc\u0103lcarea drepturilor fundamentale. Dar! \u00eentrebarea este: de cine le protejeaz\u0103 \u0219i de ce? De cet\u0103\u021beni care cer drepturi egale?&nbsp;<\/p>\n\n\n\n<p>Este aceea\u0219i retoric\u0103 utilizat\u0103 de regimuri autoritare pentru a reprima drepturile omului. Este o tentativ\u0103 de a masca homofobia sub forma protec\u021biei morale \u0219i a valorilor tradi\u021bionale.<\/p>\n\n\n\n<p>Moralitatea este invocat\u0103 doar atunci c\u00e2nd politicienii au de c\u00e2\u0219tigat capital electoral din ura fa\u021b\u0103 de comunitatea LGBTQ+. Aceast\u0103 obsesie pentru controlul asupra drepturilor minorit\u0103\u021bilor nu are nimic de-a face cu protejarea valorilor. Are de-a face cu puterea \u0219i controlul asupra celor marginaliza\u021bi.<\/p>\n\n\n\n<h2 class=\"wp-block-heading\" id=\"h-mar\u0219ul-moldova-pride-va-avea-loc\"><strong>Mar\u0219ul Moldova Pride va avea loc<\/strong><\/h2>\n\n\n\n<p>Pride nu este doar un mar\u0219. Este o declara\u021bie de existen\u021b\u0103. Este momentul \u00een care comunitatea LGBTQ+ iese din umbr\u0103 \u0219i \u00ee\u0219i cere dreptul de a fi v\u0103zut\u0103 \u0219i auzit\u0103. Interzicerea unui astfel de mar\u0219 \u00eenseamn\u0103 mai mult dec\u00e2t o \u00eenc\u0103lcare a legii. \u00censeamn\u0103 negarea existen\u021bei noastre.<\/p>\n\n\n\n<p>Prim\u0103ria Chi\u0219in\u0103u nu are dreptul legal sau moral de a dicta cine are voie s\u0103 fie vizibil \u00een spa\u021biul public. Noi, cet\u0103\u021benii LGBTQ+, refuz\u0103m s\u0103 fim redu\u0219i la t\u0103cere prin decizii politice \u0219i retoric\u0103 plin\u0103 de ur\u0103. Vie\u021bile persoanelor din comunitatea noastr\u0103 nu sunt propagand\u0103 \u2014 sunt reale, autentice \u0219i merit\u0103 acelea\u0219i drepturi \u0219i respect.<\/p>\n\n\n\n<p>Fac un apel la toate organiza\u021biile pentru drepturile omului, alia\u021bi \u0219i cet\u0103\u021beni s\u0103 se al\u0103ture demersului nostru de a proteja drepturile fundamentale \u0219i de a spune clar: drepturile omului nu sunt negociabile.<\/p>\n\n\n\n<h2 class=\"wp-block-heading has-text-align-center\" id=\"h-ne-vedem-pe-15-iunie-la-mar\u0219ul-pride-pentru-ca-drepturile-fundamentale-nu-se-negociaza-pentru-ca-existen\u021ba-noastra-nu-se-voteaza\"><strong>Ne vedem pe 15 iunie, la Mar\u0219ul Pride \u2013 pentru c\u0103 drepturile fundamentale nu se negociaz\u0103. Pentru c\u0103 existen\u021ba noastr\u0103 nu se voteaz\u0103.<\/strong><\/h2>","protected":false},"excerpt":{"rendered":"<p>Prim\u0103ria Chi\u0219in\u0103u, sub conducerea lui Ion Ceban, \u00ee\u0219i dezv\u0103luie din nou fa\u021ba anti-democratic\u0103. \u00centr-un an electoral, drepturile fundamentale ale cet\u0103\u021benilor&#8230;<\/p>","protected":false},"author":3,"featured_media":8830,"comment_status":"closed","ping_status":"closed","sticky":false,"template":"","format":"standard","meta":{"footnotes":""},"categories":[645],"tags":[],"class_list":["post-8829","post","type-post","status-publish","format-standard","has-post-thumbnail","hentry","category-pride"],"yoast_head":"<!-- This site is optimized with the Yoast SEO Premium plugin v18.9 (Yoast SEO v20.13) - https:\/\/yoast.com\/wordpress\/plugins\/seo\/ -->\n<title>Mar\u0219ul Moldova Pride va avea loc. Cum Ion Ceban \u00eencalc\u0103 legea pentru PR electoral - BANG-BANG<\/title>\n<meta name=\"robots\" content=\"index, follow, max-snippet:-1, max-image-preview:large, max-video-preview:-1\" \/>\n<link rel=\"canonical\" href=\"https:\/\/bangbang.md\/ru\/2025\/05\/15\/marsul-moldova-pride-va-avea-loc-cum-ion-ceban-incalca-legea-pentru-pr-electoral\/\" \/>\n<meta property=\"og:locale\" content=\"ru_RU\" \/>\n<meta property=\"og:type\" content=\"article\" \/>\n<meta property=\"og:title\" content=\"Mar\u0219ul Moldova Pride va avea loc. Cum Ion Ceban \u00eencalc\u0103 legea pentru PR electoral\" \/>\n<meta property=\"og:description\" content=\"Prim\u0103ria Chi\u0219in\u0103u, sub conducerea lui Ion Ceban, \u00ee\u0219i dezv\u0103luie din nou fa\u021ba anti-democratic\u0103. \u00centr-un an electoral, drepturile fundamentale ale cet\u0103\u021benilor...\" \/>\n<meta property=\"og:url\" content=\"https:\/\/bangbang.md\/ru\/2025\/05\/15\/marsul-moldova-pride-va-avea-loc-cum-ion-ceban-incalca-legea-pentru-pr-electoral\/\" \/>\n<meta property=\"og:site_name\" content=\"BANG-BANG\" \/>\n<meta property=\"article:publisher\" content=\"https:\/\/www.facebook.com\/bangbangmoldova\" \/>\n<meta property=\"article:published_time\" content=\"2025-05-15T15:17:03+00:00\" \/>\n<meta property=\"article:modified_time\" content=\"2025-05-15T18:34:39+00:00\" \/>\n<meta property=\"og:image\" content=\"https:\/\/bangbang.md\/wp-content\/uploads\/2025\/05\/cover-articole-site-1.png\" \/>\n\t<meta property=\"og:image:width\" content=\"1200\" \/>\n\t<meta property=\"og:image:height\" content=\"800\" \/>\n\t<meta property=\"og:image:type\" content=\"image\/png\" \/>\n<meta name=\"author\" content=\"Micleusanu Vasile\" \/>\n<meta name=\"twitter:card\" content=\"summary_large_image\" \/>\n<meta name=\"twitter:label1\" content=\"\u041d\u0430\u043f\u0438\u0441\u0430\u043d\u043e \u0430\u0432\u0442\u043e\u0440\u043e\u043c\" \/>\n\t<meta name=\"twitter:data1\" content=\"Micleusanu Vasile\" \/>\n\t<meta name=\"twitter:label2\" content=\"\u041f\u0440\u0438\u043c\u0435\u0440\u043d\u043e\u0435 \u0432\u0440\u0435\u043c\u044f \u0434\u043b\u044f \u0447\u0442\u0435\u043d\u0438\u044f\" \/>\n\t<meta name=\"twitter:data2\" content=\"5 \u043c\u0438\u043d\u0443\u0442\" \/>\n<script type=\"application\/ld+json\" class=\"yoast-schema-graph\">{\"@context\":\"https:\/\/schema.org\",\"@graph\":[{\"@type\":\"Article\",\"@id\":\"https:\/\/bangbang.md\/2025\/05\/15\/marsul-moldova-pride-va-avea-loc-cum-ion-ceban-incalca-legea-pentru-pr-electoral\/#article\",\"isPartOf\":{\"@id\":\"https:\/\/bangbang.md\/2025\/05\/15\/marsul-moldova-pride-va-avea-loc-cum-ion-ceban-incalca-legea-pentru-pr-electoral\/\"},\"author\":{\"name\":\"Micleusanu Vasile\",\"@id\":\"https:\/\/bangbang.md\/#\/schema\/person\/5378c72f5ed47ee2964c4075df5f713d\"},\"headline\":\"Mar\u0219ul Moldova Pride va avea loc. Cum Ion Ceban \u00eencalc\u0103 legea pentru PR electoral\",\"datePublished\":\"2025-05-15T15:17:03+00:00\",\"dateModified\":\"2025-05-15T18:34:39+00:00\",\"mainEntityOfPage\":{\"@id\":\"https:\/\/bangbang.md\/2025\/05\/15\/marsul-moldova-pride-va-avea-loc-cum-ion-ceban-incalca-legea-pentru-pr-electoral\/\"},\"wordCount\":888,\"publisher\":{\"@id\":\"https:\/\/bangbang.md\/#organization\"},\"articleSection\":[\"Pride\"],\"inLanguage\":\"ru-RU\"},{\"@type\":\"WebPage\",\"@id\":\"https:\/\/bangbang.md\/2025\/05\/15\/marsul-moldova-pride-va-avea-loc-cum-ion-ceban-incalca-legea-pentru-pr-electoral\/\",\"url\":\"https:\/\/bangbang.md\/2025\/05\/15\/marsul-moldova-pride-va-avea-loc-cum-ion-ceban-incalca-legea-pentru-pr-electoral\/\",\"name\":\"Mar\u0219ul Moldova Pride va avea loc. Cum Ion Ceban \u00eencalc\u0103 legea pentru PR electoral - BANG-BANG\",\"isPartOf\":{\"@id\":\"https:\/\/bangbang.md\/#website\"},\"datePublished\":\"2025-05-15T15:17:03+00:00\",\"dateModified\":\"2025-05-15T18:34:39+00:00\",\"breadcrumb\":{\"@id\":\"https:\/\/bangbang.md\/2025\/05\/15\/marsul-moldova-pride-va-avea-loc-cum-ion-ceban-incalca-legea-pentru-pr-electoral\/#breadcrumb\"},\"inLanguage\":\"ru-RU\",\"potentialAction\":[{\"@type\":\"ReadAction\",\"target\":[\"https:\/\/bangbang.md\/2025\/05\/15\/marsul-moldova-pride-va-avea-loc-cum-ion-ceban-incalca-legea-pentru-pr-electoral\/\"]}]},{\"@type\":\"BreadcrumbList\",\"@id\":\"https:\/\/bangbang.md\/2025\/05\/15\/marsul-moldova-pride-va-avea-loc-cum-ion-ceban-incalca-legea-pentru-pr-electoral\/#breadcrumb\",\"itemListElement\":[{\"@type\":\"ListItem\",\"position\":1,\"name\":\"Prima pagin\u0103\",\"item\":\"https:\/\/bangbang.md\/\"},{\"@type\":\"ListItem\",\"position\":2,\"name\":\"Mar\u0219ul Moldova Pride va avea loc. Cum Ion Ceban \u00eencalc\u0103 legea pentru PR electoral\"}]},{\"@type\":\"WebSite\",\"@id\":\"https:\/\/bangbang.md\/#website\",\"url\":\"https:\/\/bangbang.md\/\",\"name\":\"BANG-BANG\",\"description\":\"Portal web dedicat comunit\u0103\u021bii LGBTQ d RM\",\"publisher\":{\"@id\":\"https:\/\/bangbang.md\/#organization\"},\"potentialAction\":[{\"@type\":\"SearchAction\",\"target\":{\"@type\":\"EntryPoint\",\"urlTemplate\":\"https:\/\/bangbang.md\/?s={search_term_string}\"},\"query-input\":\"required name=search_term_string\"}],\"inLanguage\":\"ru-RU\"},{\"@type\":\"Organization\",\"@id\":\"https:\/\/bangbang.md\/#organization\",\"name\":\"Bang bang\",\"url\":\"https:\/\/bangbang.md\/\",\"logo\":{\"@type\":\"ImageObject\",\"inLanguage\":\"ru-RU\",\"@id\":\"https:\/\/bangbang.md\/#\/schema\/logo\/image\/\",\"url\":\"https:\/\/bangbang.md\/wp-content\/uploads\/2022\/07\/cropped-Group.jpg\",\"contentUrl\":\"https:\/\/bangbang.md\/wp-content\/uploads\/2022\/07\/cropped-Group.jpg\",\"width\":512,\"height\":512,\"caption\":\"Bang bang\"},\"image\":{\"@id\":\"https:\/\/bangbang.md\/#\/schema\/logo\/image\/\"},\"sameAs\":[\"https:\/\/www.facebook.com\/bangbangmoldova\"]},{\"@type\":\"Person\",\"@id\":\"https:\/\/bangbang.md\/#\/schema\/person\/5378c72f5ed47ee2964c4075df5f713d\",\"name\":\"Micleusanu Vasile\",\"image\":{\"@type\":\"ImageObject\",\"inLanguage\":\"ru-RU\",\"@id\":\"https:\/\/bangbang.md\/#\/schema\/person\/image\/\",\"url\":\"https:\/\/secure.gravatar.com\/avatar\/33fcec8745ff74b39241dd3111c85da3d8bb21844aef6911b4f86aec2cdeb93b?s=96&d=mm&r=g\",\"contentUrl\":\"https:\/\/secure.gravatar.com\/avatar\/33fcec8745ff74b39241dd3111c85da3d8bb21844aef6911b4f86aec2cdeb93b?s=96&d=mm&r=g\",\"caption\":\"Micleusanu Vasile\"},\"url\":\"https:\/\/bangbang.md\/ru\/author\/vasilem\/\"}]}<\/script>\n<!-- \/ Yoast SEO Premium plugin. -->","yoast_head_json":{"title":"Mar\u0219ul Moldova Pride va avea loc. Cum Ion Ceban \u00eencalc\u0103 legea pentru PR electoral - BANG-BANG","robots":{"index":"index","follow":"follow","max-snippet":"max-snippet:-1","max-image-preview":"max-image-preview:large","max-video-preview":"max-video-preview:-1"},"canonical":"https:\/\/bangbang.md\/ru\/2025\/05\/15\/marsul-moldova-pride-va-avea-loc-cum-ion-ceban-incalca-legea-pentru-pr-electoral\/","og_locale":"ru_RU","og_type":"article","og_title":"Mar\u0219ul Moldova Pride va avea loc. Cum Ion Ceban \u00eencalc\u0103 legea pentru PR electoral","og_description":"Prim\u0103ria Chi\u0219in\u0103u, sub conducerea lui Ion Ceban, \u00ee\u0219i dezv\u0103luie din nou fa\u021ba anti-democratic\u0103. \u00centr-un an electoral, drepturile fundamentale ale cet\u0103\u021benilor...","og_url":"https:\/\/bangbang.md\/ru\/2025\/05\/15\/marsul-moldova-pride-va-avea-loc-cum-ion-ceban-incalca-legea-pentru-pr-electoral\/","og_site_name":"BANG-BANG","article_publisher":"https:\/\/www.facebook.com\/bangbangmoldova","article_published_time":"2025-05-15T15:17:03+00:00","article_modified_time":"2025-05-15T18:34:39+00:00","og_image":[{"width":1200,"height":800,"url":"https:\/\/bangbang.md\/wp-content\/uploads\/2025\/05\/cover-articole-site-1.png","type":"image\/png"}],"author":"Micleusanu Vasile","twitter_card":"summary_large_image","twitter_misc":{"\u041d\u0430\u043f\u0438\u0441\u0430\u043d\u043e \u0430\u0432\u0442\u043e\u0440\u043e\u043c":"Micleusanu Vasile","\u041f\u0440\u0438\u043c\u0435\u0440\u043d\u043e\u0435 \u0432\u0440\u0435\u043c\u044f \u0434\u043b\u044f \u0447\u0442\u0435\u043d\u0438\u044f":"5 \u043c\u0438\u043d\u0443\u0442"},"schema":{"@context":"https:\/\/schema.org","@graph":[{"@type":"Article","@id":"https:\/\/bangbang.md\/2025\/05\/15\/marsul-moldova-pride-va-avea-loc-cum-ion-ceban-incalca-legea-pentru-pr-electoral\/#article","isPartOf":{"@id":"https:\/\/bangbang.md\/2025\/05\/15\/marsul-moldova-pride-va-avea-loc-cum-ion-ceban-incalca-legea-pentru-pr-electoral\/"},"author":{"name":"Micleusanu Vasile","@id":"https:\/\/bangbang.md\/#\/schema\/person\/5378c72f5ed47ee2964c4075df5f713d"},"headline":"Mar\u0219ul Moldova Pride va avea loc. Cum Ion Ceban \u00eencalc\u0103 legea pentru PR electoral","datePublished":"2025-05-15T15:17:03+00:00","dateModified":"2025-05-15T18:34:39+00:00","mainEntityOfPage":{"@id":"https:\/\/bangbang.md\/2025\/05\/15\/marsul-moldova-pride-va-avea-loc-cum-ion-ceban-incalca-legea-pentru-pr-electoral\/"},"wordCount":888,"publisher":{"@id":"https:\/\/bangbang.md\/#organization"},"articleSection":["Pride"],"inLanguage":"ru-RU"},{"@type":"WebPage","@id":"https:\/\/bangbang.md\/2025\/05\/15\/marsul-moldova-pride-va-avea-loc-cum-ion-ceban-incalca-legea-pentru-pr-electoral\/","url":"https:\/\/bangbang.md\/2025\/05\/15\/marsul-moldova-pride-va-avea-loc-cum-ion-ceban-incalca-legea-pentru-pr-electoral\/","name":"Mar\u0219ul Moldova Pride va avea loc. Cum Ion Ceban \u00eencalc\u0103 legea pentru PR electoral - BANG-BANG","isPartOf":{"@id":"https:\/\/bangbang.md\/#website"},"datePublished":"2025-05-15T15:17:03+00:00","dateModified":"2025-05-15T18:34:39+00:00","breadcrumb":{"@id":"https:\/\/bangbang.md\/2025\/05\/15\/marsul-moldova-pride-va-avea-loc-cum-ion-ceban-incalca-legea-pentru-pr-electoral\/#breadcrumb"},"inLanguage":"ru-RU","potentialAction":[{"@type":"ReadAction","target":["https:\/\/bangbang.md\/2025\/05\/15\/marsul-moldova-pride-va-avea-loc-cum-ion-ceban-incalca-legea-pentru-pr-electoral\/"]}]},{"@type":"BreadcrumbList","@id":"https:\/\/bangbang.md\/2025\/05\/15\/marsul-moldova-pride-va-avea-loc-cum-ion-ceban-incalca-legea-pentru-pr-electoral\/#breadcrumb","itemListElement":[{"@type":"ListItem","position":1,"name":"Prima pagin\u0103","item":"https:\/\/bangbang.md\/"},{"@type":"ListItem","position":2,"name":"Mar\u0219ul Moldova Pride va avea loc. Cum Ion Ceban \u00eencalc\u0103 legea pentru PR electoral"}]},{"@type":"WebSite","@id":"https:\/\/bangbang.md\/#website","url":"https:\/\/bangbang.md\/","name":"BANG-BANG","description":"Portal web dedicat comunit\u0103\u021bii LGBTQ d RM","publisher":{"@id":"https:\/\/bangbang.md\/#organization"},"potentialAction":[{"@type":"SearchAction","target":{"@type":"EntryPoint","urlTemplate":"https:\/\/bangbang.md\/?s={search_term_string}"},"query-input":"required name=search_term_string"}],"inLanguage":"ru-RU"},{"@type":"Organization","@id":"https:\/\/bangbang.md\/#organization","name":"Bang bang","url":"https:\/\/bangbang.md\/","logo":{"@type":"ImageObject","inLanguage":"ru-RU","@id":"https:\/\/bangbang.md\/#\/schema\/logo\/image\/","url":"https:\/\/bangbang.md\/wp-content\/uploads\/2022\/07\/cropped-Group.jpg","contentUrl":"https:\/\/bangbang.md\/wp-content\/uploads\/2022\/07\/cropped-Group.jpg","width":512,"height":512,"caption":"Bang bang"},"image":{"@id":"https:\/\/bangbang.md\/#\/schema\/logo\/image\/"},"sameAs":["https:\/\/www.facebook.com\/bangbangmoldova"]},{"@type":"Person","@id":"https:\/\/bangbang.md\/#\/schema\/person\/5378c72f5ed47ee2964c4075df5f713d","name":"Micleusanu Vasile","image":{"@type":"ImageObject","inLanguage":"ru-RU","@id":"https:\/\/bangbang.md\/#\/schema\/person\/image\/","url":"https:\/\/secure.gravatar.com\/avatar\/33fcec8745ff74b39241dd3111c85da3d8bb21844aef6911b4f86aec2cdeb93b?s=96&d=mm&r=g","contentUrl":"https:\/\/secure.gravatar.com\/avatar\/33fcec8745ff74b39241dd3111c85da3d8bb21844aef6911b4f86aec2cdeb93b?s=96&d=mm&r=g","caption":"Micleusanu Vasile"},"url":"https:\/\/bangbang.md\/ru\/author\/vasilem\/"}]}},"_links":{"self":[{"href":"https:\/\/bangbang.md\/ru\/wp-json\/wp\/v2\/posts\/8829","targetHints":{"allow":["GET"]}}],"collection":[{"href":"https:\/\/bangbang.md\/ru\/wp-json\/wp\/v2\/posts"}],"about":[{"href":"https:\/\/bangbang.md\/ru\/wp-json\/wp\/v2\/types\/post"}],"author":[{"embeddable":true,"href":"https:\/\/bangbang.md\/ru\/wp-json\/wp\/v2\/users\/3"}],"replies":[{"embeddable":true,"href":"https:\/\/bangbang.md\/ru\/wp-json\/wp\/v2\/comments?post=8829"}],"version-history":[{"count":1,"href":"https:\/\/bangbang.md\/ru\/wp-json\/wp\/v2\/posts\/8829\/revisions"}],"predecessor-version":[{"id":8831,"href":"https:\/\/bangbang.md\/ru\/wp-json\/wp\/v2\/posts\/8829\/revisions\/8831"}],"wp:featuredmedia":[{"embeddable":true,"href":"https:\/\/bangbang.md\/ru\/wp-json\/wp\/v2\/media\/8830"}],"wp:attachment":[{"href":"https:\/\/bangbang.md\/ru\/wp-json\/wp\/v2\/media?parent=8829"}],"wp:term":[{"taxonomy":"category","embeddable":true,"href":"https:\/\/bangbang.md\/ru\/wp-json\/wp\/v2\/categories?post=8829"},{"taxonomy":"post_tag","embeddable":true,"href":"https:\/\/bangbang.md\/ru\/wp-json\/wp\/v2\/tags?post=8829"}],"curies":[{"name":"wp","href":"https:\/\/api.w.org\/{rel}","templated":true}]}}