{"id":8823,"date":"2025-05-12T15:08:36","date_gmt":"2025-05-12T15:08:36","guid":{"rendered":"https:\/\/bangbang.md\/?p=8823"},"modified":"2025-05-12T15:08:37","modified_gmt":"2025-05-12T15:08:37","slug":"moldova-pride-2025-mars-pentru-demnitate-egalitate-si-o-moldova-fara-ura","status":"publish","type":"post","link":"https:\/\/bangbang.md\/ru\/2025\/05\/12\/moldova-pride-2025-mars-pentru-demnitate-egalitate-si-o-moldova-fara-ura\/","title":{"rendered":"Moldova Pride 2025: Mar\u0219 pentru demnitate, egalitate \u0219i o Moldov\u0103 f\u0103r\u0103 ur\u0103"},"content":{"rendered":"<h2 class=\"wp-block-heading\" id=\"h-mar\u0219ul-moldova-pride-o-manifesta\u021bie-pa\u0219nica-de-solidaritate-\u0219i-angajament-pentru-drepturi-egale-revine-la-chi\u0219inau-pe-15-iunie-cu-cea-de-a-13-a-edi\u021bie-evenimentul-celebreaza-demnitatea-umana-toleran\u021ba-\u0219i-incluziunea-persoanelor-lgbtq-din-republica-moldova-intr-un-context-social-tot-mai-polarizat\">Mar\u0219ul Moldova Pride, o manifesta\u021bie pa\u0219nic\u0103 de solidaritate \u0219i angajament pentru drepturi egale, revine la Chi\u0219in\u0103u pe 15 iunie, cu cea de-a 13-a edi\u021bie. Evenimentul celebreaz\u0103 demnitatea uman\u0103, toleran\u021ba \u0219i incluziunea persoanelor LGBTQ+ din Republica Moldova, \u00eentr-un context social tot mai polarizat.&nbsp;<\/h2>\n\n\n\n<p>Pentru prima dat\u0103 de la prima edi\u021bie, organizarea mar\u0219ului este preluat\u0103 de echipa BangBang.md, prima platform\u0103 media queer din \u021bar\u0103. Mar\u0219ul Moldova Pride 2025 este \u00eenso\u021bit de campania de informare <strong>\u201eHomofobia se ascunde dup\u0103 un dar\u201d<\/strong>, care aduce \u00een spa\u021biul public reflec\u021bii esen\u021biale despre prejudec\u0103\u021bi, empatie \u0219i egalitate. Campania \u00ee\u0219i propune s\u0103 lanseze un dialog sincer despre intoleran\u021ba mascat\u0103 \u00een discursuri aparent binevoitoare \u0219i s\u0103 \u00eencurajeze o societate mai deschis\u0103 \u0219i mai solidar\u0103 &#8211; valori esen\u021biale pentru o societate \u00een care fiecare om este v\u0103zut, auzit \u0219i acceptat<\/p>\n\n\n\n<blockquote class=\"wp-block-quote is-layout-flow wp-block-quote-is-layout-flow\">\n<p><em>\u00centr-un an electoral \u00een care ura \u0219i dezinformarea sunt folosite cu scopul de a dezbina societatea, este mai important ca niciodat\u0103 s\u0103 fim uni\u021bi. Diferen\u021bele ne separ\u0103, dar dragostea ne leag\u0103. Homofobia se ascunde mereu dup\u0103 un \u00abdar\u00bb, iar puterea de a-i pune punct st\u0103 \u00een m\u00e2inile noastre. \u00cempreun\u0103 \u00eei putem pune cap\u0103t. \u00cen pofida prejudec\u0103\u021bilor, \u00eendemnul nostru e s\u0103 nu ne l\u0103s\u0103m manipula\u021bi. Vie\u021bile persoanelor din comunitatea noastr\u0103 nu sunt propagand\u0103 \u2014 sunt reale, autentice \u0219i merit\u0103 acelea\u0219i drepturi \u0219i respect ca ale oricui altcuiva. Doar prin empatie putem prospera ca societate<\/em>. &#8211; Vasile Micleu\u0219anu, organizatorul Mar\u0219ului Moldova Pride 2025,<em> <\/em>activist pentru drepturile LGBTQ+.<\/p>\n<\/blockquote>\n\n\n\n<p>Prin mesajele sale \u0219i participarea activ\u0103 a comunit\u0103\u021bii \u0219i alia\u021bilor, Mar\u0219ul Moldova Pride 2025 reafirm\u0103 rolul esen\u021bial al mar\u0219ului ca spa\u021biu de vizibilitate, solidaritate \u0219i implicare civic\u0103. \u00centr-un climat social tensionat, evenimentul devine o voce colectiv\u0103 care cere respect, recunoa\u0219tere \u0219i drepturi egale pentru to\u021bi cet\u0103\u021benii, indiferent de identitatea lor.<\/p>\n\n\n\n<p class=\"has-white-color has-vivid-red-background-color has-text-color has-background has-link-color wp-elements-5c1ffda50419438348ae509fe22f5e57\"><strong>Evenimentul va avea loc duminic\u0103, 15 iunie 2025, \u00eencep\u00e2nd cu ora 12:00. Mar\u0219ul va urma un traseu similar celui de anul trecut, cu punctul de pornire la intersec\u021bia str\u0103zilor Ismail \u0219i Bucure\u0219ti. Autoriza\u021bia pentru desf\u0103\u0219urarea acestuia a fost emis\u0103 de Prim\u0103ria Chi\u0219in\u0103u.\u00a0<\/strong><\/p>\n\n\n\n<p>Prezen\u021ba alia\u021bilor \u0219i sus\u021bin\u0103torilor la Mar\u0219ul Moldova Pride \u00eenseamn\u0103 mai mult dec\u00e2t un simplu gest de solidaritate \u2014 este o expresie a speran\u021bei \u00eentr-o societate incluziv\u0103. Este dovada c\u0103, \u00eempreun\u0103, putem construi un viitor \u00een care fiecare persoan\u0103 este respectat\u0103 \u0219i tratat\u0103 cu demnitate.<\/p>\n\n\n\n<p><em>Bang Bang, lansat\u0103 \u00een august 2022, este prima platform\u0103 media destinat\u0103 persoanelor din comunitatea LGBTQ+. Aceasta are drept scop promovarea accept\u0103rii, toleran\u021bei \u0219i diversit\u0103\u021bii. <\/em><\/p>","protected":false},"excerpt":{"rendered":"<p>Mar\u0219ul Moldova Pride, o manifesta\u021bie pa\u0219nic\u0103 de solidaritate \u0219i angajament pentru drepturi egale, revine la Chi\u0219in\u0103u pe 15 iunie, cu&#8230;<\/p>","protected":false},"author":4,"featured_media":8824,"comment_status":"closed","ping_status":"closed","sticky":false,"template":"","format":"standard","meta":{"footnotes":""},"categories":[177,645],"tags":[],"class_list":["post-8823","post","type-post","status-publish","format-standard","has-post-thumbnail","hentry","category-noutati","category-pride"],"yoast_head":"<!-- This site is optimized with the Yoast SEO Premium plugin v18.9 (Yoast SEO v20.13) - https:\/\/yoast.com\/wordpress\/plugins\/seo\/ -->\n<title>Moldova Pride 2025: Mar\u0219 pentru demnitate, egalitate \u0219i o Moldov\u0103 f\u0103r\u0103 ur\u0103 - BANG-BANG<\/title>\n<meta name=\"robots\" content=\"index, follow, max-snippet:-1, max-image-preview:large, max-video-preview:-1\" \/>\n<link rel=\"canonical\" href=\"https:\/\/bangbang.md\/ru\/2025\/05\/12\/moldova-pride-2025-mars-pentru-demnitate-egalitate-si-o-moldova-fara-ura\/\" \/>\n<meta property=\"og:locale\" content=\"ru_RU\" \/>\n<meta property=\"og:type\" content=\"article\" \/>\n<meta property=\"og:title\" content=\"Moldova Pride 2025: Mar\u0219 pentru demnitate, egalitate \u0219i o Moldov\u0103 f\u0103r\u0103 ur\u0103\" \/>\n<meta property=\"og:description\" content=\"Mar\u0219ul Moldova Pride, o manifesta\u021bie pa\u0219nic\u0103 de solidaritate \u0219i angajament pentru drepturi egale, revine la Chi\u0219in\u0103u pe 15 iunie, cu...\" \/>\n<meta property=\"og:url\" content=\"https:\/\/bangbang.md\/ru\/2025\/05\/12\/moldova-pride-2025-mars-pentru-demnitate-egalitate-si-o-moldova-fara-ura\/\" \/>\n<meta property=\"og:site_name\" content=\"BANG-BANG\" \/>\n<meta property=\"article:publisher\" content=\"https:\/\/www.facebook.com\/bangbangmoldova\" \/>\n<meta property=\"article:published_time\" content=\"2025-05-12T15:08:36+00:00\" \/>\n<meta property=\"article:modified_time\" content=\"2025-05-12T15:08:37+00:00\" \/>\n<meta property=\"og:image\" content=\"https:\/\/bangbang.md\/wp-content\/uploads\/2025\/05\/Picture-1.png\" \/>\n\t<meta property=\"og:image:width\" content=\"936\" \/>\n\t<meta property=\"og:image:height\" content=\"462\" \/>\n\t<meta property=\"og:image:type\" content=\"image\/png\" \/>\n<meta name=\"author\" content=\"Redactia\" \/>\n<meta name=\"twitter:card\" content=\"summary_large_image\" \/>\n<meta name=\"twitter:label1\" content=\"\u041d\u0430\u043f\u0438\u0441\u0430\u043d\u043e \u0430\u0432\u0442\u043e\u0440\u043e\u043c\" \/>\n\t<meta name=\"twitter:data1\" content=\"Redactia\" \/>\n\t<meta name=\"twitter:label2\" content=\"\u041f\u0440\u0438\u043c\u0435\u0440\u043d\u043e\u0435 \u0432\u0440\u0435\u043c\u044f \u0434\u043b\u044f \u0447\u0442\u0435\u043d\u0438\u044f\" \/>\n\t<meta name=\"twitter:data2\" content=\"2 \u043c\u0438\u043d\u0443\u0442\u044b\" \/>\n<script type=\"application\/ld+json\" class=\"yoast-schema-graph\">{\"@context\":\"https:\/\/schema.org\",\"@graph\":[{\"@type\":\"Article\",\"@id\":\"https:\/\/bangbang.md\/2025\/05\/12\/moldova-pride-2025-mars-pentru-demnitate-egalitate-si-o-moldova-fara-ura\/#article\",\"isPartOf\":{\"@id\":\"https:\/\/bangbang.md\/2025\/05\/12\/moldova-pride-2025-mars-pentru-demnitate-egalitate-si-o-moldova-fara-ura\/\"},\"author\":{\"name\":\"Redactia\",\"@id\":\"https:\/\/bangbang.md\/#\/schema\/person\/3c4bdd852f2d2f8db3bde1e81e9676a2\"},\"headline\":\"Moldova Pride 2025: Mar\u0219 pentru demnitate, egalitate \u0219i o Moldov\u0103 f\u0103r\u0103 ur\u0103\",\"datePublished\":\"2025-05-12T15:08:36+00:00\",\"dateModified\":\"2025-05-12T15:08:37+00:00\",\"mainEntityOfPage\":{\"@id\":\"https:\/\/bangbang.md\/2025\/05\/12\/moldova-pride-2025-mars-pentru-demnitate-egalitate-si-o-moldova-fara-ura\/\"},\"wordCount\":458,\"publisher\":{\"@id\":\"https:\/\/bangbang.md\/#organization\"},\"articleSection\":[\"Nout\u0103\u021bi\",\"Pride\"],\"inLanguage\":\"ru-RU\"},{\"@type\":\"WebPage\",\"@id\":\"https:\/\/bangbang.md\/2025\/05\/12\/moldova-pride-2025-mars-pentru-demnitate-egalitate-si-o-moldova-fara-ura\/\",\"url\":\"https:\/\/bangbang.md\/2025\/05\/12\/moldova-pride-2025-mars-pentru-demnitate-egalitate-si-o-moldova-fara-ura\/\",\"name\":\"Moldova Pride 2025: Mar\u0219 pentru demnitate, egalitate \u0219i o Moldov\u0103 f\u0103r\u0103 ur\u0103 - BANG-BANG\",\"isPartOf\":{\"@id\":\"https:\/\/bangbang.md\/#website\"},\"datePublished\":\"2025-05-12T15:08:36+00:00\",\"dateModified\":\"2025-05-12T15:08:37+00:00\",\"breadcrumb\":{\"@id\":\"https:\/\/bangbang.md\/2025\/05\/12\/moldova-pride-2025-mars-pentru-demnitate-egalitate-si-o-moldova-fara-ura\/#breadcrumb\"},\"inLanguage\":\"ru-RU\",\"potentialAction\":[{\"@type\":\"ReadAction\",\"target\":[\"https:\/\/bangbang.md\/2025\/05\/12\/moldova-pride-2025-mars-pentru-demnitate-egalitate-si-o-moldova-fara-ura\/\"]}]},{\"@type\":\"BreadcrumbList\",\"@id\":\"https:\/\/bangbang.md\/2025\/05\/12\/moldova-pride-2025-mars-pentru-demnitate-egalitate-si-o-moldova-fara-ura\/#breadcrumb\",\"itemListElement\":[{\"@type\":\"ListItem\",\"position\":1,\"name\":\"Prima pagin\u0103\",\"item\":\"https:\/\/bangbang.md\/\"},{\"@type\":\"ListItem\",\"position\":2,\"name\":\"Moldova Pride 2025: Mar\u0219 pentru demnitate, egalitate \u0219i o Moldov\u0103 f\u0103r\u0103 ur\u0103\"}]},{\"@type\":\"WebSite\",\"@id\":\"https:\/\/bangbang.md\/#website\",\"url\":\"https:\/\/bangbang.md\/\",\"name\":\"BANG-BANG\",\"description\":\"Portal web dedicat comunit\u0103\u021bii LGBTQ d RM\",\"publisher\":{\"@id\":\"https:\/\/bangbang.md\/#organization\"},\"potentialAction\":[{\"@type\":\"SearchAction\",\"target\":{\"@type\":\"EntryPoint\",\"urlTemplate\":\"https:\/\/bangbang.md\/?s={search_term_string}\"},\"query-input\":\"required name=search_term_string\"}],\"inLanguage\":\"ru-RU\"},{\"@type\":\"Organization\",\"@id\":\"https:\/\/bangbang.md\/#organization\",\"name\":\"Bang bang\",\"url\":\"https:\/\/bangbang.md\/\",\"logo\":{\"@type\":\"ImageObject\",\"inLanguage\":\"ru-RU\",\"@id\":\"https:\/\/bangbang.md\/#\/schema\/logo\/image\/\",\"url\":\"https:\/\/bangbang.md\/wp-content\/uploads\/2022\/07\/cropped-Group.jpg\",\"contentUrl\":\"https:\/\/bangbang.md\/wp-content\/uploads\/2022\/07\/cropped-Group.jpg\",\"width\":512,\"height\":512,\"caption\":\"Bang bang\"},\"image\":{\"@id\":\"https:\/\/bangbang.md\/#\/schema\/logo\/image\/\"},\"sameAs\":[\"https:\/\/www.facebook.com\/bangbangmoldova\"]},{\"@type\":\"Person\",\"@id\":\"https:\/\/bangbang.md\/#\/schema\/person\/3c4bdd852f2d2f8db3bde1e81e9676a2\",\"name\":\"Redactia\",\"image\":{\"@type\":\"ImageObject\",\"inLanguage\":\"ru-RU\",\"@id\":\"https:\/\/bangbang.md\/#\/schema\/person\/image\/\",\"url\":\"https:\/\/secure.gravatar.com\/avatar\/31b9e560d1e50693e5c3bec169fad34f40ffc3d32174e8953ddc1d30a6216ced?s=96&d=mm&r=g\",\"contentUrl\":\"https:\/\/secure.gravatar.com\/avatar\/31b9e560d1e50693e5c3bec169fad34f40ffc3d32174e8953ddc1d30a6216ced?s=96&d=mm&r=g\",\"caption\":\"Redactia\"},\"url\":\"https:\/\/bangbang.md\/ru\/author\/redactia\/\"}]}<\/script>\n<!-- \/ Yoast SEO Premium plugin. -->","yoast_head_json":{"title":"Moldova Pride 2025: Mar\u0219 pentru demnitate, egalitate \u0219i o Moldov\u0103 f\u0103r\u0103 ur\u0103 - BANG-BANG","robots":{"index":"index","follow":"follow","max-snippet":"max-snippet:-1","max-image-preview":"max-image-preview:large","max-video-preview":"max-video-preview:-1"},"canonical":"https:\/\/bangbang.md\/ru\/2025\/05\/12\/moldova-pride-2025-mars-pentru-demnitate-egalitate-si-o-moldova-fara-ura\/","og_locale":"ru_RU","og_type":"article","og_title":"Moldova Pride 2025: Mar\u0219 pentru demnitate, egalitate \u0219i o Moldov\u0103 f\u0103r\u0103 ur\u0103","og_description":"Mar\u0219ul Moldova Pride, o manifesta\u021bie pa\u0219nic\u0103 de solidaritate \u0219i angajament pentru drepturi egale, revine la Chi\u0219in\u0103u pe 15 iunie, cu...","og_url":"https:\/\/bangbang.md\/ru\/2025\/05\/12\/moldova-pride-2025-mars-pentru-demnitate-egalitate-si-o-moldova-fara-ura\/","og_site_name":"BANG-BANG","article_publisher":"https:\/\/www.facebook.com\/bangbangmoldova","article_published_time":"2025-05-12T15:08:36+00:00","article_modified_time":"2025-05-12T15:08:37+00:00","og_image":[{"width":936,"height":462,"url":"https:\/\/bangbang.md\/wp-content\/uploads\/2025\/05\/Picture-1.png","type":"image\/png"}],"author":"Redactia","twitter_card":"summary_large_image","twitter_misc":{"\u041d\u0430\u043f\u0438\u0441\u0430\u043d\u043e \u0430\u0432\u0442\u043e\u0440\u043e\u043c":"Redactia","\u041f\u0440\u0438\u043c\u0435\u0440\u043d\u043e\u0435 \u0432\u0440\u0435\u043c\u044f \u0434\u043b\u044f \u0447\u0442\u0435\u043d\u0438\u044f":"2 \u043c\u0438\u043d\u0443\u0442\u044b"},"schema":{"@context":"https:\/\/schema.org","@graph":[{"@type":"Article","@id":"https:\/\/bangbang.md\/2025\/05\/12\/moldova-pride-2025-mars-pentru-demnitate-egalitate-si-o-moldova-fara-ura\/#article","isPartOf":{"@id":"https:\/\/bangbang.md\/2025\/05\/12\/moldova-pride-2025-mars-pentru-demnitate-egalitate-si-o-moldova-fara-ura\/"},"author":{"name":"Redactia","@id":"https:\/\/bangbang.md\/#\/schema\/person\/3c4bdd852f2d2f8db3bde1e81e9676a2"},"headline":"Moldova Pride 2025: Mar\u0219 pentru demnitate, egalitate \u0219i o Moldov\u0103 f\u0103r\u0103 ur\u0103","datePublished":"2025-05-12T15:08:36+00:00","dateModified":"2025-05-12T15:08:37+00:00","mainEntityOfPage":{"@id":"https:\/\/bangbang.md\/2025\/05\/12\/moldova-pride-2025-mars-pentru-demnitate-egalitate-si-o-moldova-fara-ura\/"},"wordCount":458,"publisher":{"@id":"https:\/\/bangbang.md\/#organization"},"articleSection":["Nout\u0103\u021bi","Pride"],"inLanguage":"ru-RU"},{"@type":"WebPage","@id":"https:\/\/bangbang.md\/2025\/05\/12\/moldova-pride-2025-mars-pentru-demnitate-egalitate-si-o-moldova-fara-ura\/","url":"https:\/\/bangbang.md\/2025\/05\/12\/moldova-pride-2025-mars-pentru-demnitate-egalitate-si-o-moldova-fara-ura\/","name":"Moldova Pride 2025: Mar\u0219 pentru demnitate, egalitate \u0219i o Moldov\u0103 f\u0103r\u0103 ur\u0103 - BANG-BANG","isPartOf":{"@id":"https:\/\/bangbang.md\/#website"},"datePublished":"2025-05-12T15:08:36+00:00","dateModified":"2025-05-12T15:08:37+00:00","breadcrumb":{"@id":"https:\/\/bangbang.md\/2025\/05\/12\/moldova-pride-2025-mars-pentru-demnitate-egalitate-si-o-moldova-fara-ura\/#breadcrumb"},"inLanguage":"ru-RU","potentialAction":[{"@type":"ReadAction","target":["https:\/\/bangbang.md\/2025\/05\/12\/moldova-pride-2025-mars-pentru-demnitate-egalitate-si-o-moldova-fara-ura\/"]}]},{"@type":"BreadcrumbList","@id":"https:\/\/bangbang.md\/2025\/05\/12\/moldova-pride-2025-mars-pentru-demnitate-egalitate-si-o-moldova-fara-ura\/#breadcrumb","itemListElement":[{"@type":"ListItem","position":1,"name":"Prima pagin\u0103","item":"https:\/\/bangbang.md\/"},{"@type":"ListItem","position":2,"name":"Moldova Pride 2025: Mar\u0219 pentru demnitate, egalitate \u0219i o Moldov\u0103 f\u0103r\u0103 ur\u0103"}]},{"@type":"WebSite","@id":"https:\/\/bangbang.md\/#website","url":"https:\/\/bangbang.md\/","name":"BANG-BANG","description":"Portal web dedicat comunit\u0103\u021bii LGBTQ d RM","publisher":{"@id":"https:\/\/bangbang.md\/#organization"},"potentialAction":[{"@type":"SearchAction","target":{"@type":"EntryPoint","urlTemplate":"https:\/\/bangbang.md\/?s={search_term_string}"},"query-input":"required name=search_term_string"}],"inLanguage":"ru-RU"},{"@type":"Organization","@id":"https:\/\/bangbang.md\/#organization","name":"Bang bang","url":"https:\/\/bangbang.md\/","logo":{"@type":"ImageObject","inLanguage":"ru-RU","@id":"https:\/\/bangbang.md\/#\/schema\/logo\/image\/","url":"https:\/\/bangbang.md\/wp-content\/uploads\/2022\/07\/cropped-Group.jpg","contentUrl":"https:\/\/bangbang.md\/wp-content\/uploads\/2022\/07\/cropped-Group.jpg","width":512,"height":512,"caption":"Bang bang"},"image":{"@id":"https:\/\/bangbang.md\/#\/schema\/logo\/image\/"},"sameAs":["https:\/\/www.facebook.com\/bangbangmoldova"]},{"@type":"Person","@id":"https:\/\/bangbang.md\/#\/schema\/person\/3c4bdd852f2d2f8db3bde1e81e9676a2","name":"Redactia","image":{"@type":"ImageObject","inLanguage":"ru-RU","@id":"https:\/\/bangbang.md\/#\/schema\/person\/image\/","url":"https:\/\/secure.gravatar.com\/avatar\/31b9e560d1e50693e5c3bec169fad34f40ffc3d32174e8953ddc1d30a6216ced?s=96&d=mm&r=g","contentUrl":"https:\/\/secure.gravatar.com\/avatar\/31b9e560d1e50693e5c3bec169fad34f40ffc3d32174e8953ddc1d30a6216ced?s=96&d=mm&r=g","caption":"Redactia"},"url":"https:\/\/bangbang.md\/ru\/author\/redactia\/"}]}},"_links":{"self":[{"href":"https:\/\/bangbang.md\/ru\/wp-json\/wp\/v2\/posts\/8823","targetHints":{"allow":["GET"]}}],"collection":[{"href":"https:\/\/bangbang.md\/ru\/wp-json\/wp\/v2\/posts"}],"about":[{"href":"https:\/\/bangbang.md\/ru\/wp-json\/wp\/v2\/types\/post"}],"author":[{"embeddable":true,"href":"https:\/\/bangbang.md\/ru\/wp-json\/wp\/v2\/users\/4"}],"replies":[{"embeddable":true,"href":"https:\/\/bangbang.md\/ru\/wp-json\/wp\/v2\/comments?post=8823"}],"version-history":[{"count":3,"href":"https:\/\/bangbang.md\/ru\/wp-json\/wp\/v2\/posts\/8823\/revisions"}],"predecessor-version":[{"id":8828,"href":"https:\/\/bangbang.md\/ru\/wp-json\/wp\/v2\/posts\/8823\/revisions\/8828"}],"wp:featuredmedia":[{"embeddable":true,"href":"https:\/\/bangbang.md\/ru\/wp-json\/wp\/v2\/media\/8824"}],"wp:attachment":[{"href":"https:\/\/bangbang.md\/ru\/wp-json\/wp\/v2\/media?parent=8823"}],"wp:term":[{"taxonomy":"category","embeddable":true,"href":"https:\/\/bangbang.md\/ru\/wp-json\/wp\/v2\/categories?post=8823"},{"taxonomy":"post_tag","embeddable":true,"href":"https:\/\/bangbang.md\/ru\/wp-json\/wp\/v2\/tags?post=8823"}],"curies":[{"name":"wp","href":"https:\/\/api.w.org\/{rel}","templated":true}]}}