{"id":8656,"date":"2025-04-22T09:42:20","date_gmt":"2025-04-22T09:42:20","guid":{"rendered":"https:\/\/bangbang.md\/?p=8656"},"modified":"2025-04-22T09:42:21","modified_gmt":"2025-04-22T09:42:21","slug":"bernardo-rabello-primul-barbat-trans-care-participa-la-mister-brazil-2025","status":"publish","type":"post","link":"https:\/\/bangbang.md\/ru\/2025\/04\/22\/bernardo-rabello-primul-barbat-trans-care-participa-la-mister-brazil-2025\/","title":{"rendered":"Bernardo Rabello, primul b\u0103rbat trans care particip\u0103 la Mister Brazil 2025"},"content":{"rendered":"<h2 class=\"wp-block-heading\" id=\"h-intr-o-perioada-in-care-drepturile-persoanelor-transgender-sunt-tot-mai-contestate-la-nivel-global-iar-retorica-transfoba-ca\u0219tiga-teren-in-politica-\u0219i-media-bernardo-rabello-aduce-o-raza-de-speran\u021ba-este-pentru-prima-data-in-istoria-concursului-mister-brazil-cand-un-barbat-trans-ajunge-in-finala-reprezentand-cu-mandrie-statul-rio-de-janeiro\"><strong>\u00centr-o perioad\u0103 \u00een care drepturile persoanelor transgender sunt tot mai contestate la nivel global, iar retorica transfob\u0103 c\u00e2\u0219tig\u0103 teren \u00een politic\u0103 \u0219i media, Bernardo Rabello aduce o raz\u0103 de speran\u021b\u0103. Este pentru prima dat\u0103 \u00een istoria concursului Mister Brazil c\u00e2nd un b\u0103rbat trans ajunge \u00een final\u0103, reprezent\u00e2nd cu m\u00e2ndrie statul Rio de Janeiro.<\/strong><\/h2>\n\n\n\n<p>Rabello a fost ales c\u00e2\u0219tig\u0103tor la nivel regional \u0219i va concura al\u0103turi de al\u021bi 40 de finali\u0219ti pentru titlul na\u021bional. \u00centr-un spa\u021biu dominat p\u00e2n\u0103 acum de standarde de masculinitate tradi\u021bional\u0103 \u0219i adesea restrictive, prezen\u021ba lui Bernardo schimb\u0103 regulile jocului. El nu reprezint\u0103 doar un stat, ci \u0219i visul a mii de persoane trans care vor s\u0103 fie v\u0103zute, respectate \u0219i celebrate a\u0219a cum sunt.<\/p>\n\n\n\n<blockquote class=\"wp-block-quote is-layout-flow wp-block-quote-is-layout-flow\">\n<p>\u201eEste un amestec de fericire \u0219i responsabilitate,\u201d a declarat Rabello pentru publica\u021bia brazilian\u0103 <em>Splash<\/em>. \u201ePentru c\u0103 \u0219tiu c\u00e2t de important este acest lucru \u2013 nu doar pentru comunitatea LGBTQ+, ci pentru societate \u00een ansamblu.\u201d<\/p>\n<\/blockquote>\n\n\n\n<p>Concursul Mister Brazil nu este doar despre aspectul fizic, dar \u0219i despre responsabilitate social\u0103 \u0219i impactul \u00een comunitate. Iar Rabello le \u00eentruchipeaz\u0103 pe toate. El este activist, model \u0219i o voce important\u0103 pentru egalitate \u0219i reprezentare.<\/p>\n\n\n\n<blockquote class=\"wp-block-quote is-layout-flow wp-block-quote-is-layout-flow\">\n<p>\u201eSunt foarte fericit s\u0103 m\u0103 lansez \u00een aceast\u0103 provocare pe scena na\u021bional\u0103,\u201d a spus el \u00eentr-o alt\u0103 declara\u021bie. \u201eScopul meu principal este s\u0103 ajut oamenii din \u021bara noastr\u0103 \u0219i din lume prin experien\u021bele mele \u2013 \u00eemp\u0103rt\u0103\u0219ind \u0219i \u00eenv\u0103\u021b\u00e2nd de la fiecare persoan\u0103 pe care o \u00eent\u00e2lnesc.\u201d<\/p>\n<\/blockquote>\n\n\n\n<p>Finala Mister Brazil CNB va avea loc \u00een luna iulie, iar Bernardo Rabello va concura al\u0103turi de ceilal\u021bi candida\u021bi din toate col\u021burile \u021b\u0103rii.<\/p>\n\n\n\n<p><em>Sursa: Splash UOL, Brazilia<\/em><\/p>","protected":false},"excerpt":{"rendered":"<p>\u00centr-o perioad\u0103 \u00een care drepturile persoanelor transgender sunt tot mai contestate la nivel global, iar retorica transfob\u0103 c\u00e2\u0219tig\u0103 teren \u00een&#8230;<\/p>","protected":false},"author":4,"featured_media":8657,"comment_status":"closed","ping_status":"closed","sticky":false,"template":"","format":"standard","meta":{"footnotes":""},"categories":[184,177],"tags":[],"class_list":["post-8656","post","type-post","status-publish","format-standard","has-post-thumbnail","hentry","category-in-lume","category-noutati"],"yoast_head":"<!-- This site is optimized with the Yoast SEO Premium plugin v18.9 (Yoast SEO v20.13) - https:\/\/yoast.com\/wordpress\/plugins\/seo\/ -->\n<title>Bernardo Rabello, primul b\u0103rbat trans care particip\u0103 la Mister Brazil 2025 - BANG-BANG<\/title>\n<meta name=\"robots\" content=\"index, follow, max-snippet:-1, max-image-preview:large, max-video-preview:-1\" \/>\n<link rel=\"canonical\" href=\"https:\/\/bangbang.md\/ru\/2025\/04\/22\/bernardo-rabello-primul-barbat-trans-care-participa-la-mister-brazil-2025\/\" \/>\n<meta property=\"og:locale\" content=\"ru_RU\" \/>\n<meta property=\"og:type\" content=\"article\" \/>\n<meta property=\"og:title\" content=\"Bernardo Rabello, primul b\u0103rbat trans care particip\u0103 la Mister Brazil 2025\" \/>\n<meta property=\"og:description\" content=\"\u00centr-o perioad\u0103 \u00een care drepturile persoanelor transgender sunt tot mai contestate la nivel global, iar retorica transfob\u0103 c\u00e2\u0219tig\u0103 teren \u00een...\" \/>\n<meta property=\"og:url\" content=\"https:\/\/bangbang.md\/ru\/2025\/04\/22\/bernardo-rabello-primul-barbat-trans-care-participa-la-mister-brazil-2025\/\" \/>\n<meta property=\"og:site_name\" content=\"BANG-BANG\" \/>\n<meta property=\"article:publisher\" content=\"https:\/\/www.facebook.com\/bangbangmoldova\" \/>\n<meta property=\"article:published_time\" content=\"2025-04-22T09:42:20+00:00\" \/>\n<meta property=\"article:modified_time\" content=\"2025-04-22T09:42:21+00:00\" \/>\n<meta property=\"og:image\" content=\"https:\/\/bangbang.md\/wp-content\/uploads\/2025\/04\/404340_1714113.webp\" \/>\n\t<meta property=\"og:image:width\" content=\"1200\" \/>\n\t<meta property=\"og:image:height\" content=\"675\" \/>\n\t<meta property=\"og:image:type\" content=\"image\/webp\" \/>\n<meta name=\"author\" content=\"Redactia\" \/>\n<meta name=\"twitter:card\" content=\"summary_large_image\" \/>\n<meta name=\"twitter:label1\" content=\"\u041d\u0430\u043f\u0438\u0441\u0430\u043d\u043e \u0430\u0432\u0442\u043e\u0440\u043e\u043c\" \/>\n\t<meta name=\"twitter:data1\" content=\"Redactia\" \/>\n\t<meta name=\"twitter:label2\" content=\"\u041f\u0440\u0438\u043c\u0435\u0440\u043d\u043e\u0435 \u0432\u0440\u0435\u043c\u044f \u0434\u043b\u044f \u0447\u0442\u0435\u043d\u0438\u044f\" \/>\n\t<meta name=\"twitter:data2\" content=\"1 \u043c\u0438\u043d\u0443\u0442\u0430\" \/>\n<script type=\"application\/ld+json\" class=\"yoast-schema-graph\">{\"@context\":\"https:\/\/schema.org\",\"@graph\":[{\"@type\":\"Article\",\"@id\":\"https:\/\/bangbang.md\/2025\/04\/22\/bernardo-rabello-primul-barbat-trans-care-participa-la-mister-brazil-2025\/#article\",\"isPartOf\":{\"@id\":\"https:\/\/bangbang.md\/2025\/04\/22\/bernardo-rabello-primul-barbat-trans-care-participa-la-mister-brazil-2025\/\"},\"author\":{\"name\":\"Redactia\",\"@id\":\"https:\/\/bangbang.md\/#\/schema\/person\/3c4bdd852f2d2f8db3bde1e81e9676a2\"},\"headline\":\"Bernardo Rabello, primul b\u0103rbat trans care particip\u0103 la Mister Brazil 2025\",\"datePublished\":\"2025-04-22T09:42:20+00:00\",\"dateModified\":\"2025-04-22T09:42:21+00:00\",\"mainEntityOfPage\":{\"@id\":\"https:\/\/bangbang.md\/2025\/04\/22\/bernardo-rabello-primul-barbat-trans-care-participa-la-mister-brazil-2025\/\"},\"wordCount\":298,\"publisher\":{\"@id\":\"https:\/\/bangbang.md\/#organization\"},\"articleSection\":[\"\u00cen lume\",\"Nout\u0103\u021bi\"],\"inLanguage\":\"ru-RU\"},{\"@type\":\"WebPage\",\"@id\":\"https:\/\/bangbang.md\/2025\/04\/22\/bernardo-rabello-primul-barbat-trans-care-participa-la-mister-brazil-2025\/\",\"url\":\"https:\/\/bangbang.md\/2025\/04\/22\/bernardo-rabello-primul-barbat-trans-care-participa-la-mister-brazil-2025\/\",\"name\":\"Bernardo Rabello, primul b\u0103rbat trans care particip\u0103 la Mister Brazil 2025 - BANG-BANG\",\"isPartOf\":{\"@id\":\"https:\/\/bangbang.md\/#website\"},\"datePublished\":\"2025-04-22T09:42:20+00:00\",\"dateModified\":\"2025-04-22T09:42:21+00:00\",\"breadcrumb\":{\"@id\":\"https:\/\/bangbang.md\/2025\/04\/22\/bernardo-rabello-primul-barbat-trans-care-participa-la-mister-brazil-2025\/#breadcrumb\"},\"inLanguage\":\"ru-RU\",\"potentialAction\":[{\"@type\":\"ReadAction\",\"target\":[\"https:\/\/bangbang.md\/2025\/04\/22\/bernardo-rabello-primul-barbat-trans-care-participa-la-mister-brazil-2025\/\"]}]},{\"@type\":\"BreadcrumbList\",\"@id\":\"https:\/\/bangbang.md\/2025\/04\/22\/bernardo-rabello-primul-barbat-trans-care-participa-la-mister-brazil-2025\/#breadcrumb\",\"itemListElement\":[{\"@type\":\"ListItem\",\"position\":1,\"name\":\"Prima pagin\u0103\",\"item\":\"https:\/\/bangbang.md\/\"},{\"@type\":\"ListItem\",\"position\":2,\"name\":\"Bernardo Rabello, primul b\u0103rbat trans care particip\u0103 la Mister Brazil 2025\"}]},{\"@type\":\"WebSite\",\"@id\":\"https:\/\/bangbang.md\/#website\",\"url\":\"https:\/\/bangbang.md\/\",\"name\":\"BANG-BANG\",\"description\":\"Portal web dedicat comunit\u0103\u021bii LGBTQ d RM\",\"publisher\":{\"@id\":\"https:\/\/bangbang.md\/#organization\"},\"potentialAction\":[{\"@type\":\"SearchAction\",\"target\":{\"@type\":\"EntryPoint\",\"urlTemplate\":\"https:\/\/bangbang.md\/?s={search_term_string}\"},\"query-input\":\"required name=search_term_string\"}],\"inLanguage\":\"ru-RU\"},{\"@type\":\"Organization\",\"@id\":\"https:\/\/bangbang.md\/#organization\",\"name\":\"Bang bang\",\"url\":\"https:\/\/bangbang.md\/\",\"logo\":{\"@type\":\"ImageObject\",\"inLanguage\":\"ru-RU\",\"@id\":\"https:\/\/bangbang.md\/#\/schema\/logo\/image\/\",\"url\":\"https:\/\/bangbang.md\/wp-content\/uploads\/2022\/07\/cropped-Group.jpg\",\"contentUrl\":\"https:\/\/bangbang.md\/wp-content\/uploads\/2022\/07\/cropped-Group.jpg\",\"width\":512,\"height\":512,\"caption\":\"Bang bang\"},\"image\":{\"@id\":\"https:\/\/bangbang.md\/#\/schema\/logo\/image\/\"},\"sameAs\":[\"https:\/\/www.facebook.com\/bangbangmoldova\"]},{\"@type\":\"Person\",\"@id\":\"https:\/\/bangbang.md\/#\/schema\/person\/3c4bdd852f2d2f8db3bde1e81e9676a2\",\"name\":\"Redactia\",\"image\":{\"@type\":\"ImageObject\",\"inLanguage\":\"ru-RU\",\"@id\":\"https:\/\/bangbang.md\/#\/schema\/person\/image\/\",\"url\":\"https:\/\/secure.gravatar.com\/avatar\/31b9e560d1e50693e5c3bec169fad34f40ffc3d32174e8953ddc1d30a6216ced?s=96&d=mm&r=g\",\"contentUrl\":\"https:\/\/secure.gravatar.com\/avatar\/31b9e560d1e50693e5c3bec169fad34f40ffc3d32174e8953ddc1d30a6216ced?s=96&d=mm&r=g\",\"caption\":\"Redactia\"},\"url\":\"https:\/\/bangbang.md\/ru\/author\/redactia\/\"}]}<\/script>\n<!-- \/ Yoast SEO Premium plugin. -->","yoast_head_json":{"title":"Bernardo Rabello, primul b\u0103rbat trans care particip\u0103 la Mister Brazil 2025 - BANG-BANG","robots":{"index":"index","follow":"follow","max-snippet":"max-snippet:-1","max-image-preview":"max-image-preview:large","max-video-preview":"max-video-preview:-1"},"canonical":"https:\/\/bangbang.md\/ru\/2025\/04\/22\/bernardo-rabello-primul-barbat-trans-care-participa-la-mister-brazil-2025\/","og_locale":"ru_RU","og_type":"article","og_title":"Bernardo Rabello, primul b\u0103rbat trans care particip\u0103 la Mister Brazil 2025","og_description":"\u00centr-o perioad\u0103 \u00een care drepturile persoanelor transgender sunt tot mai contestate la nivel global, iar retorica transfob\u0103 c\u00e2\u0219tig\u0103 teren \u00een...","og_url":"https:\/\/bangbang.md\/ru\/2025\/04\/22\/bernardo-rabello-primul-barbat-trans-care-participa-la-mister-brazil-2025\/","og_site_name":"BANG-BANG","article_publisher":"https:\/\/www.facebook.com\/bangbangmoldova","article_published_time":"2025-04-22T09:42:20+00:00","article_modified_time":"2025-04-22T09:42:21+00:00","og_image":[{"width":1200,"height":675,"url":"https:\/\/bangbang.md\/wp-content\/uploads\/2025\/04\/404340_1714113.webp","type":"image\/webp"}],"author":"Redactia","twitter_card":"summary_large_image","twitter_misc":{"\u041d\u0430\u043f\u0438\u0441\u0430\u043d\u043e \u0430\u0432\u0442\u043e\u0440\u043e\u043c":"Redactia","\u041f\u0440\u0438\u043c\u0435\u0440\u043d\u043e\u0435 \u0432\u0440\u0435\u043c\u044f \u0434\u043b\u044f \u0447\u0442\u0435\u043d\u0438\u044f":"1 \u043c\u0438\u043d\u0443\u0442\u0430"},"schema":{"@context":"https:\/\/schema.org","@graph":[{"@type":"Article","@id":"https:\/\/bangbang.md\/2025\/04\/22\/bernardo-rabello-primul-barbat-trans-care-participa-la-mister-brazil-2025\/#article","isPartOf":{"@id":"https:\/\/bangbang.md\/2025\/04\/22\/bernardo-rabello-primul-barbat-trans-care-participa-la-mister-brazil-2025\/"},"author":{"name":"Redactia","@id":"https:\/\/bangbang.md\/#\/schema\/person\/3c4bdd852f2d2f8db3bde1e81e9676a2"},"headline":"Bernardo Rabello, primul b\u0103rbat trans care particip\u0103 la Mister Brazil 2025","datePublished":"2025-04-22T09:42:20+00:00","dateModified":"2025-04-22T09:42:21+00:00","mainEntityOfPage":{"@id":"https:\/\/bangbang.md\/2025\/04\/22\/bernardo-rabello-primul-barbat-trans-care-participa-la-mister-brazil-2025\/"},"wordCount":298,"publisher":{"@id":"https:\/\/bangbang.md\/#organization"},"articleSection":["\u00cen lume","Nout\u0103\u021bi"],"inLanguage":"ru-RU"},{"@type":"WebPage","@id":"https:\/\/bangbang.md\/2025\/04\/22\/bernardo-rabello-primul-barbat-trans-care-participa-la-mister-brazil-2025\/","url":"https:\/\/bangbang.md\/2025\/04\/22\/bernardo-rabello-primul-barbat-trans-care-participa-la-mister-brazil-2025\/","name":"Bernardo Rabello, primul b\u0103rbat trans care particip\u0103 la Mister Brazil 2025 - BANG-BANG","isPartOf":{"@id":"https:\/\/bangbang.md\/#website"},"datePublished":"2025-04-22T09:42:20+00:00","dateModified":"2025-04-22T09:42:21+00:00","breadcrumb":{"@id":"https:\/\/bangbang.md\/2025\/04\/22\/bernardo-rabello-primul-barbat-trans-care-participa-la-mister-brazil-2025\/#breadcrumb"},"inLanguage":"ru-RU","potentialAction":[{"@type":"ReadAction","target":["https:\/\/bangbang.md\/2025\/04\/22\/bernardo-rabello-primul-barbat-trans-care-participa-la-mister-brazil-2025\/"]}]},{"@type":"BreadcrumbList","@id":"https:\/\/bangbang.md\/2025\/04\/22\/bernardo-rabello-primul-barbat-trans-care-participa-la-mister-brazil-2025\/#breadcrumb","itemListElement":[{"@type":"ListItem","position":1,"name":"Prima pagin\u0103","item":"https:\/\/bangbang.md\/"},{"@type":"ListItem","position":2,"name":"Bernardo Rabello, primul b\u0103rbat trans care particip\u0103 la Mister Brazil 2025"}]},{"@type":"WebSite","@id":"https:\/\/bangbang.md\/#website","url":"https:\/\/bangbang.md\/","name":"BANG-BANG","description":"Portal web dedicat comunit\u0103\u021bii LGBTQ d RM","publisher":{"@id":"https:\/\/bangbang.md\/#organization"},"potentialAction":[{"@type":"SearchAction","target":{"@type":"EntryPoint","urlTemplate":"https:\/\/bangbang.md\/?s={search_term_string}"},"query-input":"required name=search_term_string"}],"inLanguage":"ru-RU"},{"@type":"Organization","@id":"https:\/\/bangbang.md\/#organization","name":"Bang bang","url":"https:\/\/bangbang.md\/","logo":{"@type":"ImageObject","inLanguage":"ru-RU","@id":"https:\/\/bangbang.md\/#\/schema\/logo\/image\/","url":"https:\/\/bangbang.md\/wp-content\/uploads\/2022\/07\/cropped-Group.jpg","contentUrl":"https:\/\/bangbang.md\/wp-content\/uploads\/2022\/07\/cropped-Group.jpg","width":512,"height":512,"caption":"Bang bang"},"image":{"@id":"https:\/\/bangbang.md\/#\/schema\/logo\/image\/"},"sameAs":["https:\/\/www.facebook.com\/bangbangmoldova"]},{"@type":"Person","@id":"https:\/\/bangbang.md\/#\/schema\/person\/3c4bdd852f2d2f8db3bde1e81e9676a2","name":"Redactia","image":{"@type":"ImageObject","inLanguage":"ru-RU","@id":"https:\/\/bangbang.md\/#\/schema\/person\/image\/","url":"https:\/\/secure.gravatar.com\/avatar\/31b9e560d1e50693e5c3bec169fad34f40ffc3d32174e8953ddc1d30a6216ced?s=96&d=mm&r=g","contentUrl":"https:\/\/secure.gravatar.com\/avatar\/31b9e560d1e50693e5c3bec169fad34f40ffc3d32174e8953ddc1d30a6216ced?s=96&d=mm&r=g","caption":"Redactia"},"url":"https:\/\/bangbang.md\/ru\/author\/redactia\/"}]}},"_links":{"self":[{"href":"https:\/\/bangbang.md\/ru\/wp-json\/wp\/v2\/posts\/8656","targetHints":{"allow":["GET"]}}],"collection":[{"href":"https:\/\/bangbang.md\/ru\/wp-json\/wp\/v2\/posts"}],"about":[{"href":"https:\/\/bangbang.md\/ru\/wp-json\/wp\/v2\/types\/post"}],"author":[{"embeddable":true,"href":"https:\/\/bangbang.md\/ru\/wp-json\/wp\/v2\/users\/4"}],"replies":[{"embeddable":true,"href":"https:\/\/bangbang.md\/ru\/wp-json\/wp\/v2\/comments?post=8656"}],"version-history":[{"count":1,"href":"https:\/\/bangbang.md\/ru\/wp-json\/wp\/v2\/posts\/8656\/revisions"}],"predecessor-version":[{"id":8658,"href":"https:\/\/bangbang.md\/ru\/wp-json\/wp\/v2\/posts\/8656\/revisions\/8658"}],"wp:featuredmedia":[{"embeddable":true,"href":"https:\/\/bangbang.md\/ru\/wp-json\/wp\/v2\/media\/8657"}],"wp:attachment":[{"href":"https:\/\/bangbang.md\/ru\/wp-json\/wp\/v2\/media?parent=8656"}],"wp:term":[{"taxonomy":"category","embeddable":true,"href":"https:\/\/bangbang.md\/ru\/wp-json\/wp\/v2\/categories?post=8656"},{"taxonomy":"post_tag","embeddable":true,"href":"https:\/\/bangbang.md\/ru\/wp-json\/wp\/v2\/tags?post=8656"}],"curies":[{"name":"wp","href":"https:\/\/api.w.org\/{rel}","templated":true}]}}