{"id":8442,"date":"2025-03-18T13:46:04","date_gmt":"2025-03-18T13:46:04","guid":{"rendered":"https:\/\/bangbang.md\/?p=8442"},"modified":"2025-03-18T13:58:21","modified_gmt":"2025-03-18T13:58:21","slug":"parlamentul-ungariei-interzice-marsul-pride-prin-lege","status":"publish","type":"post","link":"https:\/\/bangbang.md\/ru\/2025\/03\/18\/parlamentul-ungariei-interzice-marsul-pride-prin-lege\/","title":{"rendered":"Parlamentul Ungariei interzice mar\u0219ul Pride prin lege"},"content":{"rendered":"<p><strong>Budapesta, 18 martie 2025<\/strong> \u2013 Ast\u0103zi, Parlamentul Ungariei a adoptat o lege care interzice oficial desf\u0103\u0219urarea evenimentelor Pride \u00een spa\u021biul public \u0219i permite utilizarea tehnologiei de recunoa\u0219tere facial\u0103 pentru a identifica \u0219i sanc\u021biona participan\u021bii, <a href=\"https:\/\/apnews.com\/article\/hungary-pride-ban-orban-lgbtq-rights-e7a0318b09b902abfc306e3e975b52df\" target=\"_blank\" rel=\"noreferrer noopener\"><mark style=\"background-color:rgba(0, 0, 0, 0)\" class=\"has-inline-color has-vivid-cyan-blue-color\">relateaz\u0103 AP News.<\/mark><\/a> Aceast\u0103 m\u0103sur\u0103, votat\u0103 cu 136 de voturi pentru \u0219i 27 \u00eempotriv\u0103, face parte dintr-o ofensiv\u0103 mai larg\u0103 \u00eempotriva comunit\u0103\u021bii LGBTQ+, orchestrat\u0103 de guvernul premierului Viktor Orb\u00e1n.<\/p>\n\n\n\n<p>Noua legisla\u021bie extinde restric\u021biile impuse prin controversata \u201elege de protec\u021bie a copilului\u201d din 2021, care interzice \u201epromovarea\u201d homosexualit\u0103\u021bii \u00een r\u00e2ndul minorilor. Organizatorii <strong>Budapest Pride<\/strong> au reac\u021bionat anterior, numind aceast\u0103 decizie \u201efascism deghizat \u00een m\u0103suri pentru protec\u021bia copilului\u201d \u0219i un atac direct asupra libert\u0103\u021bii de exprimare.<\/p>\n\n\n\n<p>\u201eNu vom permite ca existen\u021ba noastr\u0103 s\u0103 fie interzis\u0103 prin legi abuzive. Comunitatea LGBTQ+ din Ungaria \u0219i alia\u021bii s\u0103i vor continua s\u0103 lupte pentru drepturile noastre fundamentale,\u201d au transmis ace\u0219tia \u00eentr-un comunicat.<\/p>\n\n\n\n<iframe loading=\"lazy\" src=\"https:\/\/www.facebook.com\/plugins\/post.php?href=https%3A%2F%2Fwww.facebook.com%2Fbudapestpride%2Fposts%2Fpfbid02D67SJzMhwHytee2jwP5FnzCtdqUAxL3vLVS9kNSMo7kxt7AfAdF31RnodF71GFCvl&#038;show_text=true&#038;width=500\" width=\"500\" height=\"680\" style=\"border:none;overflow:hidden\" scrolling=\"no\" frameborder=\"0\" allowfullscreen=\"true\" allow=\"autoplay; clipboard-write; encrypted-media; picture-in-picture; web-share\"><\/iframe>\n\n\n\n<p><\/p>\n\n\n\n<p><a href=\"https:\/\/edition.cnn.com\/2025\/03\/17\/europe\/orban-anti-lgbtq-bill-budapest-pride-intl-latam\/index.html\" target=\"_blank\" rel=\"noreferrer noopener\"><mark style=\"background-color:rgba(0, 0, 0, 0)\" class=\"has-inline-color has-vivid-cyan-blue-color\">\u00centr-un discurs recent, Viktor Orb\u00e1n<\/mark><\/a> a sugerat c\u0103 <strong>Budapest Pride<\/strong>, programat\u0103 pentru 28 iunie, nu va mai fi permis\u0103. Reac\u021biile la nivel interna\u021bional nu au \u00eent\u00e2rziat s\u0103 apar\u0103: Uniunea European\u0103 \u0219i organiza\u021biile pentru drepturile omului au condamnat ferm aceast\u0103 m\u0103sur\u0103, consider\u00e2nd-o un atac asupra libert\u0103\u021bilor fundamentale \u0219i o escaladare a represiunii \u00eempotriva comunit\u0103\u021bii queer din Ungaria.<\/p>\n\n\n\n<p>Aceste m\u0103suri fac parte dintr-o strategie mai ampl\u0103 a guvernului de la Budapesta de a restr\u00e2nge drepturile minorit\u0103\u021bilor, de a controla presa independent\u0103 \u0219i de a sl\u0103bi vocile critice din societatea civil\u0103. \u00centrebarea care r\u0103m\u00e2ne este cum vor r\u0103spunde activi\u0219tii, cet\u0103\u021benii ungari \u0219i partenerii europeni \u00een fa\u021ba acestui nou val de opresiune.<\/p>\n\n\n\n<figure class=\"wp-block-embed is-type-wp-embed is-provider-bang-bang wp-block-embed-bang-bang\"><div class=\"wp-block-embed__wrapper\">\n<blockquote class=\"wp-embedded-content\" data-secret=\"TNNgwFk9hy\"><a href=\"https:\/\/bangbang.md\/ru\/2025\/02\/11\/cedo-legile-anti-lgbt-incalca-drepturile-fundamentale\/\">CtEDO: Legile anti-LGBT+ \u00eencalc\u0103 drepturile fundamentale ale omului<\/a><\/blockquote><iframe loading=\"lazy\" class=\"wp-embedded-content\" sandbox=\"allow-scripts\" security=\"restricted\" style=\"position: absolute; visibility: hidden;\" title=\"&#8222;CtEDO: Legile anti-LGBT+ \u00eencalc\u0103 drepturile fundamentale ale omului&#8221; &#8211; BANG-BANG\" src=\"https:\/\/bangbang.md\/2025\/02\/11\/cedo-legile-anti-lgbt-incalca-drepturile-fundamentale\/embed\/#?secret=9p7bx2sb2z#?secret=TNNgwFk9hy\" data-secret=\"TNNgwFk9hy\" width=\"500\" height=\"282\" frameborder=\"0\" marginwidth=\"0\" marginheight=\"0\" scrolling=\"no\"><\/iframe>\n<\/div><\/figure>","protected":false},"excerpt":{"rendered":"<p>Budapesta, 18 martie 2025 \u2013 Ast\u0103zi, Parlamentul Ungariei a adoptat o lege care interzice oficial desf\u0103\u0219urarea evenimentelor Pride \u00een spa\u021biul&#8230;<\/p>","protected":false},"author":4,"featured_media":8443,"comment_status":"closed","ping_status":"closed","sticky":false,"template":"","format":"standard","meta":{"footnotes":""},"categories":[182,177],"tags":[],"class_list":["post-8442","post","type-post","status-publish","format-standard","has-post-thumbnail","hentry","category-asa-nu","category-noutati"],"yoast_head":"<!-- This site is optimized with the Yoast SEO Premium plugin v18.9 (Yoast SEO v20.13) - https:\/\/yoast.com\/wordpress\/plugins\/seo\/ -->\n<title>Parlamentul Ungariei interzice mar\u0219ul Pride prin lege - BANG-BANG<\/title>\n<meta name=\"robots\" content=\"index, follow, max-snippet:-1, max-image-preview:large, max-video-preview:-1\" \/>\n<link rel=\"canonical\" href=\"https:\/\/bangbang.md\/ru\/2025\/03\/18\/parlamentul-ungariei-interzice-marsul-pride-prin-lege\/\" \/>\n<meta property=\"og:locale\" content=\"ru_RU\" \/>\n<meta property=\"og:type\" content=\"article\" \/>\n<meta property=\"og:title\" content=\"Parlamentul Ungariei interzice mar\u0219ul Pride prin lege\" \/>\n<meta property=\"og:description\" content=\"Budapesta, 18 martie 2025 \u2013 Ast\u0103zi, Parlamentul Ungariei a adoptat o lege care interzice oficial desf\u0103\u0219urarea evenimentelor Pride \u00een spa\u021biul...\" \/>\n<meta property=\"og:url\" content=\"https:\/\/bangbang.md\/ru\/2025\/03\/18\/parlamentul-ungariei-interzice-marsul-pride-prin-lege\/\" \/>\n<meta property=\"og:site_name\" content=\"BANG-BANG\" \/>\n<meta property=\"article:publisher\" content=\"https:\/\/www.facebook.com\/bangbangmoldova\" \/>\n<meta property=\"article:published_time\" content=\"2025-03-18T13:46:04+00:00\" \/>\n<meta property=\"article:modified_time\" content=\"2025-03-18T13:58:21+00:00\" \/>\n<meta property=\"og:image\" content=\"https:\/\/bangbang.md\/wp-content\/uploads\/2025\/03\/960x0.webp\" \/>\n\t<meta property=\"og:image:width\" content=\"960\" \/>\n\t<meta property=\"og:image:height\" content=\"640\" \/>\n\t<meta property=\"og:image:type\" content=\"image\/webp\" \/>\n<meta name=\"author\" content=\"Redactia\" \/>\n<meta name=\"twitter:card\" content=\"summary_large_image\" \/>\n<meta name=\"twitter:label1\" content=\"\u041d\u0430\u043f\u0438\u0441\u0430\u043d\u043e \u0430\u0432\u0442\u043e\u0440\u043e\u043c\" \/>\n\t<meta name=\"twitter:data1\" content=\"Redactia\" \/>\n\t<meta name=\"twitter:label2\" content=\"\u041f\u0440\u0438\u043c\u0435\u0440\u043d\u043e\u0435 \u0432\u0440\u0435\u043c\u044f \u0434\u043b\u044f \u0447\u0442\u0435\u043d\u0438\u044f\" \/>\n\t<meta name=\"twitter:data2\" content=\"2 \u043c\u0438\u043d\u0443\u0442\u044b\" \/>\n<script type=\"application\/ld+json\" class=\"yoast-schema-graph\">{\"@context\":\"https:\/\/schema.org\",\"@graph\":[{\"@type\":\"Article\",\"@id\":\"https:\/\/bangbang.md\/2025\/03\/18\/parlamentul-ungariei-interzice-marsul-pride-prin-lege\/#article\",\"isPartOf\":{\"@id\":\"https:\/\/bangbang.md\/2025\/03\/18\/parlamentul-ungariei-interzice-marsul-pride-prin-lege\/\"},\"author\":{\"name\":\"Redactia\",\"@id\":\"https:\/\/bangbang.md\/#\/schema\/person\/3c4bdd852f2d2f8db3bde1e81e9676a2\"},\"headline\":\"Parlamentul Ungariei interzice mar\u0219ul Pride prin lege\",\"datePublished\":\"2025-03-18T13:46:04+00:00\",\"dateModified\":\"2025-03-18T13:58:21+00:00\",\"mainEntityOfPage\":{\"@id\":\"https:\/\/bangbang.md\/2025\/03\/18\/parlamentul-ungariei-interzice-marsul-pride-prin-lege\/\"},\"wordCount\":294,\"publisher\":{\"@id\":\"https:\/\/bangbang.md\/#organization\"},\"articleSection\":[\"A\u0219a nu\",\"Nout\u0103\u021bi\"],\"inLanguage\":\"ru-RU\"},{\"@type\":\"WebPage\",\"@id\":\"https:\/\/bangbang.md\/2025\/03\/18\/parlamentul-ungariei-interzice-marsul-pride-prin-lege\/\",\"url\":\"https:\/\/bangbang.md\/2025\/03\/18\/parlamentul-ungariei-interzice-marsul-pride-prin-lege\/\",\"name\":\"Parlamentul Ungariei interzice mar\u0219ul Pride prin lege - BANG-BANG\",\"isPartOf\":{\"@id\":\"https:\/\/bangbang.md\/#website\"},\"datePublished\":\"2025-03-18T13:46:04+00:00\",\"dateModified\":\"2025-03-18T13:58:21+00:00\",\"breadcrumb\":{\"@id\":\"https:\/\/bangbang.md\/2025\/03\/18\/parlamentul-ungariei-interzice-marsul-pride-prin-lege\/#breadcrumb\"},\"inLanguage\":\"ru-RU\",\"potentialAction\":[{\"@type\":\"ReadAction\",\"target\":[\"https:\/\/bangbang.md\/2025\/03\/18\/parlamentul-ungariei-interzice-marsul-pride-prin-lege\/\"]}]},{\"@type\":\"BreadcrumbList\",\"@id\":\"https:\/\/bangbang.md\/2025\/03\/18\/parlamentul-ungariei-interzice-marsul-pride-prin-lege\/#breadcrumb\",\"itemListElement\":[{\"@type\":\"ListItem\",\"position\":1,\"name\":\"Prima pagin\u0103\",\"item\":\"https:\/\/bangbang.md\/\"},{\"@type\":\"ListItem\",\"position\":2,\"name\":\"Parlamentul Ungariei interzice mar\u0219ul Pride prin lege\"}]},{\"@type\":\"WebSite\",\"@id\":\"https:\/\/bangbang.md\/#website\",\"url\":\"https:\/\/bangbang.md\/\",\"name\":\"BANG-BANG\",\"description\":\"Portal web dedicat comunit\u0103\u021bii LGBTQ d RM\",\"publisher\":{\"@id\":\"https:\/\/bangbang.md\/#organization\"},\"potentialAction\":[{\"@type\":\"SearchAction\",\"target\":{\"@type\":\"EntryPoint\",\"urlTemplate\":\"https:\/\/bangbang.md\/?s={search_term_string}\"},\"query-input\":\"required name=search_term_string\"}],\"inLanguage\":\"ru-RU\"},{\"@type\":\"Organization\",\"@id\":\"https:\/\/bangbang.md\/#organization\",\"name\":\"Bang bang\",\"url\":\"https:\/\/bangbang.md\/\",\"logo\":{\"@type\":\"ImageObject\",\"inLanguage\":\"ru-RU\",\"@id\":\"https:\/\/bangbang.md\/#\/schema\/logo\/image\/\",\"url\":\"https:\/\/bangbang.md\/wp-content\/uploads\/2022\/07\/cropped-Group.jpg\",\"contentUrl\":\"https:\/\/bangbang.md\/wp-content\/uploads\/2022\/07\/cropped-Group.jpg\",\"width\":512,\"height\":512,\"caption\":\"Bang bang\"},\"image\":{\"@id\":\"https:\/\/bangbang.md\/#\/schema\/logo\/image\/\"},\"sameAs\":[\"https:\/\/www.facebook.com\/bangbangmoldova\"]},{\"@type\":\"Person\",\"@id\":\"https:\/\/bangbang.md\/#\/schema\/person\/3c4bdd852f2d2f8db3bde1e81e9676a2\",\"name\":\"Redactia\",\"image\":{\"@type\":\"ImageObject\",\"inLanguage\":\"ru-RU\",\"@id\":\"https:\/\/bangbang.md\/#\/schema\/person\/image\/\",\"url\":\"https:\/\/secure.gravatar.com\/avatar\/31b9e560d1e50693e5c3bec169fad34f40ffc3d32174e8953ddc1d30a6216ced?s=96&d=mm&r=g\",\"contentUrl\":\"https:\/\/secure.gravatar.com\/avatar\/31b9e560d1e50693e5c3bec169fad34f40ffc3d32174e8953ddc1d30a6216ced?s=96&d=mm&r=g\",\"caption\":\"Redactia\"},\"url\":\"https:\/\/bangbang.md\/ru\/author\/redactia\/\"}]}<\/script>\n<!-- \/ Yoast SEO Premium plugin. -->","yoast_head_json":{"title":"Parlamentul Ungariei interzice mar\u0219ul Pride prin lege - BANG-BANG","robots":{"index":"index","follow":"follow","max-snippet":"max-snippet:-1","max-image-preview":"max-image-preview:large","max-video-preview":"max-video-preview:-1"},"canonical":"https:\/\/bangbang.md\/ru\/2025\/03\/18\/parlamentul-ungariei-interzice-marsul-pride-prin-lege\/","og_locale":"ru_RU","og_type":"article","og_title":"Parlamentul Ungariei interzice mar\u0219ul Pride prin lege","og_description":"Budapesta, 18 martie 2025 \u2013 Ast\u0103zi, Parlamentul Ungariei a adoptat o lege care interzice oficial desf\u0103\u0219urarea evenimentelor Pride \u00een spa\u021biul...","og_url":"https:\/\/bangbang.md\/ru\/2025\/03\/18\/parlamentul-ungariei-interzice-marsul-pride-prin-lege\/","og_site_name":"BANG-BANG","article_publisher":"https:\/\/www.facebook.com\/bangbangmoldova","article_published_time":"2025-03-18T13:46:04+00:00","article_modified_time":"2025-03-18T13:58:21+00:00","og_image":[{"width":960,"height":640,"url":"https:\/\/bangbang.md\/wp-content\/uploads\/2025\/03\/960x0.webp","type":"image\/webp"}],"author":"Redactia","twitter_card":"summary_large_image","twitter_misc":{"\u041d\u0430\u043f\u0438\u0441\u0430\u043d\u043e \u0430\u0432\u0442\u043e\u0440\u043e\u043c":"Redactia","\u041f\u0440\u0438\u043c\u0435\u0440\u043d\u043e\u0435 \u0432\u0440\u0435\u043c\u044f \u0434\u043b\u044f \u0447\u0442\u0435\u043d\u0438\u044f":"2 \u043c\u0438\u043d\u0443\u0442\u044b"},"schema":{"@context":"https:\/\/schema.org","@graph":[{"@type":"Article","@id":"https:\/\/bangbang.md\/2025\/03\/18\/parlamentul-ungariei-interzice-marsul-pride-prin-lege\/#article","isPartOf":{"@id":"https:\/\/bangbang.md\/2025\/03\/18\/parlamentul-ungariei-interzice-marsul-pride-prin-lege\/"},"author":{"name":"Redactia","@id":"https:\/\/bangbang.md\/#\/schema\/person\/3c4bdd852f2d2f8db3bde1e81e9676a2"},"headline":"Parlamentul Ungariei interzice mar\u0219ul Pride prin lege","datePublished":"2025-03-18T13:46:04+00:00","dateModified":"2025-03-18T13:58:21+00:00","mainEntityOfPage":{"@id":"https:\/\/bangbang.md\/2025\/03\/18\/parlamentul-ungariei-interzice-marsul-pride-prin-lege\/"},"wordCount":294,"publisher":{"@id":"https:\/\/bangbang.md\/#organization"},"articleSection":["A\u0219a nu","Nout\u0103\u021bi"],"inLanguage":"ru-RU"},{"@type":"WebPage","@id":"https:\/\/bangbang.md\/2025\/03\/18\/parlamentul-ungariei-interzice-marsul-pride-prin-lege\/","url":"https:\/\/bangbang.md\/2025\/03\/18\/parlamentul-ungariei-interzice-marsul-pride-prin-lege\/","name":"Parlamentul Ungariei interzice mar\u0219ul Pride prin lege - BANG-BANG","isPartOf":{"@id":"https:\/\/bangbang.md\/#website"},"datePublished":"2025-03-18T13:46:04+00:00","dateModified":"2025-03-18T13:58:21+00:00","breadcrumb":{"@id":"https:\/\/bangbang.md\/2025\/03\/18\/parlamentul-ungariei-interzice-marsul-pride-prin-lege\/#breadcrumb"},"inLanguage":"ru-RU","potentialAction":[{"@type":"ReadAction","target":["https:\/\/bangbang.md\/2025\/03\/18\/parlamentul-ungariei-interzice-marsul-pride-prin-lege\/"]}]},{"@type":"BreadcrumbList","@id":"https:\/\/bangbang.md\/2025\/03\/18\/parlamentul-ungariei-interzice-marsul-pride-prin-lege\/#breadcrumb","itemListElement":[{"@type":"ListItem","position":1,"name":"Prima pagin\u0103","item":"https:\/\/bangbang.md\/"},{"@type":"ListItem","position":2,"name":"Parlamentul Ungariei interzice mar\u0219ul Pride prin lege"}]},{"@type":"WebSite","@id":"https:\/\/bangbang.md\/#website","url":"https:\/\/bangbang.md\/","name":"BANG-BANG","description":"Portal web dedicat comunit\u0103\u021bii LGBTQ d RM","publisher":{"@id":"https:\/\/bangbang.md\/#organization"},"potentialAction":[{"@type":"SearchAction","target":{"@type":"EntryPoint","urlTemplate":"https:\/\/bangbang.md\/?s={search_term_string}"},"query-input":"required name=search_term_string"}],"inLanguage":"ru-RU"},{"@type":"Organization","@id":"https:\/\/bangbang.md\/#organization","name":"Bang bang","url":"https:\/\/bangbang.md\/","logo":{"@type":"ImageObject","inLanguage":"ru-RU","@id":"https:\/\/bangbang.md\/#\/schema\/logo\/image\/","url":"https:\/\/bangbang.md\/wp-content\/uploads\/2022\/07\/cropped-Group.jpg","contentUrl":"https:\/\/bangbang.md\/wp-content\/uploads\/2022\/07\/cropped-Group.jpg","width":512,"height":512,"caption":"Bang bang"},"image":{"@id":"https:\/\/bangbang.md\/#\/schema\/logo\/image\/"},"sameAs":["https:\/\/www.facebook.com\/bangbangmoldova"]},{"@type":"Person","@id":"https:\/\/bangbang.md\/#\/schema\/person\/3c4bdd852f2d2f8db3bde1e81e9676a2","name":"Redactia","image":{"@type":"ImageObject","inLanguage":"ru-RU","@id":"https:\/\/bangbang.md\/#\/schema\/person\/image\/","url":"https:\/\/secure.gravatar.com\/avatar\/31b9e560d1e50693e5c3bec169fad34f40ffc3d32174e8953ddc1d30a6216ced?s=96&d=mm&r=g","contentUrl":"https:\/\/secure.gravatar.com\/avatar\/31b9e560d1e50693e5c3bec169fad34f40ffc3d32174e8953ddc1d30a6216ced?s=96&d=mm&r=g","caption":"Redactia"},"url":"https:\/\/bangbang.md\/ru\/author\/redactia\/"}]}},"_links":{"self":[{"href":"https:\/\/bangbang.md\/ru\/wp-json\/wp\/v2\/posts\/8442","targetHints":{"allow":["GET"]}}],"collection":[{"href":"https:\/\/bangbang.md\/ru\/wp-json\/wp\/v2\/posts"}],"about":[{"href":"https:\/\/bangbang.md\/ru\/wp-json\/wp\/v2\/types\/post"}],"author":[{"embeddable":true,"href":"https:\/\/bangbang.md\/ru\/wp-json\/wp\/v2\/users\/4"}],"replies":[{"embeddable":true,"href":"https:\/\/bangbang.md\/ru\/wp-json\/wp\/v2\/comments?post=8442"}],"version-history":[{"count":3,"href":"https:\/\/bangbang.md\/ru\/wp-json\/wp\/v2\/posts\/8442\/revisions"}],"predecessor-version":[{"id":8446,"href":"https:\/\/bangbang.md\/ru\/wp-json\/wp\/v2\/posts\/8442\/revisions\/8446"}],"wp:featuredmedia":[{"embeddable":true,"href":"https:\/\/bangbang.md\/ru\/wp-json\/wp\/v2\/media\/8443"}],"wp:attachment":[{"href":"https:\/\/bangbang.md\/ru\/wp-json\/wp\/v2\/media?parent=8442"}],"wp:term":[{"taxonomy":"category","embeddable":true,"href":"https:\/\/bangbang.md\/ru\/wp-json\/wp\/v2\/categories?post=8442"},{"taxonomy":"post_tag","embeddable":true,"href":"https:\/\/bangbang.md\/ru\/wp-json\/wp\/v2\/tags?post=8442"}],"curies":[{"name":"wp","href":"https:\/\/api.w.org\/{rel}","templated":true}]}}