{"id":8363,"date":"2025-03-07T13:45:13","date_gmt":"2025-03-07T13:45:13","guid":{"rendered":"https:\/\/bangbang.md\/?p=8363"},"modified":"2025-03-07T13:45:15","modified_gmt":"2025-03-07T13:45:15","slug":"8-martie-nu-e-despre-frumusete-si-feminitate-cum-aceasta-zi-a-devenit-sarbatoare","status":"publish","type":"post","link":"https:\/\/bangbang.md\/ru\/2025\/03\/07\/8-martie-nu-e-despre-frumusete-si-feminitate-cum-aceasta-zi-a-devenit-sarbatoare\/","title":{"rendered":"8 Martie nu e despre frumuse\u021be \u0219i feminitate. Cum aceast\u0103 zi a devenit s\u0103rb\u0103toare"},"content":{"rendered":"<h2 class=\"wp-block-heading\" id=\"h-pe-8-martie-celebram-ziua-interna\u021bionala-a-femeii-o-zi-c-e-marcheaza-lupta-impotriva-discriminarii-\u0219i-incalcarii-drepturilor-fundamentale-ale-femeilor-de-a-lungul-secolelor-din-pacate-aceasta-zi-s-a-transformat-dintr-o-celebrare-a-luptei-pentru-drepturile-femeilor-\u0219i-egalitatea-de-gen-intr-o-sarbatoare-a-sexului-slab-sau-frumos-de-multe-ori-urarile-primite-pun-accent-pe-frumuse\u021be-feminitate-\u0219i-rolurile-tradi\u021bionale-de-gospodina-\u0219i-mama-grijulie-ignorand-esen\u021ba-acestei-zile\">Pe 8 martie celebr\u0103m Ziua Interna\u021bional\u0103 a Femeii, o zi c                                                                                          e marcheaz\u0103 lupta \u00eempotriva discrimin\u0103rii \u0219i \u00eenc\u0103lc\u0103rii drepturilor fundamentale ale femeilor de-a lungul secolelor. Din p\u0103cate, aceast\u0103 zi s-a transformat dintr-o celebrare a luptei pentru drepturile femeilor \u0219i egalitatea de gen \u00eentr-o s\u0103rb\u0103toare a \u201esexului slab\u201d sau \u201efrumos\u201d. De multe ori, ur\u0103rile primite pun accent pe frumuse\u021be, feminitate \u0219i rolurile tradi\u021bionale de gospodin\u0103 \u0219i mam\u0103 grijulie, ignor\u00e2nd esen\u021ba acestei zile.\u00a0<\/h2>\n\n\n\n<p>Cum a devenit 8 martie un simbol al luptei femeilor? Afla\u021bi din materialul de mai jos.<\/p>\n\n\n\n<h4 class=\"wp-block-heading has-text-align-center\" id=\"h-evolu\u021bia-luptei-femeilor-pentru-drepturi-egale\">Evolu\u021bia luptei femeilor pentru drepturi egale<\/h4>\n\n\n\n<p>La \u00eenceputul secolului XX-lea, mi\u0219c\u0103rile socialiste \u0219i feministe din Europa \u0219i America de Nord au \u00eenceput s\u0103 militeze pentru drepturile femeilor, inclusiv dreptul la vot, condi\u021bii de munc\u0103 mai bune \u0219i egalitate economic\u0103.<\/p>\n\n\n\n<p><strong>Dreptul la vot<\/strong>.<\/p>\n\n\n\n<p>\u2014 SUA. Al 19-lea amendament la Constitu\u021bie (1920) a oferit femeilor dreptul de vot;<\/p>\n\n\n\n<p>\u2014 Marea Britanie. Drepturi de vot limitate pentru femeile de peste 30 de ani \u00een 1918, egalitate deplin\u0103 cu b\u0103rba\u021bii \u00een 1928;<\/p>\n\n\n\n<p>\u2014 Fran\u021ba: Drepturi de vot acordate \u00een 1944.<\/p>\n\n\n\n<p>\u2014<strong> <\/strong>URSS: Femeile au c\u00e2\u0219tigat dreptul de vot odat\u0103 cu adoptarea Constitu\u021biei din 1918.<\/p>\n\n\n\n<p><strong>Dreptul la educa\u021bie.<\/strong><\/p>\n\n\n\n<p>\u2014 Accesul la \u00eenv\u0103\u021b\u0103m\u00e2ntul superior a devenit mai larg abia la mijlocul secolului XX-lea, c\u00e2nd femeile puteau intra la universit\u0103\u021bi la fel ca b\u0103rba\u021bii \u00een multe \u021b\u0103ri.<\/p>\n\n\n\n<p><strong>Dreptul la munc\u0103.<\/strong><\/p>\n\n\n\n<p>\u2014 Femeile au \u00eenceput s\u0103 fie integrate activ \u00een sfera profesional\u0103, mai ales \u00een timpul \u0219i dup\u0103 r\u0103zboaiele mondiale.<\/p>\n\n\n\n<p>\u2014 \u00cen 1963, \u00een Statele Unite a fost adoptat\u0103 Legea egalit\u0103\u021bii de remunerare, interzic\u00e2nd discriminarea de gen \u00een ceea ce prive\u0219te salariile.<\/p>\n\n\n\n<p>\u2014 \u00cen URSS, femeile au primit drepturi de munc\u0103 egale cu b\u0103rba\u021bii din 1917.<\/p>\n\n\n\n<p><strong>Dreptul la divor\u021b.<\/strong><\/p>\n\n\n\n<p>\u2014 \u00cen multe \u021b\u0103ri, femeilor li s-a oferit posibilitatea de a ini\u021bia divor\u021bul. De exemplu, \u00een Marea Britanie, legile divor\u021bului au fost liberalizate \u00een 1969, \u00een timp ce \u00een Italia divor\u021bul a devenit legal abia \u00een 1970.<\/p>\n\n\n\n<p>Pentru prima dat\u0103, Ziua Femeii a fost s\u0103rb\u0103torit\u0103 pe 28 februarie 1909, \u00een urma unei decizii a Partidului Socialist American, sub denumirea de \u201eZiua Na\u021bional\u0103 a Femeii\u201d.<\/p>\n\n\n\n<p>\u00cen august 1910, cu ocazia Interna\u021bionalei Socialiste reunit\u0103 la Copenhaga, activista socialist\u0103 german\u0103 Clara Zetkin, \u00eempreun\u0103 cu colega sa Luise Zietz, a propus instituirea unei Zile Interna\u021bionale a Femeii, f\u0103r\u0103 a stabili \u00eens\u0103 o dat\u0103 fix\u0103. Astfel, pe 19 martie 1911, aceast\u0103 zi a fost s\u0103rb\u0103torit\u0103 pentru prima dat\u0103 \u00een mai multe \u021b\u0103ri europene.<\/p>\n\n\n\n<p>\u00cencep\u00e2nd cu anul 1913, femeile din Rusia au \u00eenceput s\u0103 marcheze Ziua Femeii \u00een ultima duminic\u0103 din februarie. \u00cen 1917, aceast\u0103 zi a coincis, conform calendarului pe stil vechi, cu 8 martie pe stil nou. Atunci, femeile din Sankt Petersburg au declan\u0219at o grev\u0103 cer\u00e2nd \u00eencheierea Primului R\u0103zboi Mondial. Protestele s-au extins \u00een \u00eentreg ora\u0219ul, declan\u0219\u00e2nd Revolu\u021bia din Februarie, iar noul guvern provizoriu a acordat femeilor dreptul la vot.<\/p>\n\n\n\n<p>Dup\u0103 Revolu\u021bie, Vladimir Ilici Lenin a declarat 8 martie s\u0103rb\u0103toare oficial\u0103 \u00een Uniunea Sovietic\u0103, iar abia pe 8 mai 1965 aceasta a devenit zi nelucr\u0103toare.<\/p>\n\n\n\n<h4 class=\"wp-block-heading has-text-align-center\" id=\"h-recunoa\u0219terea-interna\u021bionala\">Recunoa\u0219terea interna\u021bional\u0103<\/h4>\n\n\n\n<p>La mijlocul secolului XX-lea, s\u0103rb\u0103toarea s-a r\u0103sp\u00e2ndit \u00een Occident devenind s\u0103rb\u0103torit\u0103 de Organiza\u021bia Na\u021biunilor Unite \u00een 1975. Urm\u0103toarea etap\u0103 \u00een instituirea zilei dedicate femeii l-a constituit proclamarea, \u00een 1977, de c\u0103tre ONU, a Anului Interna\u021bional al Femeilor \u0219i declararea perioadei 1976\u20131985 ca Deceniul ONU pentru condi\u021bia femeii.<\/p>\n\n\n\n<p>De atunci, 8 martie a devenit o zi de celebrare a realiz\u0103rilor femeilor \u0219i de sus\u021binere a drepturilor lor \u00een \u00eentreaga lume.<\/p>\n\n\n\n<p>A doua jum\u0103tate a secolului XX a fost marcat\u0103 de adoptarea unor legi \u00eempotriva discrimin\u0103rii de gen. De exemplu, Conven\u021bia ONU privind eliminarea tuturor formelor de discriminare \u00eempotriva femeilor a fost adoptat\u0103 \u00een 1979.<\/p>\n\n\n\n<h4 class=\"wp-block-heading has-text-align-center\" id=\"h-femeile-in-moldova\">Femeile \u00een Moldova<\/h4>\n\n\n\n<p>Femeile c\u00e2\u0219tig\u0103, \u00een medie, cu 15,5 % mai pu\u021bin dec\u00e2t b\u0103rba\u021bii, arat\u0103 ultimele date publicate de <a href=\"https:\/\/statistica.gov.md\/ro\/portretul-statistic-al-femeilor-si-barbatilor-in-republica-moldova-9617_61008.html\" target=\"_blank\" rel=\"noreferrer noopener\"><strong><mark style=\"background-color:rgba(0, 0, 0, 0)\" class=\"has-inline-color has-vivid-cyan-blue-color\">Biroul Na\u021bional de Statistic\u0103<\/mark><\/strong><\/a> (BNS).\u00a0<\/p>\n\n\n\n<p>Conform datelor Anchetei For\u021bei de Munc\u0103, femeile \u00een v\u00e2rst\u0103 de 25-64 ani au un nivel de instruire mai \u00eenalt comparativ cu cel al b\u0103rba\u0163ilor de aceea\u0219i v\u00e2rst\u0103.<\/p>\n\n\n\n<p>\u00cen anul 2022, din totalul conduc\u0103torilor de toate nivelurile, 55,4 % au fost b\u0103rba\u0163i, iar 44,6 % &#8211; femei. Participarea femeilor la luarea deciziilor \u00een Parlament relev\u0103 o reprezentare a femeilor \u00een propor\u0163ie de 40,4%, la \u00eenceputul anului 2024 (din 99 deputa\u0163i 40 erau femei), \u00een compara\u021bie cu 31,6% la nivel european \u0219i 26,9% la nivel global.<\/p>\n\n\n\n<p>Femeile comparativ cu b\u0103rba\u021bii sunt mai des victime ale violen\u021bei \u00een familie. \u00cen anul 2023, \u00een urma infrac\u021biunilor violen\u021bei \u00een familie \u00eenregistrate au suferit 685 de persoane din care 71,2 % au fost femei, iar \u00een 2024 au fost \u00eenregistrate 926 de victime, dintre care 70,5 % au fost femei.<\/p>\n\n\n\n<p>De asemenea, \u00een 2024 au fost raportate 28 de cazuri de femicid cauzate de violen\u021ba \u00een familie, o cre\u0219tere cu 7 cazuri fa\u021b\u0103 de 2023.<\/p>\n\n\n\n<h4 class=\"wp-block-heading has-text-align-center\" id=\"h-ce-facem-pe-8-martie\">Ce facem pe 8 martie?<\/h4>\n\n\n\n<p>Pe 8 martie, la ora 12.00, \u00een fa\u021ba Centrului Comercial UNIC v\u0103 pute\u021bi al\u0103tura Mar\u0219ului Feminist. Acesta este o ac\u021biune pa\u0219nic\u0103 incluziv\u0103 care \u00ee\u0219i propune s\u0103 combat\u0103 stereotipurile create \u00een jurul cuv\u00e2ntului feminism, precum \u0219i prejudec\u0103\u021bile atribuite persoanelor care se identific\u0103 ca feministe \u0219i femini\u0219ti.<\/p>\n\n\n\n<p>Evenimentul invit\u0103 sub acelea\u0219i lozinci nu doar femei, ci \u0219i b\u0103rba\u021bi care sus\u021bin egalarea \u00een drepturi a ambelor sexe.<\/p>","protected":false},"excerpt":{"rendered":"<p>Pe 8 martie celebr\u0103m Ziua Interna\u021bional\u0103 a Femeii, o zi c e marcheaz\u0103 lupta \u00eempotriva discrimin\u0103rii \u0219i \u00eenc\u0103lc\u0103rii drepturilor fundamentale&#8230;<\/p>","protected":false},"author":11,"featured_media":4341,"comment_status":"closed","ping_status":"closed","sticky":false,"template":"","format":"standard","meta":{"footnotes":""},"categories":[186],"tags":[],"class_list":["post-8363","post","type-post","status-publish","format-standard","has-post-thumbnail","hentry","category-despre-oameni"],"yoast_head":"<!-- This site is optimized with the Yoast SEO Premium plugin v18.9 (Yoast SEO v20.13) - https:\/\/yoast.com\/wordpress\/plugins\/seo\/ -->\n<title>8 Martie nu e despre frumuse\u021be \u0219i feminitate. Cum aceast\u0103 zi a devenit s\u0103rb\u0103toare - BANG-BANG<\/title>\n<meta name=\"robots\" content=\"index, follow, max-snippet:-1, max-image-preview:large, max-video-preview:-1\" \/>\n<link rel=\"canonical\" href=\"https:\/\/bangbang.md\/ru\/2025\/03\/07\/8-martie-nu-e-despre-frumusete-si-feminitate-cum-aceasta-zi-a-devenit-sarbatoare\/\" \/>\n<meta property=\"og:locale\" content=\"ru_RU\" \/>\n<meta property=\"og:type\" content=\"article\" \/>\n<meta property=\"og:title\" content=\"8 Martie nu e despre frumuse\u021be \u0219i feminitate. Cum aceast\u0103 zi a devenit s\u0103rb\u0103toare\" \/>\n<meta property=\"og:description\" content=\"Pe 8 martie celebr\u0103m Ziua Interna\u021bional\u0103 a Femeii, o zi c e marcheaz\u0103 lupta \u00eempotriva discrimin\u0103rii \u0219i \u00eenc\u0103lc\u0103rii drepturilor fundamentale...\" \/>\n<meta property=\"og:url\" content=\"https:\/\/bangbang.md\/ru\/2025\/03\/07\/8-martie-nu-e-despre-frumusete-si-feminitate-cum-aceasta-zi-a-devenit-sarbatoare\/\" \/>\n<meta property=\"og:site_name\" content=\"BANG-BANG\" \/>\n<meta property=\"article:publisher\" content=\"https:\/\/www.facebook.com\/bangbangmoldova\" \/>\n<meta property=\"article:published_time\" content=\"2025-03-07T13:45:13+00:00\" \/>\n<meta property=\"article:modified_time\" content=\"2025-03-07T13:45:15+00:00\" \/>\n<meta property=\"og:image\" content=\"https:\/\/bangbang.md\/wp-content\/uploads\/2023\/03\/333110108_148341104805882_7468913060923383217_n.jpg\" \/>\n\t<meta property=\"og:image:width\" content=\"2048\" \/>\n\t<meta property=\"og:image:height\" content=\"1536\" \/>\n\t<meta property=\"og:image:type\" content=\"image\/jpeg\" \/>\n<meta name=\"author\" content=\"Liubomir Gutu\" \/>\n<meta name=\"twitter:card\" content=\"summary_large_image\" \/>\n<meta name=\"twitter:label1\" content=\"\u041d\u0430\u043f\u0438\u0441\u0430\u043d\u043e \u0430\u0432\u0442\u043e\u0440\u043e\u043c\" \/>\n\t<meta name=\"twitter:data1\" content=\"Liubomir Gutu\" \/>\n\t<meta name=\"twitter:label2\" content=\"\u041f\u0440\u0438\u043c\u0435\u0440\u043d\u043e\u0435 \u0432\u0440\u0435\u043c\u044f \u0434\u043b\u044f \u0447\u0442\u0435\u043d\u0438\u044f\" \/>\n\t<meta name=\"twitter:data2\" content=\"5 \u043c\u0438\u043d\u0443\u0442\" \/>\n<script type=\"application\/ld+json\" class=\"yoast-schema-graph\">{\"@context\":\"https:\/\/schema.org\",\"@graph\":[{\"@type\":\"Article\",\"@id\":\"https:\/\/bangbang.md\/2025\/03\/07\/8-martie-nu-e-despre-frumusete-si-feminitate-cum-aceasta-zi-a-devenit-sarbatoare\/#article\",\"isPartOf\":{\"@id\":\"https:\/\/bangbang.md\/2025\/03\/07\/8-martie-nu-e-despre-frumusete-si-feminitate-cum-aceasta-zi-a-devenit-sarbatoare\/\"},\"author\":{\"name\":\"Liubomir Gutu\",\"@id\":\"https:\/\/bangbang.md\/#\/schema\/person\/b4ff4d5c9f0016ac2c271c7f56fe821a\"},\"headline\":\"8 Martie nu e despre frumuse\u021be \u0219i feminitate. Cum aceast\u0103 zi a devenit s\u0103rb\u0103toare\",\"datePublished\":\"2025-03-07T13:45:13+00:00\",\"dateModified\":\"2025-03-07T13:45:15+00:00\",\"mainEntityOfPage\":{\"@id\":\"https:\/\/bangbang.md\/2025\/03\/07\/8-martie-nu-e-despre-frumusete-si-feminitate-cum-aceasta-zi-a-devenit-sarbatoare\/\"},\"wordCount\":915,\"publisher\":{\"@id\":\"https:\/\/bangbang.md\/#organization\"},\"articleSection\":[\"Despre oameni\"],\"inLanguage\":\"ru-RU\"},{\"@type\":\"WebPage\",\"@id\":\"https:\/\/bangbang.md\/2025\/03\/07\/8-martie-nu-e-despre-frumusete-si-feminitate-cum-aceasta-zi-a-devenit-sarbatoare\/\",\"url\":\"https:\/\/bangbang.md\/2025\/03\/07\/8-martie-nu-e-despre-frumusete-si-feminitate-cum-aceasta-zi-a-devenit-sarbatoare\/\",\"name\":\"8 Martie nu e despre frumuse\u021be \u0219i feminitate. Cum aceast\u0103 zi a devenit s\u0103rb\u0103toare - BANG-BANG\",\"isPartOf\":{\"@id\":\"https:\/\/bangbang.md\/#website\"},\"datePublished\":\"2025-03-07T13:45:13+00:00\",\"dateModified\":\"2025-03-07T13:45:15+00:00\",\"breadcrumb\":{\"@id\":\"https:\/\/bangbang.md\/2025\/03\/07\/8-martie-nu-e-despre-frumusete-si-feminitate-cum-aceasta-zi-a-devenit-sarbatoare\/#breadcrumb\"},\"inLanguage\":\"ru-RU\",\"potentialAction\":[{\"@type\":\"ReadAction\",\"target\":[\"https:\/\/bangbang.md\/2025\/03\/07\/8-martie-nu-e-despre-frumusete-si-feminitate-cum-aceasta-zi-a-devenit-sarbatoare\/\"]}]},{\"@type\":\"BreadcrumbList\",\"@id\":\"https:\/\/bangbang.md\/2025\/03\/07\/8-martie-nu-e-despre-frumusete-si-feminitate-cum-aceasta-zi-a-devenit-sarbatoare\/#breadcrumb\",\"itemListElement\":[{\"@type\":\"ListItem\",\"position\":1,\"name\":\"Prima pagin\u0103\",\"item\":\"https:\/\/bangbang.md\/\"},{\"@type\":\"ListItem\",\"position\":2,\"name\":\"8 Martie nu e despre frumuse\u021be \u0219i feminitate. Cum aceast\u0103 zi a devenit s\u0103rb\u0103toare\"}]},{\"@type\":\"WebSite\",\"@id\":\"https:\/\/bangbang.md\/#website\",\"url\":\"https:\/\/bangbang.md\/\",\"name\":\"BANG-BANG\",\"description\":\"Portal web dedicat comunit\u0103\u021bii LGBTQ d RM\",\"publisher\":{\"@id\":\"https:\/\/bangbang.md\/#organization\"},\"potentialAction\":[{\"@type\":\"SearchAction\",\"target\":{\"@type\":\"EntryPoint\",\"urlTemplate\":\"https:\/\/bangbang.md\/?s={search_term_string}\"},\"query-input\":\"required name=search_term_string\"}],\"inLanguage\":\"ru-RU\"},{\"@type\":\"Organization\",\"@id\":\"https:\/\/bangbang.md\/#organization\",\"name\":\"Bang bang\",\"url\":\"https:\/\/bangbang.md\/\",\"logo\":{\"@type\":\"ImageObject\",\"inLanguage\":\"ru-RU\",\"@id\":\"https:\/\/bangbang.md\/#\/schema\/logo\/image\/\",\"url\":\"https:\/\/bangbang.md\/wp-content\/uploads\/2022\/07\/cropped-Group.jpg\",\"contentUrl\":\"https:\/\/bangbang.md\/wp-content\/uploads\/2022\/07\/cropped-Group.jpg\",\"width\":512,\"height\":512,\"caption\":\"Bang bang\"},\"image\":{\"@id\":\"https:\/\/bangbang.md\/#\/schema\/logo\/image\/\"},\"sameAs\":[\"https:\/\/www.facebook.com\/bangbangmoldova\"]},{\"@type\":\"Person\",\"@id\":\"https:\/\/bangbang.md\/#\/schema\/person\/b4ff4d5c9f0016ac2c271c7f56fe821a\",\"name\":\"Liubomir Gutu\",\"image\":{\"@type\":\"ImageObject\",\"inLanguage\":\"ru-RU\",\"@id\":\"https:\/\/bangbang.md\/#\/schema\/person\/image\/\",\"url\":\"https:\/\/secure.gravatar.com\/avatar\/60b5aae02a7c05b5a360da7b8f74afbe8e259be49f2a87a5f18011708237c7b9?s=96&d=mm&r=g\",\"contentUrl\":\"https:\/\/secure.gravatar.com\/avatar\/60b5aae02a7c05b5a360da7b8f74afbe8e259be49f2a87a5f18011708237c7b9?s=96&d=mm&r=g\",\"caption\":\"Liubomir Gutu\"},\"description\":\"Nu v\u0103 sup\u0103ra\u021bi, dar brune\u021bii cu p\u0103rul cre\u021b sunt adorabili!\",\"sameAs\":[\"https:\/\/www.instagram.com\/liubomir_gutu\/\"],\"url\":\"https:\/\/bangbang.md\/ru\/author\/liubomir-gutu\/\"}]}<\/script>\n<!-- \/ Yoast SEO Premium plugin. -->","yoast_head_json":{"title":"8 Martie nu e despre frumuse\u021be \u0219i feminitate. Cum aceast\u0103 zi a devenit s\u0103rb\u0103toare - BANG-BANG","robots":{"index":"index","follow":"follow","max-snippet":"max-snippet:-1","max-image-preview":"max-image-preview:large","max-video-preview":"max-video-preview:-1"},"canonical":"https:\/\/bangbang.md\/ru\/2025\/03\/07\/8-martie-nu-e-despre-frumusete-si-feminitate-cum-aceasta-zi-a-devenit-sarbatoare\/","og_locale":"ru_RU","og_type":"article","og_title":"8 Martie nu e despre frumuse\u021be \u0219i feminitate. Cum aceast\u0103 zi a devenit s\u0103rb\u0103toare","og_description":"Pe 8 martie celebr\u0103m Ziua Interna\u021bional\u0103 a Femeii, o zi c e marcheaz\u0103 lupta \u00eempotriva discrimin\u0103rii \u0219i \u00eenc\u0103lc\u0103rii drepturilor fundamentale...","og_url":"https:\/\/bangbang.md\/ru\/2025\/03\/07\/8-martie-nu-e-despre-frumusete-si-feminitate-cum-aceasta-zi-a-devenit-sarbatoare\/","og_site_name":"BANG-BANG","article_publisher":"https:\/\/www.facebook.com\/bangbangmoldova","article_published_time":"2025-03-07T13:45:13+00:00","article_modified_time":"2025-03-07T13:45:15+00:00","og_image":[{"width":2048,"height":1536,"url":"https:\/\/bangbang.md\/wp-content\/uploads\/2023\/03\/333110108_148341104805882_7468913060923383217_n.jpg","type":"image\/jpeg"}],"author":"Liubomir Gutu","twitter_card":"summary_large_image","twitter_misc":{"\u041d\u0430\u043f\u0438\u0441\u0430\u043d\u043e \u0430\u0432\u0442\u043e\u0440\u043e\u043c":"Liubomir Gutu","\u041f\u0440\u0438\u043c\u0435\u0440\u043d\u043e\u0435 \u0432\u0440\u0435\u043c\u044f \u0434\u043b\u044f \u0447\u0442\u0435\u043d\u0438\u044f":"5 \u043c\u0438\u043d\u0443\u0442"},"schema":{"@context":"https:\/\/schema.org","@graph":[{"@type":"Article","@id":"https:\/\/bangbang.md\/2025\/03\/07\/8-martie-nu-e-despre-frumusete-si-feminitate-cum-aceasta-zi-a-devenit-sarbatoare\/#article","isPartOf":{"@id":"https:\/\/bangbang.md\/2025\/03\/07\/8-martie-nu-e-despre-frumusete-si-feminitate-cum-aceasta-zi-a-devenit-sarbatoare\/"},"author":{"name":"Liubomir Gutu","@id":"https:\/\/bangbang.md\/#\/schema\/person\/b4ff4d5c9f0016ac2c271c7f56fe821a"},"headline":"8 Martie nu e despre frumuse\u021be \u0219i feminitate. Cum aceast\u0103 zi a devenit s\u0103rb\u0103toare","datePublished":"2025-03-07T13:45:13+00:00","dateModified":"2025-03-07T13:45:15+00:00","mainEntityOfPage":{"@id":"https:\/\/bangbang.md\/2025\/03\/07\/8-martie-nu-e-despre-frumusete-si-feminitate-cum-aceasta-zi-a-devenit-sarbatoare\/"},"wordCount":915,"publisher":{"@id":"https:\/\/bangbang.md\/#organization"},"articleSection":["Despre oameni"],"inLanguage":"ru-RU"},{"@type":"WebPage","@id":"https:\/\/bangbang.md\/2025\/03\/07\/8-martie-nu-e-despre-frumusete-si-feminitate-cum-aceasta-zi-a-devenit-sarbatoare\/","url":"https:\/\/bangbang.md\/2025\/03\/07\/8-martie-nu-e-despre-frumusete-si-feminitate-cum-aceasta-zi-a-devenit-sarbatoare\/","name":"8 Martie nu e despre frumuse\u021be \u0219i feminitate. Cum aceast\u0103 zi a devenit s\u0103rb\u0103toare - BANG-BANG","isPartOf":{"@id":"https:\/\/bangbang.md\/#website"},"datePublished":"2025-03-07T13:45:13+00:00","dateModified":"2025-03-07T13:45:15+00:00","breadcrumb":{"@id":"https:\/\/bangbang.md\/2025\/03\/07\/8-martie-nu-e-despre-frumusete-si-feminitate-cum-aceasta-zi-a-devenit-sarbatoare\/#breadcrumb"},"inLanguage":"ru-RU","potentialAction":[{"@type":"ReadAction","target":["https:\/\/bangbang.md\/2025\/03\/07\/8-martie-nu-e-despre-frumusete-si-feminitate-cum-aceasta-zi-a-devenit-sarbatoare\/"]}]},{"@type":"BreadcrumbList","@id":"https:\/\/bangbang.md\/2025\/03\/07\/8-martie-nu-e-despre-frumusete-si-feminitate-cum-aceasta-zi-a-devenit-sarbatoare\/#breadcrumb","itemListElement":[{"@type":"ListItem","position":1,"name":"Prima pagin\u0103","item":"https:\/\/bangbang.md\/"},{"@type":"ListItem","position":2,"name":"8 Martie nu e despre frumuse\u021be \u0219i feminitate. Cum aceast\u0103 zi a devenit s\u0103rb\u0103toare"}]},{"@type":"WebSite","@id":"https:\/\/bangbang.md\/#website","url":"https:\/\/bangbang.md\/","name":"BANG-BANG","description":"Portal web dedicat comunit\u0103\u021bii LGBTQ d RM","publisher":{"@id":"https:\/\/bangbang.md\/#organization"},"potentialAction":[{"@type":"SearchAction","target":{"@type":"EntryPoint","urlTemplate":"https:\/\/bangbang.md\/?s={search_term_string}"},"query-input":"required name=search_term_string"}],"inLanguage":"ru-RU"},{"@type":"Organization","@id":"https:\/\/bangbang.md\/#organization","name":"Bang bang","url":"https:\/\/bangbang.md\/","logo":{"@type":"ImageObject","inLanguage":"ru-RU","@id":"https:\/\/bangbang.md\/#\/schema\/logo\/image\/","url":"https:\/\/bangbang.md\/wp-content\/uploads\/2022\/07\/cropped-Group.jpg","contentUrl":"https:\/\/bangbang.md\/wp-content\/uploads\/2022\/07\/cropped-Group.jpg","width":512,"height":512,"caption":"Bang bang"},"image":{"@id":"https:\/\/bangbang.md\/#\/schema\/logo\/image\/"},"sameAs":["https:\/\/www.facebook.com\/bangbangmoldova"]},{"@type":"Person","@id":"https:\/\/bangbang.md\/#\/schema\/person\/b4ff4d5c9f0016ac2c271c7f56fe821a","name":"Liubomir Gutu","image":{"@type":"ImageObject","inLanguage":"ru-RU","@id":"https:\/\/bangbang.md\/#\/schema\/person\/image\/","url":"https:\/\/secure.gravatar.com\/avatar\/60b5aae02a7c05b5a360da7b8f74afbe8e259be49f2a87a5f18011708237c7b9?s=96&d=mm&r=g","contentUrl":"https:\/\/secure.gravatar.com\/avatar\/60b5aae02a7c05b5a360da7b8f74afbe8e259be49f2a87a5f18011708237c7b9?s=96&d=mm&r=g","caption":"Liubomir Gutu"},"description":"Nu v\u0103 sup\u0103ra\u021bi, dar brune\u021bii cu p\u0103rul cre\u021b sunt adorabili!","sameAs":["https:\/\/www.instagram.com\/liubomir_gutu\/"],"url":"https:\/\/bangbang.md\/ru\/author\/liubomir-gutu\/"}]}},"_links":{"self":[{"href":"https:\/\/bangbang.md\/ru\/wp-json\/wp\/v2\/posts\/8363","targetHints":{"allow":["GET"]}}],"collection":[{"href":"https:\/\/bangbang.md\/ru\/wp-json\/wp\/v2\/posts"}],"about":[{"href":"https:\/\/bangbang.md\/ru\/wp-json\/wp\/v2\/types\/post"}],"author":[{"embeddable":true,"href":"https:\/\/bangbang.md\/ru\/wp-json\/wp\/v2\/users\/11"}],"replies":[{"embeddable":true,"href":"https:\/\/bangbang.md\/ru\/wp-json\/wp\/v2\/comments?post=8363"}],"version-history":[{"count":2,"href":"https:\/\/bangbang.md\/ru\/wp-json\/wp\/v2\/posts\/8363\/revisions"}],"predecessor-version":[{"id":8365,"href":"https:\/\/bangbang.md\/ru\/wp-json\/wp\/v2\/posts\/8363\/revisions\/8365"}],"wp:featuredmedia":[{"embeddable":true,"href":"https:\/\/bangbang.md\/ru\/wp-json\/wp\/v2\/media\/4341"}],"wp:attachment":[{"href":"https:\/\/bangbang.md\/ru\/wp-json\/wp\/v2\/media?parent=8363"}],"wp:term":[{"taxonomy":"category","embeddable":true,"href":"https:\/\/bangbang.md\/ru\/wp-json\/wp\/v2\/categories?post=8363"},{"taxonomy":"post_tag","embeddable":true,"href":"https:\/\/bangbang.md\/ru\/wp-json\/wp\/v2\/tags?post=8363"}],"curies":[{"name":"wp","href":"https:\/\/api.w.org\/{rel}","templated":true}]}}