{"id":8302,"date":"2025-02-18T06:56:59","date_gmt":"2025-02-18T06:56:59","guid":{"rendered":"https:\/\/bangbang.md\/?p=8302"},"modified":"2025-02-18T06:57:00","modified_gmt":"2025-02-18T06:57:00","slug":"m-am-sters-de-pe-retele-sociale-beneficii-si-consecinte","status":"publish","type":"post","link":"https:\/\/bangbang.md\/ru\/2025\/02\/18\/m-am-sters-de-pe-retele-sociale-beneficii-si-consecinte\/","title":{"rendered":"M-am \u201e\u0219ters\u201d de pe re\u021bele sociale: beneficii \u0219i consecin\u021be"},"content":{"rendered":"<p><strong>\u00cencep\u00e2nd cu 1 ianuarie 2025, am ie\u0219it din toate chaturile posibile. A fost o urgen\u021b\u0103 dictat\u0103 de nevoia de comunicare real\u0103, nu online. M\u0103 sim\u021beam anxios \u0219i stresat din cauza asta. Verificam telefonul \u00een mod constant ca s\u0103 v\u0103d dac\u0103 mi-a scris cineva, iar dac\u0103 chaturile erau pustii, deveneam trist. Am \u00een\u021beles c\u0103 aceast\u0103 atitudine nu este s\u0103n\u0103toas\u0103.<\/strong><br><br>Studiul <a href=\"https:\/\/www.sciencedirect.com\/science\/article\/abs\/pii\/S0747563213000800\" target=\"_blank\" rel=\"noreferrer noopener\"><strong><em><mark style=\"background-color:rgba(0, 0, 0, 0)\" class=\"has-inline-color has-vivid-cyan-blue-color\">Motivational, emotional, and behavioral correlates of FOMO<\/mark><\/em><\/strong><\/a><em> (<\/em><strong>(Fear of Missing Out)<\/strong>, 2013, a ar\u0103tat c\u0103 \u201emul\u021bi oameni se tem c\u0103 pierd oportunit\u0103\u021bi sau evenimente importante dac\u0103 nu sunt activi online. Aceast\u0103 fric\u0103 amplific\u0103 dependen\u021ba de social media.\u201d<\/p>\n\n\n\n<p>Cred c\u0103 majoritatea dintre voi se reg\u0103sesc \u00een aceast\u0103 afirma\u021bie. Eu am f\u0103cut un pas \u00eenainte \u0219i am decis <strong>s\u0103 p\u0103r\u0103sesc lumea virtual\u0103<\/strong>, \u00een care tr\u0103iesc prin alte vie\u021bi, nu prin a mea.<\/p>\n\n\n\n<h4 class=\"wp-block-heading has-text-align-center\" id=\"h-cauzele\">Cauzele<\/h4>\n\n\n\n<p>Fac parte din genera\u021bia copiilor anilor \u201890, care au crescut \u00eentr-o perioad\u0103 f\u0103r\u0103 telefoane mobile \u0219i internet la tot pasul. \u0218tiu prea bine cum era s\u0103 nu te vezi cu prietenii una-dou\u0103 zile, iar la \u00eent\u00e2lnire <strong>s\u0103 ai despre ce discuta<\/strong>. Nimeni nu st\u0103tea pe telefon \u0219i nici nu vorbea simultan cu altcineva. \u00cen acea perioad\u0103, oamenii chiar comunicau \u0219i nu \u00eent\u00e2rziau la \u00eent\u00e2lniri.<\/p>\n\n\n\n<p>Eh, am ajuns \u0219i eu s\u0103 spun \u201ePe vremea mea era altfel!\u201d. Iubesc acea perioad\u0103 pentru c\u0103 aveam cu cine <strong>s\u0103 discut fa\u021b\u0103 \u00een fa\u021b\u0103<\/strong>. Acum trebuie s\u0103 m\u0103 \u201eprogramez\u201d cu c\u00e2teva zile \u00eenainte ca s\u0103 m\u0103 v\u0103d cu cineva. La telefon, oamenii nu mai prefer\u0103 s\u0103 vorbeasc\u0103: \u201eM\u0103 streseaz\u0103 c\u00e2nd v\u0103d c\u0103 cineva m\u0103 sun\u0103\u201d, zic ei. La ce bun s\u0103 ai un iPhone de 20.000 de lei dac\u0103 nu-l folose\u0219ti pentru a vorbi? \u201eHai mai bine scrie-mi un mesaj\u201d \u2013 o alternativ\u0103 de comunicare care este cea mai d\u0103un\u0103toare. Se instaleaz\u0103 ad\u00e2nc \u00een obi\u0219nuin\u021b\u0103, ca ni\u0219te metastaze de care este aproape imposibil s\u0103 scapi.<\/p>\n\n\n\n<p>Despre ideea de a pleca de pe re\u021belele sociale am vorbit \u00een cadrul psihoterapiei. I-am explicat psihologului c\u0103 <strong>am senza\u021bia c\u0103 oamenii au nevoie de mine doar c\u00e2nd le trebuiesc<\/strong>. \u00cen mod normal, nimeni nu m\u0103 sun\u0103 ca s\u0103 se intereseze de mine, pentru c\u0103 \u00eemi v\u0103d activitatea online \u0219i nu mai au nevoie de mine \u00een carne \u0219i oase. La r\u00e2ndul meu, c\u00e2nd \u00eei sun, to\u021bi sunt ocupa\u021bi \u0219i \u00eemi spun \u201evoi reveni mai t\u00e2rziu\u201d, doar c\u0103 nu men\u021bioneaz\u0103 cum \u2013 evident, pe chat.<\/p>\n\n\n\n<p>Am copt ideea \u00een cap vreo dou\u0103 luni, preg\u0103tindu-mi psihicul pentru stresul care m\u0103 a\u0219tepta. F\u0103ceam exerci\u021bii de imagina\u021bie, simulam \u00een minte diverse scenarii despre cum a\u0219 reac\u021biona dac\u0103 nu a\u0219 mai avea Instagram, Facebook, Hornet \u0219i Grindr. Cu c\u00e2teva s\u0103pt\u0103m\u00e2ni \u00eenainte de ziua X, am redus treptat timpul petrecut pe social media. Asta m-a ajutat s\u0103 trec mai u\u0219or peste primele zile din ianuarie.<\/p>\n\n\n\n<h4 class=\"wp-block-heading has-text-align-center\" id=\"h-sevraj-dorin\u021ba-de-a-tri\u0219a-\u0219i-acceptare\">Sevraj, dorin\u021ba de a tri\u0219a \u0219i acceptare<\/h4>\n\n\n\n<p>\u00cen primele zile din ianuarie, m\u0103 trezeam f\u0103r\u0103 s\u0103 verific Messengerul, Instagramul sau Grindr-ul \u00een a\u0219teptarea vreunui mesaj. De parc\u0103 m\u0103 \u00eentorsesem \u00een anii 2000, c\u00e2nd nu aveam telefon. <strong>Mi-a pl\u0103cut senza\u021bia de \u201eindependen\u021b\u0103\u201d<\/strong>, \u00eens\u0103 doar p\u00e2n\u0103 \u00een momentul \u00een care voiam s\u0103 fac rapid un story sau s\u0103 scriu o postare pe Facebook.<\/p>\n\n\n\n<p>Uuuuuuu! Ce sevraj m-a apucat \u00een primele dou\u0103 s\u0103pt\u0103m\u00e2ni, nu v\u0103 imagina\u021bi! Ah, da! Lipsa comunic\u0103rii nu m-a afectat at\u00e2t de tare c\u00e2t lipsa con\u021binutului de care aveam nevoie zilnic. Aveam g\u00e2nduri s\u0103 reinstalez totul, dar vocea interioar\u0103 \u00eemi spunea: \u201eStop! Nu a\u0219a ne-am \u00een\u021beles.\u201d Singura fereastr\u0103 prin care reu\u0219esc s\u0103 \u021bin leg\u0103tura cu lumea este Telegramul. Aici doar citesc \u0219tiri \u0219i discut foarte rar pe chat.<\/p>\n\n\n\n<p>Evident c\u0103 \u00een aceast\u0103 perioad\u0103 nimeni nu m-a sunat, cu excep\u021bia surorii mele. Nu am fost felicitat de niciun prieten, coleg sau cunoscut cu ocazia s\u0103rb\u0103torilor (nu c\u0103 aveam mare nevoie de asta). \u00cen acea clip\u0103 <strong>m-am sim\u021bit extrem de fericit c\u0103 ipoteza mea s-a confirmat<\/strong>. V-a\u0219 provoca \u0219i pe voi s\u0103 trece\u021bi prin aceast\u0103 experien\u021b\u0103, s\u0103 vede\u021bi cine chiar vrea s\u0103 vorbeasc\u0103 cu voi \u0219i cine se intereseaz\u0103 sincer de starea voastr\u0103 emo\u021bional\u0103.<\/p>\n\n\n\n<p>Rutina mea zilnic\u0103 din ianuarie a fost extrem de productiv\u0103: f\u0103r\u0103 chaturi, f\u0103r\u0103 storyuri, f\u0103r\u0103 date-uri. Doar eu \u0219i pisica.<strong> Am descoperit c\u0103 am at\u00e2t de mult timp pentru alte activit\u0103\u021bi<\/strong>, iar seara, \u00eenainte de somn, nu mai verificam chaturile de pe Grindr sau Instagram, a\u0219tept\u00e2nd mesaje sau r\u0103spunsuri: \u201eOricum nim\u0103nui nu-i pas\u0103. Hai la somn.\u201d<\/p>\n\n\n\n<figure class=\"wp-block-image size-full\"><img loading=\"lazy\" decoding=\"async\" width=\"640\" height=\"640\" src=\"https:\/\/bangbang.md\/wp-content\/uploads\/2025\/02\/photo_2024-11-21_16-50-59.jpg\" alt=\"\" class=\"wp-image-8306\" srcset=\"https:\/\/bangbang.md\/wp-content\/uploads\/2025\/02\/photo_2024-11-21_16-50-59.jpg 640w, https:\/\/bangbang.md\/wp-content\/uploads\/2025\/02\/photo_2024-11-21_16-50-59-300x300.jpg 300w, https:\/\/bangbang.md\/wp-content\/uploads\/2025\/02\/photo_2024-11-21_16-50-59-150x150.jpg 150w, https:\/\/bangbang.md\/wp-content\/uploads\/2025\/02\/photo_2024-11-21_16-50-59-12x12.jpg 12w, https:\/\/bangbang.md\/wp-content\/uploads\/2025\/02\/photo_2024-11-21_16-50-59-585x585.jpg 585w, https:\/\/bangbang.md\/wp-content\/uploads\/2025\/02\/photo_2024-11-21_16-50-59-220x220.jpg 220w, https:\/\/bangbang.md\/wp-content\/uploads\/2025\/02\/photo_2024-11-21_16-50-59-80x80.jpg 80w\" sizes=\"auto, (max-width: 640px) 100vw, 640px\" \/><\/figure>\n\n\n\n<h4 class=\"wp-block-heading has-text-align-center\" id=\"h-consecin\u021be\">Consecin\u021be<\/h4>\n\n\n\n<p>Fiind un experiment con\u0219tient \u0219i planificat din timp, nu m-am g\u00e2ndit c\u0103 m\u0103 voi confrunta cu aceast\u0103 consecin\u021b\u0103 \u2013 <strong>m\u00e2ncatul excesiv<\/strong>. E sc\u0103parea mea. Aveam nevoie s\u0103 \u00eenl\u0103tur stresul acumulat prin consumul unor alimente pe care, de obicei, nu le m\u00e2ncam \u2013 chipsuri \u0219i muuulte dulciuri. Cred c\u0103 <strong>am cump\u0103rat \u00eentr-o lun\u0103 mai multe chipsuri dec\u00e2t \u00een ultimii cinci ani<\/strong>. Am \u00eenceput s\u0103 m\u0103n\u00e2nc mult mai consistent, iar, ca rezultat, m-am \u00eengr\u0103\u0219at. Astfel, am ad\u0103ugat un nou factor de stres \u0219i anxietate. Am redus vizitele la sal\u0103, pentru c\u0103 nu mai aveam energie.<\/p>\n\n\n\n<p>Am decis s\u0103-mi relaxez pu\u021bin regimul impus \u0219i, \u00een februarie, am instalat din nou Grindr \u0219i Hornet. Am deschis cutia Pandorei, \u00eens\u0103 doar pe jum\u0103tate \u2013 limit\u00e2ndu-m\u0103 la chaturi. Am devenit pu\u021bin mai fericit, stresul s-a diminuat u\u0219or, dar problema cu m\u00e2ncarea nu s-a rezolvat deloc. Acum sunt \u00een c\u0103utarea unor solu\u021bii pentru a g\u0103si o cale de mijloc care s\u0103 m\u0103 ajute s\u0103 continui experimentul.<\/p>\n\n\n\n<p>Dup\u0103 o lun\u0103 \u0219i jum\u0103tate, pot spune cu siguran\u021b\u0103 c\u0103 <strong>nu \u00eemi este dor de Instagram \u0219i Facebook<\/strong>. Nu mai urm\u0103resc vie\u021bile colegilor sau ale vedetelor de la noi. Consum informa\u021bii doar de pe Telegram \u0219i \u00eemi este suficient. \u00cemi dedic timpul mie \u0219i oamenilor care \u00eemi cunosc num\u0103rul de telefon.<\/p>\n\n\n\n<h4 class=\"wp-block-heading has-text-align-center\" id=\"h-discu\u021bia-cu-chatgpt\">Discu\u021bia cu ChatGPT<\/h4>\n\n\n\n<p>La mijlocul lui ianuarie&nbsp; sim\u021beam o nevoie puternic\u0103 de a discuta cu cineva despre starea mea \u0219i am \u00eenceput s\u0103 \u201eflirtez\u201d cu ChatGPT. I-am descris situa\u021bia \u00een care m\u0103 aflam \u0219i speram s\u0103 primesc un sfat.<\/p>\n\n\n\n<p>\u201e<strong>Este absolut normal s\u0103 sim\u021bi o form\u0103 de sevraj \u00een urma unei schimb\u0103ri at\u00e2t de semnificative \u00een obiceiurile tale de comunicare<\/strong>. Platformele sociale sunt concepute s\u0103 creeze dependen\u021b\u0103 prin mecanisme precum notific\u0103rile \u0219i validarea social\u0103, iar separarea de ele poate provoca disconfort. \u00cens\u0103 aceast\u0103 schimbare poate aduce beneficii reale pe termen lung pentru s\u0103n\u0103tatea ta mental\u0103.\u201d<\/p>\n\n\n\n<p>Tare mult aveam nevoie ca cineva s\u0103-mi confirme emo\u021biile pe care le aveam. AI \u0219i-a \u00eendeplinit cu brio sarcina. \u00censeamn\u0103 c\u0103 fac bine. <\/p>\n\n\n\n<p>M\u0103 g\u00e2ndeam <strong>s\u0103 lansez un canal pe TikTok<\/strong> \u00een care s\u0103 povestesc despre schimb\u0103rile din via\u021ba mea, despre cum m\u0103 afecteaz\u0103 eliminarea re\u021belelor sociale din rutina zilnic\u0103. \u00cens\u0103, la un moment dat, mi-am dat seama c\u0103 aceast\u0103 ini\u021biativ\u0103 m-ar aduce \u00eenapoi exact de unde am plecat.<\/p>\n\n\n\n<p>\u201e<strong>Lansarea unui cont pe TikTok pentru a povesti despre provocarea ta este o idee interesant\u0103<\/strong>, mai ales c\u0103 poate inspira \u0219i al\u021bi oameni s\u0103 reflecteze asupra rela\u021biei lor cu social media. Totu\u0219i, preocuparea ta legat\u0103 de riscul de a c\u0103dea din nou \u00een dependen\u021ba de validare social\u0103 este foarte justificat\u0103. TikTok este conceput pentru a crea un feedback rapid \u0219i intens, prin aprecieri, comentarii \u0219i vizualiz\u0103ri, ceea ce poate amplifica nevoia de confirmare extern\u0103\u201d, a scris GPT-ul.<\/p>\n\n\n\n<p>De aceea, am renun\u021bat la aceast\u0103 idee. M\u0103 concentrez doar pe Telegram \u0219i pe noul meu job. Apropo, din ianuarie am \u00eenceput s\u0103 lucrez \u00eentr-un domeniu total nou pentru mine. Stres x2. \u00cens\u0103 fac toate aceste schimb\u0103ri ra\u021bional, con\u0219tient, motiv pentru care nu am momente \u00een care s\u0103 abandonez experimentul \u0219i s\u0103 revin la \u201enormalitate\u201d.<\/p>\n\n\n\n<h4 class=\"wp-block-heading has-text-align-center\" id=\"h-studii-despre-nevoia-de-interac\u021biune-online\">Studii despre nevoia de interac\u021biune online<\/h4>\n\n\n\n<p>Nu a\u0219 fi eu dac\u0103, \u00een acest articol, nu a\u0219 men\u021biona vreun studiu care s\u0103 explice de ce a ap\u0103rut acum nevoia de a p\u0103r\u0103si social media.<\/p>\n\n\n\n<p>Studiul <a href=\"https:\/\/www.researchgate.net\/publication\/328838624_No_More_FOMO_Limiting_Social_Media_Decreases_Loneliness_and_Depression\" target=\"_blank\" rel=\"noreferrer noopener\"><strong><mark style=\"background-color:rgba(0, 0, 0, 0)\" class=\"has-inline-color has-vivid-cyan-blue-color\"><em>No More FOMO: Limiting Social Media Decreases Loneliness and Depression<\/em>, 2018<\/mark><\/strong><\/a> demonstreaz\u0103 c\u0103 reducerea timpului petrecut pe re\u021belele sociale poate \u00eembun\u0103t\u0103\u021bi s\u0103n\u0103tatea mental\u0103, diminu\u00e2nd anxietatea \u0219i depresia. Iat\u0103 ce se spune \u00een concluzia cercet\u0103rii: \u201eReducerea utiliz\u0103rii re\u021belelor sociale \u00een rutina zilnic\u0103 ne ajut\u0103 s\u0103 ne conect\u0103m mai profund cu ceilal\u021bi, facilit\u00e2nd rela\u021bii mai autentice cu oamenii din jur\u201d.<\/p>\n\n\n\n<p>Autoarea Sherry Turkle, \u00een lucrarea sa <a href=\"https:\/\/e-edu.nbu.bg\/pluginfile.php\/849202\/mod_resource\/content\/1\/Sherry-Turkle%20-%20Reclaiming%20Conversation%20-%20The%20Power%20of%20Talk%20in%20a%20Digital%20Age%202015.pdf\" target=\"_blank\" rel=\"noreferrer noopener\"><strong><mark style=\"background-color:rgba(0, 0, 0, 0)\" class=\"has-inline-color has-vivid-cyan-blue-color\">Reclaiming Conversation<\/mark><\/strong><\/a><strong> <\/strong>eviden\u021biaz\u0103 ideea c\u0103: \u201e\u00cen timp ce social media poate facilita conexiuni, cercet\u0103rile arat\u0103 c\u0103 interac\u021biunile online sunt adesea mai pu\u021bin satisf\u0103c\u0103toare dec\u00e2t cele fa\u021b\u0103 \u00een fa\u021b\u0103, deoarece lipsesc indiciile emo\u021bionale \u0219i contextuale.\u201d Exact ceea ce spuneam la \u00eenceput.<\/p>\n\n\n\n<p>Am declan\u0219at un proces dificil, \u00een care \u00eencerc s\u0103 schimb modul \u00een care oamenii comunic\u0103 cu mine. Vom vedea ce va ie\u0219i peste c\u00e2teva luni. O s\u0103 v\u0103 \u021bin la curent.<\/p>","protected":false},"excerpt":{"rendered":"<p>\u00cencep\u00e2nd cu 1 ianuarie 2025, am ie\u0219it din toate chaturile posibile. A fost o urgen\u021b\u0103 dictat\u0103 de nevoia de comunicare&#8230;<\/p>","protected":false},"author":11,"featured_media":8305,"comment_status":"closed","ping_status":"closed","sticky":false,"template":"","format":"standard","meta":{"footnotes":""},"categories":[179],"tags":[],"class_list":["post-8302","post","type-post","status-publish","format-standard","has-post-thumbnail","hentry","category-lumea-noastra"],"yoast_head":"<!-- This site is optimized with the Yoast SEO Premium plugin v18.9 (Yoast SEO v20.13) - https:\/\/yoast.com\/wordpress\/plugins\/seo\/ -->\n<title>M-am \u201e\u0219ters\u201d de pe re\u021bele sociale: beneficii \u0219i consecin\u021be - BANG-BANG<\/title>\n<meta name=\"robots\" content=\"index, follow, max-snippet:-1, max-image-preview:large, max-video-preview:-1\" \/>\n<link rel=\"canonical\" href=\"https:\/\/bangbang.md\/ru\/2025\/02\/18\/m-am-sters-de-pe-retele-sociale-beneficii-si-consecinte\/\" \/>\n<meta property=\"og:locale\" content=\"ru_RU\" \/>\n<meta property=\"og:type\" content=\"article\" \/>\n<meta property=\"og:title\" content=\"M-am \u201e\u0219ters\u201d de pe re\u021bele sociale: beneficii \u0219i consecin\u021be\" \/>\n<meta property=\"og:description\" content=\"\u00cencep\u00e2nd cu 1 ianuarie 2025, am ie\u0219it din toate chaturile posibile. A fost o urgen\u021b\u0103 dictat\u0103 de nevoia de comunicare...\" \/>\n<meta property=\"og:url\" content=\"https:\/\/bangbang.md\/ru\/2025\/02\/18\/m-am-sters-de-pe-retele-sociale-beneficii-si-consecinte\/\" \/>\n<meta property=\"og:site_name\" content=\"BANG-BANG\" \/>\n<meta property=\"article:publisher\" content=\"https:\/\/www.facebook.com\/bangbangmoldova\" \/>\n<meta property=\"article:published_time\" content=\"2025-02-18T06:56:59+00:00\" \/>\n<meta property=\"article:modified_time\" content=\"2025-02-18T06:57:00+00:00\" \/>\n<meta property=\"og:image\" content=\"https:\/\/bangbang.md\/wp-content\/uploads\/2025\/02\/SAM_8680-1-scaled-e1739825118887.jpg\" \/>\n\t<meta property=\"og:image:width\" content=\"1920\" \/>\n\t<meta property=\"og:image:height\" content=\"1536\" \/>\n\t<meta property=\"og:image:type\" content=\"image\/jpeg\" \/>\n<meta name=\"author\" content=\"Liubomir Gutu\" \/>\n<meta name=\"twitter:card\" content=\"summary_large_image\" \/>\n<meta name=\"twitter:label1\" content=\"\u041d\u0430\u043f\u0438\u0441\u0430\u043d\u043e \u0430\u0432\u0442\u043e\u0440\u043e\u043c\" \/>\n\t<meta name=\"twitter:data1\" content=\"Liubomir Gutu\" \/>\n\t<meta name=\"twitter:label2\" content=\"\u041f\u0440\u0438\u043c\u0435\u0440\u043d\u043e\u0435 \u0432\u0440\u0435\u043c\u044f \u0434\u043b\u044f \u0447\u0442\u0435\u043d\u0438\u044f\" \/>\n\t<meta name=\"twitter:data2\" content=\"8 \u043c\u0438\u043d\u0443\u0442\" \/>\n<script type=\"application\/ld+json\" class=\"yoast-schema-graph\">{\"@context\":\"https:\/\/schema.org\",\"@graph\":[{\"@type\":\"Article\",\"@id\":\"https:\/\/bangbang.md\/2025\/02\/18\/m-am-sters-de-pe-retele-sociale-beneficii-si-consecinte\/#article\",\"isPartOf\":{\"@id\":\"https:\/\/bangbang.md\/2025\/02\/18\/m-am-sters-de-pe-retele-sociale-beneficii-si-consecinte\/\"},\"author\":{\"name\":\"Liubomir Gutu\",\"@id\":\"https:\/\/bangbang.md\/#\/schema\/person\/b4ff4d5c9f0016ac2c271c7f56fe821a\"},\"headline\":\"M-am \u201e\u0219ters\u201d de pe re\u021bele sociale: beneficii \u0219i consecin\u021be\",\"datePublished\":\"2025-02-18T06:56:59+00:00\",\"dateModified\":\"2025-02-18T06:57:00+00:00\",\"mainEntityOfPage\":{\"@id\":\"https:\/\/bangbang.md\/2025\/02\/18\/m-am-sters-de-pe-retele-sociale-beneficii-si-consecinte\/\"},\"wordCount\":1559,\"publisher\":{\"@id\":\"https:\/\/bangbang.md\/#organization\"},\"articleSection\":[\"Lumea noastr\u0103\"],\"inLanguage\":\"ru-RU\"},{\"@type\":\"WebPage\",\"@id\":\"https:\/\/bangbang.md\/2025\/02\/18\/m-am-sters-de-pe-retele-sociale-beneficii-si-consecinte\/\",\"url\":\"https:\/\/bangbang.md\/2025\/02\/18\/m-am-sters-de-pe-retele-sociale-beneficii-si-consecinte\/\",\"name\":\"M-am \u201e\u0219ters\u201d de pe re\u021bele sociale: beneficii \u0219i consecin\u021be - BANG-BANG\",\"isPartOf\":{\"@id\":\"https:\/\/bangbang.md\/#website\"},\"datePublished\":\"2025-02-18T06:56:59+00:00\",\"dateModified\":\"2025-02-18T06:57:00+00:00\",\"breadcrumb\":{\"@id\":\"https:\/\/bangbang.md\/2025\/02\/18\/m-am-sters-de-pe-retele-sociale-beneficii-si-consecinte\/#breadcrumb\"},\"inLanguage\":\"ru-RU\",\"potentialAction\":[{\"@type\":\"ReadAction\",\"target\":[\"https:\/\/bangbang.md\/2025\/02\/18\/m-am-sters-de-pe-retele-sociale-beneficii-si-consecinte\/\"]}]},{\"@type\":\"BreadcrumbList\",\"@id\":\"https:\/\/bangbang.md\/2025\/02\/18\/m-am-sters-de-pe-retele-sociale-beneficii-si-consecinte\/#breadcrumb\",\"itemListElement\":[{\"@type\":\"ListItem\",\"position\":1,\"name\":\"Prima pagin\u0103\",\"item\":\"https:\/\/bangbang.md\/\"},{\"@type\":\"ListItem\",\"position\":2,\"name\":\"M-am \u201e\u0219ters\u201d de pe re\u021bele sociale: beneficii \u0219i consecin\u021be\"}]},{\"@type\":\"WebSite\",\"@id\":\"https:\/\/bangbang.md\/#website\",\"url\":\"https:\/\/bangbang.md\/\",\"name\":\"BANG-BANG\",\"description\":\"Portal web dedicat comunit\u0103\u021bii LGBTQ d RM\",\"publisher\":{\"@id\":\"https:\/\/bangbang.md\/#organization\"},\"potentialAction\":[{\"@type\":\"SearchAction\",\"target\":{\"@type\":\"EntryPoint\",\"urlTemplate\":\"https:\/\/bangbang.md\/?s={search_term_string}\"},\"query-input\":\"required name=search_term_string\"}],\"inLanguage\":\"ru-RU\"},{\"@type\":\"Organization\",\"@id\":\"https:\/\/bangbang.md\/#organization\",\"name\":\"Bang bang\",\"url\":\"https:\/\/bangbang.md\/\",\"logo\":{\"@type\":\"ImageObject\",\"inLanguage\":\"ru-RU\",\"@id\":\"https:\/\/bangbang.md\/#\/schema\/logo\/image\/\",\"url\":\"https:\/\/bangbang.md\/wp-content\/uploads\/2022\/07\/cropped-Group.jpg\",\"contentUrl\":\"https:\/\/bangbang.md\/wp-content\/uploads\/2022\/07\/cropped-Group.jpg\",\"width\":512,\"height\":512,\"caption\":\"Bang bang\"},\"image\":{\"@id\":\"https:\/\/bangbang.md\/#\/schema\/logo\/image\/\"},\"sameAs\":[\"https:\/\/www.facebook.com\/bangbangmoldova\"]},{\"@type\":\"Person\",\"@id\":\"https:\/\/bangbang.md\/#\/schema\/person\/b4ff4d5c9f0016ac2c271c7f56fe821a\",\"name\":\"Liubomir Gutu\",\"image\":{\"@type\":\"ImageObject\",\"inLanguage\":\"ru-RU\",\"@id\":\"https:\/\/bangbang.md\/#\/schema\/person\/image\/\",\"url\":\"https:\/\/secure.gravatar.com\/avatar\/60b5aae02a7c05b5a360da7b8f74afbe8e259be49f2a87a5f18011708237c7b9?s=96&d=mm&r=g\",\"contentUrl\":\"https:\/\/secure.gravatar.com\/avatar\/60b5aae02a7c05b5a360da7b8f74afbe8e259be49f2a87a5f18011708237c7b9?s=96&d=mm&r=g\",\"caption\":\"Liubomir Gutu\"},\"description\":\"Nu v\u0103 sup\u0103ra\u021bi, dar brune\u021bii cu p\u0103rul cre\u021b sunt adorabili!\",\"sameAs\":[\"https:\/\/www.instagram.com\/liubomir_gutu\/\"],\"url\":\"https:\/\/bangbang.md\/ru\/author\/liubomir-gutu\/\"}]}<\/script>\n<!-- \/ Yoast SEO Premium plugin. -->","yoast_head_json":{"title":"M-am \u201e\u0219ters\u201d de pe re\u021bele sociale: beneficii \u0219i consecin\u021be - BANG-BANG","robots":{"index":"index","follow":"follow","max-snippet":"max-snippet:-1","max-image-preview":"max-image-preview:large","max-video-preview":"max-video-preview:-1"},"canonical":"https:\/\/bangbang.md\/ru\/2025\/02\/18\/m-am-sters-de-pe-retele-sociale-beneficii-si-consecinte\/","og_locale":"ru_RU","og_type":"article","og_title":"M-am \u201e\u0219ters\u201d de pe re\u021bele sociale: beneficii \u0219i consecin\u021be","og_description":"\u00cencep\u00e2nd cu 1 ianuarie 2025, am ie\u0219it din toate chaturile posibile. A fost o urgen\u021b\u0103 dictat\u0103 de nevoia de comunicare...","og_url":"https:\/\/bangbang.md\/ru\/2025\/02\/18\/m-am-sters-de-pe-retele-sociale-beneficii-si-consecinte\/","og_site_name":"BANG-BANG","article_publisher":"https:\/\/www.facebook.com\/bangbangmoldova","article_published_time":"2025-02-18T06:56:59+00:00","article_modified_time":"2025-02-18T06:57:00+00:00","og_image":[{"width":1920,"height":1536,"url":"https:\/\/bangbang.md\/wp-content\/uploads\/2025\/02\/SAM_8680-1-scaled-e1739825118887.jpg","type":"image\/jpeg"}],"author":"Liubomir Gutu","twitter_card":"summary_large_image","twitter_misc":{"\u041d\u0430\u043f\u0438\u0441\u0430\u043d\u043e \u0430\u0432\u0442\u043e\u0440\u043e\u043c":"Liubomir Gutu","\u041f\u0440\u0438\u043c\u0435\u0440\u043d\u043e\u0435 \u0432\u0440\u0435\u043c\u044f \u0434\u043b\u044f \u0447\u0442\u0435\u043d\u0438\u044f":"8 \u043c\u0438\u043d\u0443\u0442"},"schema":{"@context":"https:\/\/schema.org","@graph":[{"@type":"Article","@id":"https:\/\/bangbang.md\/2025\/02\/18\/m-am-sters-de-pe-retele-sociale-beneficii-si-consecinte\/#article","isPartOf":{"@id":"https:\/\/bangbang.md\/2025\/02\/18\/m-am-sters-de-pe-retele-sociale-beneficii-si-consecinte\/"},"author":{"name":"Liubomir Gutu","@id":"https:\/\/bangbang.md\/#\/schema\/person\/b4ff4d5c9f0016ac2c271c7f56fe821a"},"headline":"M-am \u201e\u0219ters\u201d de pe re\u021bele sociale: beneficii \u0219i consecin\u021be","datePublished":"2025-02-18T06:56:59+00:00","dateModified":"2025-02-18T06:57:00+00:00","mainEntityOfPage":{"@id":"https:\/\/bangbang.md\/2025\/02\/18\/m-am-sters-de-pe-retele-sociale-beneficii-si-consecinte\/"},"wordCount":1559,"publisher":{"@id":"https:\/\/bangbang.md\/#organization"},"articleSection":["Lumea noastr\u0103"],"inLanguage":"ru-RU"},{"@type":"WebPage","@id":"https:\/\/bangbang.md\/2025\/02\/18\/m-am-sters-de-pe-retele-sociale-beneficii-si-consecinte\/","url":"https:\/\/bangbang.md\/2025\/02\/18\/m-am-sters-de-pe-retele-sociale-beneficii-si-consecinte\/","name":"M-am \u201e\u0219ters\u201d de pe re\u021bele sociale: beneficii \u0219i consecin\u021be - BANG-BANG","isPartOf":{"@id":"https:\/\/bangbang.md\/#website"},"datePublished":"2025-02-18T06:56:59+00:00","dateModified":"2025-02-18T06:57:00+00:00","breadcrumb":{"@id":"https:\/\/bangbang.md\/2025\/02\/18\/m-am-sters-de-pe-retele-sociale-beneficii-si-consecinte\/#breadcrumb"},"inLanguage":"ru-RU","potentialAction":[{"@type":"ReadAction","target":["https:\/\/bangbang.md\/2025\/02\/18\/m-am-sters-de-pe-retele-sociale-beneficii-si-consecinte\/"]}]},{"@type":"BreadcrumbList","@id":"https:\/\/bangbang.md\/2025\/02\/18\/m-am-sters-de-pe-retele-sociale-beneficii-si-consecinte\/#breadcrumb","itemListElement":[{"@type":"ListItem","position":1,"name":"Prima pagin\u0103","item":"https:\/\/bangbang.md\/"},{"@type":"ListItem","position":2,"name":"M-am \u201e\u0219ters\u201d de pe re\u021bele sociale: beneficii \u0219i consecin\u021be"}]},{"@type":"WebSite","@id":"https:\/\/bangbang.md\/#website","url":"https:\/\/bangbang.md\/","name":"BANG-BANG","description":"Portal web dedicat comunit\u0103\u021bii LGBTQ d RM","publisher":{"@id":"https:\/\/bangbang.md\/#organization"},"potentialAction":[{"@type":"SearchAction","target":{"@type":"EntryPoint","urlTemplate":"https:\/\/bangbang.md\/?s={search_term_string}"},"query-input":"required name=search_term_string"}],"inLanguage":"ru-RU"},{"@type":"Organization","@id":"https:\/\/bangbang.md\/#organization","name":"Bang bang","url":"https:\/\/bangbang.md\/","logo":{"@type":"ImageObject","inLanguage":"ru-RU","@id":"https:\/\/bangbang.md\/#\/schema\/logo\/image\/","url":"https:\/\/bangbang.md\/wp-content\/uploads\/2022\/07\/cropped-Group.jpg","contentUrl":"https:\/\/bangbang.md\/wp-content\/uploads\/2022\/07\/cropped-Group.jpg","width":512,"height":512,"caption":"Bang bang"},"image":{"@id":"https:\/\/bangbang.md\/#\/schema\/logo\/image\/"},"sameAs":["https:\/\/www.facebook.com\/bangbangmoldova"]},{"@type":"Person","@id":"https:\/\/bangbang.md\/#\/schema\/person\/b4ff4d5c9f0016ac2c271c7f56fe821a","name":"Liubomir Gutu","image":{"@type":"ImageObject","inLanguage":"ru-RU","@id":"https:\/\/bangbang.md\/#\/schema\/person\/image\/","url":"https:\/\/secure.gravatar.com\/avatar\/60b5aae02a7c05b5a360da7b8f74afbe8e259be49f2a87a5f18011708237c7b9?s=96&d=mm&r=g","contentUrl":"https:\/\/secure.gravatar.com\/avatar\/60b5aae02a7c05b5a360da7b8f74afbe8e259be49f2a87a5f18011708237c7b9?s=96&d=mm&r=g","caption":"Liubomir Gutu"},"description":"Nu v\u0103 sup\u0103ra\u021bi, dar brune\u021bii cu p\u0103rul cre\u021b sunt adorabili!","sameAs":["https:\/\/www.instagram.com\/liubomir_gutu\/"],"url":"https:\/\/bangbang.md\/ru\/author\/liubomir-gutu\/"}]}},"_links":{"self":[{"href":"https:\/\/bangbang.md\/ru\/wp-json\/wp\/v2\/posts\/8302","targetHints":{"allow":["GET"]}}],"collection":[{"href":"https:\/\/bangbang.md\/ru\/wp-json\/wp\/v2\/posts"}],"about":[{"href":"https:\/\/bangbang.md\/ru\/wp-json\/wp\/v2\/types\/post"}],"author":[{"embeddable":true,"href":"https:\/\/bangbang.md\/ru\/wp-json\/wp\/v2\/users\/11"}],"replies":[{"embeddable":true,"href":"https:\/\/bangbang.md\/ru\/wp-json\/wp\/v2\/comments?post=8302"}],"version-history":[{"count":2,"href":"https:\/\/bangbang.md\/ru\/wp-json\/wp\/v2\/posts\/8302\/revisions"}],"predecessor-version":[{"id":8307,"href":"https:\/\/bangbang.md\/ru\/wp-json\/wp\/v2\/posts\/8302\/revisions\/8307"}],"wp:featuredmedia":[{"embeddable":true,"href":"https:\/\/bangbang.md\/ru\/wp-json\/wp\/v2\/media\/8305"}],"wp:attachment":[{"href":"https:\/\/bangbang.md\/ru\/wp-json\/wp\/v2\/media?parent=8302"}],"wp:term":[{"taxonomy":"category","embeddable":true,"href":"https:\/\/bangbang.md\/ru\/wp-json\/wp\/v2\/categories?post=8302"},{"taxonomy":"post_tag","embeddable":true,"href":"https:\/\/bangbang.md\/ru\/wp-json\/wp\/v2\/tags?post=8302"}],"curies":[{"name":"wp","href":"https:\/\/api.w.org\/{rel}","templated":true}]}}