{"id":7981,"date":"2025-01-13T07:24:53","date_gmt":"2025-01-13T07:24:53","guid":{"rendered":"https:\/\/bangbang.md\/?p=7981"},"modified":"2025-01-13T07:25:59","modified_gmt":"2025-01-13T07:25:59","slug":"amin-vaticanul-binecuvanteaza-posibilitatea-tinerilor-gay-de-a-deveni-preoti-vezi-care-sunt-conditiile","status":"publish","type":"post","link":"https:\/\/bangbang.md\/ru\/2025\/01\/13\/amin-vaticanul-binecuvanteaza-posibilitatea-tinerilor-gay-de-a-deveni-preoti-vezi-care-sunt-conditiile\/","title":{"rendered":"Amin! Vaticanul binecuv\u00e2nteaz\u0103 posibilitatea tinerilor gay de a deveni preo\u021bi. Vezi care sunt condi\u021biile"},"content":{"rendered":"<p class=\"has-white-color has-black-background-color has-text-color has-background has-link-color wp-elements-b6a631d5c704cf32220ec41d02a51ada\"><strong>Episcopii italieni, cu acordul Vaticanului, au decis c\u0103 tinerii gay pot fi admi\u0219i \u00een seminare \u0219i deveni ulterior preo\u021bi, at\u00e2ta timp c\u00e2t spun \u201enu\u201d sexului.&nbsp;Documentul <a href=\"https:\/\/www.chiesacattolica.it\/la-formazione-dei-presbiteri-nelle-chiese-in-italia-orientamenti-e-norme-per-i-seminari\/\" target=\"_blank\" rel=\"noreferrer noopener\">\u201e<em>Formarea preo\u021bilor \u00een Bisericile din Italia\u201d<\/em> <\/a>&nbsp;a intrat \u00een vigoare pe 9 ianuarie,&nbsp; \u201e<em>ad experimentum pentru trei ani\u201d<\/em> \u0219i a fost publicat cu discre\u021bie pe site-ul Episcopiei. Noile reguli au fost aprobate de cea de-a 78-a Adunare General\u0103 a Conferin\u021bei Episcopale Italiene, desf\u0103\u0219urat\u0103 la Assisi \u00een perioada 13-16 noiembrie 2023.<\/strong><\/p>\n\n\n\n<p>Noul regulament subliniaz\u0103 c\u0103 orientarea sexual\u0103 a unui candidat este doar un detaliu dintro pies\u0103 mai mare. \u201eNu reducem discern\u0103m\u00e2ntul doar la tendin\u021bele homosexuale, ci analiz\u0103m \u00eentreaga personalitate a t\u00e2n\u0103rului\u201d, afirm\u0103 textul.<\/p>\n\n\n\n<p>Regulile documentului \u201eRatio Nationalis\u201d sunt specifice Italiei \u0219i se aplic\u0103 seminariilor din aceast\u0103 \u021bar\u0103. Testate pe o perioad\u0103 de trei ani, noile reguli au primit binecuv\u00e2ntarea Papei Francisc, un lider al Biserici Catolice mai incluziv. Anterior Sf\u00e2ntul P\u0103rinte a dat und\u0103 verde binecuv\u00e2nt\u0103rii cuplurilor de acela\u0219i sex, de la caz la caz. Totu\u0219i, admiterea b\u0103rba\u021bilor homosexuali \u00een cler era o zon\u0103 taboo.<\/p>\n\n\n\n<p>Aceast\u0103 schimbare vine pe fundalul unei actualiz\u0103ri din 2016 a instruc\u021biunilor stabilite de Papa Benedict al XVI-lea. Totu\u0219i, Francisc r\u0103m\u00e2ne ferm: cei care nu respect\u0103 celibatul nu au loc \u00een preo\u021bie.<\/p>\n\n\n\n<p>\u00cen urma analizei documentului \u201eRatio Nationalis\u201d, care stabile\u0219te orient\u0103rile \u0219i normele pentru seminariile din Italia, am identificat c\u00e2teva aspecte relevante:<\/p>\n\n\n\n<ol class=\"wp-block-list\">\n<li><strong>Acceptarea orient\u0103rii sexuale \u00een contextul personalit\u0103\u021bii generale&nbsp;<\/strong><\/li>\n<\/ol>\n\n\n\n<p>Documentul eviden\u021biaz\u0103 c\u0103 orientarea sexual\u0103 a unui candidat trebuie evaluat\u0103 ca parte integrant\u0103 a personalit\u0103\u021bii sale complexe. \u201eOrientarea sexual\u0103 nu trebuie s\u0103 fie redus\u0103 la un factor izolat, ci \u00een\u021beleas\u0103 \u00een ansamblul personalit\u0103\u021bii candidatului\u201d (Ratio Nationalis, Capitolul 1.1).<\/p>\n\n\n\n<ol start=\"2\" class=\"wp-block-list\">\n<li><strong>Celibatul ca alegere liber\u0103 \u0219i responsabil\u0103&nbsp;<\/strong><\/li>\n<\/ol>\n\n\n\n<p>Castitatea trebuie s\u0103 fie o alegere con\u0219tient\u0103, care reflect\u0103 o libertate interioar\u0103 necesar\u0103 vie\u021bii preo\u021be\u0219ti. (Ratio Nationalis, Capitolul 1.3).<\/p>\n\n\n\n<ol start=\"3\" class=\"wp-block-list\">\n<li><strong>Excluderea candida\u021bilor cu \u201etendin\u021be homosexuale profund \u00eenr\u0103d\u0103cinate\u201d<\/strong>&nbsp;<\/li>\n<\/ol>\n\n\n\n<p>Documentul reafirm\u0103 c\u0103 Biserica admite doar candida\u021bi care pot demonstra o maturitate emo\u021bional\u0103 \u0219i spiritual\u0103 adecvat\u0103 \u0219i care nu promoveaz\u0103 \u201ecultura gay\u201d (Ratio Nationalis, Capitolul 2.2).<\/p>\n\n\n\n<ol start=\"4\" class=\"wp-block-list\">\n<li><strong>Importan\u021ba sincerit\u0103\u021bii \u0219i autoevalu\u0103rii<\/strong>&nbsp;<\/li>\n<\/ol>\n\n\n\n<p>\u201eFormatorii trebuie s\u0103 \u00eencurajeze candida\u021bii s\u0103 adopte un stil rela\u021bional deschis \u0219i sincer, bazat pe introspec\u021bie profund\u0103. Acest proces ajut\u0103 la integrarea tuturor componentelor personalit\u0103\u021bii, inclusiv orientarea sexual\u0103, \u0219i la gestionarea acestora cu libertate \u0219i serenitate, \u00een conformitate cu voca\u021bia lor preo\u021beasc\u0103.\u201d, este indicat \u00een document.<\/p>\n\n\n\n<ol start=\"5\" class=\"wp-block-list\">\n<li>Perioada de prob\u0103 \u0219i verificarea inten\u021biilor&nbsp;<\/li>\n<\/ol>\n\n\n\n<p>Admiterea \u00een seminarii include o etap\u0103 de prob\u0103, destinat\u0103 evalu\u0103rii motiva\u021biilor \u0219i capacit\u0103\u021bii de a respecta celibatul. \u201eLa sf\u00e2r\u0219itul etapei propedeutice, responsabilul va \u00eentocmi o evaluare a parcursului urmat, adresat\u0103 Episcopului \u0219i Rectorului Seminarului Major, care va indica prezen\u021ba sau absen\u021ba cerin\u021belor pentru continuarea parcursului \u00een Seminarul Major\u201d, subliniaz\u0103 noul regulament. (Ratio Nationalis, Capitolul&nbsp;<\/p>\n\n\n\n<p>Cu alte cuvinte, ceea ce Vaticanul nu spune, dar las\u0103 s\u0103 se \u00een\u021beleag\u0103, este c\u0103 acceptarea vine cu pre\u021bul ascunderii dorin\u021belor.&nbsp;<\/p>","protected":false},"excerpt":{"rendered":"<p>Episcopii italieni, cu acordul Vaticanului, au decis c\u0103 tinerii gay pot fi admi\u0219i \u00een seminare \u0219i deveni ulterior preo\u021bi, at\u00e2ta&#8230;<\/p>","protected":false},"author":4,"featured_media":7982,"comment_status":"closed","ping_status":"closed","sticky":false,"template":"","format":"standard","meta":{"footnotes":""},"categories":[184,177],"tags":[],"class_list":["post-7981","post","type-post","status-publish","format-standard","has-post-thumbnail","hentry","category-in-lume","category-noutati"],"yoast_head":"<!-- This site is optimized with the Yoast SEO Premium plugin v18.9 (Yoast SEO v20.13) - https:\/\/yoast.com\/wordpress\/plugins\/seo\/ -->\n<title>Amin! Vaticanul binecuv\u00e2nteaz\u0103 posibilitatea tinerilor gay de a deveni preo\u021bi. Vezi care sunt condi\u021biile - BANG-BANG<\/title>\n<meta name=\"description\" content=\"Episcopii italieni, cu acordul Vaticanului, au decis c\u0103 tinerii gay pot fi admi\u0219i \u00een seminare \u0219i deveni ulterior preo\u021bi, at\u00e2ta timp c\u00e2t spun \u201enu\u201d sexului.\u00a0Documentul \u201eFormarea preo\u021bilor \u00een Bisericile din Italia\u201d \u00a0a intrat \u00een vigoare pe 9 ianuarie,\u00a0 \u201ead experimentum pentru trei ani\u201d \u0219i a fost publicat cu discre\u021bie pe site-ul Episcopiei.\" \/>\n<meta name=\"robots\" content=\"index, follow, max-snippet:-1, max-image-preview:large, max-video-preview:-1\" \/>\n<link rel=\"canonical\" href=\"https:\/\/bangbang.md\/ru\/2025\/01\/13\/amin-vaticanul-binecuvanteaza-posibilitatea-tinerilor-gay-de-a-deveni-preoti-vezi-care-sunt-conditiile\/\" \/>\n<meta property=\"og:locale\" content=\"ru_RU\" \/>\n<meta property=\"og:type\" content=\"article\" \/>\n<meta property=\"og:title\" content=\"Amin! Vaticanul binecuv\u00e2nteaz\u0103 posibilitatea tinerilor gay de a deveni preo\u021bi. Vezi care sunt condi\u021biile\" \/>\n<meta property=\"og:description\" content=\"Episcopii italieni, cu acordul Vaticanului, au decis c\u0103 tinerii gay pot fi admi\u0219i \u00een seminare \u0219i deveni ulterior preo\u021bi, at\u00e2ta timp c\u00e2t spun \u201enu\u201d sexului.\u00a0Documentul \u201eFormarea preo\u021bilor \u00een Bisericile din Italia\u201d \u00a0a intrat \u00een vigoare pe 9 ianuarie,\u00a0 \u201ead experimentum pentru trei ani\u201d \u0219i a fost publicat cu discre\u021bie pe site-ul Episcopiei.\" \/>\n<meta property=\"og:url\" content=\"https:\/\/bangbang.md\/ru\/2025\/01\/13\/amin-vaticanul-binecuvanteaza-posibilitatea-tinerilor-gay-de-a-deveni-preoti-vezi-care-sunt-conditiile\/\" \/>\n<meta property=\"og:site_name\" content=\"BANG-BANG\" \/>\n<meta property=\"article:publisher\" content=\"https:\/\/www.facebook.com\/bangbangmoldova\" \/>\n<meta property=\"article:published_time\" content=\"2025-01-13T07:24:53+00:00\" \/>\n<meta property=\"article:modified_time\" content=\"2025-01-13T07:25:59+00:00\" \/>\n<meta property=\"og:image\" content=\"https:\/\/bangbang.md\/wp-content\/uploads\/2025\/01\/EL-44-1024x683.png\" \/>\n\t<meta property=\"og:image:width\" content=\"1024\" \/>\n\t<meta property=\"og:image:height\" content=\"683\" \/>\n\t<meta property=\"og:image:type\" content=\"image\/png\" \/>\n<meta name=\"author\" content=\"Redactia\" \/>\n<meta name=\"twitter:card\" content=\"summary_large_image\" \/>\n<meta name=\"twitter:label1\" content=\"\u041d\u0430\u043f\u0438\u0441\u0430\u043d\u043e \u0430\u0432\u0442\u043e\u0440\u043e\u043c\" \/>\n\t<meta name=\"twitter:data1\" content=\"Redactia\" \/>\n\t<meta name=\"twitter:label2\" content=\"\u041f\u0440\u0438\u043c\u0435\u0440\u043d\u043e\u0435 \u0432\u0440\u0435\u043c\u044f \u0434\u043b\u044f \u0447\u0442\u0435\u043d\u0438\u044f\" \/>\n\t<meta name=\"twitter:data2\" content=\"3 \u043c\u0438\u043d\u0443\u0442\u044b\" \/>\n<script type=\"application\/ld+json\" class=\"yoast-schema-graph\">{\"@context\":\"https:\/\/schema.org\",\"@graph\":[{\"@type\":\"Article\",\"@id\":\"https:\/\/bangbang.md\/2025\/01\/13\/amin-vaticanul-binecuvanteaza-posibilitatea-tinerilor-gay-de-a-deveni-preoti-vezi-care-sunt-conditiile\/#article\",\"isPartOf\":{\"@id\":\"https:\/\/bangbang.md\/2025\/01\/13\/amin-vaticanul-binecuvanteaza-posibilitatea-tinerilor-gay-de-a-deveni-preoti-vezi-care-sunt-conditiile\/\"},\"author\":{\"name\":\"Redactia\",\"@id\":\"https:\/\/bangbang.md\/#\/schema\/person\/3c4bdd852f2d2f8db3bde1e81e9676a2\"},\"headline\":\"Amin! Vaticanul binecuv\u00e2nteaz\u0103 posibilitatea tinerilor gay de a deveni preo\u021bi. Vezi care sunt condi\u021biile\",\"datePublished\":\"2025-01-13T07:24:53+00:00\",\"dateModified\":\"2025-01-13T07:25:59+00:00\",\"mainEntityOfPage\":{\"@id\":\"https:\/\/bangbang.md\/2025\/01\/13\/amin-vaticanul-binecuvanteaza-posibilitatea-tinerilor-gay-de-a-deveni-preoti-vezi-care-sunt-conditiile\/\"},\"wordCount\":545,\"publisher\":{\"@id\":\"https:\/\/bangbang.md\/#organization\"},\"articleSection\":[\"\u00cen lume\",\"Nout\u0103\u021bi\"],\"inLanguage\":\"ru-RU\"},{\"@type\":\"WebPage\",\"@id\":\"https:\/\/bangbang.md\/2025\/01\/13\/amin-vaticanul-binecuvanteaza-posibilitatea-tinerilor-gay-de-a-deveni-preoti-vezi-care-sunt-conditiile\/\",\"url\":\"https:\/\/bangbang.md\/2025\/01\/13\/amin-vaticanul-binecuvanteaza-posibilitatea-tinerilor-gay-de-a-deveni-preoti-vezi-care-sunt-conditiile\/\",\"name\":\"Amin! Vaticanul binecuv\u00e2nteaz\u0103 posibilitatea tinerilor gay de a deveni preo\u021bi. Vezi care sunt condi\u021biile - BANG-BANG\",\"isPartOf\":{\"@id\":\"https:\/\/bangbang.md\/#website\"},\"datePublished\":\"2025-01-13T07:24:53+00:00\",\"dateModified\":\"2025-01-13T07:25:59+00:00\",\"description\":\"Episcopii italieni, cu acordul Vaticanului, au decis c\u0103 tinerii gay pot fi admi\u0219i \u00een seminare \u0219i deveni ulterior preo\u021bi, at\u00e2ta timp c\u00e2t spun \u201enu\u201d sexului.\u00a0Documentul \u201eFormarea preo\u021bilor \u00een Bisericile din Italia\u201d \u00a0a intrat \u00een vigoare pe 9 ianuarie,\u00a0 \u201ead experimentum pentru trei ani\u201d \u0219i a fost publicat cu discre\u021bie pe site-ul Episcopiei.\",\"breadcrumb\":{\"@id\":\"https:\/\/bangbang.md\/2025\/01\/13\/amin-vaticanul-binecuvanteaza-posibilitatea-tinerilor-gay-de-a-deveni-preoti-vezi-care-sunt-conditiile\/#breadcrumb\"},\"inLanguage\":\"ru-RU\",\"potentialAction\":[{\"@type\":\"ReadAction\",\"target\":[\"https:\/\/bangbang.md\/2025\/01\/13\/amin-vaticanul-binecuvanteaza-posibilitatea-tinerilor-gay-de-a-deveni-preoti-vezi-care-sunt-conditiile\/\"]}]},{\"@type\":\"BreadcrumbList\",\"@id\":\"https:\/\/bangbang.md\/2025\/01\/13\/amin-vaticanul-binecuvanteaza-posibilitatea-tinerilor-gay-de-a-deveni-preoti-vezi-care-sunt-conditiile\/#breadcrumb\",\"itemListElement\":[{\"@type\":\"ListItem\",\"position\":1,\"name\":\"Prima pagin\u0103\",\"item\":\"https:\/\/bangbang.md\/\"},{\"@type\":\"ListItem\",\"position\":2,\"name\":\"Amin! Vaticanul binecuv\u00e2nteaz\u0103 posibilitatea tinerilor gay de a deveni preo\u021bi. Vezi care sunt condi\u021biile\"}]},{\"@type\":\"WebSite\",\"@id\":\"https:\/\/bangbang.md\/#website\",\"url\":\"https:\/\/bangbang.md\/\",\"name\":\"BANG-BANG\",\"description\":\"Portal web dedicat comunit\u0103\u021bii LGBTQ d RM\",\"publisher\":{\"@id\":\"https:\/\/bangbang.md\/#organization\"},\"potentialAction\":[{\"@type\":\"SearchAction\",\"target\":{\"@type\":\"EntryPoint\",\"urlTemplate\":\"https:\/\/bangbang.md\/?s={search_term_string}\"},\"query-input\":\"required name=search_term_string\"}],\"inLanguage\":\"ru-RU\"},{\"@type\":\"Organization\",\"@id\":\"https:\/\/bangbang.md\/#organization\",\"name\":\"Bang bang\",\"url\":\"https:\/\/bangbang.md\/\",\"logo\":{\"@type\":\"ImageObject\",\"inLanguage\":\"ru-RU\",\"@id\":\"https:\/\/bangbang.md\/#\/schema\/logo\/image\/\",\"url\":\"https:\/\/bangbang.md\/wp-content\/uploads\/2022\/07\/cropped-Group.jpg\",\"contentUrl\":\"https:\/\/bangbang.md\/wp-content\/uploads\/2022\/07\/cropped-Group.jpg\",\"width\":512,\"height\":512,\"caption\":\"Bang bang\"},\"image\":{\"@id\":\"https:\/\/bangbang.md\/#\/schema\/logo\/image\/\"},\"sameAs\":[\"https:\/\/www.facebook.com\/bangbangmoldova\"]},{\"@type\":\"Person\",\"@id\":\"https:\/\/bangbang.md\/#\/schema\/person\/3c4bdd852f2d2f8db3bde1e81e9676a2\",\"name\":\"Redactia\",\"image\":{\"@type\":\"ImageObject\",\"inLanguage\":\"ru-RU\",\"@id\":\"https:\/\/bangbang.md\/#\/schema\/person\/image\/\",\"url\":\"https:\/\/secure.gravatar.com\/avatar\/31b9e560d1e50693e5c3bec169fad34f40ffc3d32174e8953ddc1d30a6216ced?s=96&d=mm&r=g\",\"contentUrl\":\"https:\/\/secure.gravatar.com\/avatar\/31b9e560d1e50693e5c3bec169fad34f40ffc3d32174e8953ddc1d30a6216ced?s=96&d=mm&r=g\",\"caption\":\"Redactia\"},\"url\":\"https:\/\/bangbang.md\/ru\/author\/redactia\/\"}]}<\/script>\n<!-- \/ Yoast SEO Premium plugin. -->","yoast_head_json":{"title":"Amin! Vaticanul binecuv\u00e2nteaz\u0103 posibilitatea tinerilor gay de a deveni preo\u021bi. Vezi care sunt condi\u021biile - BANG-BANG","description":"Episcopii italieni, cu acordul Vaticanului, au decis c\u0103 tinerii gay pot fi admi\u0219i \u00een seminare \u0219i deveni ulterior preo\u021bi, at\u00e2ta timp c\u00e2t spun \u201enu\u201d sexului.\u00a0Documentul \u201eFormarea preo\u021bilor \u00een Bisericile din Italia\u201d \u00a0a intrat \u00een vigoare pe 9 ianuarie,\u00a0 \u201ead experimentum pentru trei ani\u201d \u0219i a fost publicat cu discre\u021bie pe site-ul Episcopiei.","robots":{"index":"index","follow":"follow","max-snippet":"max-snippet:-1","max-image-preview":"max-image-preview:large","max-video-preview":"max-video-preview:-1"},"canonical":"https:\/\/bangbang.md\/ru\/2025\/01\/13\/amin-vaticanul-binecuvanteaza-posibilitatea-tinerilor-gay-de-a-deveni-preoti-vezi-care-sunt-conditiile\/","og_locale":"ru_RU","og_type":"article","og_title":"Amin! Vaticanul binecuv\u00e2nteaz\u0103 posibilitatea tinerilor gay de a deveni preo\u021bi. Vezi care sunt condi\u021biile","og_description":"Episcopii italieni, cu acordul Vaticanului, au decis c\u0103 tinerii gay pot fi admi\u0219i \u00een seminare \u0219i deveni ulterior preo\u021bi, at\u00e2ta timp c\u00e2t spun \u201enu\u201d sexului.\u00a0Documentul \u201eFormarea preo\u021bilor \u00een Bisericile din Italia\u201d \u00a0a intrat \u00een vigoare pe 9 ianuarie,\u00a0 \u201ead experimentum pentru trei ani\u201d \u0219i a fost publicat cu discre\u021bie pe site-ul Episcopiei.","og_url":"https:\/\/bangbang.md\/ru\/2025\/01\/13\/amin-vaticanul-binecuvanteaza-posibilitatea-tinerilor-gay-de-a-deveni-preoti-vezi-care-sunt-conditiile\/","og_site_name":"BANG-BANG","article_publisher":"https:\/\/www.facebook.com\/bangbangmoldova","article_published_time":"2025-01-13T07:24:53+00:00","article_modified_time":"2025-01-13T07:25:59+00:00","og_image":[{"width":1024,"height":683,"url":"https:\/\/bangbang.md\/wp-content\/uploads\/2025\/01\/EL-44-1024x683.png","type":"image\/png"}],"author":"Redactia","twitter_card":"summary_large_image","twitter_misc":{"\u041d\u0430\u043f\u0438\u0441\u0430\u043d\u043e \u0430\u0432\u0442\u043e\u0440\u043e\u043c":"Redactia","\u041f\u0440\u0438\u043c\u0435\u0440\u043d\u043e\u0435 \u0432\u0440\u0435\u043c\u044f \u0434\u043b\u044f \u0447\u0442\u0435\u043d\u0438\u044f":"3 \u043c\u0438\u043d\u0443\u0442\u044b"},"schema":{"@context":"https:\/\/schema.org","@graph":[{"@type":"Article","@id":"https:\/\/bangbang.md\/2025\/01\/13\/amin-vaticanul-binecuvanteaza-posibilitatea-tinerilor-gay-de-a-deveni-preoti-vezi-care-sunt-conditiile\/#article","isPartOf":{"@id":"https:\/\/bangbang.md\/2025\/01\/13\/amin-vaticanul-binecuvanteaza-posibilitatea-tinerilor-gay-de-a-deveni-preoti-vezi-care-sunt-conditiile\/"},"author":{"name":"Redactia","@id":"https:\/\/bangbang.md\/#\/schema\/person\/3c4bdd852f2d2f8db3bde1e81e9676a2"},"headline":"Amin! Vaticanul binecuv\u00e2nteaz\u0103 posibilitatea tinerilor gay de a deveni preo\u021bi. Vezi care sunt condi\u021biile","datePublished":"2025-01-13T07:24:53+00:00","dateModified":"2025-01-13T07:25:59+00:00","mainEntityOfPage":{"@id":"https:\/\/bangbang.md\/2025\/01\/13\/amin-vaticanul-binecuvanteaza-posibilitatea-tinerilor-gay-de-a-deveni-preoti-vezi-care-sunt-conditiile\/"},"wordCount":545,"publisher":{"@id":"https:\/\/bangbang.md\/#organization"},"articleSection":["\u00cen lume","Nout\u0103\u021bi"],"inLanguage":"ru-RU"},{"@type":"WebPage","@id":"https:\/\/bangbang.md\/2025\/01\/13\/amin-vaticanul-binecuvanteaza-posibilitatea-tinerilor-gay-de-a-deveni-preoti-vezi-care-sunt-conditiile\/","url":"https:\/\/bangbang.md\/2025\/01\/13\/amin-vaticanul-binecuvanteaza-posibilitatea-tinerilor-gay-de-a-deveni-preoti-vezi-care-sunt-conditiile\/","name":"Amin! Vaticanul binecuv\u00e2nteaz\u0103 posibilitatea tinerilor gay de a deveni preo\u021bi. Vezi care sunt condi\u021biile - BANG-BANG","isPartOf":{"@id":"https:\/\/bangbang.md\/#website"},"datePublished":"2025-01-13T07:24:53+00:00","dateModified":"2025-01-13T07:25:59+00:00","description":"Episcopii italieni, cu acordul Vaticanului, au decis c\u0103 tinerii gay pot fi admi\u0219i \u00een seminare \u0219i deveni ulterior preo\u021bi, at\u00e2ta timp c\u00e2t spun \u201enu\u201d sexului.\u00a0Documentul \u201eFormarea preo\u021bilor \u00een Bisericile din Italia\u201d \u00a0a intrat \u00een vigoare pe 9 ianuarie,\u00a0 \u201ead experimentum pentru trei ani\u201d \u0219i a fost publicat cu discre\u021bie pe site-ul Episcopiei.","breadcrumb":{"@id":"https:\/\/bangbang.md\/2025\/01\/13\/amin-vaticanul-binecuvanteaza-posibilitatea-tinerilor-gay-de-a-deveni-preoti-vezi-care-sunt-conditiile\/#breadcrumb"},"inLanguage":"ru-RU","potentialAction":[{"@type":"ReadAction","target":["https:\/\/bangbang.md\/2025\/01\/13\/amin-vaticanul-binecuvanteaza-posibilitatea-tinerilor-gay-de-a-deveni-preoti-vezi-care-sunt-conditiile\/"]}]},{"@type":"BreadcrumbList","@id":"https:\/\/bangbang.md\/2025\/01\/13\/amin-vaticanul-binecuvanteaza-posibilitatea-tinerilor-gay-de-a-deveni-preoti-vezi-care-sunt-conditiile\/#breadcrumb","itemListElement":[{"@type":"ListItem","position":1,"name":"Prima pagin\u0103","item":"https:\/\/bangbang.md\/"},{"@type":"ListItem","position":2,"name":"Amin! Vaticanul binecuv\u00e2nteaz\u0103 posibilitatea tinerilor gay de a deveni preo\u021bi. Vezi care sunt condi\u021biile"}]},{"@type":"WebSite","@id":"https:\/\/bangbang.md\/#website","url":"https:\/\/bangbang.md\/","name":"BANG-BANG","description":"Portal web dedicat comunit\u0103\u021bii LGBTQ d RM","publisher":{"@id":"https:\/\/bangbang.md\/#organization"},"potentialAction":[{"@type":"SearchAction","target":{"@type":"EntryPoint","urlTemplate":"https:\/\/bangbang.md\/?s={search_term_string}"},"query-input":"required name=search_term_string"}],"inLanguage":"ru-RU"},{"@type":"Organization","@id":"https:\/\/bangbang.md\/#organization","name":"Bang bang","url":"https:\/\/bangbang.md\/","logo":{"@type":"ImageObject","inLanguage":"ru-RU","@id":"https:\/\/bangbang.md\/#\/schema\/logo\/image\/","url":"https:\/\/bangbang.md\/wp-content\/uploads\/2022\/07\/cropped-Group.jpg","contentUrl":"https:\/\/bangbang.md\/wp-content\/uploads\/2022\/07\/cropped-Group.jpg","width":512,"height":512,"caption":"Bang bang"},"image":{"@id":"https:\/\/bangbang.md\/#\/schema\/logo\/image\/"},"sameAs":["https:\/\/www.facebook.com\/bangbangmoldova"]},{"@type":"Person","@id":"https:\/\/bangbang.md\/#\/schema\/person\/3c4bdd852f2d2f8db3bde1e81e9676a2","name":"Redactia","image":{"@type":"ImageObject","inLanguage":"ru-RU","@id":"https:\/\/bangbang.md\/#\/schema\/person\/image\/","url":"https:\/\/secure.gravatar.com\/avatar\/31b9e560d1e50693e5c3bec169fad34f40ffc3d32174e8953ddc1d30a6216ced?s=96&d=mm&r=g","contentUrl":"https:\/\/secure.gravatar.com\/avatar\/31b9e560d1e50693e5c3bec169fad34f40ffc3d32174e8953ddc1d30a6216ced?s=96&d=mm&r=g","caption":"Redactia"},"url":"https:\/\/bangbang.md\/ru\/author\/redactia\/"}]}},"_links":{"self":[{"href":"https:\/\/bangbang.md\/ru\/wp-json\/wp\/v2\/posts\/7981","targetHints":{"allow":["GET"]}}],"collection":[{"href":"https:\/\/bangbang.md\/ru\/wp-json\/wp\/v2\/posts"}],"about":[{"href":"https:\/\/bangbang.md\/ru\/wp-json\/wp\/v2\/types\/post"}],"author":[{"embeddable":true,"href":"https:\/\/bangbang.md\/ru\/wp-json\/wp\/v2\/users\/4"}],"replies":[{"embeddable":true,"href":"https:\/\/bangbang.md\/ru\/wp-json\/wp\/v2\/comments?post=7981"}],"version-history":[{"count":2,"href":"https:\/\/bangbang.md\/ru\/wp-json\/wp\/v2\/posts\/7981\/revisions"}],"predecessor-version":[{"id":7984,"href":"https:\/\/bangbang.md\/ru\/wp-json\/wp\/v2\/posts\/7981\/revisions\/7984"}],"wp:featuredmedia":[{"embeddable":true,"href":"https:\/\/bangbang.md\/ru\/wp-json\/wp\/v2\/media\/7982"}],"wp:attachment":[{"href":"https:\/\/bangbang.md\/ru\/wp-json\/wp\/v2\/media?parent=7981"}],"wp:term":[{"taxonomy":"category","embeddable":true,"href":"https:\/\/bangbang.md\/ru\/wp-json\/wp\/v2\/categories?post=7981"},{"taxonomy":"post_tag","embeddable":true,"href":"https:\/\/bangbang.md\/ru\/wp-json\/wp\/v2\/tags?post=7981"}],"curies":[{"name":"wp","href":"https:\/\/api.w.org\/{rel}","templated":true}]}}