{"id":7731,"date":"2024-12-18T10:30:02","date_gmt":"2024-12-18T10:30:02","guid":{"rendered":"https:\/\/bangbang.md\/?p=7731"},"modified":"2024-12-18T10:30:47","modified_gmt":"2024-12-18T10:30:47","slug":"queer-cafe-siguranta-si-socializare-pentru-comunitatea-lgbtq-inclusiv-pentru-persoanele-refugiate","status":"publish","type":"post","link":"https:\/\/bangbang.md\/ru\/2024\/12\/18\/queer-cafe-siguranta-si-socializare-pentru-comunitatea-lgbtq-inclusiv-pentru-persoanele-refugiate\/","title":{"rendered":"Queer Caf\u00e9 \u2013 siguran\u021b\u0103 \u0219i socializare pentru comunitatea LGBTQ+, inclusiv pentru persoanele refugiate"},"content":{"rendered":"<h2 class=\"wp-block-heading\" id=\"h-queer-community-cafe-este-un-proiect-lansat-de-asocia\u021bia-ob\u0219teasca-moldox-in-vara-anului-2022-scopul-acesteia-este-de-a-crea-un-spa\u021biu-curajos-\u0219i-incluziv-pentru-comunitatea-lgbtqia-din-moldova-promovand-coeziunea-sociala-\u0219i-sus\u021binand-ini\u021biativele-propuse-de-membrii-comunita\u021bii-\u0219i-alia\u021bi\"><em>Queer Community Caf\u00e9<\/em> este un proiect lansat de Asocia\u021bia Ob\u0219teasc\u0103 Moldox \u00een vara anului 2022. Scopul acesteia este de a crea un spa\u021biu curajos \u0219i incluziv pentru comunitatea LGBTQIA+ din Moldova, promov\u00e2nd coeziunea social\u0103 \u0219i sus\u021bin\u00e2nd ini\u021biativele propuse de membrii comunit\u0103\u021bii \u0219i alia\u021bi.  <\/h2>\n\n\n\n<p>Pe parcursul acestor doi ani, Queer Caf\u00e9 g\u0103zduie\u0219te o diversitate de evenimente \u0219i activit\u0103\u021bi pentru \u00eentreaga comunitate queer. Fiind un spa\u021biu inclusiv \u0219i sigur, la aceste evenimente vin \u0219i refugia\u021bii din comunitatea LGBTQ+. <\/p>\n\n\n\n<h4 class=\"wp-block-heading has-text-align-center\" id=\"h-queer-cafe-activita\u021bi-cu-\u0219i-pentru-persoanele-refugiate\"><em>Queer Caf\u00e9<\/em>: activit\u0103\u021bi cu \u0219i pentru persoanele refugiate<\/h4>\n\n\n\n<p>Toate activit\u0103\u021bile organizate la <em>Queer Caf\u00e9 <\/em>sunt incluzive \u0219i intersec\u021bionale. Totu\u0219i, odat\u0103 cu identificarea unei necesit\u0103\u021bi crescute de a oferi un spa\u021biu de crea\u021bie \u0219i exprimare refugia\u021bilor, echipa <em>Queer Caf\u00e9<\/em> a adaptat programul s\u0103 includ\u0103 evenimente \u0219i \u00een limba rus\u0103. O persoan\u0103 refugiat\u0103 din Belarus, membr\u0103 a <em><em>Queer Caf\u00e9<\/em><\/em>, a ini\u021biat ideea proiectului \u201e\u041a\u0412\u0418\u0420 \u0441\u0442\u0443\u0434\u0438\u044f \u0432\u043e\u0441\u0442\u043e\u0447\u043d\u044b\u0439 \u0415\u0432\u0440\u043e\u043f\u044b\u201d [QUEER \u2013 studioul Europei de vest] \u2013 un spa\u021biu ce include lec\u021bii s\u0103pt\u0103m\u00e2nale despre istoria filmului, teatrului \u0219i literaturii <em>queer <\/em>din Europa de Est. Aceste activit\u0103\u021bi au atras \u00een mod special vorbitori de limba rus\u0103, inclusiv refugia\u021bi.<\/p>\n\n\n\n<ul class=\"wp-block-list\">\n<li><strong><a href=\"https:\/\/bangbang.md\/ru\/2024\/12\/12\/anhelina-o-refugiata-din-ucraina-povesteste-despre-integrarea-sa-in-societatea-moldoveneasca\/\"><mark style=\"background-color:rgba(0, 0, 0, 0)\" class=\"has-inline-color has-vivid-cyan-blue-color\">Anhelina, o refugiat\u0103 din Ucraina, poveste\u0219te despre integrarea sa \u00een societatea moldoveneasc<\/mark><\/a><a href=\"https:\/\/bangbang.md\/ru\/2024\/12\/12\/anhelina-o-refugiata-din-ucraina-povesteste-despre-integrarea-sa-in-societatea-moldoveneasca\/\" target=\"_blank\" rel=\"noreferrer noopener\"><mark style=\"background-color:rgba(0, 0, 0, 0)\" class=\"has-inline-color has-vivid-cyan-blue-color\">\u0103<\/mark><\/a><\/strong><\/li>\n<\/ul>\n\n\n\n<p>De asemenea, sunt organizate seri de poezie, unde participan\u021bii \u00ee\u0219i recit\u0103 crea\u021biile proprii, folosind poezia ca pe o modalitate de exprimare a emo\u021biilor tr\u0103ite \u00een perioada de r\u0103zboi. Aceste evenimente au devenit un spa\u021biu terapeutic pentru refugia\u021bi, oferindu-le oportunitatea de a-\u0219i \u00eemp\u0103rt\u0103\u0219i experien\u021bele \u0219i de a se conecta cu ceilal\u021bi prin art\u0103.<\/p>\n\n\n\n<p>\u00cen plus, <em>Queer Caf\u00e9<\/em> a lansat cursuri de limb\u0103 rom\u00e2n\u0103 pentru a sprijini integrarea mai u\u0219oar\u0103 a persoanelor refugiate \u00een societatea moldoveneasc\u0103. Prin aceste ini\u021biative, se \u00eencearc\u0103 de a r\u0103spunde diverselor nevoi ale comunit\u0103\u021bii, promov\u00e2nd incluziunea, sprijinul emo\u021bional \u0219i integrarea.<\/p>\n\n\n\n<h4 class=\"wp-block-heading has-text-align-center\" id=\"h-queer-cafe-proiec\u021bii-de-filme\"><em>Queer Caf\u00e9<\/em>: proiec\u021bii de filme<\/h4>\n\n\n\n<p>Moldox \u0219i <em>Queer Caf\u00e9<\/em> organizeaz\u0103 o varietate de activit\u0103\u021bi pentru comunitatea <em>queer <\/em>din Moldova, printre acestea se num\u0103r\u0103 proiec\u021biile de filme prin <em>Queer Voices Film Festival<\/em> \u0219i clubul de <em>Film Queer<\/em>, care aduc \u00een prim-plan pove\u0219ti <em>queer <\/em>\u0219i \u00eencurajeaz\u0103 dialogul. De asemenea, sunt organizate evenimente educa\u021bionale, precum workshopuri \u0219i sesiuni de formare pe teme legate de drepturile LGBTQIA+, activism, s\u0103n\u0103tatea mintal\u0103 \u0219i combaterea discrimin\u0103rii etc.<\/p>\n\n\n\n<h4 class=\"wp-block-heading has-text-align-center\" id=\"h-queer-cafe-activita\u021bi-de-socializare\"><em>Queer Caf\u00e9<\/em>: activit\u0103\u021bi de socializare<\/h4>\n\n\n\n<p><em>Queer Caf\u00e9 <\/em>ofer\u0103 \u0219i spa\u021bii de socializare, prin evenimente precum <em>speed dating queer<\/em>, seri de jocuri de societate, dezbateri \u0219i \u00eent\u00e2lniri informale, care contribuie la crearea unor leg\u0103turi puternice \u00een comunitate. Activit\u0103\u021bile artistice \u0219i culturale, expozi\u021bii de art\u0103, performance-uri \u0219i spectacole, Seri de dictate culturii Ballroom, performance de <em>drag <\/em>\u0219i petreceri ce ofer\u0103 vizibilitate talentelor <em>queer <\/em>locale \u0219i interna\u021bionale. Totodat\u0103, <em>Queer Caf\u00e9<\/em> sus\u021bine \u0219i proiectele propuse de membrii comunit\u0103\u021bii, r\u0103spunz\u00e2nd astfel diverselor lor nevoi ale persoanelor ce petrec timpul \u00een acest spa\u021biu.<\/p>\n\n\n\n<p><em><strong><a href=\"https:\/\/www.instagram.com\/queercafe.md\/\"><mark style=\"background-color:rgba(0, 0, 0, 0)\" class=\"has-inline-color has-vivid-cyan-blue-color\">Queer Caf\u00e9<\/mark><\/a><\/strong><\/em> se afl\u0103 pe adresa strada Alexei Mateevici 69 \u0219i este deschis pentru activit\u0103\u021bi de co-working de luni p\u00e2n\u0103 vineri, \u00eentre orele 12.00 \u0219i 20.00. Folosirea spa\u021biului \u0219i a facilit\u0103\u021bilor \u00een cadrul localului sunt gratuite. <\/p>","protected":false},"excerpt":{"rendered":"<p>Queer Community Caf\u00e9 este un proiect lansat de Asocia\u021bia Ob\u0219teasc\u0103 Moldox \u00een vara anului 2022. Scopul acesteia este de a&#8230;<\/p>","protected":false},"author":11,"featured_media":7735,"comment_status":"closed","ping_status":"closed","sticky":false,"template":"","format":"standard","meta":{"footnotes":""},"categories":[179,178],"tags":[],"class_list":["post-7731","post","type-post","status-publish","format-standard","has-post-thumbnail","hentry","category-lumea-noastra","category-queer-proud"],"yoast_head":"<!-- This site is optimized with the Yoast SEO Premium plugin v18.9 (Yoast SEO v20.13) - https:\/\/yoast.com\/wordpress\/plugins\/seo\/ -->\n<title>Queer Caf\u00e9 \u2013 siguran\u021b\u0103 \u0219i socializare pentru comunitatea LGBTQ+, inclusiv pentru persoanele refugiate - BANG-BANG<\/title>\n<meta name=\"robots\" content=\"index, follow, max-snippet:-1, max-image-preview:large, max-video-preview:-1\" \/>\n<link rel=\"canonical\" href=\"https:\/\/bangbang.md\/ru\/2024\/12\/18\/queer-cafe-siguranta-si-socializare-pentru-comunitatea-lgbtq-inclusiv-pentru-persoanele-refugiate\/\" \/>\n<meta property=\"og:locale\" content=\"ru_RU\" \/>\n<meta property=\"og:type\" content=\"article\" \/>\n<meta property=\"og:title\" content=\"Queer Caf\u00e9 \u2013 siguran\u021b\u0103 \u0219i socializare pentru comunitatea LGBTQ+, inclusiv pentru persoanele refugiate\" \/>\n<meta property=\"og:description\" content=\"Queer Community Caf\u00e9 este un proiect lansat de Asocia\u021bia Ob\u0219teasc\u0103 Moldox \u00een vara anului 2022. Scopul acesteia este de a...\" \/>\n<meta property=\"og:url\" content=\"https:\/\/bangbang.md\/ru\/2024\/12\/18\/queer-cafe-siguranta-si-socializare-pentru-comunitatea-lgbtq-inclusiv-pentru-persoanele-refugiate\/\" \/>\n<meta property=\"og:site_name\" content=\"BANG-BANG\" \/>\n<meta property=\"article:publisher\" content=\"https:\/\/www.facebook.com\/bangbangmoldova\" \/>\n<meta property=\"article:published_time\" content=\"2024-12-18T10:30:02+00:00\" \/>\n<meta property=\"article:modified_time\" content=\"2024-12-18T10:30:47+00:00\" \/>\n<meta property=\"og:image\" content=\"https:\/\/bangbang.md\/wp-content\/uploads\/2024\/12\/queer-cafe.jpg\" \/>\n\t<meta property=\"og:image:width\" content=\"1825\" \/>\n\t<meta property=\"og:image:height\" content=\"1118\" \/>\n\t<meta property=\"og:image:type\" content=\"image\/jpeg\" \/>\n<meta name=\"author\" content=\"Liubomir Gutu\" \/>\n<meta name=\"twitter:card\" content=\"summary_large_image\" \/>\n<meta name=\"twitter:label1\" content=\"\u041d\u0430\u043f\u0438\u0441\u0430\u043d\u043e \u0430\u0432\u0442\u043e\u0440\u043e\u043c\" \/>\n\t<meta name=\"twitter:data1\" content=\"Liubomir Gutu\" \/>\n\t<meta name=\"twitter:label2\" content=\"\u041f\u0440\u0438\u043c\u0435\u0440\u043d\u043e\u0435 \u0432\u0440\u0435\u043c\u044f \u0434\u043b\u044f \u0447\u0442\u0435\u043d\u0438\u044f\" \/>\n\t<meta name=\"twitter:data2\" content=\"3 \u043c\u0438\u043d\u0443\u0442\u044b\" \/>\n<script type=\"application\/ld+json\" class=\"yoast-schema-graph\">{\"@context\":\"https:\/\/schema.org\",\"@graph\":[{\"@type\":\"Article\",\"@id\":\"https:\/\/bangbang.md\/2024\/12\/18\/queer-cafe-siguranta-si-socializare-pentru-comunitatea-lgbtq-inclusiv-pentru-persoanele-refugiate\/#article\",\"isPartOf\":{\"@id\":\"https:\/\/bangbang.md\/2024\/12\/18\/queer-cafe-siguranta-si-socializare-pentru-comunitatea-lgbtq-inclusiv-pentru-persoanele-refugiate\/\"},\"author\":{\"name\":\"Liubomir Gutu\",\"@id\":\"https:\/\/bangbang.md\/#\/schema\/person\/b4ff4d5c9f0016ac2c271c7f56fe821a\"},\"headline\":\"Queer Caf\u00e9 \u2013 siguran\u021b\u0103 \u0219i socializare pentru comunitatea LGBTQ+, inclusiv pentru persoanele refugiate\",\"datePublished\":\"2024-12-18T10:30:02+00:00\",\"dateModified\":\"2024-12-18T10:30:47+00:00\",\"mainEntityOfPage\":{\"@id\":\"https:\/\/bangbang.md\/2024\/12\/18\/queer-cafe-siguranta-si-socializare-pentru-comunitatea-lgbtq-inclusiv-pentru-persoanele-refugiate\/\"},\"wordCount\":601,\"publisher\":{\"@id\":\"https:\/\/bangbang.md\/#organization\"},\"articleSection\":[\"Lumea noastr\u0103\",\"Queer &amp; Proud\"],\"inLanguage\":\"ru-RU\"},{\"@type\":\"WebPage\",\"@id\":\"https:\/\/bangbang.md\/2024\/12\/18\/queer-cafe-siguranta-si-socializare-pentru-comunitatea-lgbtq-inclusiv-pentru-persoanele-refugiate\/\",\"url\":\"https:\/\/bangbang.md\/2024\/12\/18\/queer-cafe-siguranta-si-socializare-pentru-comunitatea-lgbtq-inclusiv-pentru-persoanele-refugiate\/\",\"name\":\"Queer Caf\u00e9 \u2013 siguran\u021b\u0103 \u0219i socializare pentru comunitatea LGBTQ+, inclusiv pentru persoanele refugiate - BANG-BANG\",\"isPartOf\":{\"@id\":\"https:\/\/bangbang.md\/#website\"},\"datePublished\":\"2024-12-18T10:30:02+00:00\",\"dateModified\":\"2024-12-18T10:30:47+00:00\",\"breadcrumb\":{\"@id\":\"https:\/\/bangbang.md\/2024\/12\/18\/queer-cafe-siguranta-si-socializare-pentru-comunitatea-lgbtq-inclusiv-pentru-persoanele-refugiate\/#breadcrumb\"},\"inLanguage\":\"ru-RU\",\"potentialAction\":[{\"@type\":\"ReadAction\",\"target\":[\"https:\/\/bangbang.md\/2024\/12\/18\/queer-cafe-siguranta-si-socializare-pentru-comunitatea-lgbtq-inclusiv-pentru-persoanele-refugiate\/\"]}]},{\"@type\":\"BreadcrumbList\",\"@id\":\"https:\/\/bangbang.md\/2024\/12\/18\/queer-cafe-siguranta-si-socializare-pentru-comunitatea-lgbtq-inclusiv-pentru-persoanele-refugiate\/#breadcrumb\",\"itemListElement\":[{\"@type\":\"ListItem\",\"position\":1,\"name\":\"Prima pagin\u0103\",\"item\":\"https:\/\/bangbang.md\/\"},{\"@type\":\"ListItem\",\"position\":2,\"name\":\"Queer Caf\u00e9 \u2013 siguran\u021b\u0103 \u0219i socializare pentru comunitatea LGBTQ+, inclusiv pentru persoanele refugiate\"}]},{\"@type\":\"WebSite\",\"@id\":\"https:\/\/bangbang.md\/#website\",\"url\":\"https:\/\/bangbang.md\/\",\"name\":\"BANG-BANG\",\"description\":\"Portal web dedicat comunit\u0103\u021bii LGBTQ d RM\",\"publisher\":{\"@id\":\"https:\/\/bangbang.md\/#organization\"},\"potentialAction\":[{\"@type\":\"SearchAction\",\"target\":{\"@type\":\"EntryPoint\",\"urlTemplate\":\"https:\/\/bangbang.md\/?s={search_term_string}\"},\"query-input\":\"required name=search_term_string\"}],\"inLanguage\":\"ru-RU\"},{\"@type\":\"Organization\",\"@id\":\"https:\/\/bangbang.md\/#organization\",\"name\":\"Bang bang\",\"url\":\"https:\/\/bangbang.md\/\",\"logo\":{\"@type\":\"ImageObject\",\"inLanguage\":\"ru-RU\",\"@id\":\"https:\/\/bangbang.md\/#\/schema\/logo\/image\/\",\"url\":\"https:\/\/bangbang.md\/wp-content\/uploads\/2022\/07\/cropped-Group.jpg\",\"contentUrl\":\"https:\/\/bangbang.md\/wp-content\/uploads\/2022\/07\/cropped-Group.jpg\",\"width\":512,\"height\":512,\"caption\":\"Bang bang\"},\"image\":{\"@id\":\"https:\/\/bangbang.md\/#\/schema\/logo\/image\/\"},\"sameAs\":[\"https:\/\/www.facebook.com\/bangbangmoldova\"]},{\"@type\":\"Person\",\"@id\":\"https:\/\/bangbang.md\/#\/schema\/person\/b4ff4d5c9f0016ac2c271c7f56fe821a\",\"name\":\"Liubomir Gutu\",\"image\":{\"@type\":\"ImageObject\",\"inLanguage\":\"ru-RU\",\"@id\":\"https:\/\/bangbang.md\/#\/schema\/person\/image\/\",\"url\":\"https:\/\/secure.gravatar.com\/avatar\/60b5aae02a7c05b5a360da7b8f74afbe8e259be49f2a87a5f18011708237c7b9?s=96&d=mm&r=g\",\"contentUrl\":\"https:\/\/secure.gravatar.com\/avatar\/60b5aae02a7c05b5a360da7b8f74afbe8e259be49f2a87a5f18011708237c7b9?s=96&d=mm&r=g\",\"caption\":\"Liubomir Gutu\"},\"description\":\"Nu v\u0103 sup\u0103ra\u021bi, dar brune\u021bii cu p\u0103rul cre\u021b sunt adorabili!\",\"sameAs\":[\"https:\/\/www.instagram.com\/liubomir_gutu\/\"],\"url\":\"https:\/\/bangbang.md\/ru\/author\/liubomir-gutu\/\"}]}<\/script>\n<!-- \/ Yoast SEO Premium plugin. -->","yoast_head_json":{"title":"Queer Caf\u00e9 \u2013 siguran\u021b\u0103 \u0219i socializare pentru comunitatea LGBTQ+, inclusiv pentru persoanele refugiate - BANG-BANG","robots":{"index":"index","follow":"follow","max-snippet":"max-snippet:-1","max-image-preview":"max-image-preview:large","max-video-preview":"max-video-preview:-1"},"canonical":"https:\/\/bangbang.md\/ru\/2024\/12\/18\/queer-cafe-siguranta-si-socializare-pentru-comunitatea-lgbtq-inclusiv-pentru-persoanele-refugiate\/","og_locale":"ru_RU","og_type":"article","og_title":"Queer Caf\u00e9 \u2013 siguran\u021b\u0103 \u0219i socializare pentru comunitatea LGBTQ+, inclusiv pentru persoanele refugiate","og_description":"Queer Community Caf\u00e9 este un proiect lansat de Asocia\u021bia Ob\u0219teasc\u0103 Moldox \u00een vara anului 2022. Scopul acesteia este de a...","og_url":"https:\/\/bangbang.md\/ru\/2024\/12\/18\/queer-cafe-siguranta-si-socializare-pentru-comunitatea-lgbtq-inclusiv-pentru-persoanele-refugiate\/","og_site_name":"BANG-BANG","article_publisher":"https:\/\/www.facebook.com\/bangbangmoldova","article_published_time":"2024-12-18T10:30:02+00:00","article_modified_time":"2024-12-18T10:30:47+00:00","og_image":[{"width":1825,"height":1118,"url":"https:\/\/bangbang.md\/wp-content\/uploads\/2024\/12\/queer-cafe.jpg","type":"image\/jpeg"}],"author":"Liubomir Gutu","twitter_card":"summary_large_image","twitter_misc":{"\u041d\u0430\u043f\u0438\u0441\u0430\u043d\u043e \u0430\u0432\u0442\u043e\u0440\u043e\u043c":"Liubomir Gutu","\u041f\u0440\u0438\u043c\u0435\u0440\u043d\u043e\u0435 \u0432\u0440\u0435\u043c\u044f \u0434\u043b\u044f \u0447\u0442\u0435\u043d\u0438\u044f":"3 \u043c\u0438\u043d\u0443\u0442\u044b"},"schema":{"@context":"https:\/\/schema.org","@graph":[{"@type":"Article","@id":"https:\/\/bangbang.md\/2024\/12\/18\/queer-cafe-siguranta-si-socializare-pentru-comunitatea-lgbtq-inclusiv-pentru-persoanele-refugiate\/#article","isPartOf":{"@id":"https:\/\/bangbang.md\/2024\/12\/18\/queer-cafe-siguranta-si-socializare-pentru-comunitatea-lgbtq-inclusiv-pentru-persoanele-refugiate\/"},"author":{"name":"Liubomir Gutu","@id":"https:\/\/bangbang.md\/#\/schema\/person\/b4ff4d5c9f0016ac2c271c7f56fe821a"},"headline":"Queer Caf\u00e9 \u2013 siguran\u021b\u0103 \u0219i socializare pentru comunitatea LGBTQ+, inclusiv pentru persoanele refugiate","datePublished":"2024-12-18T10:30:02+00:00","dateModified":"2024-12-18T10:30:47+00:00","mainEntityOfPage":{"@id":"https:\/\/bangbang.md\/2024\/12\/18\/queer-cafe-siguranta-si-socializare-pentru-comunitatea-lgbtq-inclusiv-pentru-persoanele-refugiate\/"},"wordCount":601,"publisher":{"@id":"https:\/\/bangbang.md\/#organization"},"articleSection":["Lumea noastr\u0103","Queer &amp; Proud"],"inLanguage":"ru-RU"},{"@type":"WebPage","@id":"https:\/\/bangbang.md\/2024\/12\/18\/queer-cafe-siguranta-si-socializare-pentru-comunitatea-lgbtq-inclusiv-pentru-persoanele-refugiate\/","url":"https:\/\/bangbang.md\/2024\/12\/18\/queer-cafe-siguranta-si-socializare-pentru-comunitatea-lgbtq-inclusiv-pentru-persoanele-refugiate\/","name":"Queer Caf\u00e9 \u2013 siguran\u021b\u0103 \u0219i socializare pentru comunitatea LGBTQ+, inclusiv pentru persoanele refugiate - BANG-BANG","isPartOf":{"@id":"https:\/\/bangbang.md\/#website"},"datePublished":"2024-12-18T10:30:02+00:00","dateModified":"2024-12-18T10:30:47+00:00","breadcrumb":{"@id":"https:\/\/bangbang.md\/2024\/12\/18\/queer-cafe-siguranta-si-socializare-pentru-comunitatea-lgbtq-inclusiv-pentru-persoanele-refugiate\/#breadcrumb"},"inLanguage":"ru-RU","potentialAction":[{"@type":"ReadAction","target":["https:\/\/bangbang.md\/2024\/12\/18\/queer-cafe-siguranta-si-socializare-pentru-comunitatea-lgbtq-inclusiv-pentru-persoanele-refugiate\/"]}]},{"@type":"BreadcrumbList","@id":"https:\/\/bangbang.md\/2024\/12\/18\/queer-cafe-siguranta-si-socializare-pentru-comunitatea-lgbtq-inclusiv-pentru-persoanele-refugiate\/#breadcrumb","itemListElement":[{"@type":"ListItem","position":1,"name":"Prima pagin\u0103","item":"https:\/\/bangbang.md\/"},{"@type":"ListItem","position":2,"name":"Queer Caf\u00e9 \u2013 siguran\u021b\u0103 \u0219i socializare pentru comunitatea LGBTQ+, inclusiv pentru persoanele refugiate"}]},{"@type":"WebSite","@id":"https:\/\/bangbang.md\/#website","url":"https:\/\/bangbang.md\/","name":"BANG-BANG","description":"Portal web dedicat comunit\u0103\u021bii LGBTQ d RM","publisher":{"@id":"https:\/\/bangbang.md\/#organization"},"potentialAction":[{"@type":"SearchAction","target":{"@type":"EntryPoint","urlTemplate":"https:\/\/bangbang.md\/?s={search_term_string}"},"query-input":"required name=search_term_string"}],"inLanguage":"ru-RU"},{"@type":"Organization","@id":"https:\/\/bangbang.md\/#organization","name":"Bang bang","url":"https:\/\/bangbang.md\/","logo":{"@type":"ImageObject","inLanguage":"ru-RU","@id":"https:\/\/bangbang.md\/#\/schema\/logo\/image\/","url":"https:\/\/bangbang.md\/wp-content\/uploads\/2022\/07\/cropped-Group.jpg","contentUrl":"https:\/\/bangbang.md\/wp-content\/uploads\/2022\/07\/cropped-Group.jpg","width":512,"height":512,"caption":"Bang bang"},"image":{"@id":"https:\/\/bangbang.md\/#\/schema\/logo\/image\/"},"sameAs":["https:\/\/www.facebook.com\/bangbangmoldova"]},{"@type":"Person","@id":"https:\/\/bangbang.md\/#\/schema\/person\/b4ff4d5c9f0016ac2c271c7f56fe821a","name":"Liubomir Gutu","image":{"@type":"ImageObject","inLanguage":"ru-RU","@id":"https:\/\/bangbang.md\/#\/schema\/person\/image\/","url":"https:\/\/secure.gravatar.com\/avatar\/60b5aae02a7c05b5a360da7b8f74afbe8e259be49f2a87a5f18011708237c7b9?s=96&d=mm&r=g","contentUrl":"https:\/\/secure.gravatar.com\/avatar\/60b5aae02a7c05b5a360da7b8f74afbe8e259be49f2a87a5f18011708237c7b9?s=96&d=mm&r=g","caption":"Liubomir Gutu"},"description":"Nu v\u0103 sup\u0103ra\u021bi, dar brune\u021bii cu p\u0103rul cre\u021b sunt adorabili!","sameAs":["https:\/\/www.instagram.com\/liubomir_gutu\/"],"url":"https:\/\/bangbang.md\/ru\/author\/liubomir-gutu\/"}]}},"_links":{"self":[{"href":"https:\/\/bangbang.md\/ru\/wp-json\/wp\/v2\/posts\/7731","targetHints":{"allow":["GET"]}}],"collection":[{"href":"https:\/\/bangbang.md\/ru\/wp-json\/wp\/v2\/posts"}],"about":[{"href":"https:\/\/bangbang.md\/ru\/wp-json\/wp\/v2\/types\/post"}],"author":[{"embeddable":true,"href":"https:\/\/bangbang.md\/ru\/wp-json\/wp\/v2\/users\/11"}],"replies":[{"embeddable":true,"href":"https:\/\/bangbang.md\/ru\/wp-json\/wp\/v2\/comments?post=7731"}],"version-history":[{"count":2,"href":"https:\/\/bangbang.md\/ru\/wp-json\/wp\/v2\/posts\/7731\/revisions"}],"predecessor-version":[{"id":7736,"href":"https:\/\/bangbang.md\/ru\/wp-json\/wp\/v2\/posts\/7731\/revisions\/7736"}],"wp:featuredmedia":[{"embeddable":true,"href":"https:\/\/bangbang.md\/ru\/wp-json\/wp\/v2\/media\/7735"}],"wp:attachment":[{"href":"https:\/\/bangbang.md\/ru\/wp-json\/wp\/v2\/media?parent=7731"}],"wp:term":[{"taxonomy":"category","embeddable":true,"href":"https:\/\/bangbang.md\/ru\/wp-json\/wp\/v2\/categories?post=7731"},{"taxonomy":"post_tag","embeddable":true,"href":"https:\/\/bangbang.md\/ru\/wp-json\/wp\/v2\/tags?post=7731"}],"curies":[{"name":"wp","href":"https:\/\/api.w.org\/{rel}","templated":true}]}}