{"id":6979,"date":"2024-09-26T08:38:51","date_gmt":"2024-09-26T08:38:51","guid":{"rendered":"https:\/\/bangbang.md\/?p=6979"},"modified":"2024-10-03T19:53:42","modified_gmt":"2024-10-03T19:53:42","slug":"analiza-sunt-partidele-politice-din-moldova-reprezentative-cum-poate-fi-imbunatatita-reprezentarea-comunitatii-lgbtq-in-politica-exemple-din-alte-tari","status":"publish","type":"post","link":"https:\/\/bangbang.md\/ru\/2024\/09\/26\/analiza-sunt-partidele-politice-din-moldova-reprezentative-cum-poate-fi-imbunatatita-reprezentarea-comunitatii-lgbtq-in-politica-exemple-din-alte-tari\/","title":{"rendered":"Sunt partidele politice din Moldova reprezentative?\u00a0Cum poate fi \u00eembun\u0103t\u0103\u021bit\u0103 reprezentarea comunit\u0103\u021bii LGBTQ+ \u00een politic\u0103 \u2014 exemple din alte \u021b\u0103ri"},"content":{"rendered":"<p>\u201eSpa\u021biul societ\u0103\u021bii civile\u201d pentru exercitarea \u201elibert\u0103\u021bii de \u00eentrunire, asociere \u0219i exprimare a persoanelor LGBTQ+\u201d este un criteriu de baz\u0103 conform c\u0103ruia <a href=\"https:\/\/www.ilga-europe.org\/\" target=\"_blank\" rel=\"noreferrer noopener\"><mark style=\"background-color:rgba(0, 0, 0, 0)\" class=\"has-inline-color has-vivid-cyan-blue-color\">ILGA-Europe<\/mark><\/a> m\u0103soar\u0103 nivelul de respectare a drepturilor comunit\u0103\u021bii LGBTQ+ \u00een 49 de \u021b\u0103ri de pe continentul european.<\/p>\n\n\n\n<p><a href=\"https:\/\/bangbang.md\/ru\/2024\/05\/15\/moldova-coboara-in-clasamentul-rainbow-index-europe-2024\/\" target=\"_blank\" rel=\"noreferrer noopener\"><mark style=\"background-color:rgba(0, 0, 0, 0)\" class=\"has-inline-color has-vivid-cyan-blue-color\">Conform datelor din 2024<\/mark><\/a>, de\u0219i Moldova este departe de standardul dorit \u00een aspecte precum asigurarea dreptului la c\u0103s\u0103torie sau azil pentru persoanele LGBTQ+, \u021bara \u00eendepline\u0219te standardele unei societ\u0103\u021bi civile incluzive cu un num\u0103r de organiza\u021bii neguvernamentale LGBTQ+ locale \u0219i activi\u0219ti care nu sunt urm\u0103ri\u021bi penal pentru pozi\u021biile lor \u0219i care au posibilitatea de a folosi simboluri LGBTQ+.&nbsp;<\/p>\n\n\n\n<p><strong>Putem spune oare cu aceea\u0219i certitudine c\u0103, \u00een pas cu <a href=\"https:\/\/www.britannica.com\/topic\/civil-society\">societatea civil\u0103<\/a>, partidele politice din Moldova, structuri care au acces direct la a\u0219a-numita politic\u0103 formal\u0103 care se desf\u0103\u0219oar\u0103 la nivelul institu\u021biilor publice precum Guvernul sau Parlamentul, sunt incluzive?&nbsp;<\/strong><\/p>\n\n\n\n<p>O analiz\u0103 a programelor partidelor care au c\u00e2\u0219tigat locuri \u00een Parlament la alegerile din 2021 dovede\u0219te contrariul. Indiferent de diferen\u021bele lor ideologice, toate cele trei partide &#8211; Partidul Sociali\u0219tilor, Partidul Comuni\u0219tilor \u0219i Partidul Ac\u021biune \u0219i Solidaritate &#8211; nu includ problema respect\u0103rii drepturilor comunit\u0103\u021bii LGBTQ+ din Moldova \u00een agenda lor de partid.&nbsp;&nbsp;<\/p>\n\n\n\n<p><a href=\"https:\/\/socialistii.md\/ru\/program-psrm\/\" target=\"_blank\" rel=\"noreferrer noopener\"><mark style=\"background-color:rgba(0, 0, 0, 0)\" class=\"has-inline-color has-vivid-cyan-blue-color\">Programul Partidului Sociali\u0219tilor<\/mark><\/a><mark style=\"background-color:rgba(0, 0, 0, 0)\" class=\"has-inline-color has-black-color\">,<\/mark> cunoscut pentru orientarea sa pro-rus\u0103, afirm\u0103 explicit c\u0103 \u201esocietatea are un interes vital \u00een p\u0103strarea institu\u021biei c\u0103s\u0103toriei ca uniune \u00eentre un b\u0103rbat \u0219i o femeie. Urm\u00e2nd acest principiu fundamental, PSRM favorizeaz\u0103 interzicerea propagandei LGBT \u00een toate formele \u0219i manifest\u0103rile (mar\u0219uri, precum \u0219i propaganda \u00een \u0219coli \u0219i \u00een r\u00e2ndul minorilor).\u201d&nbsp;<\/p>\n\n\n\n<p>Partidul Comuni\u0219tilor nu folose\u0219te cuvintele \u201eLGBTQ+\u201d sau \u201eincluziune\u201d <a href=\"https:\/\/www.pcrm.md\/ru\/programma\" target=\"_blank\" rel=\"noreferrer noopener\">\u00een manifestul s\u0103u<\/a> \u0219i se afl\u0103 \u00een acela\u0219i bloc politic cu Partidul Sociali\u0219tilor. Formularea <a href=\"https:\/\/unpaspentru.md\/uploads\/Program-PAS.pdf\" target=\"_blank\" rel=\"noreferrer noopener\"><mark style=\"background-color:rgba(0, 0, 0, 0)\" class=\"has-inline-color has-vivid-cyan-blue-color\">din programul singurului partid pro-european din Parlament<\/mark><\/a>, Partidul Ac\u021biune \u0219i Solidaritate, c\u0103 acesta &#8220;proclam\u0103 ca valoare suprem\u0103 libert\u0103\u0163ile \u015fi drepturile individului&#8221; este vag\u0103 \u0219i nu abordeaz\u0103 \u00een mod direct inegalitatea \u0219i discriminarea cu care se confrunt\u0103 persoanele LGBTQ+ \u00een Moldova.&nbsp;<\/p>\n\n\n\n<figure class=\"wp-block-embed is-type-wp-embed is-provider-bang-bang wp-block-embed-bang-bang\"><div class=\"wp-block-embed__wrapper\">\n<blockquote class=\"wp-embedded-content\" data-secret=\"f0xtZrvtmB\"><a href=\"https:\/\/bangbang.md\/ru\/2023\/10\/13\/cum-persoanele-queer-sunt-nereprezentate-in-campaniile-electorale\/\">Cum persoanele queer sunt (ne)reprezentate \u00een campania electoral\u0103<\/a><\/blockquote><iframe loading=\"lazy\" class=\"wp-embedded-content\" sandbox=\"allow-scripts\" security=\"restricted\" style=\"position: absolute; visibility: hidden;\" title=\"&#8222;Cum persoanele queer sunt (ne)reprezentate \u00een campania electoral\u0103&#8221; &#8212; BANG-BANG\" src=\"https:\/\/bangbang.md\/2023\/10\/13\/cum-persoanele-queer-sunt-nereprezentate-in-campaniile-electorale\/embed\/#?secret=wA2NGHA3UQ#?secret=f0xtZrvtmB\" data-secret=\"f0xtZrvtmB\" width=\"500\" height=\"282\" frameborder=\"0\" marginwidth=\"0\" marginheight=\"0\" scrolling=\"no\"><\/iframe>\n<\/div><\/figure>\n\n\n\n<p><\/p>\n\n\n\n<p>Pe baza exemplelor din alte \u021b\u0103ri &#8211; din Filipine \u0219i Australia p\u00e2n\u0103 \u00een Spania \u0219i Polonia &#8211; echipa Bang Bang <a href=\"https:\/\/aceproject.org\/ace-en\/topics\/ge\/ge3\/g36\" target=\"_blank\" rel=\"noreferrer noopener\"><mark style=\"background-color:rgba(0, 0, 0, 0)\" class=\"has-inline-color has-vivid-cyan-blue-color\">a identificat patru strategii incluzive<\/mark><\/a> care pot fi utilizate de partidele politice pentru a spori vizibilitatea persoanelor LGBTQ+ \u00een institu\u021biile publice, \u00een procesul legislativ \u0219i \u00een societate \u00een general. De\u0219i aplicabilitatea acestor strategii la realit\u0103\u021bile din Republica Moldova este un subiect aparte care urmeaz\u0103 a fi analizat, redac\u021bie consider\u0103 important s\u0103 semnaleze c\u0103 astfel de practici exist\u0103 \u0219i, prin urmare, pot deveni parte a perspectivei de dezvoltare a partidelor politice din \u021bara noastr\u0103.&nbsp;<\/p>\n\n\n\n<h2 class=\"wp-block-heading\" id=\"h-crearea-unui-single-issue-partid-politic\"><strong>Crearea unui \u201esingle-issue\u201d partid politic<\/strong><\/h2>\n\n\n\n<p>Exist\u0103 o dezbatere \u00een \u0219tiin\u021bele politice conform c\u0103reia partidele al c\u0103ror scop este de a eviden\u021bia \u0219i promova o anumit\u0103 problem\u0103 social\u0103, mai degrab\u0103 dec\u00e2t o ideologie detaliat\u0103, <a href=\"https:\/\/www.tandfonline.com\/doi\/abs\/10.1080\/01402389908425321\" target=\"_blank\" rel=\"noreferrer noopener\"><mark style=\"background-color:rgba(0, 0, 0, 0)\" class=\"has-inline-color has-vivid-cyan-blue-color\">pot fi numite \u201esingle-issue\u201d partide politice<\/mark><\/a><mark style=\"background-color:rgba(0, 0, 0, 0)\" class=\"has-inline-color has-vivid-cyan-blue-color\">.<\/mark><\/p>\n\n\n\n<p><a href=\"https:\/\/ladladpartylist.blogspot.com\/?m=1\" target=\"_blank\" rel=\"noreferrer noopener\"><mark style=\"background-color:rgba(0, 0, 0, 0)\" class=\"has-inline-color has-vivid-cyan-blue-color\">Ladlad<\/mark><\/a>, o organiza\u021bie fondat\u0103 de scriitorul filipinez Danton Remoto \u00een 2003 \u0219i \u00eenregistrat\u0103 ca partid \u0219apte ani mai t\u00e2rziu, este un prim exemplu de \u201esingle-issue\u201d partid politic. Inten\u021bia sa de la \u00eenfiin\u021bare a fost s\u0103 sprijine comunitatea LGBTQ+ din Republica Filipine. De exemplu, \u00een perioada premerg\u0103toare alegerilor din 2013, <a href=\"https:\/\/web.archive.org\/web\/20110807073237\/http:\/\/www.ladlad.org\/?page_id=2\" target=\"_blank\" rel=\"noreferrer noopener\"><mark style=\"background-color:rgba(0, 0, 0, 0)\" class=\"has-inline-color has-vivid-cyan-blue-color\">prioritatea lui Ladlad<\/mark><\/a> \u00een cazul \u00een care era ales \u00een Congres, parlamentul filipinez, era s\u0103 ini\u021bieze o lege care s\u0103 incrimineze discriminarea \u00eempotriva persoanelor LGBTQ+ \u00een toate institu\u021biile publice \u0219i private din \u021bar\u0103.&nbsp;<\/p>\n\n\n\n<p>De\u0219i Ladlad nu a reu\u0219it niciodat\u0103 s\u0103 ob\u021bin\u0103 suficiente voturi pentru a intra \u00een Congres, atunci c\u00e2nd partidul era cel mai activ, \u00een anii 2010, activit\u0103\u021bile sale au condus la o mai mare vizibilitate a comunit\u0103\u021bii LGBTQ+ din \u021bar\u0103.&nbsp;<\/p>\n\n\n\n<p>Un precedent deosebit de important \u00een istoria Filipinelor a fost <a href=\"https:\/\/www.amnesty.org\/en\/latest\/news\/2010\/04\/philippine-court-overturns-ban-gay-political-party\/\"><mark style=\"background-color:rgba(0, 0, 0, 0)\" class=\"has-inline-color has-vivid-cyan-blue-color\">decizia Cur\u021bii Supreme a \u021b\u0103rii de a permite partidului Ladlad s\u0103 candideze la alegerile parlamentare din 2010<\/mark><\/a>, anul\u00e2nd interdic\u021bia Comisiei Electorale a Filipinelor de a \u00eenregistra Ladlad ca partid. \u00cen timp ce <a href=\"https:\/\/www.icj.org\/sogicasebook\/ang-ladlad-v-commission-on-elections-supreme-court-of-the-philippines-8-april-2010\/\" target=\"_blank\" rel=\"noreferrer noopener\"><mark style=\"background-color:rgba(0, 0, 0, 0)\" class=\"has-inline-color has-vivid-cyan-blue-color\">Comisia electoral\u0103 a fost reticent\u0103 \u00een a \u00eenregistra Ladlad<\/mark><\/a> din cauza presupusei \u201eimoralit\u0103\u021bi\u201d a partidului \u0219i a \u201eofensei\u201d aduse \u201esentimentelor credincio\u0219ilor,\u201d Curtea Suprem\u0103 a confirmat c\u0103 Ladlad \u00eendepline\u0219te toate criteriile legale pentru \u00eenregistrare \u0219i nu are inten\u021bii criminale.&nbsp;<\/p>\n\n\n\n<h2 class=\"wp-block-heading\" id=\"h-includerea-intereselor-comunita\u021bii-lgbtq-in-programele-partidelor\"><strong>Includerea intereselor comunit\u0103\u021bii LGBTQ+ \u00een programele partidelor<\/strong><\/h2>\n\n\n\n<p>\u00centruc\u00e2t programul partidului este unul dintre documentele fondatoare ale partidului, care prezint\u0103 valorile, obiectivele \u0219i modul de realizare a acestora, includerea persoanelor LGBTQ+ \u00een redactarea acestui document semnific\u0103 un angajament fa\u021b\u0103 de incluziune \u0219i fa\u021b\u0103 de protejarea drepturilor comunit\u0103\u021bii LGBTQ+.&nbsp;<\/p>\n\n\n\n<p>\u00cen plus, dac\u0103 un partid cu un program incluziv este ales \u00een Parlament sau \u00een Consiliul municipal, angajamentul s\u0103u fa\u021b\u0103 de egalitate \u0219i fa\u021b\u0103 de respectarea drepturilor persoanelor LGBTQ+, \u00een conformitate cu <a href=\"https:\/\/www.britannica.com\/dictionary\/mandate\" target=\"_blank\" rel=\"noreferrer noopener\"><mark style=\"background-color:rgba(0, 0, 0, 0)\" class=\"has-inline-color has-vivid-cyan-blue-color\">principiul mandatului politic<\/mark><\/a>, devine o obliga\u021bie. \u00cen democra\u021biile func\u021bionale, partidul pentru care cet\u0103\u021benii au votat, este un mandatat s\u0103 ac\u021bioneze \u00een cadrul promisiunilor sale din programul de partid.&nbsp;<\/p>\n\n\n\n<p>De exemplu, \u00een Spania, \u00een timpul campaniei electorale din 2016, marea majoritate a partidelor politice <a href=\"https:\/\/aceproject.org\/ace-en\/topics\/ge\/ge3\/g36\" target=\"_blank\" rel=\"noreferrer noopener\"><mark style=\"background-color:rgba(0, 0, 0, 0)\" class=\"has-inline-color has-vivid-cyan-blue-color\">au afirmat \u00een manifestele lor necesitatea de a proteja drepturile comunit\u0103\u021bii LGBTQ+<\/mark><\/a>. Ca urmare a acelora\u0219i alegeri parlamentare, 98 % din locurile din Parlament au fost alocate partidelor care au luat \u00een considerare preocup\u0103rile comunit\u0103\u021bii LGBTQ+, adic\u0103 au inclus printre obiectivele lor politice c\u0103utarea unei solu\u021bii pentru acestea sau chiar rezolvarea lor. Discriminarea \u0219i violen\u021ba bazate pe ura fa\u021b\u0103 de orientarea sexual\u0103 sau identitatea de gen a persoanelor LGBTQ+ au fost men\u021bionate cel mai frecvent \u00een programele partidelor, al\u0103turi de propunerile de adoptare a unor legi anti-discriminare.&nbsp;<\/p>\n\n\n\n<p>Razem, o ini\u021biativ\u0103 din Polonia, este un exemplu de partid politic care \u00ee\u0219i exprim\u0103 deschis sprijinul pentru comunitatea LGBTQ+ <a href=\"https:\/\/www.politico.eu\/article\/poland-still-worst-eu-country-to-be-gay\/\" target=\"_blank\" rel=\"noreferrer noopener\"><mark style=\"background-color:rgba(0, 0, 0, 0)\" class=\"has-inline-color has-vivid-cyan-blue-color\">\u00eentr-o \u021bar\u0103 mai degrab\u0103 conservatoare \u0219i religioas\u0103<\/mark><\/a>. \u00cen ciuda faptului c\u0103 este mai dificil pentru politicienii progresi\u0219ti s\u0103 c\u00e2\u0219tige simpatia electoratului \u00een contextul socio-cultural polonez dec\u00e2t \u00een Europa de Vest, iar Razem nu ob\u021bine de obicei <a href=\"https:\/\/www.politico.eu\/europe-poll-of-polls\/poland\/\" target=\"_blank\" rel=\"noreferrer noopener\"><mark style=\"background-color:rgba(0, 0, 0, 0)\" class=\"has-inline-color has-vivid-cyan-blue-color\">mult succes \u00een alegerile parlamentare na\u021bionale sau europene<\/mark><\/a>, partidul continu\u0103 s\u0103 sus\u021bin\u0103 <a href=\"https:\/\/partiarazem.pl\/pillars\/human-rights-en\" target=\"_blank\" rel=\"noreferrer noopener\"><mark style=\"background-color:rgba(0, 0, 0, 0)\" class=\"has-inline-color has-vivid-cyan-blue-color\">dreptul la c\u0103s\u0103torie pentru persoanele LGBTQ+<\/mark><\/a>, precum \u0219i incriminarea discrimin\u0103rii.<\/p>\n\n\n\n<h2 class=\"wp-block-heading\" id=\"h-formarea-de-fac\u021biuni-in-cadrul-partidelor-politice\"><strong>Formarea de fac\u021biuni \u00een cadrul partidelor politice<\/strong><\/h2>\n\n\n\n<p>\u00cen \u021b\u0103rile \u00een care <a href=\"https:\/\/www.bbc.com\/news\/articles\/c977m09v60go\" target=\"_blank\" rel=\"noreferrer noopener\"><mark style=\"background-color:rgba(0, 0, 0, 0)\" class=\"has-inline-color has-vivid-cyan-blue-color\">sistemul electoral \u00eengreuneaz\u0103 intrarea \u00een Parlament a partidelor politice noi \u0219i mici<\/mark><\/a>, partidele mari, care au mai multe \u0219anse de reu\u0219it\u0103 \u00een alegeri, se adapteaz\u0103 \u00een felul lor la schimb\u0103rile din cultura public\u0103.&nbsp;<\/p>\n\n\n\n<p>\u00cen Regatul Unit, de exemplu, majoritatea partidelor care de\u021bin locuri \u00een Parlament, de\u0219i \u00een compozi\u021bii diferite, an de an &#8211; <a href=\"https:\/\/www.lgbtlabour.org.uk\/\" target=\"_blank\" rel=\"noreferrer noopener\">Partidul Laburist<\/a>, Partidul <a href=\"https:\/\/www.lgbtconservatives.org.uk\/\" target=\"_blank\" rel=\"noreferrer noopener\">Conservator<\/a>, <a href=\"https:\/\/lgbt.libdems.org.uk\/\" target=\"_blank\" rel=\"noreferrer noopener\">Liberal-Democra\u021bii<\/a> \u0219i <a href=\"https:\/\/lgbtiqa.greenparty.org.uk\/\" target=\"_blank\" rel=\"noreferrer noopener\">Verzii<\/a> &#8211; au propriile grupuri interne de partid sau \u201earipi de partid\u201d care reprezint\u0103 interesele comunit\u0103\u021bii LGBTQ+. Principala sarcin\u0103 a acestor grupuri este de a propune sau de a sprijini ini\u021biative din cadrul partidului privind drepturile persoanelor LGBTQ+ \u0219i de a face op\u021biunea de a vota pentru partidul \u00eensu\u0219i mai atractiv\u0103 pentru membrii comunit\u0103\u021bii LGBTQ+.&nbsp;<\/p>\n\n\n\n<p>Astfel, \u00een 2013, Parlamentul britanic a adoptat o lege care a fost puternic sus\u021binut\u0103 de frac\u021biunea LGBT+ a Partidului Laburist pentru a legaliza c\u0103s\u0103toria \u00eentre persoane de acela\u0219i sex. \u00cen cazul acestei legi, rezultatul votului parlamentar a ar\u0103tat c\u0103, f\u0103r\u0103 implicarea deputa\u021bilor laburi\u0219ti, <a href=\"https:\/\/www.theguardian.com\/society\/2013\/may\/21\/labour-cameron-gay-marriage-bill\" target=\"_blank\" rel=\"noreferrer noopener\"><mark style=\"background-color:rgba(0, 0, 0, 0)\" class=\"has-inline-color has-vivid-cyan-blue-color\">legea nu ar fi ob\u021binut majoritatea necesar\u0103 pentru a fi adoptat\u0103<\/mark><\/a>.&nbsp;<\/p>\n\n\n\n<p>De\u0219i propunerea de legalizare a c\u0103s\u0103toriilor \u00eentre persoane de acela\u0219i sex a venit din partea coali\u021biei conservatoare-liberale democrate, <a href=\"https:\/\/www.newstatesman.com\/politics\/2013\/05\/blow-cameron-128-tory-mps-vote-against-gay-marriage\" target=\"_blank\" rel=\"noreferrer noopener\"><mark style=\"background-color:rgba(0, 0, 0, 0)\" class=\"has-inline-color has-vivid-cyan-blue-color\">128 de deputa\u021bi conservatori au votat \u00eempotriv\u0103<\/mark><\/a> \u00een timpul celei de-a treia \u0219i decisive lecturi a proiectului de lege \u00een Parlament. Cu toate acestea, acest lucru nu a \u00eempiedicat adoptarea legii \u00een Anglia \u0219i \u021aara Galilor \u00een mare parte datorit\u0103 dorin\u021bei Partidului Laburist \u0219i a grupului s\u0103u LGBTQ+ din interiorul partidului de a sprijini pe deplin ini\u021biativa.&nbsp;<\/p>\n\n\n\n<h2 class=\"wp-block-heading\" id=\"h-introducerea-de-cote-separate-pentru-membrii-de-partid-lgbtq\"><strong>Introducerea de cote separate pentru membrii de partid LGBTQ+<\/strong><\/h2>\n\n\n\n<p>Cotele din partidele politice sunt un exemplu de \u201e<a href=\"https:\/\/plato.stanford.edu\/entries\/affirmative-action\/\" target=\"_blank\" rel=\"noreferrer noopener\">discriminare pozitiv\u0103<\/a>\u201d care urm\u0103re\u0219te s\u0103 ofere membrilor grupurilor sociale oprimate istoric sau \u00eenc\u0103 subreprezentate mai multe oportunit\u0103\u021bi de a participa la procesul decizional.\u00a0<\/p>\n\n\n\n<p>\u00cen practic\u0103, cotele m\u0103soar\u0103 num\u0103rul de locuri sau pozi\u021bionarea membrilor de partid dintr-un anumit grup social vulnerabil pe listele partidului \u0219i, astfel, afecteaz\u0103 \u00een mod direct \u0219ansele tuturor candida\u021bilor afla\u021bi \u00een competi\u021bie de a ob\u021bine un loc \u00een Parlament. \u00cen func\u021bie de context, cotele sunt introduse fie \u00een conformitate cu cerin\u021bele legisla\u021biei na\u021bionale, fie, dac\u0103 sunt <a href=\"https:\/\/www.idea.int\/data-tools\/data\/gender-quotas-database\/voluntary-overview\"><mark style=\"background-color:rgba(0, 0, 0, 0)\" class=\"has-inline-color has-vivid-cyan-blue-color\">\u201ecote voluntare,\u201d<\/mark><\/a> pe baza regulamentelor proprii ale partidului.\u00a0<\/p>\n\n\n\n<p>De\u0219i acest mod de abordare a consecin\u021belor negative ale nedrept\u0103\u021bilor din trecut \u0219i din prezent are at\u00e2t alia\u021bi, c\u00e2t \u0219i destui oponen\u021bi, <mark style=\"background-color:rgba(0, 0, 0, 0)\" class=\"has-inline-color has-black-color\">mai multe partide politice<\/mark> au <a href=\"https:\/\/www.undp.org\/sites\/g\/files\/zskgke326\/files\/2023-11\/undp-building-inclusive-democracies-lgbti-political-electoral-processes_0.pdf\" target=\"_blank\" rel=\"noreferrer noopener\"><mark style=\"background-color:rgba(0, 0, 0, 0)\" class=\"has-inline-color has-vivid-cyan-blue-color\">\u00eencercat s\u0103 utilizeze cote interne pentru a sprijini persoanele LGBTQ+ \u00een politic\u0103<\/mark><\/a>.\u00a0<\/p>\n\n\n\n<p>\u00cen Turcia, \u00eenainte de alegerile parlamentare din 2015, Partidul Democrat al Popoarelor a introdus o cot\u0103 \u00een interiorul partidului de 50 % pentru femei \u0219i 10 % pentru candida\u021bii LGBTQ+. Aceast\u0103 cot\u0103 \u00eensemna c\u0103 cel pu\u021bin 50 % din to\u021bi membrii de partid de pe listele DPN trebuiau s\u0103 fie femei \u0219i 10 % trebuiau s\u0103 fie persoane LGBTQ+. \u00cen Australia, regulamentul intern din 2017 al Partidului Laburist din Queensland a impus ca 5 % dintre candida\u021bii care candideaz\u0103 pentru locuri u\u0219or de c\u00e2\u0219tigat s\u0103 fie din comunitatea LGBTQ+.&nbsp;<\/p>\n\n\n\n<h2 class=\"wp-block-heading\" id=\"h-reprezentarea-persoanelor-lgbtq-in-politica-un-catalizator-pentru-schimbari-pozitive\"><strong>Reprezentarea persoanelor LGBTQ+ \u00een politic\u0103: un catalizator pentru schimb\u0103ri pozitive<\/strong><\/h2>\n\n\n\n<p>Implicarea comunit\u0103\u021bii LGBTQ+ \u00een politic\u0103 contribuie la dezvoltarea democra\u021biilor reziliente \u0219i la o mai mare respectare a drepturilor omului, concluzioneaz\u0103 <a href=\"https:\/\/www.undp.org\/press-releases\/participation-lgbti-persons-political-and-electoral-processes-helps-build-stronger-democracies\"><mark style=\"background-color:rgba(0, 0, 0, 0)\" class=\"has-inline-color has-vivid-cyan-blue-color\">raportul Programului Na\u021biunilor Unite pentru Dezvoltare<\/mark><\/a>: \u201eConstruirea democra\u021biilor incluzive: Ghid pentru cre\u0219terea particip\u0103rii persoanelor LGBTQ+ \u00een procesele politice \u0219i electorale.\u201d<\/p>\n\n\n\n<p>\u00cen special, reprezentarea comunit\u0103\u021bii LGBTQ+ \u00een institu\u021biile legislative are un impact pozitiv asupra adopt\u0103rii de legi care recunosc drepturile fundamentale ale membrilor s\u0103i, sus\u021bine PNUD.&nbsp;<\/p>\n\n\n\n<p>Un <a href=\"https:\/\/www.jstor.org\/stable\/43654014\"><mark style=\"background-color:rgba(0, 0, 0, 0)\" class=\"has-inline-color has-vivid-cyan-blue-color\">studiu realizat de<\/mark><\/a> Asocia\u021bia American\u0103 de \u0218tiin\u021be Politice intitulat \u201eReprezentare \u0219i drepturi: impactul parlamentarilor LGBT \u00een perspectiv\u0103 comparativ\u0103\u201d <a href=\"https:\/\/www.jstor.org\/stable\/43654014\"><mark style=\"background-color:rgba(0, 0, 0, 0)\" class=\"has-inline-color has-vivid-cyan-blue-color\">confirm<\/mark><\/a><a href=\"https:\/\/www.jstor.org\/stable\/43654014\" target=\"_blank\" rel=\"noreferrer noopener\"><mark style=\"background-color:rgba(0, 0, 0, 0)\" class=\"has-inline-color has-vivid-cyan-blue-color\">\u0103<\/mark><\/a> aceea\u0219i concluzie. \u00cen \u021b\u0103rile \u00een care persoane LGBTQ+ \u00een mod deschis fac parte din parlament, legalizarea c\u0103s\u0103toriilor \u00eentre persoane de acela\u0219i sex este un obiectiv politic mai u\u0219or de atins. De asemenea, \u021b\u0103rile cu cea mai lung\u0103 \u0219i mai stabil\u0103 istorie de reprezentare a comunit\u0103\u021bii LGBTQ+ \u00een politic\u0103 au de departe cea mai progresist\u0103 legisla\u021bie LGBTQ+, arat\u0103 studiul.&nbsp;<\/p>\n\n\n\n<h2 class=\"wp-block-heading\" id=\"h-legile-incluzive-ca-obiectiv-al-activismului-lgbtq-in-moldova\"><strong>Legile incluzive ca obiectiv al activismului LGBTQ+ \u00een Moldova<\/strong><\/h2>\n\n\n\n<p>Analiz\u00e2nd rezultatele a 27 de ani de activism LGBTQ+ \u00een Moldova <a href=\"https:\/\/ecom.ngo\/news-eeca\/lgbt-aktivizm-v-moldove\" target=\"_blank\" rel=\"noreferrer noopener\"><mark style=\"background-color:rgba(0, 0, 0, 0)\" class=\"has-inline-color has-vivid-cyan-blue-color\">\u00eentr-o publica\u021bie pentru ECOM<\/mark><\/a>, Angelica Frolov, coordonatoarea organiza\u021biei pentru drepturile omului Genderdoc-M, a remarcat c\u0103 legisla\u021bia moldoveneasc\u0103 nu este adaptat\u0103 la nevoile comunit\u0103\u021bii LGBTQ+.<\/p>\n\n\n\n<p><em>\u201eCuplurile homosexuale din Moldova sunt \u00eenc\u0103 \u00een imposibilitatea de a \u00eencheia c\u0103s\u0103torii sau parteneriate, ceea ce complic\u0103 multe aspecte ale vie\u021bii. Comparativ cu cuplurile heterosexuale, partenerii no\u0219tri apatrizi nu pot ob\u021bine un permis de \u0219edere pentru mai mult de 3 luni. Nu putem mo\u0219teni propriet\u0103\u021bi sau dispune de corpul persoanei iubite dup\u0103 moartea acesteia. Nu putem adopta copiii sau orfanii partenerilor no\u0219tri. Nu putem utiliza ajutorul guvernamental pentru \u00eemp\u0103r\u021birea propriet\u0103\u021bii dup\u0103 divor\u021b. Nu putem refuza s\u0103 depunem m\u0103rturie \u00eempotriva partenerilor no\u0219tri. Persoanele trans nu dispun \u00eenc\u0103 de un mecanism clar pentru a-\u0219i schimba documentele \u0219i numele.\u201d<\/em><\/p>\n\n\n\n<p><em>\u201eActivistele \u0219i activi\u0219tii LGBT+ au \u00eenc\u0103 mult de lucru \u00een Moldova \u0219i nu ne vom opri aici,\u201d<\/em> a rezumat Frolov.&nbsp;<\/p>\n\n\n\n<p><\/p>","protected":false},"excerpt":{"rendered":"<p>\u201eSpa\u021biul societ\u0103\u021bii civile\u201d pentru exercitarea \u201elibert\u0103\u021bii de \u00eentrunire, asociere \u0219i exprimare a persoanelor LGBTQ+\u201d este un criteriu de baz\u0103 conform&#8230;<\/p>","protected":false},"author":12,"featured_media":6980,"comment_status":"closed","ping_status":"closed","sticky":false,"template":"","format":"standard","meta":{"footnotes":""},"categories":[910,178],"tags":[197,292,297,199,907],"class_list":["post-6979","post","type-post","status-publish","format-standard","has-post-thumbnail","hentry","category-alegeri24","category-queer-proud","tag-lgbtq","tag-orientare-sexuala","tag-pride","tag-queer-moldova","tag-reprezentarea-comunitatii-lgbtq"],"yoast_head":"<!-- This site is optimized with the Yoast SEO Premium plugin v18.9 (Yoast SEO v20.13) - https:\/\/yoast.com\/wordpress\/plugins\/seo\/ -->\n<title>Sunt partidele politice din Moldova reprezentative?\u00a0Cum poate fi \u00eembun\u0103t\u0103\u021bit\u0103 reprezentarea comunit\u0103\u021bii LGBTQ+ \u00een politic\u0103 \u2014 exemple din alte \u021b\u0103ri - BANG-BANG<\/title>\n<meta name=\"description\" content=\"Pe baza exemplelor din alte \u021b\u0103ri echipa Bang Bang a identificat patru strategii incluzive care pot fi utilizate de partidele politice pentru a spori vizibilitatea persoanelor LGBTQ+ \u00een institu\u021biile publice, \u00een procesul legislativ \u0219i \u00een societate \u00een general.\" \/>\n<meta name=\"robots\" content=\"index, follow, max-snippet:-1, max-image-preview:large, max-video-preview:-1\" \/>\n<link rel=\"canonical\" href=\"https:\/\/bangbang.md\/ru\/2024\/09\/26\/analiza-sunt-partidele-politice-din-moldova-reprezentative-cum-poate-fi-imbunatatita-reprezentarea-comunitatii-lgbtq-in-politica-exemple-din-alte-tari\/\" \/>\n<meta property=\"og:locale\" content=\"ru_RU\" \/>\n<meta property=\"og:type\" content=\"article\" \/>\n<meta property=\"og:title\" content=\"Sunt partidele politice din Moldova reprezentative?\u00a0Cum poate fi \u00eembun\u0103t\u0103\u021bit\u0103 reprezentarea comunit\u0103\u021bii LGBTQ+ \u00een politic\u0103 \u2014 exemple din alte \u021b\u0103ri\" \/>\n<meta property=\"og:description\" content=\"Pe baza exemplelor din alte \u021b\u0103ri echipa Bang Bang a identificat patru strategii incluzive care pot fi utilizate de partidele politice pentru a spori vizibilitatea persoanelor LGBTQ+ \u00een institu\u021biile publice, \u00een procesul legislativ \u0219i \u00een societate \u00een general.\" \/>\n<meta property=\"og:url\" content=\"https:\/\/bangbang.md\/ru\/2024\/09\/26\/analiza-sunt-partidele-politice-din-moldova-reprezentative-cum-poate-fi-imbunatatita-reprezentarea-comunitatii-lgbtq-in-politica-exemple-din-alte-tari\/\" \/>\n<meta property=\"og:site_name\" content=\"BANG-BANG\" \/>\n<meta property=\"article:publisher\" content=\"https:\/\/www.facebook.com\/bangbangmoldova\" \/>\n<meta property=\"article:published_time\" content=\"2024-09-26T08:38:51+00:00\" \/>\n<meta property=\"article:modified_time\" content=\"2024-10-03T19:53:42+00:00\" \/>\n<meta property=\"og:image\" content=\"https:\/\/bangbang.md\/wp-content\/uploads\/2024\/09\/EL-27-1024x683.png\" \/>\n\t<meta property=\"og:image:width\" content=\"1024\" \/>\n\t<meta property=\"og:image:height\" content=\"683\" \/>\n\t<meta property=\"og:image:type\" content=\"image\/png\" \/>\n<meta name=\"author\" content=\"Cabacenco Iana\" \/>\n<meta name=\"twitter:card\" content=\"summary_large_image\" \/>\n<meta name=\"twitter:label1\" content=\"\u041d\u0430\u043f\u0438\u0441\u0430\u043d\u043e \u0430\u0432\u0442\u043e\u0440\u043e\u043c\" \/>\n\t<meta name=\"twitter:data1\" content=\"Cabacenco Iana\" \/>\n\t<meta name=\"twitter:label2\" content=\"\u041f\u0440\u0438\u043c\u0435\u0440\u043d\u043e\u0435 \u0432\u0440\u0435\u043c\u044f \u0434\u043b\u044f \u0447\u0442\u0435\u043d\u0438\u044f\" \/>\n\t<meta name=\"twitter:data2\" content=\"10 \u043c\u0438\u043d\u0443\u0442\" \/>\n<script type=\"application\/ld+json\" class=\"yoast-schema-graph\">{\"@context\":\"https:\/\/schema.org\",\"@graph\":[{\"@type\":\"Article\",\"@id\":\"https:\/\/bangbang.md\/2024\/09\/26\/analiza-sunt-partidele-politice-din-moldova-reprezentative-cum-poate-fi-imbunatatita-reprezentarea-comunitatii-lgbtq-in-politica-exemple-din-alte-tari\/#article\",\"isPartOf\":{\"@id\":\"https:\/\/bangbang.md\/2024\/09\/26\/analiza-sunt-partidele-politice-din-moldova-reprezentative-cum-poate-fi-imbunatatita-reprezentarea-comunitatii-lgbtq-in-politica-exemple-din-alte-tari\/\"},\"author\":{\"name\":\"Cabacenco Iana\",\"@id\":\"https:\/\/bangbang.md\/#\/schema\/person\/3e89d47f3758f266a93c5c867cf87155\"},\"headline\":\"Sunt partidele politice din Moldova reprezentative?\u00a0Cum poate fi \u00eembun\u0103t\u0103\u021bit\u0103 reprezentarea comunit\u0103\u021bii LGBTQ+ \u00een politic\u0103 \u2014 exemple din alte \u021b\u0103ri\",\"datePublished\":\"2024-09-26T08:38:51+00:00\",\"dateModified\":\"2024-10-03T19:53:42+00:00\",\"mainEntityOfPage\":{\"@id\":\"https:\/\/bangbang.md\/2024\/09\/26\/analiza-sunt-partidele-politice-din-moldova-reprezentative-cum-poate-fi-imbunatatita-reprezentarea-comunitatii-lgbtq-in-politica-exemple-din-alte-tari\/\"},\"wordCount\":1940,\"publisher\":{\"@id\":\"https:\/\/bangbang.md\/#organization\"},\"keywords\":[\"LGBTQ+\",\"Orientare sexual\u0103\",\"Pride\",\"Queer Moldova\",\"reprezentarea comunit\u0103\u021bii LGBTQ+\"],\"articleSection\":[\"Alegeri24\",\"Queer &amp; Proud\"],\"inLanguage\":\"ru-RU\"},{\"@type\":\"WebPage\",\"@id\":\"https:\/\/bangbang.md\/2024\/09\/26\/analiza-sunt-partidele-politice-din-moldova-reprezentative-cum-poate-fi-imbunatatita-reprezentarea-comunitatii-lgbtq-in-politica-exemple-din-alte-tari\/\",\"url\":\"https:\/\/bangbang.md\/2024\/09\/26\/analiza-sunt-partidele-politice-din-moldova-reprezentative-cum-poate-fi-imbunatatita-reprezentarea-comunitatii-lgbtq-in-politica-exemple-din-alte-tari\/\",\"name\":\"Sunt partidele politice din Moldova reprezentative?\u00a0Cum poate fi \u00eembun\u0103t\u0103\u021bit\u0103 reprezentarea comunit\u0103\u021bii LGBTQ+ \u00een politic\u0103 \u2014 exemple din alte \u021b\u0103ri - BANG-BANG\",\"isPartOf\":{\"@id\":\"https:\/\/bangbang.md\/#website\"},\"datePublished\":\"2024-09-26T08:38:51+00:00\",\"dateModified\":\"2024-10-03T19:53:42+00:00\",\"description\":\"Pe baza exemplelor din alte \u021b\u0103ri echipa Bang Bang a identificat patru strategii incluzive care pot fi utilizate de partidele politice pentru a spori vizibilitatea persoanelor LGBTQ+ \u00een institu\u021biile publice, \u00een procesul legislativ \u0219i \u00een societate \u00een general.\",\"breadcrumb\":{\"@id\":\"https:\/\/bangbang.md\/2024\/09\/26\/analiza-sunt-partidele-politice-din-moldova-reprezentative-cum-poate-fi-imbunatatita-reprezentarea-comunitatii-lgbtq-in-politica-exemple-din-alte-tari\/#breadcrumb\"},\"inLanguage\":\"ru-RU\",\"potentialAction\":[{\"@type\":\"ReadAction\",\"target\":[\"https:\/\/bangbang.md\/2024\/09\/26\/analiza-sunt-partidele-politice-din-moldova-reprezentative-cum-poate-fi-imbunatatita-reprezentarea-comunitatii-lgbtq-in-politica-exemple-din-alte-tari\/\"]}]},{\"@type\":\"BreadcrumbList\",\"@id\":\"https:\/\/bangbang.md\/2024\/09\/26\/analiza-sunt-partidele-politice-din-moldova-reprezentative-cum-poate-fi-imbunatatita-reprezentarea-comunitatii-lgbtq-in-politica-exemple-din-alte-tari\/#breadcrumb\",\"itemListElement\":[{\"@type\":\"ListItem\",\"position\":1,\"name\":\"Prima pagin\u0103\",\"item\":\"https:\/\/bangbang.md\/\"},{\"@type\":\"ListItem\",\"position\":2,\"name\":\"Sunt partidele politice din Moldova reprezentative?\u00a0Cum poate fi \u00eembun\u0103t\u0103\u021bit\u0103 reprezentarea comunit\u0103\u021bii LGBTQ+ \u00een politic\u0103 \u2014 exemple din alte \u021b\u0103ri\"}]},{\"@type\":\"WebSite\",\"@id\":\"https:\/\/bangbang.md\/#website\",\"url\":\"https:\/\/bangbang.md\/\",\"name\":\"BANG-BANG\",\"description\":\"Portal web dedicat comunit\u0103\u021bii LGBTQ d RM\",\"publisher\":{\"@id\":\"https:\/\/bangbang.md\/#organization\"},\"potentialAction\":[{\"@type\":\"SearchAction\",\"target\":{\"@type\":\"EntryPoint\",\"urlTemplate\":\"https:\/\/bangbang.md\/?s={search_term_string}\"},\"query-input\":\"required name=search_term_string\"}],\"inLanguage\":\"ru-RU\"},{\"@type\":\"Organization\",\"@id\":\"https:\/\/bangbang.md\/#organization\",\"name\":\"Bang bang\",\"url\":\"https:\/\/bangbang.md\/\",\"logo\":{\"@type\":\"ImageObject\",\"inLanguage\":\"ru-RU\",\"@id\":\"https:\/\/bangbang.md\/#\/schema\/logo\/image\/\",\"url\":\"https:\/\/bangbang.md\/wp-content\/uploads\/2022\/07\/cropped-Group.jpg\",\"contentUrl\":\"https:\/\/bangbang.md\/wp-content\/uploads\/2022\/07\/cropped-Group.jpg\",\"width\":512,\"height\":512,\"caption\":\"Bang bang\"},\"image\":{\"@id\":\"https:\/\/bangbang.md\/#\/schema\/logo\/image\/\"},\"sameAs\":[\"https:\/\/www.facebook.com\/bangbangmoldova\"]},{\"@type\":\"Person\",\"@id\":\"https:\/\/bangbang.md\/#\/schema\/person\/3e89d47f3758f266a93c5c867cf87155\",\"name\":\"Cabacenco Iana\",\"image\":{\"@type\":\"ImageObject\",\"inLanguage\":\"ru-RU\",\"@id\":\"https:\/\/bangbang.md\/#\/schema\/person\/image\/\",\"url\":\"https:\/\/secure.gravatar.com\/avatar\/a5dc6bee1b63eb7edb10237a416c6dd1d43849df924f5dca119f4b89fdc6fc6f?s=96&d=mm&r=g\",\"contentUrl\":\"https:\/\/secure.gravatar.com\/avatar\/a5dc6bee1b63eb7edb10237a416c6dd1d43849df924f5dca119f4b89fdc6fc6f?s=96&d=mm&r=g\",\"caption\":\"Cabacenco Iana\"},\"url\":\"https:\/\/bangbang.md\/ru\/author\/iana-cabacenco\/\"}]}<\/script>\n<!-- \/ Yoast SEO Premium plugin. -->","yoast_head_json":{"title":"Sunt partidele politice din Moldova reprezentative?\u00a0Cum poate fi \u00eembun\u0103t\u0103\u021bit\u0103 reprezentarea comunit\u0103\u021bii LGBTQ+ \u00een politic\u0103 \u2014 exemple din alte \u021b\u0103ri - BANG-BANG","description":"Pe baza exemplelor din alte \u021b\u0103ri echipa Bang Bang a identificat patru strategii incluzive care pot fi utilizate de partidele politice pentru a spori vizibilitatea persoanelor LGBTQ+ \u00een institu\u021biile publice, \u00een procesul legislativ \u0219i \u00een societate \u00een general.","robots":{"index":"index","follow":"follow","max-snippet":"max-snippet:-1","max-image-preview":"max-image-preview:large","max-video-preview":"max-video-preview:-1"},"canonical":"https:\/\/bangbang.md\/ru\/2024\/09\/26\/analiza-sunt-partidele-politice-din-moldova-reprezentative-cum-poate-fi-imbunatatita-reprezentarea-comunitatii-lgbtq-in-politica-exemple-din-alte-tari\/","og_locale":"ru_RU","og_type":"article","og_title":"Sunt partidele politice din Moldova reprezentative?\u00a0Cum poate fi \u00eembun\u0103t\u0103\u021bit\u0103 reprezentarea comunit\u0103\u021bii LGBTQ+ \u00een politic\u0103 \u2014 exemple din alte \u021b\u0103ri","og_description":"Pe baza exemplelor din alte \u021b\u0103ri echipa Bang Bang a identificat patru strategii incluzive care pot fi utilizate de partidele politice pentru a spori vizibilitatea persoanelor LGBTQ+ \u00een institu\u021biile publice, \u00een procesul legislativ \u0219i \u00een societate \u00een general.","og_url":"https:\/\/bangbang.md\/ru\/2024\/09\/26\/analiza-sunt-partidele-politice-din-moldova-reprezentative-cum-poate-fi-imbunatatita-reprezentarea-comunitatii-lgbtq-in-politica-exemple-din-alte-tari\/","og_site_name":"BANG-BANG","article_publisher":"https:\/\/www.facebook.com\/bangbangmoldova","article_published_time":"2024-09-26T08:38:51+00:00","article_modified_time":"2024-10-03T19:53:42+00:00","og_image":[{"width":1024,"height":683,"url":"https:\/\/bangbang.md\/wp-content\/uploads\/2024\/09\/EL-27-1024x683.png","type":"image\/png"}],"author":"Cabacenco Iana","twitter_card":"summary_large_image","twitter_misc":{"\u041d\u0430\u043f\u0438\u0441\u0430\u043d\u043e \u0430\u0432\u0442\u043e\u0440\u043e\u043c":"Cabacenco Iana","\u041f\u0440\u0438\u043c\u0435\u0440\u043d\u043e\u0435 \u0432\u0440\u0435\u043c\u044f \u0434\u043b\u044f \u0447\u0442\u0435\u043d\u0438\u044f":"10 \u043c\u0438\u043d\u0443\u0442"},"schema":{"@context":"https:\/\/schema.org","@graph":[{"@type":"Article","@id":"https:\/\/bangbang.md\/2024\/09\/26\/analiza-sunt-partidele-politice-din-moldova-reprezentative-cum-poate-fi-imbunatatita-reprezentarea-comunitatii-lgbtq-in-politica-exemple-din-alte-tari\/#article","isPartOf":{"@id":"https:\/\/bangbang.md\/2024\/09\/26\/analiza-sunt-partidele-politice-din-moldova-reprezentative-cum-poate-fi-imbunatatita-reprezentarea-comunitatii-lgbtq-in-politica-exemple-din-alte-tari\/"},"author":{"name":"Cabacenco Iana","@id":"https:\/\/bangbang.md\/#\/schema\/person\/3e89d47f3758f266a93c5c867cf87155"},"headline":"Sunt partidele politice din Moldova reprezentative?\u00a0Cum poate fi \u00eembun\u0103t\u0103\u021bit\u0103 reprezentarea comunit\u0103\u021bii LGBTQ+ \u00een politic\u0103 \u2014 exemple din alte \u021b\u0103ri","datePublished":"2024-09-26T08:38:51+00:00","dateModified":"2024-10-03T19:53:42+00:00","mainEntityOfPage":{"@id":"https:\/\/bangbang.md\/2024\/09\/26\/analiza-sunt-partidele-politice-din-moldova-reprezentative-cum-poate-fi-imbunatatita-reprezentarea-comunitatii-lgbtq-in-politica-exemple-din-alte-tari\/"},"wordCount":1940,"publisher":{"@id":"https:\/\/bangbang.md\/#organization"},"keywords":["LGBTQ+","Orientare sexual\u0103","Pride","Queer Moldova","reprezentarea comunit\u0103\u021bii LGBTQ+"],"articleSection":["Alegeri24","Queer &amp; Proud"],"inLanguage":"ru-RU"},{"@type":"WebPage","@id":"https:\/\/bangbang.md\/2024\/09\/26\/analiza-sunt-partidele-politice-din-moldova-reprezentative-cum-poate-fi-imbunatatita-reprezentarea-comunitatii-lgbtq-in-politica-exemple-din-alte-tari\/","url":"https:\/\/bangbang.md\/2024\/09\/26\/analiza-sunt-partidele-politice-din-moldova-reprezentative-cum-poate-fi-imbunatatita-reprezentarea-comunitatii-lgbtq-in-politica-exemple-din-alte-tari\/","name":"Sunt partidele politice din Moldova reprezentative?\u00a0Cum poate fi \u00eembun\u0103t\u0103\u021bit\u0103 reprezentarea comunit\u0103\u021bii LGBTQ+ \u00een politic\u0103 \u2014 exemple din alte \u021b\u0103ri - BANG-BANG","isPartOf":{"@id":"https:\/\/bangbang.md\/#website"},"datePublished":"2024-09-26T08:38:51+00:00","dateModified":"2024-10-03T19:53:42+00:00","description":"Pe baza exemplelor din alte \u021b\u0103ri echipa Bang Bang a identificat patru strategii incluzive care pot fi utilizate de partidele politice pentru a spori vizibilitatea persoanelor LGBTQ+ \u00een institu\u021biile publice, \u00een procesul legislativ \u0219i \u00een societate \u00een general.","breadcrumb":{"@id":"https:\/\/bangbang.md\/2024\/09\/26\/analiza-sunt-partidele-politice-din-moldova-reprezentative-cum-poate-fi-imbunatatita-reprezentarea-comunitatii-lgbtq-in-politica-exemple-din-alte-tari\/#breadcrumb"},"inLanguage":"ru-RU","potentialAction":[{"@type":"ReadAction","target":["https:\/\/bangbang.md\/2024\/09\/26\/analiza-sunt-partidele-politice-din-moldova-reprezentative-cum-poate-fi-imbunatatita-reprezentarea-comunitatii-lgbtq-in-politica-exemple-din-alte-tari\/"]}]},{"@type":"BreadcrumbList","@id":"https:\/\/bangbang.md\/2024\/09\/26\/analiza-sunt-partidele-politice-din-moldova-reprezentative-cum-poate-fi-imbunatatita-reprezentarea-comunitatii-lgbtq-in-politica-exemple-din-alte-tari\/#breadcrumb","itemListElement":[{"@type":"ListItem","position":1,"name":"Prima pagin\u0103","item":"https:\/\/bangbang.md\/"},{"@type":"ListItem","position":2,"name":"Sunt partidele politice din Moldova reprezentative?\u00a0Cum poate fi \u00eembun\u0103t\u0103\u021bit\u0103 reprezentarea comunit\u0103\u021bii LGBTQ+ \u00een politic\u0103 \u2014 exemple din alte \u021b\u0103ri"}]},{"@type":"WebSite","@id":"https:\/\/bangbang.md\/#website","url":"https:\/\/bangbang.md\/","name":"BANG-BANG","description":"Portal web dedicat comunit\u0103\u021bii LGBTQ d RM","publisher":{"@id":"https:\/\/bangbang.md\/#organization"},"potentialAction":[{"@type":"SearchAction","target":{"@type":"EntryPoint","urlTemplate":"https:\/\/bangbang.md\/?s={search_term_string}"},"query-input":"required name=search_term_string"}],"inLanguage":"ru-RU"},{"@type":"Organization","@id":"https:\/\/bangbang.md\/#organization","name":"Bang bang","url":"https:\/\/bangbang.md\/","logo":{"@type":"ImageObject","inLanguage":"ru-RU","@id":"https:\/\/bangbang.md\/#\/schema\/logo\/image\/","url":"https:\/\/bangbang.md\/wp-content\/uploads\/2022\/07\/cropped-Group.jpg","contentUrl":"https:\/\/bangbang.md\/wp-content\/uploads\/2022\/07\/cropped-Group.jpg","width":512,"height":512,"caption":"Bang bang"},"image":{"@id":"https:\/\/bangbang.md\/#\/schema\/logo\/image\/"},"sameAs":["https:\/\/www.facebook.com\/bangbangmoldova"]},{"@type":"Person","@id":"https:\/\/bangbang.md\/#\/schema\/person\/3e89d47f3758f266a93c5c867cf87155","name":"Cabacenco Iana","image":{"@type":"ImageObject","inLanguage":"ru-RU","@id":"https:\/\/bangbang.md\/#\/schema\/person\/image\/","url":"https:\/\/secure.gravatar.com\/avatar\/a5dc6bee1b63eb7edb10237a416c6dd1d43849df924f5dca119f4b89fdc6fc6f?s=96&d=mm&r=g","contentUrl":"https:\/\/secure.gravatar.com\/avatar\/a5dc6bee1b63eb7edb10237a416c6dd1d43849df924f5dca119f4b89fdc6fc6f?s=96&d=mm&r=g","caption":"Cabacenco Iana"},"url":"https:\/\/bangbang.md\/ru\/author\/iana-cabacenco\/"}]}},"_links":{"self":[{"href":"https:\/\/bangbang.md\/ru\/wp-json\/wp\/v2\/posts\/6979","targetHints":{"allow":["GET"]}}],"collection":[{"href":"https:\/\/bangbang.md\/ru\/wp-json\/wp\/v2\/posts"}],"about":[{"href":"https:\/\/bangbang.md\/ru\/wp-json\/wp\/v2\/types\/post"}],"author":[{"embeddable":true,"href":"https:\/\/bangbang.md\/ru\/wp-json\/wp\/v2\/users\/12"}],"replies":[{"embeddable":true,"href":"https:\/\/bangbang.md\/ru\/wp-json\/wp\/v2\/comments?post=6979"}],"version-history":[{"count":10,"href":"https:\/\/bangbang.md\/ru\/wp-json\/wp\/v2\/posts\/6979\/revisions"}],"predecessor-version":[{"id":7077,"href":"https:\/\/bangbang.md\/ru\/wp-json\/wp\/v2\/posts\/6979\/revisions\/7077"}],"wp:featuredmedia":[{"embeddable":true,"href":"https:\/\/bangbang.md\/ru\/wp-json\/wp\/v2\/media\/6980"}],"wp:attachment":[{"href":"https:\/\/bangbang.md\/ru\/wp-json\/wp\/v2\/media?parent=6979"}],"wp:term":[{"taxonomy":"category","embeddable":true,"href":"https:\/\/bangbang.md\/ru\/wp-json\/wp\/v2\/categories?post=6979"},{"taxonomy":"post_tag","embeddable":true,"href":"https:\/\/bangbang.md\/ru\/wp-json\/wp\/v2\/tags?post=6979"}],"curies":[{"name":"wp","href":"https:\/\/api.w.org\/{rel}","templated":true}]}}