{"id":6968,"date":"2024-09-24T09:04:26","date_gmt":"2024-09-24T09:04:26","guid":{"rendered":"https:\/\/bangbang.md\/?p=6968"},"modified":"2024-09-24T09:04:27","modified_gmt":"2024-09-24T09:04:27","slug":"editorial-babe-speriate-si-gay-cuminti-cum-homofobia-ne-afecteaza-pe-toti","status":"publish","type":"post","link":"https:\/\/bangbang.md\/ru\/2024\/09\/24\/editorial-babe-speriate-si-gay-cuminti-cum-homofobia-ne-afecteaza-pe-toti\/","title":{"rendered":"| Editorial | \u201eBabe speriate \u0219i gay cumin\u021bi\u201d &#8211; cum homofobia ne afecteaz\u0103 pe to\u021bi"},"content":{"rendered":"<p><em>\u201eNu \u0219tiu dac\u0103 ai v\u0103zut deschiderea \u00een totalitate a Jocurilor Olimpice, sincer, asta a fost perebor (prea mult, n.r.) cu Gay!\u201d <\/em>Asta mi-a spus un cunoscut gay zilele trecute. Este clar c\u0103 acest \u201eprea mult\u201d reprezint\u0103, de fapt, \u00eencercarea persoanelor queer vizibile de normalizare a diversit\u0103\u021bii. Lucru pentru care mul\u021bi dintre noi lupt\u0103 de mul\u021bi ani.\u00a0<\/p>\n\n\n\n<p>Argumentul c\u0103 uneori este \u201eprea mult\u201d nu \u00eemi este deloc str\u0103in. Totu\u0219i, aceste cuvinte mi-au l\u0103sat un gust amar, mai ales c\u0103 vin din gura cuiva care tr\u0103ie\u0219te aceea\u0219i realitate homofob\u0103.<\/p>\n\n\n\n<p>De ce unii dintre noi cred c\u0103 prezen\u021ba \u0219i vizibilitatea noastr\u0103 public\u0103 ar trebui s\u0103 fie limitate? R\u0103spunsul este unul pe c\u00e2t de simplu, pe at\u00e2t de dureros. Homofobia, \u00een special cea internalizat\u0103, ne face s\u0103 credem c\u0103 acceptarea noastr\u0103 ar trebui s\u0103 fie discret\u0103, ba chiar invizibil\u0103, \u00een loc s\u0103 fie o manifestare fireasc\u0103 a identit\u0103\u021bii noastre.<\/p>\n\n\n\n<p>Faptul c\u0103 suntem percepu\u021bi ca fiind diferi\u021bi de ceea ce se consider\u0103 <em>normalitate, <\/em>provoac\u0103 \u00een noi o ru\u0219ine at\u00e2t de mare \u00eenc\u00e2t devenim propriul nostru opresor. \u201ePrea mult b\u0103gat pe g\u00e2t&#8230; \u0219i asta sperie babele din biserici. Trebuie mai mult calm \u0219i ar\u0103tat c\u0103 sunt gay ca mine, cumin\u021bi,\u201d mi-a mai zis el, av\u00e2nd \u00een vedere momentele c\u00e2nd vizibilitatea comunit\u0103\u021bii LGBTQ+ devine un subiect public.\u00a0<\/p>\n\n\n\n<p>Ideea c\u0103 trebuie s\u0103 fim cumin\u021bi, s\u0103 ne ascundem diferen\u021bele \u0219i s\u0103 ne conform\u0103m unei imagini \u201eacceptabile\u201d pentru a nu deranja pe nimeni reprezint\u0103 un mecanism de compensare a ru\u0219inii pe care o sim\u021bim zi de zi \u00eentr-o lume predominant cis-heterosexual\u0103.<\/p>\n\n\n\n<h2 class=\"wp-block-heading\" id=\"h-ru\u0219inea-de-sine-\u0219i-sinele-fals\">Ru\u0219inea de sine \u0219i <em>Sinele fals<\/em><\/h2>\n\n\n\n<p>\u00cen terapie am \u00eenv\u0103\u021bat c\u0103 ru\u0219inea nu ne apar\u021bine niciodat\u0103 \u2014 subliniez, NICIODAT\u0102. Aceast\u0103 emo\u021bie intens\u0103 are scopul de a controla \u0219i regla comportamentul social al indivizilor \u00eentr-o societate. Societatea \u0219i familia ne spun c\u0103 a fi gay este gre\u0219it, \u00eens\u0103 acest lucru se bazeaz\u0103 doar pe prejudec\u0103\u021bi.<\/p>\n\n\n\n<p>Alan Downs, psiholog, autor \u0219i activist queer, cunoscut pentru contribu\u021biile sale \u00een domeniul s\u0103n\u0103t\u0103\u021bii mintale \u0219i al comunit\u0103\u021bii LGBTQ+, descrie \u00een cartea sa <em>The Velvet Rage<\/em> stadiile prin care multe persoane LGBTQ+ trec \u00een \u00eencercarea de a naviga prin ru\u0219inea internalizat\u0103 cauzat\u0103 de homofobie.<\/p>\n\n\n\n<p>Citind cartea, am \u00een\u021beles mai bine impactul homofobiei asupra dezvolt\u0103rii identit\u0103\u021bii gay, precum \u0219i modul \u00een care aceasta influen\u021beaz\u0103 rela\u021biile \u0219i s\u0103n\u0103tatea emo\u021bional\u0103 a persoanelor queer.<\/p>\n\n\n\n<p>Prima etap\u0103 a ru\u0219inii, conform autorului, este negarea identit\u0103\u021bii. \u00cen aceast\u0103 faz\u0103, ru\u0219inea se manifest\u0103 printr-un efort intens de a controla atrac\u021biile \u0219i sentimentele, adesea pentru a ne conforma a\u0219tept\u0103rilor heteronormative ale familiei \u0219i societ\u0103\u021bii. \u00cen acest stadiu, mul\u021bi dintre noi dezvolt\u0103 un \u201esine fals\u201d pentru a supravie\u021bui.<\/p>\n\n\n\n<p>Experien\u021ba de a fi diferit \u0219i, mai apoi, de a fi supus \u0219i exclus pentru ceea ce e\u0219ti \u201e\u00eei determin\u0103 pe mul\u021bi b\u0103rba\u021bi gay s\u0103 creeze un sine fals pe care \u00eel prezint\u0103 lumii pentru a se sim\u021bi iubi\u021bi \u0219i accepta\u021bi.\u201d<\/p>\n\n\n\n<p>Anume \u00een aceast\u0103 faz\u0103 \u00eencepem procesul de interiorizare a atitudinilor homofobe, iar \u00een c\u0103utarea noastr\u0103 constant\u0103 de validare din exterior, \u00eencerc\u0103m s\u0103 fim <em>normali <\/em>\u0219i s\u0103 ac\u021bion\u0103m conform normelor sociale dominante.<\/p>\n\n\n\n<p>Dup\u0103 cum afirm\u0103 Alan Downs, \u201ene str\u0103duim s\u0103 fim accepta\u021bi.\u201d Aceast\u0103 \u00eencercare de a fi \u201dcumin\u021bi,\u201d dup\u0103 cum sugereaz\u0103 \u0219i prietenul meu, este zadarnic\u0103 pentru c\u0103 \u00eenseamn\u0103 \u201es\u0103 neg\u0103m cine suntem cu adev\u0103rat.\u201d<\/p>\n\n\n\n<h2 class=\"wp-block-heading\" id=\"h-ce-inseamna-sa-fii-un-gay-cuminte\"><strong>Ce \u00eenseamn\u0103 s\u0103 fii un \u201egay cuminte\u201d? <\/strong><\/h2>\n\n\n\n<p>Oare aceasta presupune s\u0103 nu-\u021bi revendici drepturile sau s\u0103 nu te afi\u0219ezi \u201eprea mult\u201d, pentru a nu-i speria pe cei care ne atac\u0103 constant?<\/p>\n\n\n\n<p>Homofobia internalizat\u0103 nu doar c\u0103 ne face s\u0103 ne sim\u021bim vinova\u021bi pentru cine suntem, ci ne impune \u0219i o limitare a modului nostru de a exista. <strong>Mesajul este clar: po\u021bi s\u0103 fii gay, dar doar dac\u0103 e\u0219ti pe t\u0103cute, doar dac\u0103 nu deranjezi \u0219i doar dac\u0103 \u00ee\u021bi ascunzi adev\u0103rata identitate sub o masc\u0103 care s\u0103 nu provoace disconfort.<\/strong><\/p>\n\n\n\n<p>Acest proces descrie tranzi\u021bia \u00een al doilea stadiu al ru\u0219inii, c\u00e2nd c\u0103ut\u0103m s\u0103 g\u0103sim validare extern\u0103, indiferent de pre\u021b. Credem c\u0103, dac\u0103 suntem destul de cumin\u021bi sau ne integr\u0103m perfect \u00een a\u0219tept\u0103rile celor din jur, vom primi acea acceptare. \u00cen realitate, aceast\u0103 c\u0103utare a valid\u0103rii externe este un efort zadarnic, deoarece nu vom g\u0103si niciodat\u0103 pacea interioar\u0103 dac\u0103 ne baz\u0103m pe ceilal\u021bi.<\/p>\n\n\n\n<p>Aceast\u0103 etap\u0103 este adesea marcat\u0103 de e\u0219ecuri emo\u021bionale \u0219i rela\u021bionale, deoarece efortul de a construi un \u201esine perfect\u201d este imposibil de men\u021binut, iar validarea extern\u0103 nu poate umple golul l\u0103sat de lipsa accept\u0103rii de sine.<\/p>\n\n\n\n<p>Aceast\u0103 compensare psihologic\u0103 este bine reflectat\u0103 \u00een cuvintele lui Downs: \u201eCu c\u00e2t alerg\u0103m mai tare dup\u0103 aprobarea celor din jur, cu at\u00e2t pierdem contactul cu adev\u0103ratul nostru sine.\u201d Astfel, ajungem s\u0103 ne autosabot\u0103m \u0219i s\u0103 ne provoc\u0103m o durere imens\u0103.<\/p>\n\n\n\n<p>Este necesar s\u0103 \u00een\u021belegem c\u0103 acest mecanism compensator nu face nimic altceva dec\u00e2t s\u0103 ascund\u0103 adev\u0103rata surs\u0103 a opresiunii. Prejudec\u0103\u021bile despre comunitatea LGBTQ+ s-ar putea s\u0103 nu dispar\u0103 niciodat\u0103, iar frica social\u0103 indus\u0103 de acestea poate fi dep\u0103\u0219it\u0103 doar prin acceptarea de sine.<\/p>\n\n\n\n<p>Acceptarea este stadiul final \u00een procesul de vindecare a homofobiei internalizate. Aceasta presupune \u00eenfruntarea ru\u0219inii \u0219i renun\u021barea la sinele fals. \u00censeamn\u0103 c\u0103 nu ne mai \u00eenvinuim pentru ceea ce ni se \u00eent\u00e2mpl\u0103, ci recunoa\u0219tem cine este adev\u0103ratul opresor.<\/p>\n\n\n\n<p>\u00cen loc s\u0103 credem c\u0103 exist\u0103 \u201eprea mult b\u0103gat pe g\u00e2t,\u201d ar trebui s\u0103 \u00een\u021belegem c\u0103 societatea este dominat\u0103 de prejudec\u0103\u021bi care nu au nicio leg\u0103tur\u0103 cu noi. Doar \u00een acest fel putem \u00eembr\u0103\u021bi\u0219a ceea ce suntem \u0219i putem \u201eg\u0103si \u00een sf\u00e2r\u0219it lini\u0219tea \u0219i un sentiment de \u00eemplinire,\u201d a\u0219a cum afirm\u0103 Downs.<\/p>","protected":false},"excerpt":{"rendered":"<p>\u201eNu \u0219tiu dac\u0103 ai v\u0103zut deschiderea \u00een totalitate a Jocurilor Olimpice, sincer, asta a fost perebor (prea mult, n.r.) cu&#8230;<\/p>","protected":false},"author":3,"featured_media":6969,"comment_status":"closed","ping_status":"closed","sticky":false,"template":"","format":"standard","meta":{"footnotes":""},"categories":[182,645,178],"tags":[904,905,655,706,198,197,292,297,207,199,906],"class_list":["post-6968","post","type-post","status-publish","format-standard","has-post-thumbnail","hentry","category-asa-nu","category-pride","category-queer-proud","tag-activism","tag-frica","tag-homofobia","tag-homofobia-internalizata","tag-lgbt-moldova","tag-lgbtq","tag-orientare-sexuala","tag-pride","tag-queer","tag-queer-moldova","tag-rusine-2"],"yoast_head":"<!-- This site is optimized with the Yoast SEO Premium plugin v18.9 (Yoast SEO v20.13) - https:\/\/yoast.com\/wordpress\/plugins\/seo\/ -->\n<title>| Editorial | \u201eBabe speriate \u0219i gay cumin\u021bi\u201d - cum homofobia ne afecteaz\u0103 pe to\u021bi - BANG-BANG<\/title>\n<meta name=\"description\" content=\"\u00cen loc s\u0103 credem c\u0103 exist\u0103 \u201eprea mult b\u0103gat pe g\u00e2t,\u201d ar trebui s\u0103 \u00een\u021belegem c\u0103 societatea este dominat\u0103 de prejudec\u0103\u021bi care nu au nicio leg\u0103tur\u0103 cu noi.\" \/>\n<meta name=\"robots\" content=\"index, follow, max-snippet:-1, max-image-preview:large, max-video-preview:-1\" \/>\n<link rel=\"canonical\" href=\"https:\/\/bangbang.md\/ru\/2024\/09\/24\/editorial-babe-speriate-si-gay-cuminti-cum-homofobia-ne-afecteaza-pe-toti\/\" \/>\n<meta property=\"og:locale\" content=\"ru_RU\" \/>\n<meta property=\"og:type\" content=\"article\" \/>\n<meta property=\"og:title\" content=\"| Editorial | \u201eBabe speriate \u0219i gay cumin\u021bi\u201d - cum homofobia ne afecteaz\u0103 pe to\u021bi\" \/>\n<meta property=\"og:description\" content=\"\u00cen loc s\u0103 credem c\u0103 exist\u0103 \u201eprea mult b\u0103gat pe g\u00e2t,\u201d ar trebui s\u0103 \u00een\u021belegem c\u0103 societatea este dominat\u0103 de prejudec\u0103\u021bi care nu au nicio leg\u0103tur\u0103 cu noi.\" \/>\n<meta property=\"og:url\" content=\"https:\/\/bangbang.md\/ru\/2024\/09\/24\/editorial-babe-speriate-si-gay-cuminti-cum-homofobia-ne-afecteaza-pe-toti\/\" \/>\n<meta property=\"og:site_name\" content=\"BANG-BANG\" \/>\n<meta property=\"article:publisher\" content=\"https:\/\/www.facebook.com\/bangbangmoldova\" \/>\n<meta property=\"article:published_time\" content=\"2024-09-24T09:04:26+00:00\" \/>\n<meta property=\"article:modified_time\" content=\"2024-09-24T09:04:27+00:00\" \/>\n<meta property=\"og:image\" content=\"https:\/\/bangbang.md\/wp-content\/uploads\/2024\/09\/EL-25-1024x683.png\" \/>\n\t<meta property=\"og:image:width\" content=\"1024\" \/>\n\t<meta property=\"og:image:height\" content=\"683\" \/>\n\t<meta property=\"og:image:type\" content=\"image\/png\" \/>\n<meta name=\"author\" content=\"Micleusanu Vasile\" \/>\n<meta name=\"twitter:card\" content=\"summary_large_image\" \/>\n<meta name=\"twitter:label1\" content=\"\u041d\u0430\u043f\u0438\u0441\u0430\u043d\u043e \u0430\u0432\u0442\u043e\u0440\u043e\u043c\" \/>\n\t<meta name=\"twitter:data1\" content=\"Micleusanu Vasile\" \/>\n\t<meta name=\"twitter:label2\" content=\"\u041f\u0440\u0438\u043c\u0435\u0440\u043d\u043e\u0435 \u0432\u0440\u0435\u043c\u044f \u0434\u043b\u044f \u0447\u0442\u0435\u043d\u0438\u044f\" \/>\n\t<meta name=\"twitter:data2\" content=\"5 \u043c\u0438\u043d\u0443\u0442\" \/>\n<script type=\"application\/ld+json\" class=\"yoast-schema-graph\">{\"@context\":\"https:\/\/schema.org\",\"@graph\":[{\"@type\":\"Article\",\"@id\":\"https:\/\/bangbang.md\/2024\/09\/24\/editorial-babe-speriate-si-gay-cuminti-cum-homofobia-ne-afecteaza-pe-toti\/#article\",\"isPartOf\":{\"@id\":\"https:\/\/bangbang.md\/2024\/09\/24\/editorial-babe-speriate-si-gay-cuminti-cum-homofobia-ne-afecteaza-pe-toti\/\"},\"author\":{\"name\":\"Micleusanu Vasile\",\"@id\":\"https:\/\/bangbang.md\/#\/schema\/person\/5378c72f5ed47ee2964c4075df5f713d\"},\"headline\":\"| Editorial | \u201eBabe speriate \u0219i gay cumin\u021bi\u201d &#8211; cum homofobia ne afecteaz\u0103 pe to\u021bi\",\"datePublished\":\"2024-09-24T09:04:26+00:00\",\"dateModified\":\"2024-09-24T09:04:27+00:00\",\"mainEntityOfPage\":{\"@id\":\"https:\/\/bangbang.md\/2024\/09\/24\/editorial-babe-speriate-si-gay-cuminti-cum-homofobia-ne-afecteaza-pe-toti\/\"},\"wordCount\":1038,\"publisher\":{\"@id\":\"https:\/\/bangbang.md\/#organization\"},\"keywords\":[\"activism\",\"frica\",\"Homofobia\",\"Homofobia internalizat\u0103\",\"LGBT Moldova\",\"LGBTQ+\",\"Orientare sexual\u0103\",\"Pride\",\"queer\",\"Queer Moldova\",\"rusine\"],\"articleSection\":[\"A\u0219a nu\",\"Pride\",\"Queer &amp; Proud\"],\"inLanguage\":\"ru-RU\"},{\"@type\":\"WebPage\",\"@id\":\"https:\/\/bangbang.md\/2024\/09\/24\/editorial-babe-speriate-si-gay-cuminti-cum-homofobia-ne-afecteaza-pe-toti\/\",\"url\":\"https:\/\/bangbang.md\/2024\/09\/24\/editorial-babe-speriate-si-gay-cuminti-cum-homofobia-ne-afecteaza-pe-toti\/\",\"name\":\"| Editorial | \u201eBabe speriate \u0219i gay cumin\u021bi\u201d - cum homofobia ne afecteaz\u0103 pe to\u021bi - BANG-BANG\",\"isPartOf\":{\"@id\":\"https:\/\/bangbang.md\/#website\"},\"datePublished\":\"2024-09-24T09:04:26+00:00\",\"dateModified\":\"2024-09-24T09:04:27+00:00\",\"description\":\"\u00cen loc s\u0103 credem c\u0103 exist\u0103 \u201eprea mult b\u0103gat pe g\u00e2t,\u201d ar trebui s\u0103 \u00een\u021belegem c\u0103 societatea este dominat\u0103 de prejudec\u0103\u021bi care nu au nicio leg\u0103tur\u0103 cu noi.\",\"breadcrumb\":{\"@id\":\"https:\/\/bangbang.md\/2024\/09\/24\/editorial-babe-speriate-si-gay-cuminti-cum-homofobia-ne-afecteaza-pe-toti\/#breadcrumb\"},\"inLanguage\":\"ru-RU\",\"potentialAction\":[{\"@type\":\"ReadAction\",\"target\":[\"https:\/\/bangbang.md\/2024\/09\/24\/editorial-babe-speriate-si-gay-cuminti-cum-homofobia-ne-afecteaza-pe-toti\/\"]}]},{\"@type\":\"BreadcrumbList\",\"@id\":\"https:\/\/bangbang.md\/2024\/09\/24\/editorial-babe-speriate-si-gay-cuminti-cum-homofobia-ne-afecteaza-pe-toti\/#breadcrumb\",\"itemListElement\":[{\"@type\":\"ListItem\",\"position\":1,\"name\":\"Prima pagin\u0103\",\"item\":\"https:\/\/bangbang.md\/\"},{\"@type\":\"ListItem\",\"position\":2,\"name\":\"| Editorial | \u201eBabe speriate \u0219i gay cumin\u021bi\u201d &#8211; cum homofobia ne afecteaz\u0103 pe to\u021bi\"}]},{\"@type\":\"WebSite\",\"@id\":\"https:\/\/bangbang.md\/#website\",\"url\":\"https:\/\/bangbang.md\/\",\"name\":\"BANG-BANG\",\"description\":\"Portal web dedicat comunit\u0103\u021bii LGBTQ d RM\",\"publisher\":{\"@id\":\"https:\/\/bangbang.md\/#organization\"},\"potentialAction\":[{\"@type\":\"SearchAction\",\"target\":{\"@type\":\"EntryPoint\",\"urlTemplate\":\"https:\/\/bangbang.md\/?s={search_term_string}\"},\"query-input\":\"required name=search_term_string\"}],\"inLanguage\":\"ru-RU\"},{\"@type\":\"Organization\",\"@id\":\"https:\/\/bangbang.md\/#organization\",\"name\":\"Bang bang\",\"url\":\"https:\/\/bangbang.md\/\",\"logo\":{\"@type\":\"ImageObject\",\"inLanguage\":\"ru-RU\",\"@id\":\"https:\/\/bangbang.md\/#\/schema\/logo\/image\/\",\"url\":\"https:\/\/bangbang.md\/wp-content\/uploads\/2022\/07\/cropped-Group.jpg\",\"contentUrl\":\"https:\/\/bangbang.md\/wp-content\/uploads\/2022\/07\/cropped-Group.jpg\",\"width\":512,\"height\":512,\"caption\":\"Bang bang\"},\"image\":{\"@id\":\"https:\/\/bangbang.md\/#\/schema\/logo\/image\/\"},\"sameAs\":[\"https:\/\/www.facebook.com\/bangbangmoldova\"]},{\"@type\":\"Person\",\"@id\":\"https:\/\/bangbang.md\/#\/schema\/person\/5378c72f5ed47ee2964c4075df5f713d\",\"name\":\"Micleusanu Vasile\",\"image\":{\"@type\":\"ImageObject\",\"inLanguage\":\"ru-RU\",\"@id\":\"https:\/\/bangbang.md\/#\/schema\/person\/image\/\",\"url\":\"https:\/\/secure.gravatar.com\/avatar\/33fcec8745ff74b39241dd3111c85da3d8bb21844aef6911b4f86aec2cdeb93b?s=96&d=mm&r=g\",\"contentUrl\":\"https:\/\/secure.gravatar.com\/avatar\/33fcec8745ff74b39241dd3111c85da3d8bb21844aef6911b4f86aec2cdeb93b?s=96&d=mm&r=g\",\"caption\":\"Micleusanu Vasile\"},\"url\":\"https:\/\/bangbang.md\/ru\/author\/vasilem\/\"}]}<\/script>\n<!-- \/ Yoast SEO Premium plugin. -->","yoast_head_json":{"title":"| Editorial | \u201eBabe speriate \u0219i gay cumin\u021bi\u201d - cum homofobia ne afecteaz\u0103 pe to\u021bi - BANG-BANG","description":"\u00cen loc s\u0103 credem c\u0103 exist\u0103 \u201eprea mult b\u0103gat pe g\u00e2t,\u201d ar trebui s\u0103 \u00een\u021belegem c\u0103 societatea este dominat\u0103 de prejudec\u0103\u021bi care nu au nicio leg\u0103tur\u0103 cu noi.","robots":{"index":"index","follow":"follow","max-snippet":"max-snippet:-1","max-image-preview":"max-image-preview:large","max-video-preview":"max-video-preview:-1"},"canonical":"https:\/\/bangbang.md\/ru\/2024\/09\/24\/editorial-babe-speriate-si-gay-cuminti-cum-homofobia-ne-afecteaza-pe-toti\/","og_locale":"ru_RU","og_type":"article","og_title":"| Editorial | \u201eBabe speriate \u0219i gay cumin\u021bi\u201d - cum homofobia ne afecteaz\u0103 pe to\u021bi","og_description":"\u00cen loc s\u0103 credem c\u0103 exist\u0103 \u201eprea mult b\u0103gat pe g\u00e2t,\u201d ar trebui s\u0103 \u00een\u021belegem c\u0103 societatea este dominat\u0103 de prejudec\u0103\u021bi care nu au nicio leg\u0103tur\u0103 cu noi.","og_url":"https:\/\/bangbang.md\/ru\/2024\/09\/24\/editorial-babe-speriate-si-gay-cuminti-cum-homofobia-ne-afecteaza-pe-toti\/","og_site_name":"BANG-BANG","article_publisher":"https:\/\/www.facebook.com\/bangbangmoldova","article_published_time":"2024-09-24T09:04:26+00:00","article_modified_time":"2024-09-24T09:04:27+00:00","og_image":[{"width":1024,"height":683,"url":"https:\/\/bangbang.md\/wp-content\/uploads\/2024\/09\/EL-25-1024x683.png","type":"image\/png"}],"author":"Micleusanu Vasile","twitter_card":"summary_large_image","twitter_misc":{"\u041d\u0430\u043f\u0438\u0441\u0430\u043d\u043e \u0430\u0432\u0442\u043e\u0440\u043e\u043c":"Micleusanu Vasile","\u041f\u0440\u0438\u043c\u0435\u0440\u043d\u043e\u0435 \u0432\u0440\u0435\u043c\u044f \u0434\u043b\u044f \u0447\u0442\u0435\u043d\u0438\u044f":"5 \u043c\u0438\u043d\u0443\u0442"},"schema":{"@context":"https:\/\/schema.org","@graph":[{"@type":"Article","@id":"https:\/\/bangbang.md\/2024\/09\/24\/editorial-babe-speriate-si-gay-cuminti-cum-homofobia-ne-afecteaza-pe-toti\/#article","isPartOf":{"@id":"https:\/\/bangbang.md\/2024\/09\/24\/editorial-babe-speriate-si-gay-cuminti-cum-homofobia-ne-afecteaza-pe-toti\/"},"author":{"name":"Micleusanu Vasile","@id":"https:\/\/bangbang.md\/#\/schema\/person\/5378c72f5ed47ee2964c4075df5f713d"},"headline":"| Editorial | \u201eBabe speriate \u0219i gay cumin\u021bi\u201d &#8211; cum homofobia ne afecteaz\u0103 pe to\u021bi","datePublished":"2024-09-24T09:04:26+00:00","dateModified":"2024-09-24T09:04:27+00:00","mainEntityOfPage":{"@id":"https:\/\/bangbang.md\/2024\/09\/24\/editorial-babe-speriate-si-gay-cuminti-cum-homofobia-ne-afecteaza-pe-toti\/"},"wordCount":1038,"publisher":{"@id":"https:\/\/bangbang.md\/#organization"},"keywords":["activism","frica","Homofobia","Homofobia internalizat\u0103","LGBT Moldova","LGBTQ+","Orientare sexual\u0103","Pride","queer","Queer Moldova","rusine"],"articleSection":["A\u0219a nu","Pride","Queer &amp; Proud"],"inLanguage":"ru-RU"},{"@type":"WebPage","@id":"https:\/\/bangbang.md\/2024\/09\/24\/editorial-babe-speriate-si-gay-cuminti-cum-homofobia-ne-afecteaza-pe-toti\/","url":"https:\/\/bangbang.md\/2024\/09\/24\/editorial-babe-speriate-si-gay-cuminti-cum-homofobia-ne-afecteaza-pe-toti\/","name":"| Editorial | \u201eBabe speriate \u0219i gay cumin\u021bi\u201d - cum homofobia ne afecteaz\u0103 pe to\u021bi - BANG-BANG","isPartOf":{"@id":"https:\/\/bangbang.md\/#website"},"datePublished":"2024-09-24T09:04:26+00:00","dateModified":"2024-09-24T09:04:27+00:00","description":"\u00cen loc s\u0103 credem c\u0103 exist\u0103 \u201eprea mult b\u0103gat pe g\u00e2t,\u201d ar trebui s\u0103 \u00een\u021belegem c\u0103 societatea este dominat\u0103 de prejudec\u0103\u021bi care nu au nicio leg\u0103tur\u0103 cu noi.","breadcrumb":{"@id":"https:\/\/bangbang.md\/2024\/09\/24\/editorial-babe-speriate-si-gay-cuminti-cum-homofobia-ne-afecteaza-pe-toti\/#breadcrumb"},"inLanguage":"ru-RU","potentialAction":[{"@type":"ReadAction","target":["https:\/\/bangbang.md\/2024\/09\/24\/editorial-babe-speriate-si-gay-cuminti-cum-homofobia-ne-afecteaza-pe-toti\/"]}]},{"@type":"BreadcrumbList","@id":"https:\/\/bangbang.md\/2024\/09\/24\/editorial-babe-speriate-si-gay-cuminti-cum-homofobia-ne-afecteaza-pe-toti\/#breadcrumb","itemListElement":[{"@type":"ListItem","position":1,"name":"Prima pagin\u0103","item":"https:\/\/bangbang.md\/"},{"@type":"ListItem","position":2,"name":"| Editorial | \u201eBabe speriate \u0219i gay cumin\u021bi\u201d &#8211; cum homofobia ne afecteaz\u0103 pe to\u021bi"}]},{"@type":"WebSite","@id":"https:\/\/bangbang.md\/#website","url":"https:\/\/bangbang.md\/","name":"BANG-BANG","description":"Portal web dedicat comunit\u0103\u021bii LGBTQ d RM","publisher":{"@id":"https:\/\/bangbang.md\/#organization"},"potentialAction":[{"@type":"SearchAction","target":{"@type":"EntryPoint","urlTemplate":"https:\/\/bangbang.md\/?s={search_term_string}"},"query-input":"required name=search_term_string"}],"inLanguage":"ru-RU"},{"@type":"Organization","@id":"https:\/\/bangbang.md\/#organization","name":"Bang bang","url":"https:\/\/bangbang.md\/","logo":{"@type":"ImageObject","inLanguage":"ru-RU","@id":"https:\/\/bangbang.md\/#\/schema\/logo\/image\/","url":"https:\/\/bangbang.md\/wp-content\/uploads\/2022\/07\/cropped-Group.jpg","contentUrl":"https:\/\/bangbang.md\/wp-content\/uploads\/2022\/07\/cropped-Group.jpg","width":512,"height":512,"caption":"Bang bang"},"image":{"@id":"https:\/\/bangbang.md\/#\/schema\/logo\/image\/"},"sameAs":["https:\/\/www.facebook.com\/bangbangmoldova"]},{"@type":"Person","@id":"https:\/\/bangbang.md\/#\/schema\/person\/5378c72f5ed47ee2964c4075df5f713d","name":"Micleusanu Vasile","image":{"@type":"ImageObject","inLanguage":"ru-RU","@id":"https:\/\/bangbang.md\/#\/schema\/person\/image\/","url":"https:\/\/secure.gravatar.com\/avatar\/33fcec8745ff74b39241dd3111c85da3d8bb21844aef6911b4f86aec2cdeb93b?s=96&d=mm&r=g","contentUrl":"https:\/\/secure.gravatar.com\/avatar\/33fcec8745ff74b39241dd3111c85da3d8bb21844aef6911b4f86aec2cdeb93b?s=96&d=mm&r=g","caption":"Micleusanu Vasile"},"url":"https:\/\/bangbang.md\/ru\/author\/vasilem\/"}]}},"_links":{"self":[{"href":"https:\/\/bangbang.md\/ru\/wp-json\/wp\/v2\/posts\/6968","targetHints":{"allow":["GET"]}}],"collection":[{"href":"https:\/\/bangbang.md\/ru\/wp-json\/wp\/v2\/posts"}],"about":[{"href":"https:\/\/bangbang.md\/ru\/wp-json\/wp\/v2\/types\/post"}],"author":[{"embeddable":true,"href":"https:\/\/bangbang.md\/ru\/wp-json\/wp\/v2\/users\/3"}],"replies":[{"embeddable":true,"href":"https:\/\/bangbang.md\/ru\/wp-json\/wp\/v2\/comments?post=6968"}],"version-history":[{"count":1,"href":"https:\/\/bangbang.md\/ru\/wp-json\/wp\/v2\/posts\/6968\/revisions"}],"predecessor-version":[{"id":6970,"href":"https:\/\/bangbang.md\/ru\/wp-json\/wp\/v2\/posts\/6968\/revisions\/6970"}],"wp:featuredmedia":[{"embeddable":true,"href":"https:\/\/bangbang.md\/ru\/wp-json\/wp\/v2\/media\/6969"}],"wp:attachment":[{"href":"https:\/\/bangbang.md\/ru\/wp-json\/wp\/v2\/media?parent=6968"}],"wp:term":[{"taxonomy":"category","embeddable":true,"href":"https:\/\/bangbang.md\/ru\/wp-json\/wp\/v2\/categories?post=6968"},{"taxonomy":"post_tag","embeddable":true,"href":"https:\/\/bangbang.md\/ru\/wp-json\/wp\/v2\/tags?post=6968"}],"curies":[{"name":"wp","href":"https:\/\/api.w.org\/{rel}","templated":true}]}}