{"id":6941,"date":"2024-09-16T09:10:44","date_gmt":"2024-09-16T09:10:44","guid":{"rendered":"https:\/\/bangbang.md\/?p=6941"},"modified":"2024-10-01T08:18:04","modified_gmt":"2024-10-01T08:18:04","slug":"productiile-queer-si-starurile-lgbtq-au-stralucit-la-premiile-emmy-2024","status":"publish","type":"post","link":"https:\/\/bangbang.md\/ru\/2024\/09\/16\/productiile-queer-si-starurile-lgbtq-au-stralucit-la-premiile-emmy-2024\/","title":{"rendered":"Produc\u021biile queer \u0219i starurile LGBTQ+ au str\u0103lucit la Premiile Emmy 2024"},"content":{"rendered":"<p class=\"has-white-color has-black-background-color has-text-color has-background has-link-color wp-elements-2f2dcce64f3463d486dd3182cd34be7b\"><strong>Premiile Emmy 2024 \u0219i-a desemnat c\u00e2\u0219tig\u0103torii, ieri 15 septembrie, \u00een cadrul celei de-a 76-a edi\u021bie. Iat\u0103 care sunt produc\u021bile cu teme \u0219i pove\u0219ti queer, dar \u0219i actori LGBTQ+ care au c\u00e2\u0219tigat.\u00a0<\/strong><\/p>\n\n\n\n<p>Miniseria \u201eBaby Reindeer\u201d a fost printre favori\u021bii serii, c\u00e2\u0219tig\u00e2nd patru trofee la ceremonia de la Los Angeles pentru Cea mai bun\u0103 serie limitat\u0103 sau antologie, Cel mai bun actor \u00een rol principal, Cea mai bun\u0103 actri\u021b\u0103 \u00een rol secundar \u0219i Cel mai bun scenariu pentru o serie limitat\u0103 sau antologie.<\/p>\n\n\n\n<figure class=\"wp-block-embed is-type-video is-provider-youtube wp-block-embed-youtube wp-embed-aspect-16-9 wp-has-aspect-ratio\"><div class=\"wp-block-embed__wrapper\">\n<iframe loading=\"lazy\" title=\"&#039;Baby Reindeer&#039; Accepts the Emmy Award for Limited or Anthology Series - Emmy Awards\" width=\"500\" height=\"281\" src=\"https:\/\/www.youtube.com\/embed\/Qu0dDLncarE?feature=oembed\" frameborder=\"0\" allow=\"accelerometer; autoplay; clipboard-write; encrypted-media; gyroscope; picture-in-picture; web-share\" referrerpolicy=\"strict-origin-when-cross-origin\" allowfullscreen><\/iframe>\n<\/div><\/figure>\n\n\n\n<p>Chiar dac\u0103 Show-ul RuPaul\u2019s Drag Race a fost nominalizat pentru un num\u0103r impresionant de zece premii Emmy \u2013 serial de competi\u021bie de realitate remarcabil, design de produc\u021bie, distribu\u021bie, coregrafie, regie, editare imagine \u0219i sunet &#8211; show-ul nu a luat nici un premiu \u00een acest an.<\/p>\n\n\n\n<p>Concursul de tip reality show \u201eThe Traitors\u201d, prezentat de actorul bisexual Alan Cumming, a pus cap\u0103t unei serii de opt ani de victorii a Show-ul RuPaul\u2019s Drag Race la categoria Cel maI bun reality show.<\/p>\n\n\n\n<p>Cumming a purtat cu m\u00e2ndrie o medalie pentru \u201emerit militar\u201d pe reverul sacoului s\u0103u, pe care a decorat-o cu steagul trans. Actorul \u0219i prezentatorul, este deschis \u00een privin\u021ba identit\u0103\u021bii sale queer. El se identific\u0103 drept bisexual \u0219i a fost un sus\u021bin\u0103tor vocal al drepturilor LGBTQ+ de-a lungul carierei sale.&nbsp;<\/p>\n\n\n\n<figure class=\"wp-block-image size-large\"><img loading=\"lazy\" decoding=\"async\" width=\"1024\" height=\"683\" src=\"https:\/\/bangbang.md\/wp-content\/uploads\/2024\/09\/Alan-Cumming-2024-Emmys-091524-292421b5a720400983ac51420fb3224c-1024x683.jpg\" alt=\"\" class=\"wp-image-6943\" srcset=\"https:\/\/bangbang.md\/wp-content\/uploads\/2024\/09\/Alan-Cumming-2024-Emmys-091524-292421b5a720400983ac51420fb3224c-1024x683.jpg 1024w, https:\/\/bangbang.md\/wp-content\/uploads\/2024\/09\/Alan-Cumming-2024-Emmys-091524-292421b5a720400983ac51420fb3224c-300x200.jpg 300w, https:\/\/bangbang.md\/wp-content\/uploads\/2024\/09\/Alan-Cumming-2024-Emmys-091524-292421b5a720400983ac51420fb3224c-768x512.jpg 768w, https:\/\/bangbang.md\/wp-content\/uploads\/2024\/09\/Alan-Cumming-2024-Emmys-091524-292421b5a720400983ac51420fb3224c-18x12.jpg 18w, https:\/\/bangbang.md\/wp-content\/uploads\/2024\/09\/Alan-Cumming-2024-Emmys-091524-292421b5a720400983ac51420fb3224c-585x390.jpg 585w, https:\/\/bangbang.md\/wp-content\/uploads\/2024\/09\/Alan-Cumming-2024-Emmys-091524-292421b5a720400983ac51420fb3224c.jpg 1500w\" sizes=\"auto, (max-width: 1024px) 100vw, 1024px\" \/><figcaption class=\"wp-element-caption\"><em>Sursa poz\u0103: people.com \/ Kevin Winter\/Getty&nbsp;<\/em><\/figcaption><\/figure>\n\n\n\n<h2 class=\"wp-block-heading\" id=\"h-actorii-lgbtqi-care-au-ca\u0219tigat-premiile-emmy-2024\"><strong>Actorii LGBTQI+ care au c\u00e2\u0219tigat Premiile Emmy 2024<\/strong><\/h2>\n\n\n\n<p><strong>Jodie Foster<\/strong>, care a primit prima sa nominalizare la Emmy pentru serialul \u201eTrue Detective: Night Country\u201d, a luat premiul pentru Cea mai bun\u0103 actri\u021b\u0103 principal\u0103 \u00eentr-un serial limitat.&nbsp;<\/p>\n\n\n\n<p>\u00cenainte de a urca pe scena, Jodie Foster \u0219i-a s\u0103rutat so\u021bia. Dup\u0103 ce le-a spus celor doi fii ai s\u0103i s\u0103 nu uite niciodat\u0103 puterea dragostei \u0219i a muncii, Foster \u0219i-a \u00eencheiat discursul de acceptare cu cuvintele emo\u021bionante \u201epentru iubirea vie\u021bii mele, Alexandra Hedison, so\u021bia mea\u201d.<\/p>\n\n\n\n<figure class=\"wp-block-embed is-type-video is-provider-youtube wp-block-embed-youtube wp-embed-aspect-16-9 wp-has-aspect-ratio\"><div class=\"wp-block-embed__wrapper\">\n<iframe loading=\"lazy\" title=\"Jodie Foster Accepts the Emmy Award for Lead Actress in a Limited or Anthology Series or Movie - Emm\" width=\"500\" height=\"281\" src=\"https:\/\/www.youtube.com\/embed\/xUkojeyXBmM?feature=oembed\" frameborder=\"0\" allow=\"accelerometer; autoplay; clipboard-write; encrypted-media; gyroscope; picture-in-picture; web-share\" referrerpolicy=\"strict-origin-when-cross-origin\" allowfullscreen><\/iframe>\n<\/div><\/figure>\n\n\n\n<p>Actorul \u0219i comediantul Richard Gadd, a luat premiul pentru Cea mai bun\u0103 interpretare masculin\u0103 \u00eentr-un rol principal \u00eentr-un serial limitat sau de antologie ori film TV pentru rolul s\u0103u din miniseria \u201eBaby Reindeer\u201d. La aceast\u0103 categorie a fost nominalizat \u0219i actorul gay <strong>Andrew Scott<\/strong>&nbsp;pentru interpretarea lui&nbsp;<em>Ripley&nbsp;<\/em>din miniseria cu acela\u0219i nume.<\/p>\n\n\n\n<p>Gadd, a luat premiul \u0219i pentru Cel mai bun scenariu pentru un serial limitat sau de antologie ori film TV.<\/p>\n\n\n\n<figure class=\"wp-block-embed is-type-video is-provider-youtube wp-block-embed-youtube wp-embed-aspect-16-9 wp-has-aspect-ratio\"><div class=\"wp-block-embed__wrapper\">\n<iframe loading=\"lazy\" title=\"Richard Gadd Accepts the Emmy Award for Lead Actor in a Limited or Anthology Series or Movie - Emmy\" width=\"500\" height=\"281\" src=\"https:\/\/www.youtube.com\/embed\/mhpd0gmosDU?feature=oembed\" frameborder=\"0\" allow=\"accelerometer; autoplay; clipboard-write; encrypted-media; gyroscope; picture-in-picture; web-share\" referrerpolicy=\"strict-origin-when-cross-origin\" allowfullscreen><\/iframe>\n<\/div><\/figure>\n\n\n\n<p>\u00cen spectacolele sale de stand-up, el a discutat deschis despre sexualitatea sa \u0219i despre luptele personale legate de identitate \u0219i traume. Gadd este cunoscut pentru modul \u00een care \u00eembin\u0103 comedia cu reflec\u021bii profunde asupra problemelor personale \u0219i sociale.<\/p>\n\n\n\n<p>Premiile Emmy sunt acordate anual de c\u0103tre Academia de Televiziune din Statele Unite pentru excelen\u021ba \u00een televiziune, inclusiv pentru produc\u021bii TV, actori, regizori \u0219i scenari\u0219ti. Premiile sunt \u00eemp\u0103r\u021bite \u00een mai multe categorii, inclusiv Primetime Emmys pentru produc\u021bii de sear\u0103 \u0219i Daytime Emmys pentru emisiuni de zi. Ele recunosc contribu\u021biile remarcabile \u00een industria televiziunii \u0219i sunt considerate printre cele mai prestigioase premii din domeniu.<\/p>","protected":false},"excerpt":{"rendered":"<p>Premiile Emmy 2024 \u0219i-a desemnat c\u00e2\u0219tig\u0103torii, ieri 15 septembrie, \u00een cadrul celei de-a 76-a edi\u021bie. Iat\u0103 care sunt produc\u021bile cu&#8230;<\/p>","protected":false},"author":3,"featured_media":6943,"comment_status":"closed","ping_status":"closed","sticky":false,"template":"","format":"standard","meta":{"footnotes":""},"categories":[177],"tags":[889,197,888],"class_list":["post-6941","post","type-post","status-publish","format-standard","has-post-thumbnail","hentry","category-noutati","tag-emmy-2024","tag-lgbtq","tag-premiile-emmy"],"yoast_head":"<!-- This site is optimized with the Yoast SEO Premium plugin v18.9 (Yoast SEO v20.13) - https:\/\/yoast.com\/wordpress\/plugins\/seo\/ -->\n<title>Produc\u021biile queer \u0219i starurile LGBTQ+ au str\u0103lucit la Premiile Emmy 2024 - BANG-BANG<\/title>\n<meta name=\"robots\" content=\"index, follow, max-snippet:-1, max-image-preview:large, max-video-preview:-1\" \/>\n<link rel=\"canonical\" href=\"https:\/\/bangbang.md\/ru\/2024\/09\/16\/productiile-queer-si-starurile-lgbtq-au-stralucit-la-premiile-emmy-2024\/\" \/>\n<meta property=\"og:locale\" content=\"ru_RU\" \/>\n<meta property=\"og:type\" content=\"article\" \/>\n<meta property=\"og:title\" content=\"Produc\u021biile queer \u0219i starurile LGBTQ+ au str\u0103lucit la Premiile Emmy 2024\" \/>\n<meta property=\"og:description\" content=\"Premiile Emmy 2024 \u0219i-a desemnat c\u00e2\u0219tig\u0103torii, ieri 15 septembrie, \u00een cadrul celei de-a 76-a edi\u021bie. Iat\u0103 care sunt produc\u021bile cu...\" \/>\n<meta property=\"og:url\" content=\"https:\/\/bangbang.md\/ru\/2024\/09\/16\/productiile-queer-si-starurile-lgbtq-au-stralucit-la-premiile-emmy-2024\/\" \/>\n<meta property=\"og:site_name\" content=\"BANG-BANG\" \/>\n<meta property=\"article:publisher\" content=\"https:\/\/www.facebook.com\/bangbangmoldova\" \/>\n<meta property=\"article:published_time\" content=\"2024-09-16T09:10:44+00:00\" \/>\n<meta property=\"article:modified_time\" content=\"2024-10-01T08:18:04+00:00\" \/>\n<meta property=\"og:image\" content=\"https:\/\/bangbang.md\/wp-content\/uploads\/2024\/09\/Alan-Cumming-2024-Emmys-091524-292421b5a720400983ac51420fb3224c.jpg\" \/>\n\t<meta property=\"og:image:width\" content=\"1500\" \/>\n\t<meta property=\"og:image:height\" content=\"1000\" \/>\n\t<meta property=\"og:image:type\" content=\"image\/jpeg\" \/>\n<meta name=\"author\" content=\"Micleusanu Vasile\" \/>\n<meta name=\"twitter:card\" content=\"summary_large_image\" \/>\n<meta name=\"twitter:label1\" content=\"\u041d\u0430\u043f\u0438\u0441\u0430\u043d\u043e \u0430\u0432\u0442\u043e\u0440\u043e\u043c\" \/>\n\t<meta name=\"twitter:data1\" content=\"Micleusanu Vasile\" \/>\n\t<meta name=\"twitter:label2\" content=\"\u041f\u0440\u0438\u043c\u0435\u0440\u043d\u043e\u0435 \u0432\u0440\u0435\u043c\u044f \u0434\u043b\u044f \u0447\u0442\u0435\u043d\u0438\u044f\" \/>\n\t<meta name=\"twitter:data2\" content=\"3 \u043c\u0438\u043d\u0443\u0442\u044b\" \/>\n<script type=\"application\/ld+json\" class=\"yoast-schema-graph\">{\"@context\":\"https:\/\/schema.org\",\"@graph\":[{\"@type\":\"Article\",\"@id\":\"https:\/\/bangbang.md\/2024\/09\/16\/productiile-queer-si-starurile-lgbtq-au-stralucit-la-premiile-emmy-2024\/#article\",\"isPartOf\":{\"@id\":\"https:\/\/bangbang.md\/2024\/09\/16\/productiile-queer-si-starurile-lgbtq-au-stralucit-la-premiile-emmy-2024\/\"},\"author\":{\"name\":\"Micleusanu Vasile\",\"@id\":\"https:\/\/bangbang.md\/#\/schema\/person\/5378c72f5ed47ee2964c4075df5f713d\"},\"headline\":\"Produc\u021biile queer \u0219i starurile LGBTQ+ au str\u0103lucit la Premiile Emmy 2024\",\"datePublished\":\"2024-09-16T09:10:44+00:00\",\"dateModified\":\"2024-10-01T08:18:04+00:00\",\"mainEntityOfPage\":{\"@id\":\"https:\/\/bangbang.md\/2024\/09\/16\/productiile-queer-si-starurile-lgbtq-au-stralucit-la-premiile-emmy-2024\/\"},\"wordCount\":550,\"publisher\":{\"@id\":\"https:\/\/bangbang.md\/#organization\"},\"keywords\":[\"Emmy 2024\",\"LGBTQ+\",\"Premiile Emmy\"],\"articleSection\":[\"Nout\u0103\u021bi\"],\"inLanguage\":\"ru-RU\"},{\"@type\":\"WebPage\",\"@id\":\"https:\/\/bangbang.md\/2024\/09\/16\/productiile-queer-si-starurile-lgbtq-au-stralucit-la-premiile-emmy-2024\/\",\"url\":\"https:\/\/bangbang.md\/2024\/09\/16\/productiile-queer-si-starurile-lgbtq-au-stralucit-la-premiile-emmy-2024\/\",\"name\":\"Produc\u021biile queer \u0219i starurile LGBTQ+ au str\u0103lucit la Premiile Emmy 2024 - BANG-BANG\",\"isPartOf\":{\"@id\":\"https:\/\/bangbang.md\/#website\"},\"datePublished\":\"2024-09-16T09:10:44+00:00\",\"dateModified\":\"2024-10-01T08:18:04+00:00\",\"breadcrumb\":{\"@id\":\"https:\/\/bangbang.md\/2024\/09\/16\/productiile-queer-si-starurile-lgbtq-au-stralucit-la-premiile-emmy-2024\/#breadcrumb\"},\"inLanguage\":\"ru-RU\",\"potentialAction\":[{\"@type\":\"ReadAction\",\"target\":[\"https:\/\/bangbang.md\/2024\/09\/16\/productiile-queer-si-starurile-lgbtq-au-stralucit-la-premiile-emmy-2024\/\"]}]},{\"@type\":\"BreadcrumbList\",\"@id\":\"https:\/\/bangbang.md\/2024\/09\/16\/productiile-queer-si-starurile-lgbtq-au-stralucit-la-premiile-emmy-2024\/#breadcrumb\",\"itemListElement\":[{\"@type\":\"ListItem\",\"position\":1,\"name\":\"Prima pagin\u0103\",\"item\":\"https:\/\/bangbang.md\/\"},{\"@type\":\"ListItem\",\"position\":2,\"name\":\"Produc\u021biile queer \u0219i starurile LGBTQ+ au str\u0103lucit la Premiile Emmy 2024\"}]},{\"@type\":\"WebSite\",\"@id\":\"https:\/\/bangbang.md\/#website\",\"url\":\"https:\/\/bangbang.md\/\",\"name\":\"BANG-BANG\",\"description\":\"Portal web dedicat comunit\u0103\u021bii LGBTQ d RM\",\"publisher\":{\"@id\":\"https:\/\/bangbang.md\/#organization\"},\"potentialAction\":[{\"@type\":\"SearchAction\",\"target\":{\"@type\":\"EntryPoint\",\"urlTemplate\":\"https:\/\/bangbang.md\/?s={search_term_string}\"},\"query-input\":\"required name=search_term_string\"}],\"inLanguage\":\"ru-RU\"},{\"@type\":\"Organization\",\"@id\":\"https:\/\/bangbang.md\/#organization\",\"name\":\"Bang bang\",\"url\":\"https:\/\/bangbang.md\/\",\"logo\":{\"@type\":\"ImageObject\",\"inLanguage\":\"ru-RU\",\"@id\":\"https:\/\/bangbang.md\/#\/schema\/logo\/image\/\",\"url\":\"https:\/\/bangbang.md\/wp-content\/uploads\/2022\/07\/cropped-Group.jpg\",\"contentUrl\":\"https:\/\/bangbang.md\/wp-content\/uploads\/2022\/07\/cropped-Group.jpg\",\"width\":512,\"height\":512,\"caption\":\"Bang bang\"},\"image\":{\"@id\":\"https:\/\/bangbang.md\/#\/schema\/logo\/image\/\"},\"sameAs\":[\"https:\/\/www.facebook.com\/bangbangmoldova\"]},{\"@type\":\"Person\",\"@id\":\"https:\/\/bangbang.md\/#\/schema\/person\/5378c72f5ed47ee2964c4075df5f713d\",\"name\":\"Micleusanu Vasile\",\"image\":{\"@type\":\"ImageObject\",\"inLanguage\":\"ru-RU\",\"@id\":\"https:\/\/bangbang.md\/#\/schema\/person\/image\/\",\"url\":\"https:\/\/secure.gravatar.com\/avatar\/33fcec8745ff74b39241dd3111c85da3d8bb21844aef6911b4f86aec2cdeb93b?s=96&d=mm&r=g\",\"contentUrl\":\"https:\/\/secure.gravatar.com\/avatar\/33fcec8745ff74b39241dd3111c85da3d8bb21844aef6911b4f86aec2cdeb93b?s=96&d=mm&r=g\",\"caption\":\"Micleusanu Vasile\"},\"url\":\"https:\/\/bangbang.md\/ru\/author\/vasilem\/\"}]}<\/script>\n<!-- \/ Yoast SEO Premium plugin. -->","yoast_head_json":{"title":"Produc\u021biile queer \u0219i starurile LGBTQ+ au str\u0103lucit la Premiile Emmy 2024 - BANG-BANG","robots":{"index":"index","follow":"follow","max-snippet":"max-snippet:-1","max-image-preview":"max-image-preview:large","max-video-preview":"max-video-preview:-1"},"canonical":"https:\/\/bangbang.md\/ru\/2024\/09\/16\/productiile-queer-si-starurile-lgbtq-au-stralucit-la-premiile-emmy-2024\/","og_locale":"ru_RU","og_type":"article","og_title":"Produc\u021biile queer \u0219i starurile LGBTQ+ au str\u0103lucit la Premiile Emmy 2024","og_description":"Premiile Emmy 2024 \u0219i-a desemnat c\u00e2\u0219tig\u0103torii, ieri 15 septembrie, \u00een cadrul celei de-a 76-a edi\u021bie. Iat\u0103 care sunt produc\u021bile cu...","og_url":"https:\/\/bangbang.md\/ru\/2024\/09\/16\/productiile-queer-si-starurile-lgbtq-au-stralucit-la-premiile-emmy-2024\/","og_site_name":"BANG-BANG","article_publisher":"https:\/\/www.facebook.com\/bangbangmoldova","article_published_time":"2024-09-16T09:10:44+00:00","article_modified_time":"2024-10-01T08:18:04+00:00","og_image":[{"width":1500,"height":1000,"url":"https:\/\/bangbang.md\/wp-content\/uploads\/2024\/09\/Alan-Cumming-2024-Emmys-091524-292421b5a720400983ac51420fb3224c.jpg","type":"image\/jpeg"}],"author":"Micleusanu Vasile","twitter_card":"summary_large_image","twitter_misc":{"\u041d\u0430\u043f\u0438\u0441\u0430\u043d\u043e \u0430\u0432\u0442\u043e\u0440\u043e\u043c":"Micleusanu Vasile","\u041f\u0440\u0438\u043c\u0435\u0440\u043d\u043e\u0435 \u0432\u0440\u0435\u043c\u044f \u0434\u043b\u044f \u0447\u0442\u0435\u043d\u0438\u044f":"3 \u043c\u0438\u043d\u0443\u0442\u044b"},"schema":{"@context":"https:\/\/schema.org","@graph":[{"@type":"Article","@id":"https:\/\/bangbang.md\/2024\/09\/16\/productiile-queer-si-starurile-lgbtq-au-stralucit-la-premiile-emmy-2024\/#article","isPartOf":{"@id":"https:\/\/bangbang.md\/2024\/09\/16\/productiile-queer-si-starurile-lgbtq-au-stralucit-la-premiile-emmy-2024\/"},"author":{"name":"Micleusanu Vasile","@id":"https:\/\/bangbang.md\/#\/schema\/person\/5378c72f5ed47ee2964c4075df5f713d"},"headline":"Produc\u021biile queer \u0219i starurile LGBTQ+ au str\u0103lucit la Premiile Emmy 2024","datePublished":"2024-09-16T09:10:44+00:00","dateModified":"2024-10-01T08:18:04+00:00","mainEntityOfPage":{"@id":"https:\/\/bangbang.md\/2024\/09\/16\/productiile-queer-si-starurile-lgbtq-au-stralucit-la-premiile-emmy-2024\/"},"wordCount":550,"publisher":{"@id":"https:\/\/bangbang.md\/#organization"},"keywords":["Emmy 2024","LGBTQ+","Premiile Emmy"],"articleSection":["Nout\u0103\u021bi"],"inLanguage":"ru-RU"},{"@type":"WebPage","@id":"https:\/\/bangbang.md\/2024\/09\/16\/productiile-queer-si-starurile-lgbtq-au-stralucit-la-premiile-emmy-2024\/","url":"https:\/\/bangbang.md\/2024\/09\/16\/productiile-queer-si-starurile-lgbtq-au-stralucit-la-premiile-emmy-2024\/","name":"Produc\u021biile queer \u0219i starurile LGBTQ+ au str\u0103lucit la Premiile Emmy 2024 - BANG-BANG","isPartOf":{"@id":"https:\/\/bangbang.md\/#website"},"datePublished":"2024-09-16T09:10:44+00:00","dateModified":"2024-10-01T08:18:04+00:00","breadcrumb":{"@id":"https:\/\/bangbang.md\/2024\/09\/16\/productiile-queer-si-starurile-lgbtq-au-stralucit-la-premiile-emmy-2024\/#breadcrumb"},"inLanguage":"ru-RU","potentialAction":[{"@type":"ReadAction","target":["https:\/\/bangbang.md\/2024\/09\/16\/productiile-queer-si-starurile-lgbtq-au-stralucit-la-premiile-emmy-2024\/"]}]},{"@type":"BreadcrumbList","@id":"https:\/\/bangbang.md\/2024\/09\/16\/productiile-queer-si-starurile-lgbtq-au-stralucit-la-premiile-emmy-2024\/#breadcrumb","itemListElement":[{"@type":"ListItem","position":1,"name":"Prima pagin\u0103","item":"https:\/\/bangbang.md\/"},{"@type":"ListItem","position":2,"name":"Produc\u021biile queer \u0219i starurile LGBTQ+ au str\u0103lucit la Premiile Emmy 2024"}]},{"@type":"WebSite","@id":"https:\/\/bangbang.md\/#website","url":"https:\/\/bangbang.md\/","name":"BANG-BANG","description":"Portal web dedicat comunit\u0103\u021bii LGBTQ d RM","publisher":{"@id":"https:\/\/bangbang.md\/#organization"},"potentialAction":[{"@type":"SearchAction","target":{"@type":"EntryPoint","urlTemplate":"https:\/\/bangbang.md\/?s={search_term_string}"},"query-input":"required name=search_term_string"}],"inLanguage":"ru-RU"},{"@type":"Organization","@id":"https:\/\/bangbang.md\/#organization","name":"Bang bang","url":"https:\/\/bangbang.md\/","logo":{"@type":"ImageObject","inLanguage":"ru-RU","@id":"https:\/\/bangbang.md\/#\/schema\/logo\/image\/","url":"https:\/\/bangbang.md\/wp-content\/uploads\/2022\/07\/cropped-Group.jpg","contentUrl":"https:\/\/bangbang.md\/wp-content\/uploads\/2022\/07\/cropped-Group.jpg","width":512,"height":512,"caption":"Bang bang"},"image":{"@id":"https:\/\/bangbang.md\/#\/schema\/logo\/image\/"},"sameAs":["https:\/\/www.facebook.com\/bangbangmoldova"]},{"@type":"Person","@id":"https:\/\/bangbang.md\/#\/schema\/person\/5378c72f5ed47ee2964c4075df5f713d","name":"Micleusanu Vasile","image":{"@type":"ImageObject","inLanguage":"ru-RU","@id":"https:\/\/bangbang.md\/#\/schema\/person\/image\/","url":"https:\/\/secure.gravatar.com\/avatar\/33fcec8745ff74b39241dd3111c85da3d8bb21844aef6911b4f86aec2cdeb93b?s=96&d=mm&r=g","contentUrl":"https:\/\/secure.gravatar.com\/avatar\/33fcec8745ff74b39241dd3111c85da3d8bb21844aef6911b4f86aec2cdeb93b?s=96&d=mm&r=g","caption":"Micleusanu Vasile"},"url":"https:\/\/bangbang.md\/ru\/author\/vasilem\/"}]}},"_links":{"self":[{"href":"https:\/\/bangbang.md\/ru\/wp-json\/wp\/v2\/posts\/6941","targetHints":{"allow":["GET"]}}],"collection":[{"href":"https:\/\/bangbang.md\/ru\/wp-json\/wp\/v2\/posts"}],"about":[{"href":"https:\/\/bangbang.md\/ru\/wp-json\/wp\/v2\/types\/post"}],"author":[{"embeddable":true,"href":"https:\/\/bangbang.md\/ru\/wp-json\/wp\/v2\/users\/3"}],"replies":[{"embeddable":true,"href":"https:\/\/bangbang.md\/ru\/wp-json\/wp\/v2\/comments?post=6941"}],"version-history":[{"count":4,"href":"https:\/\/bangbang.md\/ru\/wp-json\/wp\/v2\/posts\/6941\/revisions"}],"predecessor-version":[{"id":6947,"href":"https:\/\/bangbang.md\/ru\/wp-json\/wp\/v2\/posts\/6941\/revisions\/6947"}],"wp:featuredmedia":[{"embeddable":true,"href":"https:\/\/bangbang.md\/ru\/wp-json\/wp\/v2\/media\/6943"}],"wp:attachment":[{"href":"https:\/\/bangbang.md\/ru\/wp-json\/wp\/v2\/media?parent=6941"}],"wp:term":[{"taxonomy":"category","embeddable":true,"href":"https:\/\/bangbang.md\/ru\/wp-json\/wp\/v2\/categories?post=6941"},{"taxonomy":"post_tag","embeddable":true,"href":"https:\/\/bangbang.md\/ru\/wp-json\/wp\/v2\/tags?post=6941"}],"curies":[{"name":"wp","href":"https:\/\/api.w.org\/{rel}","templated":true}]}}