{"id":6858,"date":"2024-08-16T10:56:45","date_gmt":"2024-08-16T10:56:45","guid":{"rendered":"https:\/\/bangbang.md\/?p=6858"},"modified":"2024-08-16T10:57:14","modified_gmt":"2024-08-16T10:57:14","slug":"edit-ce-se-intampla-atunci-cand-un-barbat-poarta-fusta-la-andys-pizza","status":"publish","type":"post","link":"https:\/\/bangbang.md\/ru\/2024\/08\/16\/edit-ce-se-intampla-atunci-cand-un-barbat-poarta-fusta-la-andys-pizza\/","title":{"rendered":"Edit: Ce se \u00eent\u00e2mpl\u0103 atunci c\u00e2nd un b\u0103rbat poart\u0103 fust\u0103 la Andy\u2019s Pizza?"},"content":{"rendered":"<p class=\"has-white-color has-vivid-purple-background-color has-text-color has-background has-link-color wp-elements-d5f6c08126eec4f50000be783eb8cd39\"><strong>Pe 12 August a fost ziua mea de na\u0219tere. Fiind ziua \u00een care am ap\u0103rut pe lume, am decis s\u0103-mi bucur copilul interior. A\u0219a c\u0103, pe l\u00e2ng\u0103 felicit\u0103ri, me time, cadouri, g\u00e2nduri existen\u021biale de genu: <em>ce am reu\u0219it s\u0103 ob\u021bin la 25 de ani<\/em>, surprize \u0219i <em>la mul\u021bi ani-uri <\/em>pentru bif\u0103, am decis s\u0103 recreez o amintire frumoas\u0103 din copil\u0103rie.\u00a0<\/strong><\/p>\n\n\n\n<p class=\"has-white-color has-vivid-purple-background-color has-text-color has-background has-link-color wp-elements-ffdef3cc5e48e9d85c34ce9898ee95b5\"><strong>\u00cempreun\u0103 cu prietenx mei superbi, Franz \u0219i Marina am mers la Andy\u2019s Pizza de l\u00e2ng\u0103 Teatrul de Oper\u0103 \u0219i Balet \u201eMaria Bie\u0219u\u201d pentru a <em>s\u0103rb\u0103tori<\/em> \u00eentr-un mod meta ironic ziua mea de na\u0219tere, fix ca \u00een copil\u0103rie: cu pizza Rancho pe blat gros, o por\u021bie de cartofi asorti \u0219i milkshake de ciocolat\u0103.<\/strong><\/p>\n\n\n\n<h2 class=\"wp-block-heading\" id=\"h-nu-nu-avem-prize-in-local\"><strong>\u201cNu, nu avem prize \u00een local\u201d<\/strong><\/h2>\n\n\n\n<p>Dup\u0103 ce ne-am plimbat vreo cinci minute prin local ca s\u0103 alegem cea mai bun\u0103 mas\u0103, am luat loc. De noi s-a apropiat chelnerul Dan. Franz avea telefonul desc\u0103rcat, de aceea a \u00eentrebat chelnerul unde poate g\u0103si o priz\u0103 pentru a-\u0219i \u00eenc\u0103rca telefonul. R\u0103spunsul a fost unul rece \u0219i laconic: <em>nic\u0103ieri, nu-i priz\u0103. <\/em>Credeam c\u0103 nu am auzit bine sau c\u0103 el nu ne-a \u00een\u021beles, sau ambele variante \u00een acela\u0219i timp, a\u0219a c\u0103 am mai concretizat \u00eenc\u0103 o dat\u0103. R\u0103spunsul primit a fost similar de absurd. Da, auzisem corect &#8211; nu exist\u0103 nici o priz\u0103 \u00een Andy\u2019s Pizza.<\/p>\n\n\n\n<p>Ne-am uitat confuzi unul la cel\u0103lalt \u0219i nu prea credeam \u00een cele auzite. Sim\u021beam c\u0103 ceva nu este \u00een regul\u0103 cu atitudinea chelnerului, dar nu am dat mare importan\u021b\u0103 acestui fapt din start. Totu\u0219i am venit \u00eentr-un loc familial pentru a recrea o amintire din copil\u0103rie.<\/p>\n\n\n\n<p>Imediat mi-a ap\u0103rut g\u00e2ndul: ce-ar fi dac\u0103 \u00eentreb\u0103m alt chelner despre priz\u0103? La doar dou\u0103 minute distan\u021b\u0103 de la primul r\u0103spuns negativ, telefonul era la \u00eenc\u0103rcat, iar Dan, chelnerul nostru \u00eencepea s\u0103 fac\u0103 o diferen\u021b\u0103 din ce \u00een ce mai mare \u00eentre felul \u00een care deservea masa noastr\u0103 \u0219i cea de l\u00e2ng\u0103.<\/p>\n\n\n\n<h2 class=\"wp-block-heading\" id=\"h-de-la-bucurie-la-discriminare\"><strong>De la bucurie la discriminare<\/strong><\/h2>\n\n\n\n<p>Chelnerul nici pentru o secund\u0103 nu a \u00eencercat s\u0103-\u0219i ascund\u0103 atitudinea dispre\u021buitoare. De-a lungul serii, Dan ne aducea farfuriile, \u0219erve\u021belele, tac\u00e2murile \u0219i m\u00e2ncarea, pe care le l\u0103sa indiferent, \u0219i f\u0103r\u0103 vreun cuv\u00e2nt, la col\u021bul mesei, iar noi trebuia s\u0103 facem jobul \u00een locul lui: s\u0103 aranj\u0103m frumos masa de s\u0103rb\u0103toare.\u00a0<\/p>\n\n\n\n<p>Atitudinea lui fa\u021b\u0103 de masa vecin\u0103 era alta, unde, stereotipic vorbind, erau dou\u0103 fete care ar\u0103tau heteronormativ. Pe tot parcursul serii observam cum fetele aveau parte de o deservire diametral opus\u0103: cu amabilitate, comunicare \u0219i \u00eentregul pachet de chelner care vrea \u0219i tips-uri.\u00a0<\/p>\n\n\n\n<p>Eu eram confuz\u0103 de aceast\u0103 atitudine \u0219i nu \u00een\u021belegeam de unde vine diferen\u021ba. P\u00e2n\u0103 la urm\u0103, la fel ca \u0219i la masa vecin\u0103, st\u0103teau trei clien\u021bi care au venit pentru a lua cina \u00eentr-un local. Ce ne f\u0103cea diferi\u021bi \u00een a fi trata\u021bi \u00een acest fel? P\u0103l\u0103ria mea de culoare galben\u0103? Accesoriile Marinei? Sau poate outfit-ul lui Franz, care era \u00eembr\u0103cat \u00een fust\u0103, chipiu, c\u0103ma\u0219\u0103 \u0219i pantofi?\u00a0<\/p>\n\n\n\n<p>Clar este c\u0103 toat\u0103 seara, majoritatea chelnerilor ne aruncau priviri lungi \u0219i insistente, ar\u0103tau unul c\u0103tre altul cu degetul spre masa noastr\u0103. Atunci c\u00e2nd Franz ie\u0219ea la fumat, doamnele de la buc\u0103t\u0103rie scoteau capul \u00een sal\u0103 ca s\u0103-i vad\u0103 fusta. Toate astea \u00een timp ce pe fundal se auzea piesa <em>Rush<\/em> de Troye Sivan.<\/p>\n\n\n\n<p>Experien\u021ba cu chelnerul Dan, reflect\u0103, din p\u0103cate, cum fusta poate schimba atitudinea unui moldovean. Ulterior am aflat c\u0103 Franz nu era uimit \u0219i se a\u0219tepta la asemenea situa\u021bie, el ciocnindu-se zilnic cu astfel de atitudine. Pentru mine totu\u0219i este revolt\u0103tor c\u0103 \u00een Chi\u0219in\u0103u e\u0219ti discriminat dac\u0103 ai curajul s\u0103-\u021bi exteriorizezi felul de a fi,\u00a0 iar dac\u0103 te \u00eembraci un pic diferit de c\u00e2t se consider\u0103 <em>normalitate<\/em>, vei fi tratat cu inferioritate.<\/p>\n\n\n\n<p>Tot ce mi-am dorit era s\u0103 recreez acea amintire din trecut, \u0219i s\u0103 fiu tratat\u0103 cu demnitate (totu\u0219i sunt un client), nu s\u0103 fac fa\u021b\u0103 aten\u021biei insistente care venea din prejudec\u0103\u021bi \u0219i stereotipuri, \u0219i care ne-a f\u0103cut s\u0103 nu ne sim\u021bim \u00een siguran\u021b\u0103.<\/p>\n\n\n\n<p>S\u0103rb\u0103toarea a e\u0219uat! Am decis s\u0103 plec\u0103m \u0219i \u00een scurt timp am cerut nota de plat\u0103 \u0219i cartea de reclama\u021bii. \u00cen acela\u0219i stil, plin de indiferen\u021b\u0103 \u0219i dezgust, dup\u0103 ce am achitat \u0219i nu am primit bonul fiscal, Dan <em>ne-a trimis<\/em> dup\u0103 cartea de reclama\u021bii, zic\u00e2ndu-ne peste um\u0103r: <em>\u201epute\u021bi s\u0103 o lua\u021bi de la bar.\u201d<\/em><\/p>\n\n\n\n<p>\u00cen schimb la bar, am fost \u00eent\u00e2mpina\u021bi cu z\u00e2mbete \u0219i r\u00e2sete. La solicitarea noastr\u0103 repetat\u0103 de a primi cartea de reclama\u021bie, barmanul pe un aer de superioritate m-a \u00eentrebat: <em>Pentru ce?<\/em>, iar Dan s-a interesat:<em> Da\u2019 ce ve\u021bi scrie? <\/em>Pe un ton amabil am zis: \u201e<em>nu vreau s\u0103 cer a treia oar\u0103, v\u0103 rog s\u0103-mi da\u021bi cartea de reclama\u021bii\u201d, <\/em>la care Dan a zis: <em>ce o s\u0103-\u021bi fie dac\u0103 o s\u0103 ceri a treia oar\u0103?<\/em><\/p>\n\n\n\n<p>Arogan\u021ba \u0219i agresivitatea lor a disp\u0103rut atunci c\u00e2nd am men\u021bionat c\u0103 voi filma acest dialog, \u00een cazul \u00een care nu mi se ofer\u0103 cartea de reclama\u021bii. A patra oar\u0103 a fost cu succes.\u00a0<\/p>\n\n\n\n<h2 class=\"wp-block-heading\" id=\"h-o-seara-minunata-in-continuare\"><strong>\u201cO sear\u0103 minunat\u0103 \u00een continuare\u201d<\/strong><\/h2>\n\n\n\n<p>Surprizele au continuat \u00een acea sear\u0103. \u00cen timp ce scriam \u00een cartea de reclama\u021bii pe fundal a \u00eenceput s\u0103 c\u00e2nte<em> La mul\u021bi ani <\/em>(pentru altcineva). La final, dup\u0103 ce am relatat situa\u021bia, am \u00een\u021beles c\u0103 avem nevoie s\u0103 indic\u0103m num\u0103rul bonului fiscal. Pentru c\u0103 nu eram siguri exact ce num\u0103r trebuie indicat, am apelat la ajutorul lui Dan, care din treac\u0103t ne-a zis c\u0103 nu \u0219tie. Totu\u0219i, \u00eentr-un minut a revenit indic\u00e2nd un num\u0103r la \u00eentamplare.\u00a0\u00a0<\/p>\n\n\n\n<p>Nu prea am fost convin\u0219i de: <em>\u201ccred c\u0103 acesta<\/em>\u201d \u0219i am mers la bar s\u0103 verific\u0103m. Acolo nu era nimeni \u0219i a\u0219tept\u00e2nd, de noi s-a apropiat un alt chelner, care ne-a explicat pe un ton amabil ce trebuie s\u0103 facem \u0219i ce num\u0103r s\u0103 indic\u0103m.<\/p>\n\n\n\n<p>Surprize! Surprize! Dan nu ne d\u0103duse bonul fiscal, dup\u0103 achitare, ceea ce f\u0103cea imposibil \u00eenregistrarea reclama\u021biei noastre. Nu mai men\u021bionez aici c\u0103 este ilegal s\u0103 nu oferi bonul fiscal clientului \u0219i c\u0103 a \u00eencercat s\u0103 ne induc\u0103 \u00een eroare, ar\u0103t\u00e2nd un num\u0103r gre\u0219it pe un bon gre\u0219it.\u00a0 P\u00e2n\u0103 la urm\u0103 am primit bonul fiscal bo\u021bit, scos din urna de gunoi, reu\u0219ind s\u0103 \u00eenregistr\u0103m reclama\u021bia.<\/p>\n\n\n\n<h2 class=\"wp-block-heading\" id=\"h-andy-s-25-de-ani-impreuna\"><strong>Andy\u2019s 25 de ani \u00eempreun\u0103<\/strong><\/h2>\n\n\n\n<p>Am venit la Andy\u2019s Pizza cu dorin\u021ba de a recrea o amintire cald\u0103 din copil\u0103rie, dar \u00een loc s\u0103 ne petrecem timpul bine \u0219i vesel, am petrecut dou\u0103 ore \u00eentr-o atmosfer\u0103 ostil\u0103, neprietenoas\u0103 \u0219i lipsit\u0103 de respect.&nbsp;<\/p>\n\n\n\n<p>Peste dou\u0103 zile am v\u0103zut pe Instagram un reel cu acel chelner, Dan, care ne a\u0219teapt\u0103<em> cu drag la Andy\u2019s,<\/em> iar \u00een fiecare a doua postare se men\u021bioneaz\u0103 despre <em>atmosfera de ospitalitate, c\u0103ldur\u0103 \u0219i prietenie pe care o sim\u021bi c\u00e2nd vizitezi restaurantele Andy\u2019s.&nbsp;<\/em><\/p>\n\n\n\n<p>M\u0103 \u00eentreb acum pe cine oare a\u0219teapt\u0103 cu drag re\u021beaua de restaurante Andy\u2019s? \u0218i cum ar trebui s\u0103 ar\u0103\u021bi, pentru a fi deservit cu respect?<\/p>","protected":false},"excerpt":{"rendered":"<p>Pe 12 August a fost ziua mea de na\u0219tere. Fiind ziua \u00een care am ap\u0103rut pe lume, am decis s\u0103-mi&#8230;<\/p>","protected":false},"author":8,"featured_media":6859,"comment_status":"closed","ping_status":"closed","sticky":false,"template":"","format":"standard","meta":{"footnotes":""},"categories":[182,178],"tags":[873,508,197,199],"class_list":["post-6858","post","type-post","status-publish","format-standard","has-post-thumbnail","hentry","category-asa-nu","category-queer-proud","tag-andys","tag-discriminare","tag-lgbtq","tag-queer-moldova"],"yoast_head":"<!-- This site is optimized with the Yoast SEO Premium plugin v18.9 (Yoast SEO v20.13) - https:\/\/yoast.com\/wordpress\/plugins\/seo\/ -->\n<title>Edit: Ce se \u00eent\u00e2mpl\u0103 atunci c\u00e2nd un b\u0103rbat poart\u0103 fust\u0103 la Andy\u2019s Pizza? - BANG-BANG<\/title>\n<meta name=\"robots\" content=\"index, follow, max-snippet:-1, max-image-preview:large, max-video-preview:-1\" \/>\n<link rel=\"canonical\" href=\"https:\/\/bangbang.md\/ru\/2024\/08\/16\/edit-ce-se-intampla-atunci-cand-un-barbat-poarta-fusta-la-andys-pizza\/\" \/>\n<meta property=\"og:locale\" content=\"ru_RU\" \/>\n<meta property=\"og:type\" content=\"article\" \/>\n<meta property=\"og:title\" content=\"Edit: Ce se \u00eent\u00e2mpl\u0103 atunci c\u00e2nd un b\u0103rbat poart\u0103 fust\u0103 la Andy\u2019s Pizza?\" \/>\n<meta property=\"og:description\" content=\"Pe 12 August a fost ziua mea de na\u0219tere. Fiind ziua \u00een care am ap\u0103rut pe lume, am decis s\u0103-mi...\" \/>\n<meta property=\"og:url\" content=\"https:\/\/bangbang.md\/ru\/2024\/08\/16\/edit-ce-se-intampla-atunci-cand-un-barbat-poarta-fusta-la-andys-pizza\/\" \/>\n<meta property=\"og:site_name\" content=\"BANG-BANG\" \/>\n<meta property=\"article:publisher\" content=\"https:\/\/www.facebook.com\/bangbangmoldova\" \/>\n<meta property=\"article:published_time\" content=\"2024-08-16T10:56:45+00:00\" \/>\n<meta property=\"article:modified_time\" content=\"2024-08-16T10:57:14+00:00\" \/>\n<meta property=\"og:image\" content=\"https:\/\/bangbang.md\/wp-content\/uploads\/2024\/08\/cover-articole-site-1-6.png\" \/>\n\t<meta property=\"og:image:width\" content=\"1200\" \/>\n\t<meta property=\"og:image:height\" content=\"800\" \/>\n\t<meta property=\"og:image:type\" content=\"image\/png\" \/>\n<meta name=\"author\" content=\"Mihaela Plotnicu\" \/>\n<meta name=\"twitter:card\" content=\"summary_large_image\" \/>\n<meta name=\"twitter:label1\" content=\"\u041d\u0430\u043f\u0438\u0441\u0430\u043d\u043e \u0430\u0432\u0442\u043e\u0440\u043e\u043c\" \/>\n\t<meta name=\"twitter:data1\" content=\"Mihaela Plotnicu\" \/>\n\t<meta name=\"twitter:label2\" content=\"\u041f\u0440\u0438\u043c\u0435\u0440\u043d\u043e\u0435 \u0432\u0440\u0435\u043c\u044f \u0434\u043b\u044f \u0447\u0442\u0435\u043d\u0438\u044f\" \/>\n\t<meta name=\"twitter:data2\" content=\"7 \u043c\u0438\u043d\u0443\u0442\" \/>\n<script type=\"application\/ld+json\" class=\"yoast-schema-graph\">{\"@context\":\"https:\/\/schema.org\",\"@graph\":[{\"@type\":\"Article\",\"@id\":\"https:\/\/bangbang.md\/2024\/08\/16\/edit-ce-se-intampla-atunci-cand-un-barbat-poarta-fusta-la-andys-pizza\/#article\",\"isPartOf\":{\"@id\":\"https:\/\/bangbang.md\/2024\/08\/16\/edit-ce-se-intampla-atunci-cand-un-barbat-poarta-fusta-la-andys-pizza\/\"},\"author\":{\"name\":\"Mihaela Plotnicu\",\"@id\":\"https:\/\/bangbang.md\/#\/schema\/person\/946619f6523bf8350745f26fb709be75\"},\"headline\":\"Edit: Ce se \u00eent\u00e2mpl\u0103 atunci c\u00e2nd un b\u0103rbat poart\u0103 fust\u0103 la Andy\u2019s Pizza?\",\"datePublished\":\"2024-08-16T10:56:45+00:00\",\"dateModified\":\"2024-08-16T10:57:14+00:00\",\"mainEntityOfPage\":{\"@id\":\"https:\/\/bangbang.md\/2024\/08\/16\/edit-ce-se-intampla-atunci-cand-un-barbat-poarta-fusta-la-andys-pizza\/\"},\"wordCount\":1292,\"publisher\":{\"@id\":\"https:\/\/bangbang.md\/#organization\"},\"keywords\":[\"Andy\u2019s\",\"discriminare\",\"LGBTQ+\",\"Queer Moldova\"],\"articleSection\":[\"A\u0219a nu\",\"Queer &amp; Proud\"],\"inLanguage\":\"ru-RU\"},{\"@type\":\"WebPage\",\"@id\":\"https:\/\/bangbang.md\/2024\/08\/16\/edit-ce-se-intampla-atunci-cand-un-barbat-poarta-fusta-la-andys-pizza\/\",\"url\":\"https:\/\/bangbang.md\/2024\/08\/16\/edit-ce-se-intampla-atunci-cand-un-barbat-poarta-fusta-la-andys-pizza\/\",\"name\":\"Edit: Ce se \u00eent\u00e2mpl\u0103 atunci c\u00e2nd un b\u0103rbat poart\u0103 fust\u0103 la Andy\u2019s Pizza? - BANG-BANG\",\"isPartOf\":{\"@id\":\"https:\/\/bangbang.md\/#website\"},\"datePublished\":\"2024-08-16T10:56:45+00:00\",\"dateModified\":\"2024-08-16T10:57:14+00:00\",\"breadcrumb\":{\"@id\":\"https:\/\/bangbang.md\/2024\/08\/16\/edit-ce-se-intampla-atunci-cand-un-barbat-poarta-fusta-la-andys-pizza\/#breadcrumb\"},\"inLanguage\":\"ru-RU\",\"potentialAction\":[{\"@type\":\"ReadAction\",\"target\":[\"https:\/\/bangbang.md\/2024\/08\/16\/edit-ce-se-intampla-atunci-cand-un-barbat-poarta-fusta-la-andys-pizza\/\"]}]},{\"@type\":\"BreadcrumbList\",\"@id\":\"https:\/\/bangbang.md\/2024\/08\/16\/edit-ce-se-intampla-atunci-cand-un-barbat-poarta-fusta-la-andys-pizza\/#breadcrumb\",\"itemListElement\":[{\"@type\":\"ListItem\",\"position\":1,\"name\":\"Prima pagin\u0103\",\"item\":\"https:\/\/bangbang.md\/\"},{\"@type\":\"ListItem\",\"position\":2,\"name\":\"Edit: Ce se \u00eent\u00e2mpl\u0103 atunci c\u00e2nd un b\u0103rbat poart\u0103 fust\u0103 la Andy\u2019s Pizza?\"}]},{\"@type\":\"WebSite\",\"@id\":\"https:\/\/bangbang.md\/#website\",\"url\":\"https:\/\/bangbang.md\/\",\"name\":\"BANG-BANG\",\"description\":\"Portal web dedicat comunit\u0103\u021bii LGBTQ d RM\",\"publisher\":{\"@id\":\"https:\/\/bangbang.md\/#organization\"},\"potentialAction\":[{\"@type\":\"SearchAction\",\"target\":{\"@type\":\"EntryPoint\",\"urlTemplate\":\"https:\/\/bangbang.md\/?s={search_term_string}\"},\"query-input\":\"required name=search_term_string\"}],\"inLanguage\":\"ru-RU\"},{\"@type\":\"Organization\",\"@id\":\"https:\/\/bangbang.md\/#organization\",\"name\":\"Bang bang\",\"url\":\"https:\/\/bangbang.md\/\",\"logo\":{\"@type\":\"ImageObject\",\"inLanguage\":\"ru-RU\",\"@id\":\"https:\/\/bangbang.md\/#\/schema\/logo\/image\/\",\"url\":\"https:\/\/bangbang.md\/wp-content\/uploads\/2022\/07\/cropped-Group.jpg\",\"contentUrl\":\"https:\/\/bangbang.md\/wp-content\/uploads\/2022\/07\/cropped-Group.jpg\",\"width\":512,\"height\":512,\"caption\":\"Bang bang\"},\"image\":{\"@id\":\"https:\/\/bangbang.md\/#\/schema\/logo\/image\/\"},\"sameAs\":[\"https:\/\/www.facebook.com\/bangbangmoldova\"]},{\"@type\":\"Person\",\"@id\":\"https:\/\/bangbang.md\/#\/schema\/person\/946619f6523bf8350745f26fb709be75\",\"name\":\"Mihaela Plotnicu\",\"image\":{\"@type\":\"ImageObject\",\"inLanguage\":\"ru-RU\",\"@id\":\"https:\/\/bangbang.md\/#\/schema\/person\/image\/\",\"url\":\"https:\/\/secure.gravatar.com\/avatar\/32e5c828104c5622477e102dd725f6ee5465487848dd8b29ccf1f4d1fdd4b79f?s=96&d=mm&r=g\",\"contentUrl\":\"https:\/\/secure.gravatar.com\/avatar\/32e5c828104c5622477e102dd725f6ee5465487848dd8b29ccf1f4d1fdd4b79f?s=96&d=mm&r=g\",\"caption\":\"Mihaela Plotnicu\"},\"url\":\"https:\/\/bangbang.md\/ru\/author\/mihaela-plotnicu\/\"}]}<\/script>\n<!-- \/ Yoast SEO Premium plugin. -->","yoast_head_json":{"title":"Edit: Ce se \u00eent\u00e2mpl\u0103 atunci c\u00e2nd un b\u0103rbat poart\u0103 fust\u0103 la Andy\u2019s Pizza? - BANG-BANG","robots":{"index":"index","follow":"follow","max-snippet":"max-snippet:-1","max-image-preview":"max-image-preview:large","max-video-preview":"max-video-preview:-1"},"canonical":"https:\/\/bangbang.md\/ru\/2024\/08\/16\/edit-ce-se-intampla-atunci-cand-un-barbat-poarta-fusta-la-andys-pizza\/","og_locale":"ru_RU","og_type":"article","og_title":"Edit: Ce se \u00eent\u00e2mpl\u0103 atunci c\u00e2nd un b\u0103rbat poart\u0103 fust\u0103 la Andy\u2019s Pizza?","og_description":"Pe 12 August a fost ziua mea de na\u0219tere. Fiind ziua \u00een care am ap\u0103rut pe lume, am decis s\u0103-mi...","og_url":"https:\/\/bangbang.md\/ru\/2024\/08\/16\/edit-ce-se-intampla-atunci-cand-un-barbat-poarta-fusta-la-andys-pizza\/","og_site_name":"BANG-BANG","article_publisher":"https:\/\/www.facebook.com\/bangbangmoldova","article_published_time":"2024-08-16T10:56:45+00:00","article_modified_time":"2024-08-16T10:57:14+00:00","og_image":[{"width":1200,"height":800,"url":"https:\/\/bangbang.md\/wp-content\/uploads\/2024\/08\/cover-articole-site-1-6.png","type":"image\/png"}],"author":"Mihaela Plotnicu","twitter_card":"summary_large_image","twitter_misc":{"\u041d\u0430\u043f\u0438\u0441\u0430\u043d\u043e \u0430\u0432\u0442\u043e\u0440\u043e\u043c":"Mihaela Plotnicu","\u041f\u0440\u0438\u043c\u0435\u0440\u043d\u043e\u0435 \u0432\u0440\u0435\u043c\u044f \u0434\u043b\u044f \u0447\u0442\u0435\u043d\u0438\u044f":"7 \u043c\u0438\u043d\u0443\u0442"},"schema":{"@context":"https:\/\/schema.org","@graph":[{"@type":"Article","@id":"https:\/\/bangbang.md\/2024\/08\/16\/edit-ce-se-intampla-atunci-cand-un-barbat-poarta-fusta-la-andys-pizza\/#article","isPartOf":{"@id":"https:\/\/bangbang.md\/2024\/08\/16\/edit-ce-se-intampla-atunci-cand-un-barbat-poarta-fusta-la-andys-pizza\/"},"author":{"name":"Mihaela Plotnicu","@id":"https:\/\/bangbang.md\/#\/schema\/person\/946619f6523bf8350745f26fb709be75"},"headline":"Edit: Ce se \u00eent\u00e2mpl\u0103 atunci c\u00e2nd un b\u0103rbat poart\u0103 fust\u0103 la Andy\u2019s Pizza?","datePublished":"2024-08-16T10:56:45+00:00","dateModified":"2024-08-16T10:57:14+00:00","mainEntityOfPage":{"@id":"https:\/\/bangbang.md\/2024\/08\/16\/edit-ce-se-intampla-atunci-cand-un-barbat-poarta-fusta-la-andys-pizza\/"},"wordCount":1292,"publisher":{"@id":"https:\/\/bangbang.md\/#organization"},"keywords":["Andy\u2019s","discriminare","LGBTQ+","Queer Moldova"],"articleSection":["A\u0219a nu","Queer &amp; Proud"],"inLanguage":"ru-RU"},{"@type":"WebPage","@id":"https:\/\/bangbang.md\/2024\/08\/16\/edit-ce-se-intampla-atunci-cand-un-barbat-poarta-fusta-la-andys-pizza\/","url":"https:\/\/bangbang.md\/2024\/08\/16\/edit-ce-se-intampla-atunci-cand-un-barbat-poarta-fusta-la-andys-pizza\/","name":"Edit: Ce se \u00eent\u00e2mpl\u0103 atunci c\u00e2nd un b\u0103rbat poart\u0103 fust\u0103 la Andy\u2019s Pizza? - BANG-BANG","isPartOf":{"@id":"https:\/\/bangbang.md\/#website"},"datePublished":"2024-08-16T10:56:45+00:00","dateModified":"2024-08-16T10:57:14+00:00","breadcrumb":{"@id":"https:\/\/bangbang.md\/2024\/08\/16\/edit-ce-se-intampla-atunci-cand-un-barbat-poarta-fusta-la-andys-pizza\/#breadcrumb"},"inLanguage":"ru-RU","potentialAction":[{"@type":"ReadAction","target":["https:\/\/bangbang.md\/2024\/08\/16\/edit-ce-se-intampla-atunci-cand-un-barbat-poarta-fusta-la-andys-pizza\/"]}]},{"@type":"BreadcrumbList","@id":"https:\/\/bangbang.md\/2024\/08\/16\/edit-ce-se-intampla-atunci-cand-un-barbat-poarta-fusta-la-andys-pizza\/#breadcrumb","itemListElement":[{"@type":"ListItem","position":1,"name":"Prima pagin\u0103","item":"https:\/\/bangbang.md\/"},{"@type":"ListItem","position":2,"name":"Edit: Ce se \u00eent\u00e2mpl\u0103 atunci c\u00e2nd un b\u0103rbat poart\u0103 fust\u0103 la Andy\u2019s Pizza?"}]},{"@type":"WebSite","@id":"https:\/\/bangbang.md\/#website","url":"https:\/\/bangbang.md\/","name":"BANG-BANG","description":"Portal web dedicat comunit\u0103\u021bii LGBTQ d RM","publisher":{"@id":"https:\/\/bangbang.md\/#organization"},"potentialAction":[{"@type":"SearchAction","target":{"@type":"EntryPoint","urlTemplate":"https:\/\/bangbang.md\/?s={search_term_string}"},"query-input":"required name=search_term_string"}],"inLanguage":"ru-RU"},{"@type":"Organization","@id":"https:\/\/bangbang.md\/#organization","name":"Bang bang","url":"https:\/\/bangbang.md\/","logo":{"@type":"ImageObject","inLanguage":"ru-RU","@id":"https:\/\/bangbang.md\/#\/schema\/logo\/image\/","url":"https:\/\/bangbang.md\/wp-content\/uploads\/2022\/07\/cropped-Group.jpg","contentUrl":"https:\/\/bangbang.md\/wp-content\/uploads\/2022\/07\/cropped-Group.jpg","width":512,"height":512,"caption":"Bang bang"},"image":{"@id":"https:\/\/bangbang.md\/#\/schema\/logo\/image\/"},"sameAs":["https:\/\/www.facebook.com\/bangbangmoldova"]},{"@type":"Person","@id":"https:\/\/bangbang.md\/#\/schema\/person\/946619f6523bf8350745f26fb709be75","name":"Mihaela Plotnicu","image":{"@type":"ImageObject","inLanguage":"ru-RU","@id":"https:\/\/bangbang.md\/#\/schema\/person\/image\/","url":"https:\/\/secure.gravatar.com\/avatar\/32e5c828104c5622477e102dd725f6ee5465487848dd8b29ccf1f4d1fdd4b79f?s=96&d=mm&r=g","contentUrl":"https:\/\/secure.gravatar.com\/avatar\/32e5c828104c5622477e102dd725f6ee5465487848dd8b29ccf1f4d1fdd4b79f?s=96&d=mm&r=g","caption":"Mihaela Plotnicu"},"url":"https:\/\/bangbang.md\/ru\/author\/mihaela-plotnicu\/"}]}},"_links":{"self":[{"href":"https:\/\/bangbang.md\/ru\/wp-json\/wp\/v2\/posts\/6858","targetHints":{"allow":["GET"]}}],"collection":[{"href":"https:\/\/bangbang.md\/ru\/wp-json\/wp\/v2\/posts"}],"about":[{"href":"https:\/\/bangbang.md\/ru\/wp-json\/wp\/v2\/types\/post"}],"author":[{"embeddable":true,"href":"https:\/\/bangbang.md\/ru\/wp-json\/wp\/v2\/users\/8"}],"replies":[{"embeddable":true,"href":"https:\/\/bangbang.md\/ru\/wp-json\/wp\/v2\/comments?post=6858"}],"version-history":[{"count":1,"href":"https:\/\/bangbang.md\/ru\/wp-json\/wp\/v2\/posts\/6858\/revisions"}],"predecessor-version":[{"id":6860,"href":"https:\/\/bangbang.md\/ru\/wp-json\/wp\/v2\/posts\/6858\/revisions\/6860"}],"wp:featuredmedia":[{"embeddable":true,"href":"https:\/\/bangbang.md\/ru\/wp-json\/wp\/v2\/media\/6859"}],"wp:attachment":[{"href":"https:\/\/bangbang.md\/ru\/wp-json\/wp\/v2\/media?parent=6858"}],"wp:term":[{"taxonomy":"category","embeddable":true,"href":"https:\/\/bangbang.md\/ru\/wp-json\/wp\/v2\/categories?post=6858"},{"taxonomy":"post_tag","embeddable":true,"href":"https:\/\/bangbang.md\/ru\/wp-json\/wp\/v2\/tags?post=6858"}],"curies":[{"name":"wp","href":"https:\/\/api.w.org\/{rel}","templated":true}]}}