{"id":6805,"date":"2024-06-21T09:41:47","date_gmt":"2024-06-21T09:41:47","guid":{"rendered":"https:\/\/bangbang.md\/?p=6805"},"modified":"2024-06-21T09:43:15","modified_gmt":"2024-06-21T09:43:15","slug":"justitie-pentru-marin-pavlescu-amenintarile-homofobe-sanctionate-in-moldova","status":"publish","type":"post","link":"https:\/\/bangbang.md\/ru\/2024\/06\/21\/justitie-pentru-marin-pavlescu-amenintarile-homofobe-sanctionate-in-moldova\/","title":{"rendered":"Justi\u021bie pentru Marin Pavlescu: Amenin\u021b\u0103rile homofobe sanc\u021bionate \u00een Moldova"},"content":{"rendered":"<p><strong>Centrul GDM: Dreptate \u00een judecat\u0103 pentru Marin Pavlescu, t\u00e2n\u0103rul h\u0103r\u021buit \u00een armat\u0103 din cauza orient\u0103rii sale sexuale<\/strong><\/p>\n\n\n\n<p>Marin Pavlescu, cunoscut pentru experien\u021ba sa de h\u0103r\u021buire \u00een armat\u0103 din cauza orient\u0103rii sale sexuale, a ob\u021binut justi\u021bie \u00eentr-un caz care a atras aten\u021bia publicului. Dup\u0103 mediatizarea pove\u0219tii sale, Pavlescu a fost amenin\u021bat cu moartea de c\u0103tre un moldovean rezident \u00een Italia, care l-a sunat \u00een repetate r\u00e2nduri la insultat \u0219i amenin\u021bat pe aplica\u021bia messenger.<\/p>\n\n\n\n<h3 class=\"wp-block-heading\" id=\"h-cazul\">Cazul<\/h3>\n\n\n\n<p>Pe 19 iunie 2022, Pavlescu a fost sunat insistent de Marin Melnic, care l-a amenin\u021bat c\u0103 \u201e\u00eei va t\u0103ia picioarele\u201d \u0219i c\u0103 \u201e\u00eel va ucide pentru c\u0103 este pederast\u201d. Pavlescu a \u00eenregistrat convorbirea \u0219i a depus o pl\u00e2ngere la poli\u021bie. Autorit\u0103\u021bile au deschis o cauz\u0103 penal\u0103 pentru \u201eAmenin\u021bare cu omor \u0219i v\u0103t\u0103mare grav\u0103 din motive de prejudecat\u0103\u201d. Agresorul a fost dat \u00een c\u0103utare interna\u021bional\u0103, fiind localizat \u00een Italia \u0219i re\u021binut \u00een august 2023, la intrarea \u00een \u021bar\u0103.<\/p>\n\n\n\n<h3 class=\"wp-block-heading\" id=\"h-sentin\u021ba\">Sentin\u021ba<\/h3>\n\n\n\n<p>\u00cen iunie 2024, Judec\u0103toria Chi\u0219in\u0103u, sediul Buiucani, l-a declarat vinovat pe Melnic de amenin\u021barea cu omor \u0219i v\u0103t\u0103mare grav\u0103 din motive de prejudecat\u0103. Melnic a fost condamnat la plata unei amenzi de 27.500 de lei (echivalentul a 550 de unit\u0103\u021bi conven\u021bionale). \u00cen plus, el a fost obligat s\u0103 achite 10.000 de lei pentru prejudicii morale \u0219i 21.500 de lei pentru cheltuielile de judecat\u0103 ale lui Pavlescu.<\/p>\n\n\n\n<p>\u00cen cazul nepl\u0103\u021bii amenzii, instan\u021ba poate \u00eenlocui sentin\u021ba cu pedeapsa cu \u00eenchisoarea, c\u00e2te o lun\u0103 de deten\u021bie pentru fiecare 100 de unit\u0103\u021bi conven\u021bionale neachitate. De asemenea, Melnic nu poate p\u0103r\u0103si \u021bara p\u00e2n\u0103 la \u00eendeplinirea sentin\u021bei.<\/p>\n\n\n\n<figure class=\"wp-block-embed alignleft is-type-wp-embed is-provider-bang-bang wp-block-embed-bang-bang\"><div class=\"wp-block-embed__wrapper\">\n<blockquote class=\"wp-embedded-content\" data-secret=\"s4OgZDcTFm\"><a href=\"https:\/\/bangbang.md\/ru\/2022\/12\/15\/votat-orientarea-sexuala-si-identitatea-de-gen-au-devenit-criterii-protejate-in-r-moldova\/\">Votat: Orientarea sexual\u0103 \u0219i identitatea de gen au devenit criterii protejate \u00een R. Moldova<\/a><\/blockquote><iframe loading=\"lazy\" class=\"wp-embedded-content\" sandbox=\"allow-scripts\" security=\"restricted\" style=\"position: absolute; clip: rect(1px, 1px, 1px, 1px);\" title=\"&#8222;Votat: Orientarea sexual\u0103 \u0219i identitatea de gen au devenit criterii protejate \u00een R. Moldova&#8221; &#8212; BANG-BANG\" src=\"https:\/\/bangbang.md\/2022\/12\/15\/votat-orientarea-sexuala-si-identitatea-de-gen-au-devenit-criterii-protejate-in-r-moldova\/embed\/#?secret=1jt9e6wPqL#?secret=s4OgZDcTFm\" data-secret=\"s4OgZDcTFm\" width=\"500\" height=\"282\" frameborder=\"0\" marginwidth=\"0\" marginheight=\"0\" scrolling=\"no\"><\/iframe>\n<\/div><\/figure>\n\n\n\n<p>Marin Pavlescu a exprimat recuno\u0219tin\u021b\u0103 avocatei sale \u0219i Centrului de Informa\u021bii \u201eGENDERDOC-M\u201d pentru sprijinul acordat. \u201eAm c\u00e2\u0219tigat o lupt\u0103 important\u0103 pentru drepturile mele. Sper c\u0103 aceast\u0103 sentin\u021b\u0103 s\u0103 fie un exemplu pentru to\u021bi cei care \u00ee\u0219i exprim\u0103 ura \u0219i amenin\u021b\u0103 persoanele din comunitatea LGBTQ+\u201d, a declarat Pavlescu. El a promis s\u0103 continue lupta \u00eempotriva violen\u021bei, discrimin\u0103rii \u0219i abuzului, ad\u0103ug\u00e2nd c\u0103 \u201enumai prin eforturi sus\u021binute putem ob\u021bine rezultate bune \u0219i educa societatea c\u0103 orice \u00eenc\u0103lcare va fi pedepsit\u0103\u201d.<\/p>\n\n\n\n<p>Angelica Frolov, administratoarea Centrului GDM, a subliniat importan\u021ba acestui caz, fiind primul c\u00e2\u0219tig \u00een baza noilor modific\u0103ri ale Codului Penal privind crimele \u0219i discursurile motivate de prejudecat\u0103. \u201eSper c\u0103 cet\u0103\u021benii Moldovei vor \u00een\u021belege c\u0103 amenin\u021b\u0103rile, chiar \u0219i online, \u00eempotriva persoanelor LGBT sau din orice alt grup defavorizat, vor fi sanc\u021bionate sever\u201d, a declarat Frolov.<\/p>\n\n\n\n<hr class=\"wp-block-separator has-alpha-channel-opacity\"\/>\n\n\n\n<p><em>Informa\u021biile au fost furnizate de Centrul GDM<\/em><\/p>","protected":false},"excerpt":{"rendered":"<p>Centrul GDM: Dreptate \u00een judecat\u0103 pentru Marin Pavlescu, t\u00e2n\u0103rul h\u0103r\u021buit \u00een armat\u0103 din cauza orient\u0103rii sale sexuale Marin Pavlescu, cunoscut&#8230;<\/p>","protected":false},"author":4,"featured_media":4062,"comment_status":"closed","ping_status":"closed","sticky":false,"template":"","format":"standard","meta":{"footnotes":""},"categories":[183,177],"tags":[374,197,292,199],"class_list":["post-6805","post","type-post","status-publish","format-standard","has-post-thumbnail","hentry","category-moldova","category-noutati","tag-centrul-gdm","tag-lgbtq","tag-orientare-sexuala","tag-queer-moldova"],"yoast_head":"<!-- This site is optimized with the Yoast SEO Premium plugin v18.9 (Yoast SEO v20.13) - https:\/\/yoast.com\/wordpress\/plugins\/seo\/ -->\n<title>Justi\u021bie pentru Marin Pavlescu: Amenin\u021b\u0103rile homofobe sanc\u021bionate \u00een Moldova - BANG-BANG<\/title>\n<meta name=\"description\" content=\"Dreptate \u00een judecat\u0103 pentru Marin Pavlescu, t\u00e2n\u0103rul h\u0103r\u021buit \u00een armat\u0103 din cauza orient\u0103rii sale sexuale\" \/>\n<meta name=\"robots\" content=\"index, follow, max-snippet:-1, max-image-preview:large, max-video-preview:-1\" \/>\n<link rel=\"canonical\" href=\"https:\/\/bangbang.md\/ru\/2024\/06\/21\/justitie-pentru-marin-pavlescu-amenintarile-homofobe-sanctionate-in-moldova\/\" \/>\n<meta property=\"og:locale\" content=\"ru_RU\" \/>\n<meta property=\"og:type\" content=\"article\" \/>\n<meta property=\"og:title\" content=\"Justi\u021bie pentru Marin Pavlescu: Amenin\u021b\u0103rile homofobe sanc\u021bionate \u00een Moldova\" \/>\n<meta property=\"og:description\" content=\"Dreptate \u00een judecat\u0103 pentru Marin Pavlescu, t\u00e2n\u0103rul h\u0103r\u021buit \u00een armat\u0103 din cauza orient\u0103rii sale sexuale\" \/>\n<meta property=\"og:url\" content=\"https:\/\/bangbang.md\/ru\/2024\/06\/21\/justitie-pentru-marin-pavlescu-amenintarile-homofobe-sanctionate-in-moldova\/\" \/>\n<meta property=\"og:site_name\" content=\"BANG-BANG\" \/>\n<meta property=\"article:publisher\" content=\"https:\/\/www.facebook.com\/bangbangmoldova\" \/>\n<meta property=\"article:published_time\" content=\"2024-06-21T09:41:47+00:00\" \/>\n<meta property=\"article:modified_time\" content=\"2024-06-21T09:43:15+00:00\" \/>\n<meta property=\"og:image\" content=\"https:\/\/bangbang.md\/wp-content\/uploads\/2023\/02\/289249785_173032131859121_2052792353793908302_n.jpg\" \/>\n\t<meta property=\"og:image:width\" content=\"853\" \/>\n\t<meta property=\"og:image:height\" content=\"568\" \/>\n\t<meta property=\"og:image:type\" content=\"image\/jpeg\" \/>\n<meta name=\"author\" content=\"Redactia\" \/>\n<meta name=\"twitter:card\" content=\"summary_large_image\" \/>\n<meta name=\"twitter:label1\" content=\"\u041d\u0430\u043f\u0438\u0441\u0430\u043d\u043e \u0430\u0432\u0442\u043e\u0440\u043e\u043c\" \/>\n\t<meta name=\"twitter:data1\" content=\"Redactia\" \/>\n\t<meta name=\"twitter:label2\" content=\"\u041f\u0440\u0438\u043c\u0435\u0440\u043d\u043e\u0435 \u0432\u0440\u0435\u043c\u044f \u0434\u043b\u044f \u0447\u0442\u0435\u043d\u0438\u044f\" \/>\n\t<meta name=\"twitter:data2\" content=\"3 \u043c\u0438\u043d\u0443\u0442\u044b\" \/>\n<script type=\"application\/ld+json\" class=\"yoast-schema-graph\">{\"@context\":\"https:\/\/schema.org\",\"@graph\":[{\"@type\":\"Article\",\"@id\":\"https:\/\/bangbang.md\/2024\/06\/21\/justitie-pentru-marin-pavlescu-amenintarile-homofobe-sanctionate-in-moldova\/#article\",\"isPartOf\":{\"@id\":\"https:\/\/bangbang.md\/2024\/06\/21\/justitie-pentru-marin-pavlescu-amenintarile-homofobe-sanctionate-in-moldova\/\"},\"author\":{\"name\":\"Redactia\",\"@id\":\"https:\/\/bangbang.md\/#\/schema\/person\/3c4bdd852f2d2f8db3bde1e81e9676a2\"},\"headline\":\"Justi\u021bie pentru Marin Pavlescu: Amenin\u021b\u0103rile homofobe sanc\u021bionate \u00een Moldova\",\"datePublished\":\"2024-06-21T09:41:47+00:00\",\"dateModified\":\"2024-06-21T09:43:15+00:00\",\"mainEntityOfPage\":{\"@id\":\"https:\/\/bangbang.md\/2024\/06\/21\/justitie-pentru-marin-pavlescu-amenintarile-homofobe-sanctionate-in-moldova\/\"},\"wordCount\":465,\"publisher\":{\"@id\":\"https:\/\/bangbang.md\/#organization\"},\"keywords\":[\"Centrul GDM\",\"LGBTQ+\",\"Orientare sexual\u0103\",\"Queer Moldova\"],\"articleSection\":[\"Moldova\",\"Nout\u0103\u021bi\"],\"inLanguage\":\"ru-RU\"},{\"@type\":\"WebPage\",\"@id\":\"https:\/\/bangbang.md\/2024\/06\/21\/justitie-pentru-marin-pavlescu-amenintarile-homofobe-sanctionate-in-moldova\/\",\"url\":\"https:\/\/bangbang.md\/2024\/06\/21\/justitie-pentru-marin-pavlescu-amenintarile-homofobe-sanctionate-in-moldova\/\",\"name\":\"Justi\u021bie pentru Marin Pavlescu: Amenin\u021b\u0103rile homofobe sanc\u021bionate \u00een Moldova - BANG-BANG\",\"isPartOf\":{\"@id\":\"https:\/\/bangbang.md\/#website\"},\"datePublished\":\"2024-06-21T09:41:47+00:00\",\"dateModified\":\"2024-06-21T09:43:15+00:00\",\"description\":\"Dreptate \u00een judecat\u0103 pentru Marin Pavlescu, t\u00e2n\u0103rul h\u0103r\u021buit \u00een armat\u0103 din cauza orient\u0103rii sale sexuale\",\"breadcrumb\":{\"@id\":\"https:\/\/bangbang.md\/2024\/06\/21\/justitie-pentru-marin-pavlescu-amenintarile-homofobe-sanctionate-in-moldova\/#breadcrumb\"},\"inLanguage\":\"ru-RU\",\"potentialAction\":[{\"@type\":\"ReadAction\",\"target\":[\"https:\/\/bangbang.md\/2024\/06\/21\/justitie-pentru-marin-pavlescu-amenintarile-homofobe-sanctionate-in-moldova\/\"]}]},{\"@type\":\"BreadcrumbList\",\"@id\":\"https:\/\/bangbang.md\/2024\/06\/21\/justitie-pentru-marin-pavlescu-amenintarile-homofobe-sanctionate-in-moldova\/#breadcrumb\",\"itemListElement\":[{\"@type\":\"ListItem\",\"position\":1,\"name\":\"Prima pagin\u0103\",\"item\":\"https:\/\/bangbang.md\/\"},{\"@type\":\"ListItem\",\"position\":2,\"name\":\"Justi\u021bie pentru Marin Pavlescu: Amenin\u021b\u0103rile homofobe sanc\u021bionate \u00een Moldova\"}]},{\"@type\":\"WebSite\",\"@id\":\"https:\/\/bangbang.md\/#website\",\"url\":\"https:\/\/bangbang.md\/\",\"name\":\"BANG-BANG\",\"description\":\"Portal web dedicat comunit\u0103\u021bii LGBTQ d RM\",\"publisher\":{\"@id\":\"https:\/\/bangbang.md\/#organization\"},\"potentialAction\":[{\"@type\":\"SearchAction\",\"target\":{\"@type\":\"EntryPoint\",\"urlTemplate\":\"https:\/\/bangbang.md\/?s={search_term_string}\"},\"query-input\":\"required name=search_term_string\"}],\"inLanguage\":\"ru-RU\"},{\"@type\":\"Organization\",\"@id\":\"https:\/\/bangbang.md\/#organization\",\"name\":\"Bang bang\",\"url\":\"https:\/\/bangbang.md\/\",\"logo\":{\"@type\":\"ImageObject\",\"inLanguage\":\"ru-RU\",\"@id\":\"https:\/\/bangbang.md\/#\/schema\/logo\/image\/\",\"url\":\"https:\/\/bangbang.md\/wp-content\/uploads\/2022\/07\/cropped-Group.jpg\",\"contentUrl\":\"https:\/\/bangbang.md\/wp-content\/uploads\/2022\/07\/cropped-Group.jpg\",\"width\":512,\"height\":512,\"caption\":\"Bang bang\"},\"image\":{\"@id\":\"https:\/\/bangbang.md\/#\/schema\/logo\/image\/\"},\"sameAs\":[\"https:\/\/www.facebook.com\/bangbangmoldova\"]},{\"@type\":\"Person\",\"@id\":\"https:\/\/bangbang.md\/#\/schema\/person\/3c4bdd852f2d2f8db3bde1e81e9676a2\",\"name\":\"Redactia\",\"image\":{\"@type\":\"ImageObject\",\"inLanguage\":\"ru-RU\",\"@id\":\"https:\/\/bangbang.md\/#\/schema\/person\/image\/\",\"url\":\"https:\/\/secure.gravatar.com\/avatar\/31b9e560d1e50693e5c3bec169fad34f40ffc3d32174e8953ddc1d30a6216ced?s=96&d=mm&r=g\",\"contentUrl\":\"https:\/\/secure.gravatar.com\/avatar\/31b9e560d1e50693e5c3bec169fad34f40ffc3d32174e8953ddc1d30a6216ced?s=96&d=mm&r=g\",\"caption\":\"Redactia\"},\"url\":\"https:\/\/bangbang.md\/ru\/author\/redactia\/\"}]}<\/script>\n<!-- \/ Yoast SEO Premium plugin. -->","yoast_head_json":{"title":"Justi\u021bie pentru Marin Pavlescu: Amenin\u021b\u0103rile homofobe sanc\u021bionate \u00een Moldova - BANG-BANG","description":"Dreptate \u00een judecat\u0103 pentru Marin Pavlescu, t\u00e2n\u0103rul h\u0103r\u021buit \u00een armat\u0103 din cauza orient\u0103rii sale sexuale","robots":{"index":"index","follow":"follow","max-snippet":"max-snippet:-1","max-image-preview":"max-image-preview:large","max-video-preview":"max-video-preview:-1"},"canonical":"https:\/\/bangbang.md\/ru\/2024\/06\/21\/justitie-pentru-marin-pavlescu-amenintarile-homofobe-sanctionate-in-moldova\/","og_locale":"ru_RU","og_type":"article","og_title":"Justi\u021bie pentru Marin Pavlescu: Amenin\u021b\u0103rile homofobe sanc\u021bionate \u00een Moldova","og_description":"Dreptate \u00een judecat\u0103 pentru Marin Pavlescu, t\u00e2n\u0103rul h\u0103r\u021buit \u00een armat\u0103 din cauza orient\u0103rii sale sexuale","og_url":"https:\/\/bangbang.md\/ru\/2024\/06\/21\/justitie-pentru-marin-pavlescu-amenintarile-homofobe-sanctionate-in-moldova\/","og_site_name":"BANG-BANG","article_publisher":"https:\/\/www.facebook.com\/bangbangmoldova","article_published_time":"2024-06-21T09:41:47+00:00","article_modified_time":"2024-06-21T09:43:15+00:00","og_image":[{"width":853,"height":568,"url":"https:\/\/bangbang.md\/wp-content\/uploads\/2023\/02\/289249785_173032131859121_2052792353793908302_n.jpg","type":"image\/jpeg"}],"author":"Redactia","twitter_card":"summary_large_image","twitter_misc":{"\u041d\u0430\u043f\u0438\u0441\u0430\u043d\u043e \u0430\u0432\u0442\u043e\u0440\u043e\u043c":"Redactia","\u041f\u0440\u0438\u043c\u0435\u0440\u043d\u043e\u0435 \u0432\u0440\u0435\u043c\u044f \u0434\u043b\u044f \u0447\u0442\u0435\u043d\u0438\u044f":"3 \u043c\u0438\u043d\u0443\u0442\u044b"},"schema":{"@context":"https:\/\/schema.org","@graph":[{"@type":"Article","@id":"https:\/\/bangbang.md\/2024\/06\/21\/justitie-pentru-marin-pavlescu-amenintarile-homofobe-sanctionate-in-moldova\/#article","isPartOf":{"@id":"https:\/\/bangbang.md\/2024\/06\/21\/justitie-pentru-marin-pavlescu-amenintarile-homofobe-sanctionate-in-moldova\/"},"author":{"name":"Redactia","@id":"https:\/\/bangbang.md\/#\/schema\/person\/3c4bdd852f2d2f8db3bde1e81e9676a2"},"headline":"Justi\u021bie pentru Marin Pavlescu: Amenin\u021b\u0103rile homofobe sanc\u021bionate \u00een Moldova","datePublished":"2024-06-21T09:41:47+00:00","dateModified":"2024-06-21T09:43:15+00:00","mainEntityOfPage":{"@id":"https:\/\/bangbang.md\/2024\/06\/21\/justitie-pentru-marin-pavlescu-amenintarile-homofobe-sanctionate-in-moldova\/"},"wordCount":465,"publisher":{"@id":"https:\/\/bangbang.md\/#organization"},"keywords":["Centrul GDM","LGBTQ+","Orientare sexual\u0103","Queer Moldova"],"articleSection":["Moldova","Nout\u0103\u021bi"],"inLanguage":"ru-RU"},{"@type":"WebPage","@id":"https:\/\/bangbang.md\/2024\/06\/21\/justitie-pentru-marin-pavlescu-amenintarile-homofobe-sanctionate-in-moldova\/","url":"https:\/\/bangbang.md\/2024\/06\/21\/justitie-pentru-marin-pavlescu-amenintarile-homofobe-sanctionate-in-moldova\/","name":"Justi\u021bie pentru Marin Pavlescu: Amenin\u021b\u0103rile homofobe sanc\u021bionate \u00een Moldova - BANG-BANG","isPartOf":{"@id":"https:\/\/bangbang.md\/#website"},"datePublished":"2024-06-21T09:41:47+00:00","dateModified":"2024-06-21T09:43:15+00:00","description":"Dreptate \u00een judecat\u0103 pentru Marin Pavlescu, t\u00e2n\u0103rul h\u0103r\u021buit \u00een armat\u0103 din cauza orient\u0103rii sale sexuale","breadcrumb":{"@id":"https:\/\/bangbang.md\/2024\/06\/21\/justitie-pentru-marin-pavlescu-amenintarile-homofobe-sanctionate-in-moldova\/#breadcrumb"},"inLanguage":"ru-RU","potentialAction":[{"@type":"ReadAction","target":["https:\/\/bangbang.md\/2024\/06\/21\/justitie-pentru-marin-pavlescu-amenintarile-homofobe-sanctionate-in-moldova\/"]}]},{"@type":"BreadcrumbList","@id":"https:\/\/bangbang.md\/2024\/06\/21\/justitie-pentru-marin-pavlescu-amenintarile-homofobe-sanctionate-in-moldova\/#breadcrumb","itemListElement":[{"@type":"ListItem","position":1,"name":"Prima pagin\u0103","item":"https:\/\/bangbang.md\/"},{"@type":"ListItem","position":2,"name":"Justi\u021bie pentru Marin Pavlescu: Amenin\u021b\u0103rile homofobe sanc\u021bionate \u00een Moldova"}]},{"@type":"WebSite","@id":"https:\/\/bangbang.md\/#website","url":"https:\/\/bangbang.md\/","name":"BANG-BANG","description":"Portal web dedicat comunit\u0103\u021bii LGBTQ d RM","publisher":{"@id":"https:\/\/bangbang.md\/#organization"},"potentialAction":[{"@type":"SearchAction","target":{"@type":"EntryPoint","urlTemplate":"https:\/\/bangbang.md\/?s={search_term_string}"},"query-input":"required name=search_term_string"}],"inLanguage":"ru-RU"},{"@type":"Organization","@id":"https:\/\/bangbang.md\/#organization","name":"Bang bang","url":"https:\/\/bangbang.md\/","logo":{"@type":"ImageObject","inLanguage":"ru-RU","@id":"https:\/\/bangbang.md\/#\/schema\/logo\/image\/","url":"https:\/\/bangbang.md\/wp-content\/uploads\/2022\/07\/cropped-Group.jpg","contentUrl":"https:\/\/bangbang.md\/wp-content\/uploads\/2022\/07\/cropped-Group.jpg","width":512,"height":512,"caption":"Bang bang"},"image":{"@id":"https:\/\/bangbang.md\/#\/schema\/logo\/image\/"},"sameAs":["https:\/\/www.facebook.com\/bangbangmoldova"]},{"@type":"Person","@id":"https:\/\/bangbang.md\/#\/schema\/person\/3c4bdd852f2d2f8db3bde1e81e9676a2","name":"Redactia","image":{"@type":"ImageObject","inLanguage":"ru-RU","@id":"https:\/\/bangbang.md\/#\/schema\/person\/image\/","url":"https:\/\/secure.gravatar.com\/avatar\/31b9e560d1e50693e5c3bec169fad34f40ffc3d32174e8953ddc1d30a6216ced?s=96&d=mm&r=g","contentUrl":"https:\/\/secure.gravatar.com\/avatar\/31b9e560d1e50693e5c3bec169fad34f40ffc3d32174e8953ddc1d30a6216ced?s=96&d=mm&r=g","caption":"Redactia"},"url":"https:\/\/bangbang.md\/ru\/author\/redactia\/"}]}},"_links":{"self":[{"href":"https:\/\/bangbang.md\/ru\/wp-json\/wp\/v2\/posts\/6805","targetHints":{"allow":["GET"]}}],"collection":[{"href":"https:\/\/bangbang.md\/ru\/wp-json\/wp\/v2\/posts"}],"about":[{"href":"https:\/\/bangbang.md\/ru\/wp-json\/wp\/v2\/types\/post"}],"author":[{"embeddable":true,"href":"https:\/\/bangbang.md\/ru\/wp-json\/wp\/v2\/users\/4"}],"replies":[{"embeddable":true,"href":"https:\/\/bangbang.md\/ru\/wp-json\/wp\/v2\/comments?post=6805"}],"version-history":[{"count":1,"href":"https:\/\/bangbang.md\/ru\/wp-json\/wp\/v2\/posts\/6805\/revisions"}],"predecessor-version":[{"id":6806,"href":"https:\/\/bangbang.md\/ru\/wp-json\/wp\/v2\/posts\/6805\/revisions\/6806"}],"wp:featuredmedia":[{"embeddable":true,"href":"https:\/\/bangbang.md\/ru\/wp-json\/wp\/v2\/media\/4062"}],"wp:attachment":[{"href":"https:\/\/bangbang.md\/ru\/wp-json\/wp\/v2\/media?parent=6805"}],"wp:term":[{"taxonomy":"category","embeddable":true,"href":"https:\/\/bangbang.md\/ru\/wp-json\/wp\/v2\/categories?post=6805"},{"taxonomy":"post_tag","embeddable":true,"href":"https:\/\/bangbang.md\/ru\/wp-json\/wp\/v2\/tags?post=6805"}],"curies":[{"name":"wp","href":"https:\/\/api.w.org\/{rel}","templated":true}]}}