{"id":6780,"date":"2024-06-17T11:42:04","date_gmt":"2024-06-17T11:42:04","guid":{"rendered":"https:\/\/bangbang.md\/?p=6780"},"modified":"2024-06-17T14:45:07","modified_gmt":"2024-06-17T14:45:07","slug":"editorial-de-unde-atata-ura-in-acesti-oameni","status":"publish","type":"post","link":"https:\/\/bangbang.md\/ru\/2024\/06\/17\/editorial-de-unde-atata-ura-in-acesti-oameni\/","title":{"rendered":"Editorial\/\/ De unde at\u00e2ta ur\u0103 \u00een ace\u0219ti oameni?"},"content":{"rendered":"<h3 class=\"wp-block-heading\" id=\"h-ieri-am-trait-cel-mai-frumos-moment-din-via\u021ba-mea-queer-mar\u0219ul-pride-2024-a-fost-cel-mai-mare-din-toate-timpurile-\u0219i-o-adevarata-sarbatoare-a-comunita\u021bii-m-am-bucurat-enorm-sa-vad-atat-de-multe-zambete-iubire-\u0219i-multa-multa-mandrie\">Ieri am tr\u0103it cel mai frumos moment din via\u021ba mea queer. Mar\u0219ul Pride 2024 a fost cel mai mare din toate timpurile \u0219i o adev\u0103rat\u0103 s\u0103rb\u0103toare a comunit\u0103\u021bii. M-am bucurat enorm s\u0103 v\u0103d at\u00e2t de multe z\u00e2mbete, iubire \u0219i mult\u0103, mult\u0103 m\u00e2ndrie.<\/h3>\n\n\n\n<h3 class=\"wp-block-heading\" id=\"h-in-societatea-noastra-care-inca-lupta-cu-atitudini-homofobe-aceste-momente-de-mandrie-sunt-rare-iar-ceea-ce-am-reu\u0219it-ieri-in-pofida-contra-manifestarilor-pline-de-ura-este-un-moment-istoric-de-care-trebuie-sa-ne-bucuram\">\u00cen societatea noastr\u0103, care \u00eenc\u0103 lupt\u0103 cu atitudini homofobe, aceste momente de m\u00e2ndrie sunt rare. Iar ceea ce am reu\u0219it ieri, \u00een pofida contra manifest\u0103rilor pline de ur\u0103, este un moment istoric de care trebuie s\u0103 ne bucur\u0103m.<\/h3>\n\n\n\n<h2 class=\"wp-block-heading\" id=\"h-intalnirea-cu-contraprotestatarii\"><strong>\u00cent\u00e2lnirea cu contraprotestatarii<\/strong><\/h2>\n\n\n\n<p>\u00cen diminea\u021ba Pride-ului eram plin de energie, sim\u021beam c\u0103 nu mai am r\u0103bdare p\u00e2n\u0103 la ora 12:00, atunci c\u00e2nd era planificat\u0103 \u00eenceperea mar\u0219ului. Am ie\u0219it din cas\u0103 \u00een outfit-ul meu pentru mar\u0219 \u0219i, cu mult entuziasm, m-am \u00eendreptat spre sta\u021bia de troleibuz. Trebuie s\u0103 recunosc c\u0103 mi s-a t\u0103iat un pic din entuziasm atunci c\u00e2nd, \u00een troleibuzul 22, am fost \u00eent\u00e2mpinat de privirile dispre\u021buitoare a trei femei care mergeau \u0219i ele la mar\u0219, dar la un alt fel de mar\u0219, la mar\u0219ul \u201dfamiliei tradi\u021bionale\u201d.<\/p>\n\n\n\n<p>Tot drumul de la sta\u021bia Flac\u0103ra p\u00e2n\u0103 la sta\u021bia \u0218tefan cel Mare, femeile acelea nu \u0219i-au mai luat privirea de la mine. Dup\u0103 un timp, am \u00eenceput s\u0103 z\u00e2mbesc \u0219i s\u0103 m\u0103 uit insistent la ele. Una \u0219i-a f\u0103cut cruce. Ajuns \u00een centru, vedeam cum familii cu copii mici, femei cu batiste \u0219i cu mult\u0103 \u201devlavie\u201d \u00een suflet se \u00eendreptau spre locul protestului.<\/p>\n\n\n\n<p>Am ridicat capul sus, am schi\u021bat un z\u00e2mbet confident pe buze \u0219i mi-am continuat drumul prin cei c\u00e2\u021biva zeci de enoria\u0219ii. Era ziua noastr\u0103 \u0219i nimic nu putea s\u0103 o eclipseze. Totu\u0219i un g\u00e2nd nu m\u0103 l\u0103sa \u00een pace.<strong> De unde at\u00e2ta ur\u0103 \u00een ace\u0219ti oameni?<\/strong><\/p>\n\n\n\n<h2 class=\"wp-block-heading\" id=\"h-ura-vs-iubire\"><strong>Ura vs Iubire<\/strong><\/h2>\n\n\n\n<p>De\u0219i \u00een acest an politicienii moldoveni pl\u0103ti\u021bi de Rusia nu s-au lansat \u00een comentarii homofobe ca \u00een anii preceden\u021bi, era de a\u0219teptat c\u0103 vor organiza un contraprotest religios prin care vor \u00eencerca s\u0103 ne \u201edemonizeze\u201d \u0219i s\u0103 ne condamne de toate relele care se \u00eent\u00e2mpl\u0103 \u00een Moldova.\u00a0<\/p>\n\n\n\n<p>Ura este o emo\u021bie uman\u0103 intens\u0103 \u0219i este o form\u0103 de furie generalizat\u0103, av\u00e2nd drept scop devalorizarea altora. M\u0103 \u00eentrebam cum po\u021bi s\u0103 ur\u0103\u0219ti pe cineva pe care nici nu \u00eel cuno\u0219ti? Nu ne \u00eenva\u021b\u0103 Iisus s\u0103 ne iubim aproapele ca pe noi \u00een\u0219ine? De unde aceast\u0103 dorin\u021b\u0103 de a face r\u0103u?<\/p>\n\n\n\n<p>Ajuns la loca\u021bia mar\u0219ului M\u00e2ndriei, dintr-o dat\u0103, fe\u021bele pline de ur\u0103 ale celor care ne numesc p\u0103c\u0103to\u0219i \u0219i degradan\u021bi au fost \u00eenlocuite de z\u00e2mbete \u0219i iubire. Ce contrast! Dac\u0103, \u00een \u00eencercarea lor de a-\u0219i \u201eap\u0103ra\u201d valorile tradi\u021bionale, folosesc ura, frica \u0219i dispre\u021bul, \u00eencotro ne \u00eendrept\u0103m? Cum ar ar\u0103ta o lume condus\u0103 de acele valori?\u00a0<\/p>\n\n\n\n<p>Cu fiecare persoan\u0103 pe care o vedeam venind la mar\u0219ul Pride, inima mea se umplea de iubire \u0219i am \u00eenceput s\u0103-mi recap\u0103t \u00eencrederea. Am reu\u0219it s\u0103 fim aproape o mie de persoane \u0219i, \u00een pofida \u00eencerc\u0103rilor \u201ecredincio\u0219ilor\u201d de a trece prin cordonul de poli\u021bie, noi am reu\u0219it s\u0103 ajungem la final.<\/p>\n\n\n\n<p>Am aflat mai t\u00e2rziu c\u0103 unii colegi jurnali\u0219ti au fost stropi\u021bi cu ap\u0103 sfin\u021bit\u0103 sau brusca\u021bi verbal. M-am uitat \u0219i la pozele de la contra-protest \u0219i tot ceea ce am v\u0103zut au fost ochi plini de furie \u0219i dispre\u021b. Dac\u0103 ochii sunt oglinda sufletului, cum arat\u0103 oare sufletul lor?<\/p>\n\n\n\n<p>Ura este un simptom al unei inimi pustii \u0219i incapabile s\u0103 iubeasc\u0103. \u00cen contrast, opusul urii este smerenia, o valoare central\u0103 a \u00eenv\u0103\u021b\u0103turilor cre\u0219tine. Smerenia \u00eenseamn\u0103 s\u0103-\u021bi recuno\u0219ti propriile imperfec\u021biuni \u0219i s\u0103-i tratezi pe ceilal\u021bi cu respect \u0219i compasiune.<\/p>\n\n\n\n<p>Totu\u0219i ceea ce am v\u0103zut ieri arat\u0103 cu totul \u0219i cu totul altceva. Cum pot ei s\u0103 justifice comportamentul lor plin de ur\u0103 \u0219i violen\u021b\u0103 \u00een numele credin\u021bei? Religia nu este o scuz\u0103 pentru intoleran\u021b\u0103, ignoran\u021ba &#8211; da!<\/p>","protected":false},"excerpt":{"rendered":"<p>Ieri am tr\u0103it cel mai frumos moment din via\u021ba mea queer. Mar\u0219ul Pride 2024 a fost cel mai mare din&#8230;<\/p>","protected":false},"author":3,"featured_media":6772,"comment_status":"closed","ping_status":"closed","sticky":false,"template":"","format":"standard","meta":{"footnotes":""},"categories":[182,645],"tags":[852,374,197,292,207,199],"class_list":["post-6780","post","type-post","status-publish","format-standard","has-post-thumbnail","hentry","category-asa-nu","category-pride","tag-biserica-orotodoxa","tag-centrul-gdm","tag-lgbtq","tag-orientare-sexuala","tag-queer","tag-queer-moldova"],"yoast_head":"<!-- This site is optimized with the Yoast SEO Premium plugin v18.9 (Yoast SEO v20.13) - https:\/\/yoast.com\/wordpress\/plugins\/seo\/ -->\n<title>Editorial\/\/ De unde at\u00e2ta ur\u0103 \u00een ace\u0219ti oameni? - BANG-BANG<\/title>\n<meta name=\"description\" content=\"Ura este un simptom al unei inimi pustii \u0219i incapabile s\u0103 iubeasc\u0103. \u00cen contrast, opusul urii este smerenia, o valoare central\u0103 a \u00eenv\u0103\u021b\u0103turilor cre\u0219tine. Smerenia \u00eenseamn\u0103 s\u0103-\u021bi recuno\u0219ti propriile imperfec\u021biuni \u0219i s\u0103-i tratezi pe ceilal\u021bi cu respect \u0219i compasiune.\" \/>\n<meta name=\"robots\" content=\"index, follow, max-snippet:-1, max-image-preview:large, max-video-preview:-1\" \/>\n<link rel=\"canonical\" href=\"https:\/\/bangbang.md\/ru\/2024\/06\/17\/editorial-de-unde-atata-ura-in-acesti-oameni\/\" \/>\n<meta property=\"og:locale\" content=\"ru_RU\" \/>\n<meta property=\"og:type\" content=\"article\" \/>\n<meta property=\"og:title\" content=\"Editorial\/\/ De unde at\u00e2ta ur\u0103 \u00een ace\u0219ti oameni?\" \/>\n<meta property=\"og:description\" content=\"Ura este un simptom al unei inimi pustii \u0219i incapabile s\u0103 iubeasc\u0103. \u00cen contrast, opusul urii este smerenia, o valoare central\u0103 a \u00eenv\u0103\u021b\u0103turilor cre\u0219tine. Smerenia \u00eenseamn\u0103 s\u0103-\u021bi recuno\u0219ti propriile imperfec\u021biuni \u0219i s\u0103-i tratezi pe ceilal\u021bi cu respect \u0219i compasiune.\" \/>\n<meta property=\"og:url\" content=\"https:\/\/bangbang.md\/ru\/2024\/06\/17\/editorial-de-unde-atata-ura-in-acesti-oameni\/\" \/>\n<meta property=\"og:site_name\" content=\"BANG-BANG\" \/>\n<meta property=\"article:publisher\" content=\"https:\/\/www.facebook.com\/bangbangmoldova\" \/>\n<meta property=\"article:published_time\" content=\"2024-06-17T11:42:04+00:00\" \/>\n<meta property=\"article:modified_time\" content=\"2024-06-17T14:45:07+00:00\" \/>\n<meta property=\"og:image\" content=\"https:\/\/bangbang.md\/wp-content\/uploads\/2024\/06\/IMG_0584-1-scaled.jpg\" \/>\n\t<meta property=\"og:image:width\" content=\"2560\" \/>\n\t<meta property=\"og:image:height\" content=\"1707\" \/>\n\t<meta property=\"og:image:type\" content=\"image\/jpeg\" \/>\n<meta name=\"author\" content=\"Micleusanu Vasile\" \/>\n<meta name=\"twitter:card\" content=\"summary_large_image\" \/>\n<meta name=\"twitter:label1\" content=\"\u041d\u0430\u043f\u0438\u0441\u0430\u043d\u043e \u0430\u0432\u0442\u043e\u0440\u043e\u043c\" \/>\n\t<meta name=\"twitter:data1\" content=\"Micleusanu Vasile\" \/>\n\t<meta name=\"twitter:label2\" content=\"\u041f\u0440\u0438\u043c\u0435\u0440\u043d\u043e\u0435 \u0432\u0440\u0435\u043c\u044f \u0434\u043b\u044f \u0447\u0442\u0435\u043d\u0438\u044f\" \/>\n\t<meta name=\"twitter:data2\" content=\"4 \u043c\u0438\u043d\u0443\u0442\u044b\" \/>\n<script type=\"application\/ld+json\" class=\"yoast-schema-graph\">{\"@context\":\"https:\/\/schema.org\",\"@graph\":[{\"@type\":\"Article\",\"@id\":\"https:\/\/bangbang.md\/2024\/06\/17\/editorial-de-unde-atata-ura-in-acesti-oameni\/#article\",\"isPartOf\":{\"@id\":\"https:\/\/bangbang.md\/2024\/06\/17\/editorial-de-unde-atata-ura-in-acesti-oameni\/\"},\"author\":{\"name\":\"Micleusanu Vasile\",\"@id\":\"https:\/\/bangbang.md\/#\/schema\/person\/5378c72f5ed47ee2964c4075df5f713d\"},\"headline\":\"Editorial\/\/ De unde at\u00e2ta ur\u0103 \u00een ace\u0219ti oameni?\",\"datePublished\":\"2024-06-17T11:42:04+00:00\",\"dateModified\":\"2024-06-17T14:45:07+00:00\",\"mainEntityOfPage\":{\"@id\":\"https:\/\/bangbang.md\/2024\/06\/17\/editorial-de-unde-atata-ura-in-acesti-oameni\/\"},\"wordCount\":715,\"publisher\":{\"@id\":\"https:\/\/bangbang.md\/#organization\"},\"keywords\":[\"BISERICA OROTODOX\u0102\",\"Centrul GDM\",\"LGBTQ+\",\"Orientare sexual\u0103\",\"queer\",\"Queer Moldova\"],\"articleSection\":[\"A\u0219a nu\",\"Pride\"],\"inLanguage\":\"ru-RU\"},{\"@type\":\"WebPage\",\"@id\":\"https:\/\/bangbang.md\/2024\/06\/17\/editorial-de-unde-atata-ura-in-acesti-oameni\/\",\"url\":\"https:\/\/bangbang.md\/2024\/06\/17\/editorial-de-unde-atata-ura-in-acesti-oameni\/\",\"name\":\"Editorial\/\/ De unde at\u00e2ta ur\u0103 \u00een ace\u0219ti oameni? - BANG-BANG\",\"isPartOf\":{\"@id\":\"https:\/\/bangbang.md\/#website\"},\"datePublished\":\"2024-06-17T11:42:04+00:00\",\"dateModified\":\"2024-06-17T14:45:07+00:00\",\"description\":\"Ura este un simptom al unei inimi pustii \u0219i incapabile s\u0103 iubeasc\u0103. \u00cen contrast, opusul urii este smerenia, o valoare central\u0103 a \u00eenv\u0103\u021b\u0103turilor cre\u0219tine. Smerenia \u00eenseamn\u0103 s\u0103-\u021bi recuno\u0219ti propriile imperfec\u021biuni \u0219i s\u0103-i tratezi pe ceilal\u021bi cu respect \u0219i compasiune.\",\"breadcrumb\":{\"@id\":\"https:\/\/bangbang.md\/2024\/06\/17\/editorial-de-unde-atata-ura-in-acesti-oameni\/#breadcrumb\"},\"inLanguage\":\"ru-RU\",\"potentialAction\":[{\"@type\":\"ReadAction\",\"target\":[\"https:\/\/bangbang.md\/2024\/06\/17\/editorial-de-unde-atata-ura-in-acesti-oameni\/\"]}]},{\"@type\":\"BreadcrumbList\",\"@id\":\"https:\/\/bangbang.md\/2024\/06\/17\/editorial-de-unde-atata-ura-in-acesti-oameni\/#breadcrumb\",\"itemListElement\":[{\"@type\":\"ListItem\",\"position\":1,\"name\":\"Prima pagin\u0103\",\"item\":\"https:\/\/bangbang.md\/\"},{\"@type\":\"ListItem\",\"position\":2,\"name\":\"Editorial\/\/ De unde at\u00e2ta ur\u0103 \u00een ace\u0219ti oameni?\"}]},{\"@type\":\"WebSite\",\"@id\":\"https:\/\/bangbang.md\/#website\",\"url\":\"https:\/\/bangbang.md\/\",\"name\":\"BANG-BANG\",\"description\":\"Portal web dedicat comunit\u0103\u021bii LGBTQ d RM\",\"publisher\":{\"@id\":\"https:\/\/bangbang.md\/#organization\"},\"potentialAction\":[{\"@type\":\"SearchAction\",\"target\":{\"@type\":\"EntryPoint\",\"urlTemplate\":\"https:\/\/bangbang.md\/?s={search_term_string}\"},\"query-input\":\"required name=search_term_string\"}],\"inLanguage\":\"ru-RU\"},{\"@type\":\"Organization\",\"@id\":\"https:\/\/bangbang.md\/#organization\",\"name\":\"Bang bang\",\"url\":\"https:\/\/bangbang.md\/\",\"logo\":{\"@type\":\"ImageObject\",\"inLanguage\":\"ru-RU\",\"@id\":\"https:\/\/bangbang.md\/#\/schema\/logo\/image\/\",\"url\":\"https:\/\/bangbang.md\/wp-content\/uploads\/2022\/07\/cropped-Group.jpg\",\"contentUrl\":\"https:\/\/bangbang.md\/wp-content\/uploads\/2022\/07\/cropped-Group.jpg\",\"width\":512,\"height\":512,\"caption\":\"Bang bang\"},\"image\":{\"@id\":\"https:\/\/bangbang.md\/#\/schema\/logo\/image\/\"},\"sameAs\":[\"https:\/\/www.facebook.com\/bangbangmoldova\"]},{\"@type\":\"Person\",\"@id\":\"https:\/\/bangbang.md\/#\/schema\/person\/5378c72f5ed47ee2964c4075df5f713d\",\"name\":\"Micleusanu Vasile\",\"image\":{\"@type\":\"ImageObject\",\"inLanguage\":\"ru-RU\",\"@id\":\"https:\/\/bangbang.md\/#\/schema\/person\/image\/\",\"url\":\"https:\/\/secure.gravatar.com\/avatar\/33fcec8745ff74b39241dd3111c85da3d8bb21844aef6911b4f86aec2cdeb93b?s=96&d=mm&r=g\",\"contentUrl\":\"https:\/\/secure.gravatar.com\/avatar\/33fcec8745ff74b39241dd3111c85da3d8bb21844aef6911b4f86aec2cdeb93b?s=96&d=mm&r=g\",\"caption\":\"Micleusanu Vasile\"},\"url\":\"https:\/\/bangbang.md\/ru\/author\/vasilem\/\"}]}<\/script>\n<!-- \/ Yoast SEO Premium plugin. -->","yoast_head_json":{"title":"Editorial\/\/ De unde at\u00e2ta ur\u0103 \u00een ace\u0219ti oameni? - BANG-BANG","description":"Ura este un simptom al unei inimi pustii \u0219i incapabile s\u0103 iubeasc\u0103. \u00cen contrast, opusul urii este smerenia, o valoare central\u0103 a \u00eenv\u0103\u021b\u0103turilor cre\u0219tine. Smerenia \u00eenseamn\u0103 s\u0103-\u021bi recuno\u0219ti propriile imperfec\u021biuni \u0219i s\u0103-i tratezi pe ceilal\u021bi cu respect \u0219i compasiune.","robots":{"index":"index","follow":"follow","max-snippet":"max-snippet:-1","max-image-preview":"max-image-preview:large","max-video-preview":"max-video-preview:-1"},"canonical":"https:\/\/bangbang.md\/ru\/2024\/06\/17\/editorial-de-unde-atata-ura-in-acesti-oameni\/","og_locale":"ru_RU","og_type":"article","og_title":"Editorial\/\/ De unde at\u00e2ta ur\u0103 \u00een ace\u0219ti oameni?","og_description":"Ura este un simptom al unei inimi pustii \u0219i incapabile s\u0103 iubeasc\u0103. \u00cen contrast, opusul urii este smerenia, o valoare central\u0103 a \u00eenv\u0103\u021b\u0103turilor cre\u0219tine. Smerenia \u00eenseamn\u0103 s\u0103-\u021bi recuno\u0219ti propriile imperfec\u021biuni \u0219i s\u0103-i tratezi pe ceilal\u021bi cu respect \u0219i compasiune.","og_url":"https:\/\/bangbang.md\/ru\/2024\/06\/17\/editorial-de-unde-atata-ura-in-acesti-oameni\/","og_site_name":"BANG-BANG","article_publisher":"https:\/\/www.facebook.com\/bangbangmoldova","article_published_time":"2024-06-17T11:42:04+00:00","article_modified_time":"2024-06-17T14:45:07+00:00","og_image":[{"width":2560,"height":1707,"url":"https:\/\/bangbang.md\/wp-content\/uploads\/2024\/06\/IMG_0584-1-scaled.jpg","type":"image\/jpeg"}],"author":"Micleusanu Vasile","twitter_card":"summary_large_image","twitter_misc":{"\u041d\u0430\u043f\u0438\u0441\u0430\u043d\u043e \u0430\u0432\u0442\u043e\u0440\u043e\u043c":"Micleusanu Vasile","\u041f\u0440\u0438\u043c\u0435\u0440\u043d\u043e\u0435 \u0432\u0440\u0435\u043c\u044f \u0434\u043b\u044f \u0447\u0442\u0435\u043d\u0438\u044f":"4 \u043c\u0438\u043d\u0443\u0442\u044b"},"schema":{"@context":"https:\/\/schema.org","@graph":[{"@type":"Article","@id":"https:\/\/bangbang.md\/2024\/06\/17\/editorial-de-unde-atata-ura-in-acesti-oameni\/#article","isPartOf":{"@id":"https:\/\/bangbang.md\/2024\/06\/17\/editorial-de-unde-atata-ura-in-acesti-oameni\/"},"author":{"name":"Micleusanu Vasile","@id":"https:\/\/bangbang.md\/#\/schema\/person\/5378c72f5ed47ee2964c4075df5f713d"},"headline":"Editorial\/\/ De unde at\u00e2ta ur\u0103 \u00een ace\u0219ti oameni?","datePublished":"2024-06-17T11:42:04+00:00","dateModified":"2024-06-17T14:45:07+00:00","mainEntityOfPage":{"@id":"https:\/\/bangbang.md\/2024\/06\/17\/editorial-de-unde-atata-ura-in-acesti-oameni\/"},"wordCount":715,"publisher":{"@id":"https:\/\/bangbang.md\/#organization"},"keywords":["BISERICA OROTODOX\u0102","Centrul GDM","LGBTQ+","Orientare sexual\u0103","queer","Queer Moldova"],"articleSection":["A\u0219a nu","Pride"],"inLanguage":"ru-RU"},{"@type":"WebPage","@id":"https:\/\/bangbang.md\/2024\/06\/17\/editorial-de-unde-atata-ura-in-acesti-oameni\/","url":"https:\/\/bangbang.md\/2024\/06\/17\/editorial-de-unde-atata-ura-in-acesti-oameni\/","name":"Editorial\/\/ De unde at\u00e2ta ur\u0103 \u00een ace\u0219ti oameni? - BANG-BANG","isPartOf":{"@id":"https:\/\/bangbang.md\/#website"},"datePublished":"2024-06-17T11:42:04+00:00","dateModified":"2024-06-17T14:45:07+00:00","description":"Ura este un simptom al unei inimi pustii \u0219i incapabile s\u0103 iubeasc\u0103. \u00cen contrast, opusul urii este smerenia, o valoare central\u0103 a \u00eenv\u0103\u021b\u0103turilor cre\u0219tine. Smerenia \u00eenseamn\u0103 s\u0103-\u021bi recuno\u0219ti propriile imperfec\u021biuni \u0219i s\u0103-i tratezi pe ceilal\u021bi cu respect \u0219i compasiune.","breadcrumb":{"@id":"https:\/\/bangbang.md\/2024\/06\/17\/editorial-de-unde-atata-ura-in-acesti-oameni\/#breadcrumb"},"inLanguage":"ru-RU","potentialAction":[{"@type":"ReadAction","target":["https:\/\/bangbang.md\/2024\/06\/17\/editorial-de-unde-atata-ura-in-acesti-oameni\/"]}]},{"@type":"BreadcrumbList","@id":"https:\/\/bangbang.md\/2024\/06\/17\/editorial-de-unde-atata-ura-in-acesti-oameni\/#breadcrumb","itemListElement":[{"@type":"ListItem","position":1,"name":"Prima pagin\u0103","item":"https:\/\/bangbang.md\/"},{"@type":"ListItem","position":2,"name":"Editorial\/\/ De unde at\u00e2ta ur\u0103 \u00een ace\u0219ti oameni?"}]},{"@type":"WebSite","@id":"https:\/\/bangbang.md\/#website","url":"https:\/\/bangbang.md\/","name":"BANG-BANG","description":"Portal web dedicat comunit\u0103\u021bii LGBTQ d RM","publisher":{"@id":"https:\/\/bangbang.md\/#organization"},"potentialAction":[{"@type":"SearchAction","target":{"@type":"EntryPoint","urlTemplate":"https:\/\/bangbang.md\/?s={search_term_string}"},"query-input":"required name=search_term_string"}],"inLanguage":"ru-RU"},{"@type":"Organization","@id":"https:\/\/bangbang.md\/#organization","name":"Bang bang","url":"https:\/\/bangbang.md\/","logo":{"@type":"ImageObject","inLanguage":"ru-RU","@id":"https:\/\/bangbang.md\/#\/schema\/logo\/image\/","url":"https:\/\/bangbang.md\/wp-content\/uploads\/2022\/07\/cropped-Group.jpg","contentUrl":"https:\/\/bangbang.md\/wp-content\/uploads\/2022\/07\/cropped-Group.jpg","width":512,"height":512,"caption":"Bang bang"},"image":{"@id":"https:\/\/bangbang.md\/#\/schema\/logo\/image\/"},"sameAs":["https:\/\/www.facebook.com\/bangbangmoldova"]},{"@type":"Person","@id":"https:\/\/bangbang.md\/#\/schema\/person\/5378c72f5ed47ee2964c4075df5f713d","name":"Micleusanu Vasile","image":{"@type":"ImageObject","inLanguage":"ru-RU","@id":"https:\/\/bangbang.md\/#\/schema\/person\/image\/","url":"https:\/\/secure.gravatar.com\/avatar\/33fcec8745ff74b39241dd3111c85da3d8bb21844aef6911b4f86aec2cdeb93b?s=96&d=mm&r=g","contentUrl":"https:\/\/secure.gravatar.com\/avatar\/33fcec8745ff74b39241dd3111c85da3d8bb21844aef6911b4f86aec2cdeb93b?s=96&d=mm&r=g","caption":"Micleusanu Vasile"},"url":"https:\/\/bangbang.md\/ru\/author\/vasilem\/"}]}},"_links":{"self":[{"href":"https:\/\/bangbang.md\/ru\/wp-json\/wp\/v2\/posts\/6780","targetHints":{"allow":["GET"]}}],"collection":[{"href":"https:\/\/bangbang.md\/ru\/wp-json\/wp\/v2\/posts"}],"about":[{"href":"https:\/\/bangbang.md\/ru\/wp-json\/wp\/v2\/types\/post"}],"author":[{"embeddable":true,"href":"https:\/\/bangbang.md\/ru\/wp-json\/wp\/v2\/users\/3"}],"replies":[{"embeddable":true,"href":"https:\/\/bangbang.md\/ru\/wp-json\/wp\/v2\/comments?post=6780"}],"version-history":[{"count":3,"href":"https:\/\/bangbang.md\/ru\/wp-json\/wp\/v2\/posts\/6780\/revisions"}],"predecessor-version":[{"id":6785,"href":"https:\/\/bangbang.md\/ru\/wp-json\/wp\/v2\/posts\/6780\/revisions\/6785"}],"wp:featuredmedia":[{"embeddable":true,"href":"https:\/\/bangbang.md\/ru\/wp-json\/wp\/v2\/media\/6772"}],"wp:attachment":[{"href":"https:\/\/bangbang.md\/ru\/wp-json\/wp\/v2\/media?parent=6780"}],"wp:term":[{"taxonomy":"category","embeddable":true,"href":"https:\/\/bangbang.md\/ru\/wp-json\/wp\/v2\/categories?post=6780"},{"taxonomy":"post_tag","embeddable":true,"href":"https:\/\/bangbang.md\/ru\/wp-json\/wp\/v2\/tags?post=6780"}],"curies":[{"name":"wp","href":"https:\/\/api.w.org\/{rel}","templated":true}]}}