{"id":6570,"date":"2024-05-10T12:35:01","date_gmt":"2024-05-10T12:35:01","guid":{"rendered":"https:\/\/bangbang.md\/?p=6570"},"modified":"2024-05-10T12:35:02","modified_gmt":"2024-05-10T12:35:02","slug":"solidaritate-queer-si-proteste-in-a-doua-semifinala-eurovision","status":"publish","type":"post","link":"https:\/\/bangbang.md\/ru\/2024\/05\/10\/solidaritate-queer-si-proteste-in-a-doua-semifinala-eurovision\/","title":{"rendered":"Solidaritate queer \u0219i proteste \u00een a doua semifinal\u0103 Eurovision"},"content":{"rendered":"<p class=\"has-white-color has-vivid-purple-background-color has-text-color has-background has-link-color wp-elements-5ccabaf204348a2da805a9f4539492b0\"><strong>Organizatorii Eurovision 2024 se pare c\u0103 au adus concursul \u00eentr-o etap\u0103 complicat\u0103, iar lucrurile pe care le-am putut vedea \u00een cea de-a doua semifinal\u0103, desf\u0103\u0219urat\u0103 joi, arat\u0103 c\u0103 mul\u021bi arti\u0219ti implica\u021bi \u00een acest an sunt nemul\u021bumi\u021bi de asta, c\u00e2\u021biva dintre ei chiar protest\u00e2nd pe scen\u0103. Eu sunt MeloDiva Moldovei \u0219i mai jos v\u0103 povestesc cum s-a desf\u0103\u0219urat a doua semifinal\u0103 a concursului european de muzic\u0103.<\/strong><\/p>\n\n\n\n<h2 class=\"wp-block-heading\" id=\"h-participarea-israelului-nedorita\">Participarea Israelului, nedorit\u0103<\/h2>\n\n\n\n<p>Se \u0219tia din timp c\u0103 a doua semifinal\u0103 Eurovision ar putea fi tensionat\u0103, \u00een special datorit\u0103 prezen\u021bei Israelului, care nu a fost exclus din competi\u021bie de\u0219i mii de arti\u0219ti au semnat peti\u021bii \u0219i au \u00eendemnat EBU (organizatorul Eurovision) s\u0103 fac\u0103 acest lucru. Unii arti\u0219ti, inclusiv queer sau sus\u021bin\u0103torx ai comunit\u0103\u021bii LGBTQ+, au avut mesaje de protest sau chiar au purtat simboluri care \u00eendeamn\u0103 la \u00eencetarea genocidului comis de Israel \u00een Gaza.<\/p>\n\n\n\n<p>Cel mai curios moment a fost \u00eens\u0103 chiar \u00een timpul presta\u021biei reprezentantei Israelului, Eden Golan. \u00cen transmisiunea oficial\u0103 a competi\u021biei se puteau auzi doar aplauze \u0219i strig\u0103te de sus\u021binere. Aparent, televiziunea suedez\u0103 \u0219i EBU au decis s\u0103 \u00eenchid\u0103 complet microfoanele din public \u0219i s\u0103 pun\u0103 pe fundal aplauze \u0219i sunete pozitive de audien\u021b\u0103 \u00eenregistrare. Pe social media au ap\u0103rut mai multe film\u0103ri f\u0103cute de oamenii prezen\u021bi \u00een arena din Malm\u00f6 \u00een care se aude o cu totul alt\u0103 atmosfer\u0103, majoritatea spectatorilor scand\u00e2nd huiduieli \u0219i lozinci anti-Israel.<\/p>\n\n\n\n<figure class=\"wp-block-embed aligncenter is-type-rich is-provider-twitter wp-block-embed-twitter\"><div class=\"wp-block-embed__wrapper\">\n<blockquote class=\"twitter-tweet\" data-width=\"500\" data-dnt=\"true\"><p lang=\"en\" dir=\"ltr\">REMINDER if you hear cheers for israel during the broadcast it\u2019s cause of the ebu is using anti-booing technique trying to cover up boos with fake cheers for tv, but this is how it\u2019s actually like inside the arena \u203c\ufe0f <a href=\"https:\/\/twitter.com\/hashtag\/Eurovision?src=hash&amp;ref_src=twsrc%5Etfw\">#Eurovision<\/a> <a href=\"https:\/\/t.co\/3Cs9oESnaa\">pic.twitter.com\/3Cs9oESnaa<\/a><\/p>&mdash; rasmus (@rasmusbravado) <a href=\"https:\/\/twitter.com\/rasmusbravado\/status\/1788666402930389398?ref_src=twsrc%5Etfw\">May 9, 2024<\/a><\/blockquote><script async src=\"https:\/\/platform.twitter.com\/widgets.js\" charset=\"utf-8\"><\/script>\n<\/div><\/figure>\n\n\n\n<p>Mustii, artistul queer care a reprezentat Belgia \u00een concurs cu piesa \u201cBefore the party is over\u201d, a avut scris pe m\u00e2na st\u00e2ng\u0103 cuv\u00e2ntul \u201cPeace (trad.: Pace)\u201d \u00een presta\u021bia din a doua semifinal\u0103. Mai mult dec\u00e2t at\u00e2t, una dintre televiziunile belgiene care difuzeaz\u0103 Eurovision, a difuzat \u00eenainte de a doua semifinal\u0103 un mesaj prin care condamn\u0103 genocidul din Gaza.<\/p>\n\n\n\n<figure class=\"wp-block-image size-full\"><img loading=\"lazy\" decoding=\"async\" width=\"960\" height=\"640\" src=\"https:\/\/bangbang.md\/wp-content\/uploads\/2024\/05\/https___static.nieuwsblad.be_Assets_Images_Upload_2024_05_10_0ae421bd-6f7c-4e55-b4d7-d77e88403547.jpg\" alt=\"\" class=\"wp-image-6576\" srcset=\"https:\/\/bangbang.md\/wp-content\/uploads\/2024\/05\/https___static.nieuwsblad.be_Assets_Images_Upload_2024_05_10_0ae421bd-6f7c-4e55-b4d7-d77e88403547.jpg 960w, https:\/\/bangbang.md\/wp-content\/uploads\/2024\/05\/https___static.nieuwsblad.be_Assets_Images_Upload_2024_05_10_0ae421bd-6f7c-4e55-b4d7-d77e88403547-300x200.jpg 300w, https:\/\/bangbang.md\/wp-content\/uploads\/2024\/05\/https___static.nieuwsblad.be_Assets_Images_Upload_2024_05_10_0ae421bd-6f7c-4e55-b4d7-d77e88403547-768x512.jpg 768w, https:\/\/bangbang.md\/wp-content\/uploads\/2024\/05\/https___static.nieuwsblad.be_Assets_Images_Upload_2024_05_10_0ae421bd-6f7c-4e55-b4d7-d77e88403547-18x12.jpg 18w, https:\/\/bangbang.md\/wp-content\/uploads\/2024\/05\/https___static.nieuwsblad.be_Assets_Images_Upload_2024_05_10_0ae421bd-6f7c-4e55-b4d7-d77e88403547-585x390.jpg 585w\" sizes=\"auto, (max-width: 960px) 100vw, 960px\" \/><figcaption class=\"wp-element-caption\"><em>Mustii, reprezentantul Belgiei la Eurovision 2024. Surs\u0103: AP<\/em><\/figcaption><\/figure>\n\n\n\n<p><strong>\u201cAceasta este o ac\u021biune industrial\u0103. Condamn\u0103m \u00eenc\u0103lc\u0103rile drepturilor omului de c\u0103tre statul Israel. Mai mult, statul Israel distruge libertatea presei, de aceea, \u00eentrerupem imaginea pentru o clip\u0103\u201d<\/strong>, a fost mesajul afi\u0219at de postul VRT, \u00eenso\u021bit de hashtagurile #CeasfireNow \u0219i #StopGenocide.<\/p>\n\n\n\n<p>K\u00e4\u00e4rij\u00e4, cel care a ocupat locul 2 la Eurovision 2023, a fost invitat joi-sear\u0103 pentru actul de interval al celei de-a doua semifinale. La finalul presta\u021biei sale, artistul a strigat \u201cNo war (trad.: Nu r\u0103zboiului)!\u201d de pe scena de la Malm\u00f6. Totu\u0219i, aici trebuie de men\u021bionat \u0219i faptul c\u0103 tot K\u00e4\u00e4rij\u00e4 a fost filmat cum danseaz\u0103 al\u0103turi de reprezentanta Israelului, Eden Golan, cu doar c\u00e2teva ore \u00eenainte de \u00eenceperea semifinalei. Ulterior, el a ie\u0219it pe Instagram cu o declara\u021bie prin care sus\u021bine c\u0103 a cerut ca acel video s\u0103 nu fie publicat pe internet, iar ac\u021biunile din filmule\u021b nu ar reprezenta o declara\u021bie sau aprobare politic\u0103.<\/p>\n\n\n\n<figure class=\"wp-block-embed aligncenter is-type-rich is-provider-twitter wp-block-embed-twitter\"><div class=\"wp-block-embed__wrapper\">\n<blockquote class=\"twitter-tweet\" data-width=\"500\" data-dnt=\"true\"><p lang=\"en\" dir=\"ltr\">\ud83c\uddeb\ud83c\uddee K\u00e4\u00e4rij\u00e4 shouted &quot;No War&quot; from the stage at the end of his performance<a href=\"https:\/\/twitter.com\/hashtag\/Eurovision?src=hash&amp;ref_src=twsrc%5Etfw\">#Eurovision<\/a> <a href=\"https:\/\/twitter.com\/hashtag\/Finland?src=hash&amp;ref_src=twsrc%5Etfw\">#Finland<\/a> <a href=\"https:\/\/t.co\/rfMMmS5oaM\">pic.twitter.com\/rfMMmS5oaM<\/a><\/p>&mdash; Eurovision Insider (@escinsiders) <a href=\"https:\/\/twitter.com\/escinsiders\/status\/1788677088901263744?ref_src=twsrc%5Etfw\">May 9, 2024<\/a><\/blockquote><script async src=\"https:\/\/platform.twitter.com\/widgets.js\" charset=\"utf-8\"><\/script>\n<\/div><\/figure>\n\n\n\n<p>Conferin\u021ba de pres\u0103 desf\u0103\u0219urat\u0103 dup\u0103 cea de-a doua semifinal\u0103 a fost \u0219i ea plin\u0103 de surprize, mai ales c\u0103 una dintre \u021b\u0103rile calificate \u00een final\u0103 este \u0219i Israel. Un jurnalist din Polonia a \u00eentrebat-o pe Eden Golan dac\u0103 ea s-a g\u00e2ndit la faptul c\u0103 prezen\u021ba ei la Eurovision pune publicul dar \u0219i pe ceilal\u021bi participan\u021bi sub un risc imens. Aceasta a fost \u00eendemnat\u0103 in\u021bial s\u0103 nu r\u0103spund\u0103 la \u00eentrebare, iar Joos Klein, reprezentantul \u021a\u0103rilor de Jos, a \u00eentrebat cu voce tare \u201cDe ce nu?\u201d. Ulterior Eden a oferit o explica\u021bie evaziv\u0103 prin care sugereaz\u0103 c\u0103 organizatorii i-au confirmat c\u0103 to\u021bi vor fi \u00een siguran\u021b\u0103 \u0219i c\u0103 scopul prezen\u021bei ei la Eurovision este altul.<\/p>\n\n\n\n<p>Tot \u00een acea conferin\u021b\u0103, \u00een timp ce Eden Golan r\u0103spundea la \u00eentreb\u0103ri, reprezentanta Greciei din acest an, Marina Satti, s-a ar\u0103tat complet dezinteresat\u0103 \u00een a asculta ce zice concurenta ei, iar Joost Klein s-a acoperit cu drapelul \u021b\u0103rii sale \u00een acest timp. La fel, ca un apropo la controversele din jurul competi\u021biei din acest an, c\u00e2nd a fost \u00eentrebat dac\u0103 piesa lui poate uni toat\u0103 lumea prin muzic\u0103 (f\u0103c\u00e2ndu-se trimitere \u0219i la sloganul competi\u021biei, \u201cUni\u021bi prin muzic\u0103\u201d), el a spus c\u0103 aceasta ar fi o \u00eentrebare foarte bun\u0103 ce trebuie adresat\u0103 EBU.<\/p>\n\n\n\n<figure class=\"wp-block-image size-large\"><img loading=\"lazy\" decoding=\"async\" width=\"1024\" height=\"576\" src=\"https:\/\/bangbang.md\/wp-content\/uploads\/2024\/05\/grecia-si-tarile-de-jos-1024x576.jpg\" alt=\"\" class=\"wp-image-6574\" srcset=\"https:\/\/bangbang.md\/wp-content\/uploads\/2024\/05\/grecia-si-tarile-de-jos-1024x576.jpg 1024w, https:\/\/bangbang.md\/wp-content\/uploads\/2024\/05\/grecia-si-tarile-de-jos-300x169.jpg 300w, https:\/\/bangbang.md\/wp-content\/uploads\/2024\/05\/grecia-si-tarile-de-jos-768x432.jpg 768w, https:\/\/bangbang.md\/wp-content\/uploads\/2024\/05\/grecia-si-tarile-de-jos-1536x864.jpg 1536w, https:\/\/bangbang.md\/wp-content\/uploads\/2024\/05\/grecia-si-tarile-de-jos-18x10.jpg 18w, https:\/\/bangbang.md\/wp-content\/uploads\/2024\/05\/grecia-si-tarile-de-jos-1200x675.jpg 1200w, https:\/\/bangbang.md\/wp-content\/uploads\/2024\/05\/grecia-si-tarile-de-jos-585x329.jpg 585w, https:\/\/bangbang.md\/wp-content\/uploads\/2024\/05\/grecia-si-tarile-de-jos.jpg 1920w\" sizes=\"auto, (max-width: 1024px) 100vw, 1024px\" \/><figcaption class=\"wp-element-caption\"><em>Reprezentan\u021bii Greciei (Marina Satti) \u0219i \u021a\u0103rilor de Jos (Joost Klein) \u00een timp ce Eden Golan (Israel) r\u0103spundea la \u00eentreb\u0103ri. Surse: @illiate via Twitter \u0219i Sarah Louise Bennett \/ EBU<\/em><\/figcaption><\/figure>\n\n\n\n<p>Un alt lucru important care merit\u0103 men\u021bionat aici este c\u0103 joi la Malm\u00f6 au avut loc proteste \u00een sus\u021binerea Palestinei. Potrivit surselor oficiale, aproximativ 12 mii de oameni au participat la mar\u0219, printre care \u0219i activista Greta Thunberg.<\/p>\n\n\n\n<p class=\"has-black-color has-cyan-bluish-gray-background-color has-text-color has-background has-link-color wp-elements-1d744e28f9fe6ea7ca46ff11d81a5974\">Personal cred c\u0103 EBU a luat proasta decizie de a p\u0103stra Israel \u00een competi\u021bie fiind influen\u021ba\u021bi doar de contextul financiar, pentru c\u0103 cel mai mare sponsor comercial al competi\u021biei este Moroccanoil, o companie originar\u0103 din Israel. Faptul c\u0103 ei \u00eenchid ochii la atrocit\u0103\u021bile ce se \u00eent\u00e2mpl\u0103 \u00een Gaza \u00een ultimele luni \u0219i contextul acestui genocid care a pornit foarte mul\u021bi ani \u00een urm\u0103, d\u0103 dovad\u0103 de rasism \u0219i nep\u0103sare fa\u021b\u0103 de vie\u021bile altor oameni dec\u00e2t cei albi (Rusia nu au avut o problem\u0103 s\u0103 o scoat\u0103 din concurs c\u00e2nd au pornit r\u0103zboiul din Ucraina), dar \u0219i de un interes sporit de a dep\u0103rta acest concurs de valorile care l-au consacrat. Interzicerea \u00een special a drapelelor \u0219i simbolisticii palestiniene \u00een zona arenei din Malm\u00f6 \u0219i cenzurarea huiduielilor adresate Israelului \u00een acest an d\u0103 dovad\u0103 de o rela\u021bie economic\u0103 mult prea str\u00e2ns\u0103 \u0219i prietenoas\u0103 dintre EBU \u0219i zioni\u0219ti, iar a\u0219a rela\u021bii \u0219i viziuni nu cred c\u0103 trebuie tolerate.<\/p>\n\n\n\n<p class=\"has-black-color has-cyan-bluish-gray-background-color has-text-color has-background has-link-color wp-elements-9d0020f15d515c5dcfb8f842caf2d2c8\">A\u0219a c\u0103 dac\u0103 a\u021bi decis s\u0103 boicota\u021bi concursul din acest an, v\u0103 sus\u021bin decizia. La fel, nu cred c\u0103 trebuie s\u0103 condamn\u0103m oamenii care au decis s\u0103 se uite la show, pentru c\u0103 printre ei sunt \u0219i multe persoane care probabil g\u0103sesc dificil s\u0103 renun\u021be la o mare pasiune a lor.<\/p>\n\n\n\n<h2 class=\"wp-block-heading\" id=\"h-solidaritate-intre-arti\u0219tix-non-binari\">Solidaritate \u00eentre arti\u0219tix non-binari<\/h2>\n\n\n\n<p>Pe l\u00e2ng\u0103 controverse, Eurovision mai celebreaz\u0103 \u0219i diversitatea, acesta fiind de fapt focusul cel pu\u021bin p\u00e2n\u0103 \u00een 2024. \u00cen edi\u021bia din acest an, dou\u0103 persoane non-binare \u00ee\u0219i reprezint\u0103 \u021b\u0103rile \u00een competi\u021bia muzical\u0103. Bambie Thug, care c\u00e2nt\u0103 pentru Irlanda, a evoluat \u00een prima semifinal\u0103, calific\u00e2ndu-se \u00een finala de s\u00e2mb\u0103t\u0103, iar \u00een cea de-a doua semifinal\u0103 a evoluat Nemo, artistx care reprezint\u0103 Elve\u021bia. Bambie \u0219i-a declarat sus\u021binerea pentru Nemo \u00eenc\u0103 de la \u00eenceputul competi\u021biei, iar joi-sear\u0103 \u00eendemna to\u021bi fanii s\u0103i s\u0103 voteze pentru Elve\u021bia. De altfel, Nemo s-a calificat \u00een final\u0103, iar \u00een conferin\u021ba de pres\u0103 de dup\u0103 show a declarat c\u0103 este foarte fericitx s\u0103 \u00eemp\u0103rt\u0103\u0219easc\u0103 aceast\u0103 experien\u021b\u0103 cu Bambie Thug, dar \u0219i c\u0103 este foarte \u00eenc\u00e2ntatx de prezen\u021ba multor arti\u0219ti queer \u00een competi\u021bia din acest an.<\/p>\n\n\n\n<figure class=\"wp-block-image size-large\"><img loading=\"lazy\" decoding=\"async\" width=\"1024\" height=\"682\" src=\"https:\/\/bangbang.md\/wp-content\/uploads\/2024\/05\/090524_Alma-Bengtsson-EBU_0316_0-1024x682.jpg\" alt=\"\" class=\"wp-image-6578\" srcset=\"https:\/\/bangbang.md\/wp-content\/uploads\/2024\/05\/090524_Alma-Bengtsson-EBU_0316_0-1024x682.jpg 1024w, https:\/\/bangbang.md\/wp-content\/uploads\/2024\/05\/090524_Alma-Bengtsson-EBU_0316_0-300x200.jpg 300w, https:\/\/bangbang.md\/wp-content\/uploads\/2024\/05\/090524_Alma-Bengtsson-EBU_0316_0-768x512.jpg 768w, https:\/\/bangbang.md\/wp-content\/uploads\/2024\/05\/090524_Alma-Bengtsson-EBU_0316_0-1536x1024.jpg 1536w, https:\/\/bangbang.md\/wp-content\/uploads\/2024\/05\/090524_Alma-Bengtsson-EBU_0316_0-18x12.jpg 18w, https:\/\/bangbang.md\/wp-content\/uploads\/2024\/05\/090524_Alma-Bengtsson-EBU_0316_0-585x390.jpg 585w, https:\/\/bangbang.md\/wp-content\/uploads\/2024\/05\/090524_Alma-Bengtsson-EBU_0316_0.jpg 2000w\" sizes=\"auto, (max-width: 1024px) 100vw, 1024px\" \/><figcaption class=\"wp-element-caption\"><em>Nemo, reprezentantx Elve\u021biei la Eurovision 2024. Surs\u0103: Alma Bengtsson \/ EBU<\/em><\/figcaption><\/figure>\n\n\n\n<p>Dup\u0103 semifinala de joi-sear\u0103, 10 \u021b\u0103ri s-au calificat \u00een marea final\u0103 Eurovision care va avea loc s\u00e2mb\u0103t\u0103, 11 mai, de la ora 20:00 (ora Moldovei). Letonia, Austria, \u021a\u0103rile de Jos, Norvegia, Israel, Grecia, Estonia, Elve\u021bia, Georgia \u0219i Armenia vor concura s\u00e2mb\u0103t\u0103 al\u0103turi de <a href=\"https:\/\/bangbang.md\/ru\/2024\/05\/09\/momentele-queer-dar-controversele-primei-semifinale-eurovision-2024\/\" target=\"_blank\" rel=\"noreferrer noopener\">Serbia, Portugalia, Slovenia, Ucraina, Lituania, Finlanda, Cipru, Croa\u021bia, Irlanda, Luxemburg<\/a> \u0219i cele 6 \u021b\u0103ri calificate automat, care sunt Fran\u021ba, Germania, Italia, Suedia \u0219i Marea Britanie.<\/p>","protected":false},"excerpt":{"rendered":"<p>Organizatorii Eurovision 2024 se pare c\u0103 au adus concursul \u00eentr-o etap\u0103 complicat\u0103, iar lucrurile pe care le-am putut vedea \u00een&#8230;<\/p>","protected":false},"author":10,"featured_media":6577,"comment_status":"closed","ping_status":"closed","sticky":false,"template":"","format":"standard","meta":{"footnotes":""},"categories":[646,178],"tags":[],"class_list":["post-6570","post","type-post","status-publish","format-standard","has-post-thumbnail","hentry","category-lifestyle","category-queer-proud"],"yoast_head":"<!-- This site is optimized with the Yoast SEO Premium plugin v18.9 (Yoast SEO v20.13) - https:\/\/yoast.com\/wordpress\/plugins\/seo\/ -->\n<title>Solidaritate queer \u0219i proteste \u00een a doua semifinal\u0103 Eurovision - BANG-BANG<\/title>\n<meta name=\"robots\" content=\"index, follow, max-snippet:-1, max-image-preview:large, max-video-preview:-1\" \/>\n<link rel=\"canonical\" href=\"https:\/\/bangbang.md\/ru\/2024\/05\/10\/solidaritate-queer-si-proteste-in-a-doua-semifinala-eurovision\/\" \/>\n<meta property=\"og:locale\" content=\"ru_RU\" \/>\n<meta property=\"og:type\" content=\"article\" \/>\n<meta property=\"og:title\" content=\"Solidaritate queer \u0219i proteste \u00een a doua semifinal\u0103 Eurovision\" \/>\n<meta property=\"og:description\" content=\"Organizatorii Eurovision 2024 se pare c\u0103 au adus concursul \u00eentr-o etap\u0103 complicat\u0103, iar lucrurile pe care le-am putut vedea \u00een...\" \/>\n<meta property=\"og:url\" content=\"https:\/\/bangbang.md\/ru\/2024\/05\/10\/solidaritate-queer-si-proteste-in-a-doua-semifinala-eurovision\/\" \/>\n<meta property=\"og:site_name\" content=\"BANG-BANG\" \/>\n<meta property=\"article:publisher\" content=\"https:\/\/www.facebook.com\/bangbangmoldova\" \/>\n<meta property=\"article:published_time\" content=\"2024-05-10T12:35:01+00:00\" \/>\n<meta property=\"article:modified_time\" content=\"2024-05-10T12:35:02+00:00\" \/>\n<meta property=\"og:image\" content=\"https:\/\/bangbang.md\/wp-content\/uploads\/2024\/05\/B9736218364Z.1_20240510111828_000GLTONEFCL.1-0.jpg\" \/>\n\t<meta property=\"og:image:width\" content=\"864\" \/>\n\t<meta property=\"og:image:height\" content=\"486\" \/>\n\t<meta property=\"og:image:type\" content=\"image\/jpeg\" \/>\n<meta name=\"author\" content=\"MeloDiva Moldovei\" \/>\n<meta name=\"twitter:card\" content=\"summary_large_image\" \/>\n<meta name=\"twitter:label1\" content=\"\u041d\u0430\u043f\u0438\u0441\u0430\u043d\u043e \u0430\u0432\u0442\u043e\u0440\u043e\u043c\" \/>\n\t<meta name=\"twitter:data1\" content=\"MeloDiva Moldovei\" \/>\n\t<meta name=\"twitter:label2\" content=\"\u041f\u0440\u0438\u043c\u0435\u0440\u043d\u043e\u0435 \u0432\u0440\u0435\u043c\u044f \u0434\u043b\u044f \u0447\u0442\u0435\u043d\u0438\u044f\" \/>\n\t<meta name=\"twitter:data2\" content=\"7 \u043c\u0438\u043d\u0443\u0442\" \/>\n<script type=\"application\/ld+json\" class=\"yoast-schema-graph\">{\"@context\":\"https:\/\/schema.org\",\"@graph\":[{\"@type\":\"Article\",\"@id\":\"https:\/\/bangbang.md\/2024\/05\/10\/solidaritate-queer-si-proteste-in-a-doua-semifinala-eurovision\/#article\",\"isPartOf\":{\"@id\":\"https:\/\/bangbang.md\/2024\/05\/10\/solidaritate-queer-si-proteste-in-a-doua-semifinala-eurovision\/\"},\"author\":{\"name\":\"MeloDiva Moldovei\",\"@id\":\"https:\/\/bangbang.md\/#\/schema\/person\/e879d3013eecc5cd4c9144d40104f7a0\"},\"headline\":\"Solidaritate queer \u0219i proteste \u00een a doua semifinal\u0103 Eurovision\",\"datePublished\":\"2024-05-10T12:35:01+00:00\",\"dateModified\":\"2024-05-10T12:35:02+00:00\",\"mainEntityOfPage\":{\"@id\":\"https:\/\/bangbang.md\/2024\/05\/10\/solidaritate-queer-si-proteste-in-a-doua-semifinala-eurovision\/\"},\"wordCount\":1267,\"publisher\":{\"@id\":\"https:\/\/bangbang.md\/#organization\"},\"articleSection\":[\"Lifestyle\",\"Queer &amp; Proud\"],\"inLanguage\":\"ru-RU\"},{\"@type\":\"WebPage\",\"@id\":\"https:\/\/bangbang.md\/2024\/05\/10\/solidaritate-queer-si-proteste-in-a-doua-semifinala-eurovision\/\",\"url\":\"https:\/\/bangbang.md\/2024\/05\/10\/solidaritate-queer-si-proteste-in-a-doua-semifinala-eurovision\/\",\"name\":\"Solidaritate queer \u0219i proteste \u00een a doua semifinal\u0103 Eurovision - BANG-BANG\",\"isPartOf\":{\"@id\":\"https:\/\/bangbang.md\/#website\"},\"datePublished\":\"2024-05-10T12:35:01+00:00\",\"dateModified\":\"2024-05-10T12:35:02+00:00\",\"breadcrumb\":{\"@id\":\"https:\/\/bangbang.md\/2024\/05\/10\/solidaritate-queer-si-proteste-in-a-doua-semifinala-eurovision\/#breadcrumb\"},\"inLanguage\":\"ru-RU\",\"potentialAction\":[{\"@type\":\"ReadAction\",\"target\":[\"https:\/\/bangbang.md\/2024\/05\/10\/solidaritate-queer-si-proteste-in-a-doua-semifinala-eurovision\/\"]}]},{\"@type\":\"BreadcrumbList\",\"@id\":\"https:\/\/bangbang.md\/2024\/05\/10\/solidaritate-queer-si-proteste-in-a-doua-semifinala-eurovision\/#breadcrumb\",\"itemListElement\":[{\"@type\":\"ListItem\",\"position\":1,\"name\":\"Prima pagin\u0103\",\"item\":\"https:\/\/bangbang.md\/\"},{\"@type\":\"ListItem\",\"position\":2,\"name\":\"Solidaritate queer \u0219i proteste \u00een a doua semifinal\u0103 Eurovision\"}]},{\"@type\":\"WebSite\",\"@id\":\"https:\/\/bangbang.md\/#website\",\"url\":\"https:\/\/bangbang.md\/\",\"name\":\"BANG-BANG\",\"description\":\"Portal web dedicat comunit\u0103\u021bii LGBTQ d RM\",\"publisher\":{\"@id\":\"https:\/\/bangbang.md\/#organization\"},\"potentialAction\":[{\"@type\":\"SearchAction\",\"target\":{\"@type\":\"EntryPoint\",\"urlTemplate\":\"https:\/\/bangbang.md\/?s={search_term_string}\"},\"query-input\":\"required name=search_term_string\"}],\"inLanguage\":\"ru-RU\"},{\"@type\":\"Organization\",\"@id\":\"https:\/\/bangbang.md\/#organization\",\"name\":\"Bang bang\",\"url\":\"https:\/\/bangbang.md\/\",\"logo\":{\"@type\":\"ImageObject\",\"inLanguage\":\"ru-RU\",\"@id\":\"https:\/\/bangbang.md\/#\/schema\/logo\/image\/\",\"url\":\"https:\/\/bangbang.md\/wp-content\/uploads\/2022\/07\/cropped-Group.jpg\",\"contentUrl\":\"https:\/\/bangbang.md\/wp-content\/uploads\/2022\/07\/cropped-Group.jpg\",\"width\":512,\"height\":512,\"caption\":\"Bang bang\"},\"image\":{\"@id\":\"https:\/\/bangbang.md\/#\/schema\/logo\/image\/\"},\"sameAs\":[\"https:\/\/www.facebook.com\/bangbangmoldova\"]},{\"@type\":\"Person\",\"@id\":\"https:\/\/bangbang.md\/#\/schema\/person\/e879d3013eecc5cd4c9144d40104f7a0\",\"name\":\"MeloDiva Moldovei\",\"image\":{\"@type\":\"ImageObject\",\"inLanguage\":\"ru-RU\",\"@id\":\"https:\/\/bangbang.md\/#\/schema\/person\/image\/\",\"url\":\"https:\/\/secure.gravatar.com\/avatar\/8ba4030fb776185906664c36944686d24c70b012bc52fb7f0bb04ec07b6640b1?s=96&d=mm&r=g\",\"contentUrl\":\"https:\/\/secure.gravatar.com\/avatar\/8ba4030fb776185906664c36944686d24c70b012bc52fb7f0bb04ec07b6640b1?s=96&d=mm&r=g\",\"caption\":\"MeloDiva Moldovei\"},\"url\":\"https:\/\/bangbang.md\/ru\/author\/melodiva-moldovei\/\"}]}<\/script>\n<!-- \/ Yoast SEO Premium plugin. -->","yoast_head_json":{"title":"Solidaritate queer \u0219i proteste \u00een a doua semifinal\u0103 Eurovision - BANG-BANG","robots":{"index":"index","follow":"follow","max-snippet":"max-snippet:-1","max-image-preview":"max-image-preview:large","max-video-preview":"max-video-preview:-1"},"canonical":"https:\/\/bangbang.md\/ru\/2024\/05\/10\/solidaritate-queer-si-proteste-in-a-doua-semifinala-eurovision\/","og_locale":"ru_RU","og_type":"article","og_title":"Solidaritate queer \u0219i proteste \u00een a doua semifinal\u0103 Eurovision","og_description":"Organizatorii Eurovision 2024 se pare c\u0103 au adus concursul \u00eentr-o etap\u0103 complicat\u0103, iar lucrurile pe care le-am putut vedea \u00een...","og_url":"https:\/\/bangbang.md\/ru\/2024\/05\/10\/solidaritate-queer-si-proteste-in-a-doua-semifinala-eurovision\/","og_site_name":"BANG-BANG","article_publisher":"https:\/\/www.facebook.com\/bangbangmoldova","article_published_time":"2024-05-10T12:35:01+00:00","article_modified_time":"2024-05-10T12:35:02+00:00","og_image":[{"width":864,"height":486,"url":"https:\/\/bangbang.md\/wp-content\/uploads\/2024\/05\/B9736218364Z.1_20240510111828_000GLTONEFCL.1-0.jpg","type":"image\/jpeg"}],"author":"MeloDiva Moldovei","twitter_card":"summary_large_image","twitter_misc":{"\u041d\u0430\u043f\u0438\u0441\u0430\u043d\u043e \u0430\u0432\u0442\u043e\u0440\u043e\u043c":"MeloDiva Moldovei","\u041f\u0440\u0438\u043c\u0435\u0440\u043d\u043e\u0435 \u0432\u0440\u0435\u043c\u044f \u0434\u043b\u044f \u0447\u0442\u0435\u043d\u0438\u044f":"7 \u043c\u0438\u043d\u0443\u0442"},"schema":{"@context":"https:\/\/schema.org","@graph":[{"@type":"Article","@id":"https:\/\/bangbang.md\/2024\/05\/10\/solidaritate-queer-si-proteste-in-a-doua-semifinala-eurovision\/#article","isPartOf":{"@id":"https:\/\/bangbang.md\/2024\/05\/10\/solidaritate-queer-si-proteste-in-a-doua-semifinala-eurovision\/"},"author":{"name":"MeloDiva Moldovei","@id":"https:\/\/bangbang.md\/#\/schema\/person\/e879d3013eecc5cd4c9144d40104f7a0"},"headline":"Solidaritate queer \u0219i proteste \u00een a doua semifinal\u0103 Eurovision","datePublished":"2024-05-10T12:35:01+00:00","dateModified":"2024-05-10T12:35:02+00:00","mainEntityOfPage":{"@id":"https:\/\/bangbang.md\/2024\/05\/10\/solidaritate-queer-si-proteste-in-a-doua-semifinala-eurovision\/"},"wordCount":1267,"publisher":{"@id":"https:\/\/bangbang.md\/#organization"},"articleSection":["Lifestyle","Queer &amp; Proud"],"inLanguage":"ru-RU"},{"@type":"WebPage","@id":"https:\/\/bangbang.md\/2024\/05\/10\/solidaritate-queer-si-proteste-in-a-doua-semifinala-eurovision\/","url":"https:\/\/bangbang.md\/2024\/05\/10\/solidaritate-queer-si-proteste-in-a-doua-semifinala-eurovision\/","name":"Solidaritate queer \u0219i proteste \u00een a doua semifinal\u0103 Eurovision - BANG-BANG","isPartOf":{"@id":"https:\/\/bangbang.md\/#website"},"datePublished":"2024-05-10T12:35:01+00:00","dateModified":"2024-05-10T12:35:02+00:00","breadcrumb":{"@id":"https:\/\/bangbang.md\/2024\/05\/10\/solidaritate-queer-si-proteste-in-a-doua-semifinala-eurovision\/#breadcrumb"},"inLanguage":"ru-RU","potentialAction":[{"@type":"ReadAction","target":["https:\/\/bangbang.md\/2024\/05\/10\/solidaritate-queer-si-proteste-in-a-doua-semifinala-eurovision\/"]}]},{"@type":"BreadcrumbList","@id":"https:\/\/bangbang.md\/2024\/05\/10\/solidaritate-queer-si-proteste-in-a-doua-semifinala-eurovision\/#breadcrumb","itemListElement":[{"@type":"ListItem","position":1,"name":"Prima pagin\u0103","item":"https:\/\/bangbang.md\/"},{"@type":"ListItem","position":2,"name":"Solidaritate queer \u0219i proteste \u00een a doua semifinal\u0103 Eurovision"}]},{"@type":"WebSite","@id":"https:\/\/bangbang.md\/#website","url":"https:\/\/bangbang.md\/","name":"BANG-BANG","description":"Portal web dedicat comunit\u0103\u021bii LGBTQ d RM","publisher":{"@id":"https:\/\/bangbang.md\/#organization"},"potentialAction":[{"@type":"SearchAction","target":{"@type":"EntryPoint","urlTemplate":"https:\/\/bangbang.md\/?s={search_term_string}"},"query-input":"required name=search_term_string"}],"inLanguage":"ru-RU"},{"@type":"Organization","@id":"https:\/\/bangbang.md\/#organization","name":"Bang bang","url":"https:\/\/bangbang.md\/","logo":{"@type":"ImageObject","inLanguage":"ru-RU","@id":"https:\/\/bangbang.md\/#\/schema\/logo\/image\/","url":"https:\/\/bangbang.md\/wp-content\/uploads\/2022\/07\/cropped-Group.jpg","contentUrl":"https:\/\/bangbang.md\/wp-content\/uploads\/2022\/07\/cropped-Group.jpg","width":512,"height":512,"caption":"Bang bang"},"image":{"@id":"https:\/\/bangbang.md\/#\/schema\/logo\/image\/"},"sameAs":["https:\/\/www.facebook.com\/bangbangmoldova"]},{"@type":"Person","@id":"https:\/\/bangbang.md\/#\/schema\/person\/e879d3013eecc5cd4c9144d40104f7a0","name":"MeloDiva Moldovei","image":{"@type":"ImageObject","inLanguage":"ru-RU","@id":"https:\/\/bangbang.md\/#\/schema\/person\/image\/","url":"https:\/\/secure.gravatar.com\/avatar\/8ba4030fb776185906664c36944686d24c70b012bc52fb7f0bb04ec07b6640b1?s=96&d=mm&r=g","contentUrl":"https:\/\/secure.gravatar.com\/avatar\/8ba4030fb776185906664c36944686d24c70b012bc52fb7f0bb04ec07b6640b1?s=96&d=mm&r=g","caption":"MeloDiva Moldovei"},"url":"https:\/\/bangbang.md\/ru\/author\/melodiva-moldovei\/"}]}},"_links":{"self":[{"href":"https:\/\/bangbang.md\/ru\/wp-json\/wp\/v2\/posts\/6570","targetHints":{"allow":["GET"]}}],"collection":[{"href":"https:\/\/bangbang.md\/ru\/wp-json\/wp\/v2\/posts"}],"about":[{"href":"https:\/\/bangbang.md\/ru\/wp-json\/wp\/v2\/types\/post"}],"author":[{"embeddable":true,"href":"https:\/\/bangbang.md\/ru\/wp-json\/wp\/v2\/users\/10"}],"replies":[{"embeddable":true,"href":"https:\/\/bangbang.md\/ru\/wp-json\/wp\/v2\/comments?post=6570"}],"version-history":[{"count":7,"href":"https:\/\/bangbang.md\/ru\/wp-json\/wp\/v2\/posts\/6570\/revisions"}],"predecessor-version":[{"id":6584,"href":"https:\/\/bangbang.md\/ru\/wp-json\/wp\/v2\/posts\/6570\/revisions\/6584"}],"wp:featuredmedia":[{"embeddable":true,"href":"https:\/\/bangbang.md\/ru\/wp-json\/wp\/v2\/media\/6577"}],"wp:attachment":[{"href":"https:\/\/bangbang.md\/ru\/wp-json\/wp\/v2\/media?parent=6570"}],"wp:term":[{"taxonomy":"category","embeddable":true,"href":"https:\/\/bangbang.md\/ru\/wp-json\/wp\/v2\/categories?post=6570"},{"taxonomy":"post_tag","embeddable":true,"href":"https:\/\/bangbang.md\/ru\/wp-json\/wp\/v2\/tags?post=6570"}],"curies":[{"name":"wp","href":"https:\/\/api.w.org\/{rel}","templated":true}]}}