{"id":5897,"date":"2023-11-17T11:17:07","date_gmt":"2023-11-17T11:17:07","guid":{"rendered":"https:\/\/bangbang.md\/?p=5897"},"modified":"2023-11-17T11:21:41","modified_gmt":"2023-11-17T11:21:41","slug":"foto-reportaj-queerdos-pana-ce-moartea-ne-va-desparti","status":"publish","type":"post","link":"https:\/\/bangbang.md\/ru\/2023\/11\/17\/foto-reportaj-queerdos-pana-ce-moartea-ne-va-desparti\/","title":{"rendered":"FOTO REPORTAJ\/\/ QUEERDOS: P\u00e2n\u0103 ce moartea ne va desp\u0103r\u021bi"},"content":{"rendered":"<p class=\"has-white-color has-black-background-color has-text-color has-background has-link-color wp-elements-fdb1fba31bf7ac71d6c9f511cbdadd51\"><strong>Pe 16 noiembrie, \u00een cadrul Festivalului de Film Queer Voices, a avut loc spectacolul \u201eP\u00e2n\u0103 ce moartea ne va desp\u0103r\u021bi.\u201d Acest proiect, ajuns acum la a treia edi\u021bie, reprezint\u0103 un efort colaborativ \u00een Republica Moldova, facilitat \u00een parteneriat cu Asocia\u021bia MOLDOX, Festivalul Queer Voices \u0219i Queerdos Kollektiv Berlin. Explorarea artistic\u0103 \u0219i nara\u021biunile prezentate \u00een aceast\u0103 pies\u0103 sunt rezultatul creativit\u0103\u021bii colective \u0219i dedic\u0103rii participan\u021bilor implica\u021bi \u00een QUEERDOS ACTing UP Summer Camp. <\/strong><\/p>\n\n\n\n<p>Pe fundalul provoc\u0103rilor sociale legate de egalitatea \u00een drepturi dar \u0219i al \u0219tergerii istoriei queer, QUEERDOS \u201eP\u00e2n\u0103 ce moartea ne va desp\u0103r\u021bi\u201d este o c\u0103l\u0103torie transformatoare. Spectacolul a adus la un loc diverse identit\u0103\u021bi din cadrul comunit\u0103\u021bii LGBTQIA+ care se confrunt\u0103 cu ignoran\u021ba \u0219i discriminarea \u00een lupta pentru acceptare.  <\/p>\n\n\n\n<p>Folosind tehnici performative corale \u0219i mi\u0219care, persoanele queer implicate \u00een acest spectacol, lumineaz\u0103 c\u0103l\u0103toria comun\u0103 pentru acceptare, egalitate \u0219i \u00een\u021belegere. Scena este o prism\u0103 care oglinde\u0219te experien\u021bele individuale ale persoanelor LGBTQIA+. <\/p>\n\n\n\n<p>Spectacolul celebreaz\u0103 for\u021ba inerent\u0103 a unit\u0103\u021bii \u0219i confrunt\u0103 normele societale pentru a revendica spa\u021biului pentru comunitatea LGBTQIA+ \u00een lumea aceasta predominant heterosexual\u0103.<\/p>\n\n\n\n<figure class=\"wp-block-image size-large is-resized\"><img loading=\"lazy\" decoding=\"async\" width=\"1024\" height=\"684\" src=\"https:\/\/bangbang.md\/wp-content\/uploads\/2023\/11\/DSC_8488-1024x684.jpg\" alt=\"\" class=\"wp-image-5898\" style=\"width:761px;height:auto\" srcset=\"https:\/\/bangbang.md\/wp-content\/uploads\/2023\/11\/DSC_8488-1024x684.jpg 1024w, https:\/\/bangbang.md\/wp-content\/uploads\/2023\/11\/DSC_8488-300x200.jpg 300w, https:\/\/bangbang.md\/wp-content\/uploads\/2023\/11\/DSC_8488-768x513.jpg 768w, https:\/\/bangbang.md\/wp-content\/uploads\/2023\/11\/DSC_8488-1536x1025.jpg 1536w, https:\/\/bangbang.md\/wp-content\/uploads\/2023\/11\/DSC_8488-2048x1367.jpg 2048w, https:\/\/bangbang.md\/wp-content\/uploads\/2023\/11\/DSC_8488-18x12.jpg 18w, https:\/\/bangbang.md\/wp-content\/uploads\/2023\/11\/DSC_8488-585x391.jpg 585w\" sizes=\"auto, (max-width: 1024px) 100vw, 1024px\" \/><\/figure>\n\n\n\n<figure class=\"wp-block-image size-large\"><img loading=\"lazy\" decoding=\"async\" width=\"1024\" height=\"684\" src=\"https:\/\/bangbang.md\/wp-content\/uploads\/2023\/11\/DSC_8595-1024x684.jpg\" alt=\"\" class=\"wp-image-5899\" srcset=\"https:\/\/bangbang.md\/wp-content\/uploads\/2023\/11\/DSC_8595-1024x684.jpg 1024w, https:\/\/bangbang.md\/wp-content\/uploads\/2023\/11\/DSC_8595-300x200.jpg 300w, https:\/\/bangbang.md\/wp-content\/uploads\/2023\/11\/DSC_8595-768x513.jpg 768w, https:\/\/bangbang.md\/wp-content\/uploads\/2023\/11\/DSC_8595-1536x1025.jpg 1536w, https:\/\/bangbang.md\/wp-content\/uploads\/2023\/11\/DSC_8595-2048x1367.jpg 2048w, https:\/\/bangbang.md\/wp-content\/uploads\/2023\/11\/DSC_8595-18x12.jpg 18w, https:\/\/bangbang.md\/wp-content\/uploads\/2023\/11\/DSC_8595-585x391.jpg 585w\" sizes=\"auto, (max-width: 1024px) 100vw, 1024px\" \/><\/figure>\n\n\n\n<figure class=\"wp-block-image size-large\"><img loading=\"lazy\" decoding=\"async\" width=\"1024\" height=\"684\" src=\"https:\/\/bangbang.md\/wp-content\/uploads\/2023\/11\/DSC_8669-1024x684.jpg\" alt=\"\" class=\"wp-image-5900\" srcset=\"https:\/\/bangbang.md\/wp-content\/uploads\/2023\/11\/DSC_8669-1024x684.jpg 1024w, https:\/\/bangbang.md\/wp-content\/uploads\/2023\/11\/DSC_8669-300x200.jpg 300w, https:\/\/bangbang.md\/wp-content\/uploads\/2023\/11\/DSC_8669-768x513.jpg 768w, https:\/\/bangbang.md\/wp-content\/uploads\/2023\/11\/DSC_8669-1536x1025.jpg 1536w, https:\/\/bangbang.md\/wp-content\/uploads\/2023\/11\/DSC_8669-2048x1367.jpg 2048w, https:\/\/bangbang.md\/wp-content\/uploads\/2023\/11\/DSC_8669-18x12.jpg 18w, https:\/\/bangbang.md\/wp-content\/uploads\/2023\/11\/DSC_8669-585x391.jpg 585w\" sizes=\"auto, (max-width: 1024px) 100vw, 1024px\" \/><\/figure>\n\n\n\n<figure class=\"wp-block-image size-large\"><img loading=\"lazy\" decoding=\"async\" width=\"1024\" height=\"684\" src=\"https:\/\/bangbang.md\/wp-content\/uploads\/2023\/11\/DSC_8751-1024x684.jpg\" alt=\"\" class=\"wp-image-5901\" srcset=\"https:\/\/bangbang.md\/wp-content\/uploads\/2023\/11\/DSC_8751-1024x684.jpg 1024w, https:\/\/bangbang.md\/wp-content\/uploads\/2023\/11\/DSC_8751-300x200.jpg 300w, https:\/\/bangbang.md\/wp-content\/uploads\/2023\/11\/DSC_8751-768x513.jpg 768w, https:\/\/bangbang.md\/wp-content\/uploads\/2023\/11\/DSC_8751-1536x1025.jpg 1536w, https:\/\/bangbang.md\/wp-content\/uploads\/2023\/11\/DSC_8751-2048x1367.jpg 2048w, https:\/\/bangbang.md\/wp-content\/uploads\/2023\/11\/DSC_8751-18x12.jpg 18w, https:\/\/bangbang.md\/wp-content\/uploads\/2023\/11\/DSC_8751-585x391.jpg 585w\" sizes=\"auto, (max-width: 1024px) 100vw, 1024px\" \/><\/figure>\n\n\n\n<figure class=\"wp-block-image size-large\"><img loading=\"lazy\" decoding=\"async\" width=\"1024\" height=\"684\" src=\"https:\/\/bangbang.md\/wp-content\/uploads\/2023\/11\/DSC_8849-1024x684.jpg\" alt=\"\" class=\"wp-image-5902\" srcset=\"https:\/\/bangbang.md\/wp-content\/uploads\/2023\/11\/DSC_8849-1024x684.jpg 1024w, https:\/\/bangbang.md\/wp-content\/uploads\/2023\/11\/DSC_8849-300x200.jpg 300w, https:\/\/bangbang.md\/wp-content\/uploads\/2023\/11\/DSC_8849-768x513.jpg 768w, https:\/\/bangbang.md\/wp-content\/uploads\/2023\/11\/DSC_8849-1536x1025.jpg 1536w, https:\/\/bangbang.md\/wp-content\/uploads\/2023\/11\/DSC_8849-2048x1367.jpg 2048w, https:\/\/bangbang.md\/wp-content\/uploads\/2023\/11\/DSC_8849-18x12.jpg 18w, https:\/\/bangbang.md\/wp-content\/uploads\/2023\/11\/DSC_8849-585x391.jpg 585w\" sizes=\"auto, (max-width: 1024px) 100vw, 1024px\" \/><\/figure>\n\n\n\n<figure class=\"wp-block-image size-large\"><img loading=\"lazy\" decoding=\"async\" width=\"1024\" height=\"684\" src=\"https:\/\/bangbang.md\/wp-content\/uploads\/2023\/11\/DSC_8865-1024x684.jpg\" alt=\"\" class=\"wp-image-5903\" srcset=\"https:\/\/bangbang.md\/wp-content\/uploads\/2023\/11\/DSC_8865-1024x684.jpg 1024w, https:\/\/bangbang.md\/wp-content\/uploads\/2023\/11\/DSC_8865-300x200.jpg 300w, https:\/\/bangbang.md\/wp-content\/uploads\/2023\/11\/DSC_8865-768x513.jpg 768w, https:\/\/bangbang.md\/wp-content\/uploads\/2023\/11\/DSC_8865-1536x1025.jpg 1536w, https:\/\/bangbang.md\/wp-content\/uploads\/2023\/11\/DSC_8865-2048x1367.jpg 2048w, https:\/\/bangbang.md\/wp-content\/uploads\/2023\/11\/DSC_8865-18x12.jpg 18w, https:\/\/bangbang.md\/wp-content\/uploads\/2023\/11\/DSC_8865-585x391.jpg 585w\" sizes=\"auto, (max-width: 1024px) 100vw, 1024px\" \/><\/figure>\n\n\n\n<figure class=\"wp-block-image size-large\"><img loading=\"lazy\" decoding=\"async\" width=\"1024\" height=\"684\" src=\"https:\/\/bangbang.md\/wp-content\/uploads\/2023\/11\/DSC_9010-1024x684.jpg\" alt=\"\" class=\"wp-image-5904\" srcset=\"https:\/\/bangbang.md\/wp-content\/uploads\/2023\/11\/DSC_9010-1024x684.jpg 1024w, https:\/\/bangbang.md\/wp-content\/uploads\/2023\/11\/DSC_9010-300x200.jpg 300w, https:\/\/bangbang.md\/wp-content\/uploads\/2023\/11\/DSC_9010-768x513.jpg 768w, https:\/\/bangbang.md\/wp-content\/uploads\/2023\/11\/DSC_9010-1536x1025.jpg 1536w, https:\/\/bangbang.md\/wp-content\/uploads\/2023\/11\/DSC_9010-2048x1367.jpg 2048w, https:\/\/bangbang.md\/wp-content\/uploads\/2023\/11\/DSC_9010-18x12.jpg 18w, https:\/\/bangbang.md\/wp-content\/uploads\/2023\/11\/DSC_9010-585x391.jpg 585w\" sizes=\"auto, (max-width: 1024px) 100vw, 1024px\" \/><\/figure>\n\n\n\n<figure class=\"wp-block-image size-large\"><img loading=\"lazy\" decoding=\"async\" width=\"1024\" height=\"684\" src=\"https:\/\/bangbang.md\/wp-content\/uploads\/2023\/11\/DSC_9170-1024x684.jpg\" alt=\"\" class=\"wp-image-5906\" srcset=\"https:\/\/bangbang.md\/wp-content\/uploads\/2023\/11\/DSC_9170-1024x684.jpg 1024w, https:\/\/bangbang.md\/wp-content\/uploads\/2023\/11\/DSC_9170-300x200.jpg 300w, https:\/\/bangbang.md\/wp-content\/uploads\/2023\/11\/DSC_9170-768x513.jpg 768w, https:\/\/bangbang.md\/wp-content\/uploads\/2023\/11\/DSC_9170-1536x1025.jpg 1536w, https:\/\/bangbang.md\/wp-content\/uploads\/2023\/11\/DSC_9170-2048x1367.jpg 2048w, https:\/\/bangbang.md\/wp-content\/uploads\/2023\/11\/DSC_9170-18x12.jpg 18w, https:\/\/bangbang.md\/wp-content\/uploads\/2023\/11\/DSC_9170-585x391.jpg 585w\" sizes=\"auto, (max-width: 1024px) 100vw, 1024px\" \/><\/figure>\n\n\n\n<p>\u00centre 16 \u0219i 19 noiembrie, are loc cea de-a VI-a edi\u021bie a Festivalului de Film Queer Voices. Evenimentul adun\u0103 pasiona\u021bii de film \u0219i creeaz\u0103 un spa\u021biu sigur \u0219i incluziv pentru comunitatea LGBTQ+ \u0219i alia\u021bii s\u0103i. Este un eveniment dedicat tuturor celor care doresc s\u0103 experimenteze bucuria diversit\u0103\u021bii \u0219i s\u0103 s\u0103rb\u0103toreasc\u0103 autenticitatea LGBTQ+.<\/p>\n\n\n\n<p class=\"has-text-align-center has-white-color has-vivid-purple-background-color has-text-color has-background has-link-color wp-elements-f6538b44e4b9b729f7a08f1e803fc5aa\"><a href=\"https:\/\/queervoices.md\/en\/festival\/\" target=\"_blank\" rel=\"noreferrer noopener\"><strong>Vezi \u00eentregul program aici<\/strong><\/a><\/p>","protected":false},"excerpt":{"rendered":"<p>Pe 16 noiembrie, \u00een cadrul Festivalului de Film Queer Voices, a avut loc spectacolul \u201eP\u00e2n\u0103 ce moartea ne va desp\u0103r\u021bi.\u201d&#8230;<\/p>","protected":false},"author":4,"featured_media":5903,"comment_status":"open","ping_status":"open","sticky":false,"template":"","format":"standard","meta":{"footnotes":""},"categories":[177],"tags":[423,197,440,199,704],"class_list":["post-5897","post","type-post","status-publish","format-standard","has-post-thumbnail","hentry","category-noutati","tag-festivalul-international-de-film-queer-voices","tag-lgbtq","tag-queer-cafe-2","tag-queer-moldova","tag-queerdos"],"yoast_head":"<!-- This site is optimized with the Yoast SEO Premium plugin v18.9 (Yoast SEO v20.13) - https:\/\/yoast.com\/wordpress\/plugins\/seo\/ -->\n<title>FOTO REPORTAJ\/\/ QUEERDOS: P\u00e2n\u0103 ce moartea ne va desp\u0103r\u021bi - BANG-BANG<\/title>\n<meta name=\"description\" content=\"Pe 16 noiembrie, \u00een cadrul Festivalului de Film Queer Voices, a avut loc spectacolul \u201eP\u00e2n\u0103 ce moartea ne va desp\u0103r\u021bi.\u201d Explorarea artistic\u0103 \u0219i nara\u021biunile prezentate \u00een aceast\u0103 pies\u0103 sunt rezultatul creativit\u0103\u021bii colective \u0219i dedic\u0103rii participan\u021bilor implica\u021bi \u00een QUEERDOS ACTing UP Summer Camp.\" \/>\n<meta name=\"robots\" content=\"index, follow, max-snippet:-1, max-image-preview:large, max-video-preview:-1\" \/>\n<link rel=\"canonical\" href=\"https:\/\/bangbang.md\/ru\/2023\/11\/17\/foto-reportaj-queerdos-pana-ce-moartea-ne-va-desparti\/\" \/>\n<meta property=\"og:locale\" content=\"ru_RU\" \/>\n<meta property=\"og:type\" content=\"article\" \/>\n<meta property=\"og:title\" content=\"FOTO REPORTAJ\/\/ QUEERDOS: P\u00e2n\u0103 ce moartea ne va desp\u0103r\u021bi\" \/>\n<meta property=\"og:description\" content=\"Pe 16 noiembrie, \u00een cadrul Festivalului de Film Queer Voices, a avut loc spectacolul \u201eP\u00e2n\u0103 ce moartea ne va desp\u0103r\u021bi.\u201d Explorarea artistic\u0103 \u0219i nara\u021biunile prezentate \u00een aceast\u0103 pies\u0103 sunt rezultatul creativit\u0103\u021bii colective \u0219i dedic\u0103rii participan\u021bilor implica\u021bi \u00een QUEERDOS ACTing UP Summer Camp.\" \/>\n<meta property=\"og:url\" content=\"https:\/\/bangbang.md\/ru\/2023\/11\/17\/foto-reportaj-queerdos-pana-ce-moartea-ne-va-desparti\/\" \/>\n<meta property=\"og:site_name\" content=\"BANG-BANG\" \/>\n<meta property=\"article:publisher\" content=\"https:\/\/www.facebook.com\/bangbangmoldova\" \/>\n<meta property=\"article:published_time\" content=\"2023-11-17T11:17:07+00:00\" \/>\n<meta property=\"article:modified_time\" content=\"2023-11-17T11:21:41+00:00\" \/>\n<meta property=\"og:image\" content=\"https:\/\/bangbang.md\/wp-content\/uploads\/2023\/11\/DSC_8865-1024x684.jpg\" \/>\n\t<meta property=\"og:image:width\" content=\"1024\" \/>\n\t<meta property=\"og:image:height\" content=\"684\" \/>\n\t<meta property=\"og:image:type\" content=\"image\/jpeg\" \/>\n<meta name=\"author\" content=\"Redactia\" \/>\n<meta name=\"twitter:card\" content=\"summary_large_image\" \/>\n<meta name=\"twitter:label1\" content=\"\u041d\u0430\u043f\u0438\u0441\u0430\u043d\u043e \u0430\u0432\u0442\u043e\u0440\u043e\u043c\" \/>\n\t<meta name=\"twitter:data1\" content=\"Redactia\" \/>\n\t<meta name=\"twitter:label2\" content=\"\u041f\u0440\u0438\u043c\u0435\u0440\u043d\u043e\u0435 \u0432\u0440\u0435\u043c\u044f \u0434\u043b\u044f \u0447\u0442\u0435\u043d\u0438\u044f\" \/>\n\t<meta name=\"twitter:data2\" content=\"3 \u043c\u0438\u043d\u0443\u0442\u044b\" \/>\n<script type=\"application\/ld+json\" class=\"yoast-schema-graph\">{\"@context\":\"https:\/\/schema.org\",\"@graph\":[{\"@type\":\"Article\",\"@id\":\"https:\/\/bangbang.md\/2023\/11\/17\/foto-reportaj-queerdos-pana-ce-moartea-ne-va-desparti\/#article\",\"isPartOf\":{\"@id\":\"https:\/\/bangbang.md\/2023\/11\/17\/foto-reportaj-queerdos-pana-ce-moartea-ne-va-desparti\/\"},\"author\":{\"name\":\"Redactia\",\"@id\":\"https:\/\/bangbang.md\/#\/schema\/person\/3c4bdd852f2d2f8db3bde1e81e9676a2\"},\"headline\":\"FOTO REPORTAJ\/\/ QUEERDOS: P\u00e2n\u0103 ce moartea ne va desp\u0103r\u021bi\",\"datePublished\":\"2023-11-17T11:17:07+00:00\",\"dateModified\":\"2023-11-17T11:21:41+00:00\",\"mainEntityOfPage\":{\"@id\":\"https:\/\/bangbang.md\/2023\/11\/17\/foto-reportaj-queerdos-pana-ce-moartea-ne-va-desparti\/\"},\"wordCount\":273,\"commentCount\":0,\"publisher\":{\"@id\":\"https:\/\/bangbang.md\/#organization\"},\"keywords\":[\"Festivalul Interna\u021bional de Film Queer Voices\",\"LGBTQ+\",\"Queer Caf\u00e9\",\"Queer Moldova\",\"Queerdos\"],\"articleSection\":[\"Nout\u0103\u021bi\"],\"inLanguage\":\"ru-RU\"},{\"@type\":\"WebPage\",\"@id\":\"https:\/\/bangbang.md\/2023\/11\/17\/foto-reportaj-queerdos-pana-ce-moartea-ne-va-desparti\/\",\"url\":\"https:\/\/bangbang.md\/2023\/11\/17\/foto-reportaj-queerdos-pana-ce-moartea-ne-va-desparti\/\",\"name\":\"FOTO REPORTAJ\/\/ QUEERDOS: P\u00e2n\u0103 ce moartea ne va desp\u0103r\u021bi - BANG-BANG\",\"isPartOf\":{\"@id\":\"https:\/\/bangbang.md\/#website\"},\"datePublished\":\"2023-11-17T11:17:07+00:00\",\"dateModified\":\"2023-11-17T11:21:41+00:00\",\"description\":\"Pe 16 noiembrie, \u00een cadrul Festivalului de Film Queer Voices, a avut loc spectacolul \u201eP\u00e2n\u0103 ce moartea ne va desp\u0103r\u021bi.\u201d Explorarea artistic\u0103 \u0219i nara\u021biunile prezentate \u00een aceast\u0103 pies\u0103 sunt rezultatul creativit\u0103\u021bii colective \u0219i dedic\u0103rii participan\u021bilor implica\u021bi \u00een QUEERDOS ACTing UP Summer Camp.\",\"breadcrumb\":{\"@id\":\"https:\/\/bangbang.md\/2023\/11\/17\/foto-reportaj-queerdos-pana-ce-moartea-ne-va-desparti\/#breadcrumb\"},\"inLanguage\":\"ru-RU\",\"potentialAction\":[{\"@type\":\"ReadAction\",\"target\":[\"https:\/\/bangbang.md\/2023\/11\/17\/foto-reportaj-queerdos-pana-ce-moartea-ne-va-desparti\/\"]}]},{\"@type\":\"BreadcrumbList\",\"@id\":\"https:\/\/bangbang.md\/2023\/11\/17\/foto-reportaj-queerdos-pana-ce-moartea-ne-va-desparti\/#breadcrumb\",\"itemListElement\":[{\"@type\":\"ListItem\",\"position\":1,\"name\":\"Prima pagin\u0103\",\"item\":\"https:\/\/bangbang.md\/\"},{\"@type\":\"ListItem\",\"position\":2,\"name\":\"FOTO REPORTAJ\/\/ QUEERDOS: P\u00e2n\u0103 ce moartea ne va desp\u0103r\u021bi\"}]},{\"@type\":\"WebSite\",\"@id\":\"https:\/\/bangbang.md\/#website\",\"url\":\"https:\/\/bangbang.md\/\",\"name\":\"BANG-BANG\",\"description\":\"Portal web dedicat comunit\u0103\u021bii LGBTQ d RM\",\"publisher\":{\"@id\":\"https:\/\/bangbang.md\/#organization\"},\"potentialAction\":[{\"@type\":\"SearchAction\",\"target\":{\"@type\":\"EntryPoint\",\"urlTemplate\":\"https:\/\/bangbang.md\/?s={search_term_string}\"},\"query-input\":\"required name=search_term_string\"}],\"inLanguage\":\"ru-RU\"},{\"@type\":\"Organization\",\"@id\":\"https:\/\/bangbang.md\/#organization\",\"name\":\"Bang bang\",\"url\":\"https:\/\/bangbang.md\/\",\"logo\":{\"@type\":\"ImageObject\",\"inLanguage\":\"ru-RU\",\"@id\":\"https:\/\/bangbang.md\/#\/schema\/logo\/image\/\",\"url\":\"https:\/\/bangbang.md\/wp-content\/uploads\/2022\/07\/cropped-Group.jpg\",\"contentUrl\":\"https:\/\/bangbang.md\/wp-content\/uploads\/2022\/07\/cropped-Group.jpg\",\"width\":512,\"height\":512,\"caption\":\"Bang bang\"},\"image\":{\"@id\":\"https:\/\/bangbang.md\/#\/schema\/logo\/image\/\"},\"sameAs\":[\"https:\/\/www.facebook.com\/bangbangmoldova\"]},{\"@type\":\"Person\",\"@id\":\"https:\/\/bangbang.md\/#\/schema\/person\/3c4bdd852f2d2f8db3bde1e81e9676a2\",\"name\":\"Redactia\",\"image\":{\"@type\":\"ImageObject\",\"inLanguage\":\"ru-RU\",\"@id\":\"https:\/\/bangbang.md\/#\/schema\/person\/image\/\",\"url\":\"https:\/\/secure.gravatar.com\/avatar\/31b9e560d1e50693e5c3bec169fad34f40ffc3d32174e8953ddc1d30a6216ced?s=96&d=mm&r=g\",\"contentUrl\":\"https:\/\/secure.gravatar.com\/avatar\/31b9e560d1e50693e5c3bec169fad34f40ffc3d32174e8953ddc1d30a6216ced?s=96&d=mm&r=g\",\"caption\":\"Redactia\"},\"url\":\"https:\/\/bangbang.md\/ru\/author\/redactia\/\"}]}<\/script>\n<!-- \/ Yoast SEO Premium plugin. -->","yoast_head_json":{"title":"FOTO REPORTAJ\/\/ QUEERDOS: P\u00e2n\u0103 ce moartea ne va desp\u0103r\u021bi - BANG-BANG","description":"Pe 16 noiembrie, \u00een cadrul Festivalului de Film Queer Voices, a avut loc spectacolul \u201eP\u00e2n\u0103 ce moartea ne va desp\u0103r\u021bi.\u201d Explorarea artistic\u0103 \u0219i nara\u021biunile prezentate \u00een aceast\u0103 pies\u0103 sunt rezultatul creativit\u0103\u021bii colective \u0219i dedic\u0103rii participan\u021bilor implica\u021bi \u00een QUEERDOS ACTing UP Summer Camp.","robots":{"index":"index","follow":"follow","max-snippet":"max-snippet:-1","max-image-preview":"max-image-preview:large","max-video-preview":"max-video-preview:-1"},"canonical":"https:\/\/bangbang.md\/ru\/2023\/11\/17\/foto-reportaj-queerdos-pana-ce-moartea-ne-va-desparti\/","og_locale":"ru_RU","og_type":"article","og_title":"FOTO REPORTAJ\/\/ QUEERDOS: P\u00e2n\u0103 ce moartea ne va desp\u0103r\u021bi","og_description":"Pe 16 noiembrie, \u00een cadrul Festivalului de Film Queer Voices, a avut loc spectacolul \u201eP\u00e2n\u0103 ce moartea ne va desp\u0103r\u021bi.\u201d Explorarea artistic\u0103 \u0219i nara\u021biunile prezentate \u00een aceast\u0103 pies\u0103 sunt rezultatul creativit\u0103\u021bii colective \u0219i dedic\u0103rii participan\u021bilor implica\u021bi \u00een QUEERDOS ACTing UP Summer Camp.","og_url":"https:\/\/bangbang.md\/ru\/2023\/11\/17\/foto-reportaj-queerdos-pana-ce-moartea-ne-va-desparti\/","og_site_name":"BANG-BANG","article_publisher":"https:\/\/www.facebook.com\/bangbangmoldova","article_published_time":"2023-11-17T11:17:07+00:00","article_modified_time":"2023-11-17T11:21:41+00:00","og_image":[{"width":1024,"height":684,"url":"https:\/\/bangbang.md\/wp-content\/uploads\/2023\/11\/DSC_8865-1024x684.jpg","type":"image\/jpeg"}],"author":"Redactia","twitter_card":"summary_large_image","twitter_misc":{"\u041d\u0430\u043f\u0438\u0441\u0430\u043d\u043e \u0430\u0432\u0442\u043e\u0440\u043e\u043c":"Redactia","\u041f\u0440\u0438\u043c\u0435\u0440\u043d\u043e\u0435 \u0432\u0440\u0435\u043c\u044f \u0434\u043b\u044f \u0447\u0442\u0435\u043d\u0438\u044f":"3 \u043c\u0438\u043d\u0443\u0442\u044b"},"schema":{"@context":"https:\/\/schema.org","@graph":[{"@type":"Article","@id":"https:\/\/bangbang.md\/2023\/11\/17\/foto-reportaj-queerdos-pana-ce-moartea-ne-va-desparti\/#article","isPartOf":{"@id":"https:\/\/bangbang.md\/2023\/11\/17\/foto-reportaj-queerdos-pana-ce-moartea-ne-va-desparti\/"},"author":{"name":"Redactia","@id":"https:\/\/bangbang.md\/#\/schema\/person\/3c4bdd852f2d2f8db3bde1e81e9676a2"},"headline":"FOTO REPORTAJ\/\/ QUEERDOS: P\u00e2n\u0103 ce moartea ne va desp\u0103r\u021bi","datePublished":"2023-11-17T11:17:07+00:00","dateModified":"2023-11-17T11:21:41+00:00","mainEntityOfPage":{"@id":"https:\/\/bangbang.md\/2023\/11\/17\/foto-reportaj-queerdos-pana-ce-moartea-ne-va-desparti\/"},"wordCount":273,"commentCount":0,"publisher":{"@id":"https:\/\/bangbang.md\/#organization"},"keywords":["Festivalul Interna\u021bional de Film Queer Voices","LGBTQ+","Queer Caf\u00e9","Queer Moldova","Queerdos"],"articleSection":["Nout\u0103\u021bi"],"inLanguage":"ru-RU"},{"@type":"WebPage","@id":"https:\/\/bangbang.md\/2023\/11\/17\/foto-reportaj-queerdos-pana-ce-moartea-ne-va-desparti\/","url":"https:\/\/bangbang.md\/2023\/11\/17\/foto-reportaj-queerdos-pana-ce-moartea-ne-va-desparti\/","name":"FOTO REPORTAJ\/\/ QUEERDOS: P\u00e2n\u0103 ce moartea ne va desp\u0103r\u021bi - BANG-BANG","isPartOf":{"@id":"https:\/\/bangbang.md\/#website"},"datePublished":"2023-11-17T11:17:07+00:00","dateModified":"2023-11-17T11:21:41+00:00","description":"Pe 16 noiembrie, \u00een cadrul Festivalului de Film Queer Voices, a avut loc spectacolul \u201eP\u00e2n\u0103 ce moartea ne va desp\u0103r\u021bi.\u201d Explorarea artistic\u0103 \u0219i nara\u021biunile prezentate \u00een aceast\u0103 pies\u0103 sunt rezultatul creativit\u0103\u021bii colective \u0219i dedic\u0103rii participan\u021bilor implica\u021bi \u00een QUEERDOS ACTing UP Summer Camp.","breadcrumb":{"@id":"https:\/\/bangbang.md\/2023\/11\/17\/foto-reportaj-queerdos-pana-ce-moartea-ne-va-desparti\/#breadcrumb"},"inLanguage":"ru-RU","potentialAction":[{"@type":"ReadAction","target":["https:\/\/bangbang.md\/2023\/11\/17\/foto-reportaj-queerdos-pana-ce-moartea-ne-va-desparti\/"]}]},{"@type":"BreadcrumbList","@id":"https:\/\/bangbang.md\/2023\/11\/17\/foto-reportaj-queerdos-pana-ce-moartea-ne-va-desparti\/#breadcrumb","itemListElement":[{"@type":"ListItem","position":1,"name":"Prima pagin\u0103","item":"https:\/\/bangbang.md\/"},{"@type":"ListItem","position":2,"name":"FOTO REPORTAJ\/\/ QUEERDOS: P\u00e2n\u0103 ce moartea ne va desp\u0103r\u021bi"}]},{"@type":"WebSite","@id":"https:\/\/bangbang.md\/#website","url":"https:\/\/bangbang.md\/","name":"BANG-BANG","description":"Portal web dedicat comunit\u0103\u021bii LGBTQ d RM","publisher":{"@id":"https:\/\/bangbang.md\/#organization"},"potentialAction":[{"@type":"SearchAction","target":{"@type":"EntryPoint","urlTemplate":"https:\/\/bangbang.md\/?s={search_term_string}"},"query-input":"required name=search_term_string"}],"inLanguage":"ru-RU"},{"@type":"Organization","@id":"https:\/\/bangbang.md\/#organization","name":"Bang bang","url":"https:\/\/bangbang.md\/","logo":{"@type":"ImageObject","inLanguage":"ru-RU","@id":"https:\/\/bangbang.md\/#\/schema\/logo\/image\/","url":"https:\/\/bangbang.md\/wp-content\/uploads\/2022\/07\/cropped-Group.jpg","contentUrl":"https:\/\/bangbang.md\/wp-content\/uploads\/2022\/07\/cropped-Group.jpg","width":512,"height":512,"caption":"Bang bang"},"image":{"@id":"https:\/\/bangbang.md\/#\/schema\/logo\/image\/"},"sameAs":["https:\/\/www.facebook.com\/bangbangmoldova"]},{"@type":"Person","@id":"https:\/\/bangbang.md\/#\/schema\/person\/3c4bdd852f2d2f8db3bde1e81e9676a2","name":"Redactia","image":{"@type":"ImageObject","inLanguage":"ru-RU","@id":"https:\/\/bangbang.md\/#\/schema\/person\/image\/","url":"https:\/\/secure.gravatar.com\/avatar\/31b9e560d1e50693e5c3bec169fad34f40ffc3d32174e8953ddc1d30a6216ced?s=96&d=mm&r=g","contentUrl":"https:\/\/secure.gravatar.com\/avatar\/31b9e560d1e50693e5c3bec169fad34f40ffc3d32174e8953ddc1d30a6216ced?s=96&d=mm&r=g","caption":"Redactia"},"url":"https:\/\/bangbang.md\/ru\/author\/redactia\/"}]}},"_links":{"self":[{"href":"https:\/\/bangbang.md\/ru\/wp-json\/wp\/v2\/posts\/5897","targetHints":{"allow":["GET"]}}],"collection":[{"href":"https:\/\/bangbang.md\/ru\/wp-json\/wp\/v2\/posts"}],"about":[{"href":"https:\/\/bangbang.md\/ru\/wp-json\/wp\/v2\/types\/post"}],"author":[{"embeddable":true,"href":"https:\/\/bangbang.md\/ru\/wp-json\/wp\/v2\/users\/4"}],"replies":[{"embeddable":true,"href":"https:\/\/bangbang.md\/ru\/wp-json\/wp\/v2\/comments?post=5897"}],"version-history":[{"count":4,"href":"https:\/\/bangbang.md\/ru\/wp-json\/wp\/v2\/posts\/5897\/revisions"}],"predecessor-version":[{"id":5910,"href":"https:\/\/bangbang.md\/ru\/wp-json\/wp\/v2\/posts\/5897\/revisions\/5910"}],"wp:featuredmedia":[{"embeddable":true,"href":"https:\/\/bangbang.md\/ru\/wp-json\/wp\/v2\/media\/5903"}],"wp:attachment":[{"href":"https:\/\/bangbang.md\/ru\/wp-json\/wp\/v2\/media?parent=5897"}],"wp:term":[{"taxonomy":"category","embeddable":true,"href":"https:\/\/bangbang.md\/ru\/wp-json\/wp\/v2\/categories?post=5897"},{"taxonomy":"post_tag","embeddable":true,"href":"https:\/\/bangbang.md\/ru\/wp-json\/wp\/v2\/tags?post=5897"}],"curies":[{"name":"wp","href":"https:\/\/api.w.org\/{rel}","templated":true}]}}