{"id":5643,"date":"2023-10-03T07:32:42","date_gmt":"2023-10-03T07:32:42","guid":{"rendered":"https:\/\/bangbang.md\/?p=5643"},"modified":"2023-10-03T07:44:27","modified_gmt":"2023-10-03T07:44:27","slug":"diaspora-queer-in-germania-ma-simt-acasa-pentru-ca-nu-trebuie-sa-inventez-istorii-despre-cine-sunt","status":"publish","type":"post","link":"https:\/\/bangbang.md\/ru\/2023\/10\/03\/diaspora-queer-in-germania-ma-simt-acasa-pentru-ca-nu-trebuie-sa-inventez-istorii-despre-cine-sunt\/","title":{"rendered":"Diaspora queer: \u201e\u00cen Germania m\u0103 simt acas\u0103, pentru c\u0103 nu trebuie s\u0103 inventez istorii despre cine sunt\u201d"},"content":{"rendered":"<p><em>Autor: Dumitru Petruleac<\/em><\/p>\n\n\n\n<h3 class=\"wp-block-heading\" id=\"h-irina-are-23-de-ani-\u0219i-este-medic-dermatolog-\u0219i-cosmetolog-locuie\u0219te-in-germania-de-un-an-iar-pe-so\u021bia-sa-a-cunoscut-o-acum-trei-ani-in-republica-moldova-s-au-casatorit-cu-un-an-in-urma\"><strong>Irina are 23 de ani \u0219i este medic dermatolog \u0219i cosmetolog, locuie\u0219te \u00een Germania de un an, iar pe so\u021bia sa a cunoscut-o acum trei ani \u00een Republica Moldova. S-au c\u0103s\u0103torit cu un an \u00een urm\u0103.&nbsp;<\/strong><\/h3>\n\n\n\n<h3 class=\"wp-block-heading\" id=\"h-cuplul-a-decis-sa-plece-in-germania-pentru-o-via\u021ba-mai-buna-intr-o-societate-mai-respectuoasa-fa\u021ba-de-persoanele-queer-in-special-pentru-ca-\u0219i-au-dorit-sa-se-poata-casatori-\u0219i-adopta-un-copil\"><strong>Cuplul a decis s\u0103 plece \u00een Germania pentru o via\u021b\u0103 mai bun\u0103, \u00eentr-o societate mai respectuoas\u0103 fa\u021b\u0103 de persoanele queer, \u00een special pentru c\u0103 \u0219i-au dorit s\u0103 se poat\u0103 c\u0103s\u0103tori \u0219i adopta un copil.\u00a0<\/strong><\/h3>\n\n\n\n<h3 class=\"wp-block-heading\" id=\"h-intr-un-interviu-acordat-redac\u021biei-bang-bang-irina-a-povestit-despre-drumul-ei-spre-germania-primele-impresii-\u0219i-via\u021ba-comunita\u021bii-lgbt-de-acolo\"><strong>\u00centr-un interviu acordat redac\u021biei Bang Bang, Irina a povestit despre drumul ei spre Germania, primele impresii \u0219i via\u021ba comunit\u0103\u021bii LGBT+  de acolo.&nbsp;<\/strong><\/h3>\n\n\n\n<p class=\"has-white-color has-black-background-color has-text-color has-background\"><strong>\u00cen \u00eencercarea noastr\u0103 de a oferi mai mult spa\u021biu de comunicare cu \u0219i despre comunitate, demar\u0103m mini-seria de interviuri&nbsp;<em>Diaspora Queer,<\/em>&nbsp;\u00een care adres\u0103m un set de \u00eentreb\u0103ri similare persoanelor LGBT+ originare din R. Moldova, dar stabilite peste hotare. Ne dorim astfel s\u0103 deschidem o porti\u021b\u0103 de dialog despre puterea comunit\u0103\u021bii de a schimba lucrurile \u00een bine at\u00e2t pentru sine, c\u00e2t \u0219i pentru al\u021bii.&nbsp;<\/strong><\/p>\n\n\n\n<h3 class=\"wp-block-heading\"><strong>BB: C\u00e2nd, cum \u0219i de ce a\u021bi plecat din R. Moldova?&nbsp;<\/strong><\/h3>\n\n\n\n<p>Am avut multe motive s\u0103 p\u0103r\u0103sesc Moldova, mai ales din punct de vedere economic, dar \u0219i sub alte aspecte. So\u021bia mea era foarte \u00eenchis\u0103 \u00een sine, \u00eei era foarte greu s\u0103 se deschid\u0103 altor oameni. Am \u00een\u021beles c\u0103 trebuie s\u0103 plec\u0103m pentru a putea fi \u00eempreun\u0103. Totodat\u0103, ea \u00ee\u0219i dorea copii, voia s\u0103 cre\u0103m o familie, dar nu s-a g\u00e2ndit c\u0103 pentru asta trebuie s\u0103 ne c\u0103s\u0103torim, ceea ce \u00een Moldova acum este imposibil. \u0218i iat\u0103, cu timpul, am \u00eenceput s\u0103 \u00een\u021belegem c\u0103 trebuie s\u0103 emigr\u0103m. <\/p>\n\n\n\n<h3 class=\"wp-block-heading\">BB<strong>: Ce v-a determinat s\u0103 alege\u021bi \u021bara \u00een care v\u0103 afla\u021bi acum?&nbsp;<\/strong><\/h3>\n\n\n\n<p>Am avut demult \u00een plan s\u0103 plec\u0103m, \u00eenc\u0103 de acum doi ani. Dar \u00een Germania am ajuns cu un an \u00een urm\u0103. Am venit aici \u00eent\u00e2mpl\u0103tor, nu am planificat asta. \u00cens\u0103, cu siguran\u021b\u0103, nu vreau s\u0103 plec de aici. \u00cen Germania \u00eentr-adev\u0103r ai libertatea de a alege, este democra\u021bie, dar \u0219i legi bune. \u00cen plus, sunt multe lucruri faine, cum ar fi donatorii anonimi de la bancile de sperm\u0103 pentru cuplurile LGBT+, \u00een Moldova nu am fi avut parte de a\u0219a ceva.&nbsp;<\/p>\n\n\n\n<figure class=\"wp-block-image size-large\"><a href=\"https:\/\/www.patreon.com\/BangBangMoldova\" target=\"_blank\" rel=\"noreferrer noopener\"><img loading=\"lazy\" decoding=\"async\" width=\"1024\" height=\"256\" src=\"https:\/\/bangbang.md\/wp-content\/uploads\/2023\/09\/photo_2023-09-08-11.14.09-1024x256.jpeg\" alt=\"\" class=\"wp-image-5439\" srcset=\"https:\/\/bangbang.md\/wp-content\/uploads\/2023\/09\/photo_2023-09-08-11.14.09-1024x256.jpeg 1024w, https:\/\/bangbang.md\/wp-content\/uploads\/2023\/09\/photo_2023-09-08-11.14.09-300x75.jpeg 300w, https:\/\/bangbang.md\/wp-content\/uploads\/2023\/09\/photo_2023-09-08-11.14.09-768x192.jpeg 768w, https:\/\/bangbang.md\/wp-content\/uploads\/2023\/09\/photo_2023-09-08-11.14.09-18x5.jpeg 18w, https:\/\/bangbang.md\/wp-content\/uploads\/2023\/09\/photo_2023-09-08-11.14.09-585x146.jpeg 585w, https:\/\/bangbang.md\/wp-content\/uploads\/2023\/09\/photo_2023-09-08-11.14.09.jpeg 1280w\" sizes=\"auto, (max-width: 1024px) 100vw, 1024px\" \/><\/a><\/figure>\n\n\n\n<h3 class=\"wp-block-heading\">BB<strong>: Cum a fost prima perioad\u0103 acolo pentru dvs, dup\u0103 emigrare? Ce a fost diferit de Moldova?&nbsp;<\/strong><\/h3>\n\n\n\n<p>Am sim\u021bit libertate. C\u00e2nd ies \u00een ora\u0219, v\u0103d foarte multe cupluri queer \u0219i le admir. Sunt fascinat\u0103 de felul cum ei se iubesc, cum se plimb\u0103 lini\u0219tit pe strad\u0103, to\u021bi au simboluri LGBT+ pe rucsacuri, haine, br\u0103\u021b\u0103ri.&nbsp;<\/p>\n\n\n\n<p>Noi am vizitat Moldova la \u00eenceputul lui iunie, eram \u00eentr-un a\u0219a stres, nu puteam sa ne \u021binem liber de m\u00e2n\u0103, s\u0103 ne s\u0103rut\u0103m, plus c\u0103 \u00een Moldova mereu to\u021bi se uit\u0103 la tine, pe cine \u021bii de m\u00e2n\u0103, cum e\u0219ti \u00eembr\u0103cat, cum vorbe\u0219ti, chiar dac\u0103 nu este treaba lor.&nbsp;<\/p>\n\n\n\n<p>\u00cen Germania, \u00een schimb, absolut nimeni nu acord\u0103 aten\u021bie la asta. De fiecare dat\u0103 c\u00e2nd ne plimb\u0103m cu so\u021bia \u0219i ne \u00eembr\u0103\u021bi\u0219\u0103m\/s\u0103rut\u0103m, privirile \u00eendreptate spre noi sunt doar de interes \u0219i se \u00eencheie cu un z\u00e2mbet pe fa\u021b\u0103. Nu am observat nicio form\u0103 de \u00eenjosire sau ur\u0103.<\/p>\n\n\n\n<h3 class=\"wp-block-heading\"><strong>BB: Cum este via\u021ba persoanelor queer, din perspectiva dvs, acolo?&nbsp;<\/strong><\/h3>\n\n\n\n<p>Eu cred c\u0103 au o via\u021b\u0103 fericit\u0103 \u0219i liber\u0103, pentru c\u0103 aici chiar \u0219i copii de 13-14 ani pot s\u0103 circule prin ora\u0219 liber cu accesorii LGBT+. Ei nu simt presiune sau ceva de genul, sunt primi\u021bi \u00een familie \u0219i nu au traume psihologice. Cred c\u0103 oamenii LGBT+ sunt mult mai echilibra\u021bi \u0219i ferici\u021bi aici.&nbsp;<\/p>\n\n\n\n<h3 class=\"wp-block-heading\"><strong>BB: A\u021bi trecut \u0219i \u00een \u021bara respectiv\u0103 prin experien\u021be mai nepl\u0103cute, homofobie?<\/strong><\/h3>\n\n\n\n<p>Nu prea am avut parte de homofobie \u00een Germania, cel pu\u021bin din partea germanilor sau europenilor. Am avut un caz particular cu un o persoan\u0103 din Rom\u00e2nia, sau cu persoane de alte etnii, care sunt mai conservatori \u0219i pot s\u0103 se expun\u0103 negativ. Dar subliniez c\u0103 suntem \u00een Germania, avem legi, protec\u021bie \u0219i ei respect\u0103 de limitele.&nbsp;<\/p>\n\n\n\n<h3 class=\"wp-block-heading\"><strong>BB: Ce poate \u00eenv\u0103\u021ba Moldova \u00een termeni de respectare a drepturilor omului de la \u021bara unde v\u0103 afla\u021bi acum?<\/strong><\/h3>\n\n\n\n<p>Este evident: egalitatea \u00een drepturi. Cred c\u0103 Moldova trebuie s\u0103 recunoasc\u0103 cuplurile, dar \u0219i c\u0103s\u0103toria persoanelor LGBT+, pentru c\u0103 altminteri cet\u0103\u021benii no\u0219tri din comunitate sunte nevoi\u021bi s\u0103 emigreze, iar asta nu e corect.&nbsp;<\/p>\n\n\n\n<h3 class=\"wp-block-heading\"><strong>BB: Dar ce v-ar determina s\u0103 reveni\u021bi \u00een R. Moldova?&nbsp;<\/strong><\/h3>\n\n\n\n<p>M-a\u0219 \u00eentoarce dac\u0103 legile pentru persoanele LGBT+&nbsp; ar fi adoptate p\u00e2n\u0103 la cap\u0103t, inclusiv legalizarea c\u0103s\u0103toriilor de acela\u0219i sex \u0219i dac\u0103 copiii ar avea posibilitatea s\u0103 r\u0103m\u00e2n\u0103 oriunde. So\u021bia mea enorm de mult vrea \u00eenapoi \u00een Moldova, s\u0103 cump\u0103r\u0103m o cas\u0103, s\u0103 avem un copil, dar eu \u00eei spun: cum vezi tu asta? Noi vom fi acolo dou\u0103 mame, copii no\u0219tri vor fi h\u0103r\u021bui\u021bi \u00een societate \u0219i la \u0219coal\u0103 pentru cine sunt p\u0103rin\u021bii lor. Totodat\u0103, copii no\u0219tri dup\u0103 lege nu vor putea fi a no\u0219tri \u0219i nici c\u0103s\u0103toria noastr\u0103 nu va fi recunoscut\u0103. Repet, dac\u0103 \u00een Republica Moldova ar fi fost acceptat\u0103 comunitatea queer, cu bucurie m-a\u0219 \u00eentoarce. Dar a\u0219a, \u00eei aduc argumente so\u021biei mele atunci c\u00e2nd vorbim de ce nu este nevoie s\u0103 revenim.&nbsp;<\/p>\n\n\n\n<ul class=\"wp-block-list\">\n<li><a href=\"https:\/\/bangbang.md\/ru\/2023\/08\/11\/educarea-unui-copil-este-despre-copil-si-nu-despre-tine-cum-e-sa-faci-parte-dintr-o-familie-queer-in-r-moldova\/\" target=\"_blank\" rel=\"noreferrer noopener\"><strong><mark style=\"background-color:rgba(0, 0, 0, 0)\" class=\"has-inline-color has-vivid-cyan-blue-color\">Te-ar putea interesa \u0219i: \u201eEducarea unui copil este despre copil, \u0219i nu despre tine\u201d. Cum e s\u0103 faci parte dintr-o familie queer \u00een R. Moldova<\/mark><\/strong><\/a><\/li>\n<\/ul>\n\n\n\n<h3 class=\"wp-block-heading\"><strong>BB: Ce v\u0103 lipse\u0219te acolo unde v\u0103 afla\u021bi din mediul queer din Moldova?&nbsp;<\/strong><\/h3>\n\n\n\n<p>Sigur c\u0103 \u00eemi este dor de apropia\u021bi \u0219i de prieteni. Dar ei \u00een\u021beleg de ce eu am decis s\u0103 emigrez \u0219i au acceptat.&nbsp;<\/p>\n\n\n\n<h3 class=\"wp-block-heading\"><strong>BB: \u00cen ce moment a\u021bi sim\u021bit c\u0103 sunte\u021bi acas\u0103 acolo unde a\u021bi emigrat?&nbsp;<\/strong><\/h3>\n\n\n\n<p>M\u0103 simt aici ca acas\u0103, m\u0103 simt eu \u00eensumi, nu trebuie s\u0103 inventez diferite istorii cum a\u0219 fi f\u0103cut-o \u00een Moldova.&nbsp;\u00c2<\/p>\n\n\n\n<p class=\"has-white-color has-black-background-color has-text-color has-background\"><strong>Indicele anual \u201eRainbow Europe\u201d, elaborat de organiza\u021bia<a href=\"https:\/\/www.ilga-europe.org\/report\/rainbow-europe-2023\/\">&nbsp;ILGA-Europe<\/a>, care evalueaz\u0103 \u0219i compar\u0103 politicile \u0219i legile privind drepturile persoanelor LGBTQ+ \u00een 49 de \u021b\u0103ri, arat\u0103 c\u0103, \u00een acest an, Germania s-a clasat pe locul 15, acumul\u00e2nd un scor de 55 % privind indexul de respectare a drepturilor omului.&nbsp;<\/strong><\/p>","protected":false},"excerpt":{"rendered":"<p>Autor: Dumitru Petruleac Irina are 23 de ani \u0219i este medic dermatolog \u0219i cosmetolog, locuie\u0219te \u00een Germania de un an,&#8230;<\/p>","protected":false},"author":4,"featured_media":5648,"comment_status":"open","ping_status":"open","sticky":false,"template":"","format":"standard","meta":{"footnotes":""},"categories":[178],"tags":[653,197,292,297,199],"class_list":["post-5643","post","type-post","status-publish","format-standard","has-post-thumbnail","hentry","category-queer-proud","tag-diaspora-queer","tag-lgbtq","tag-orientare-sexuala","tag-pride","tag-queer-moldova"],"yoast_head":"<!-- This site is optimized with the Yoast SEO Premium plugin v18.9 (Yoast SEO v20.13) - https:\/\/yoast.com\/wordpress\/plugins\/seo\/ -->\n<title>Diaspora queer: \u201e\u00cen Germania m\u0103 simt acas\u0103, pentru c\u0103 nu trebuie s\u0103 inventez istorii despre cine sunt\u201d - BANG-BANG<\/title>\n<meta name=\"robots\" content=\"index, follow, max-snippet:-1, max-image-preview:large, max-video-preview:-1\" \/>\n<link rel=\"canonical\" href=\"https:\/\/bangbang.md\/ru\/2023\/10\/03\/diaspora-queer-in-germania-ma-simt-acasa-pentru-ca-nu-trebuie-sa-inventez-istorii-despre-cine-sunt\/\" \/>\n<meta property=\"og:locale\" content=\"ru_RU\" \/>\n<meta property=\"og:type\" content=\"article\" \/>\n<meta property=\"og:title\" content=\"Diaspora queer: \u201e\u00cen Germania m\u0103 simt acas\u0103, pentru c\u0103 nu trebuie s\u0103 inventez istorii despre cine sunt\u201d\" \/>\n<meta property=\"og:description\" content=\"Autor: Dumitru Petruleac Irina are 23 de ani \u0219i este medic dermatolog \u0219i cosmetolog, locuie\u0219te \u00een Germania de un an,...\" \/>\n<meta property=\"og:url\" content=\"https:\/\/bangbang.md\/ru\/2023\/10\/03\/diaspora-queer-in-germania-ma-simt-acasa-pentru-ca-nu-trebuie-sa-inventez-istorii-despre-cine-sunt\/\" \/>\n<meta property=\"og:site_name\" content=\"BANG-BANG\" \/>\n<meta property=\"article:publisher\" content=\"https:\/\/www.facebook.com\/bangbangmoldova\" \/>\n<meta property=\"article:published_time\" content=\"2023-10-03T07:32:42+00:00\" \/>\n<meta property=\"article:modified_time\" content=\"2023-10-03T07:44:27+00:00\" \/>\n<meta property=\"og:image\" content=\"https:\/\/bangbang.md\/wp-content\/uploads\/2023\/10\/1000006407-e1696318622200.jpg\" \/>\n\t<meta property=\"og:image:width\" content=\"1200\" \/>\n\t<meta property=\"og:image:height\" content=\"888\" \/>\n\t<meta property=\"og:image:type\" content=\"image\/jpeg\" \/>\n<meta name=\"author\" content=\"Redactia\" \/>\n<meta name=\"twitter:card\" content=\"summary_large_image\" \/>\n<meta name=\"twitter:label1\" content=\"\u041d\u0430\u043f\u0438\u0441\u0430\u043d\u043e \u0430\u0432\u0442\u043e\u0440\u043e\u043c\" \/>\n\t<meta name=\"twitter:data1\" content=\"Redactia\" \/>\n<script type=\"application\/ld+json\" class=\"yoast-schema-graph\">{\"@context\":\"https:\/\/schema.org\",\"@graph\":[{\"@type\":\"Article\",\"@id\":\"https:\/\/bangbang.md\/2023\/10\/03\/diaspora-queer-in-germania-ma-simt-acasa-pentru-ca-nu-trebuie-sa-inventez-istorii-despre-cine-sunt\/#article\",\"isPartOf\":{\"@id\":\"https:\/\/bangbang.md\/2023\/10\/03\/diaspora-queer-in-germania-ma-simt-acasa-pentru-ca-nu-trebuie-sa-inventez-istorii-despre-cine-sunt\/\"},\"author\":{\"name\":\"Redactia\",\"@id\":\"https:\/\/bangbang.md\/#\/schema\/person\/3c4bdd852f2d2f8db3bde1e81e9676a2\"},\"headline\":\"Diaspora queer: \u201e\u00cen Germania m\u0103 simt acas\u0103, pentru c\u0103 nu trebuie s\u0103 inventez istorii despre cine sunt\u201d\",\"datePublished\":\"2023-10-03T07:32:42+00:00\",\"dateModified\":\"2023-10-03T07:44:27+00:00\",\"mainEntityOfPage\":{\"@id\":\"https:\/\/bangbang.md\/2023\/10\/03\/diaspora-queer-in-germania-ma-simt-acasa-pentru-ca-nu-trebuie-sa-inventez-istorii-despre-cine-sunt\/\"},\"wordCount\":1114,\"commentCount\":0,\"publisher\":{\"@id\":\"https:\/\/bangbang.md\/#organization\"},\"keywords\":[\"Diaspora Queer\",\"LGBTQ+\",\"Orientare sexual\u0103\",\"Pride\",\"Queer Moldova\"],\"articleSection\":[\"Queer &amp; Proud\"],\"inLanguage\":\"ru-RU\"},{\"@type\":\"WebPage\",\"@id\":\"https:\/\/bangbang.md\/2023\/10\/03\/diaspora-queer-in-germania-ma-simt-acasa-pentru-ca-nu-trebuie-sa-inventez-istorii-despre-cine-sunt\/\",\"url\":\"https:\/\/bangbang.md\/2023\/10\/03\/diaspora-queer-in-germania-ma-simt-acasa-pentru-ca-nu-trebuie-sa-inventez-istorii-despre-cine-sunt\/\",\"name\":\"Diaspora queer: \u201e\u00cen Germania m\u0103 simt acas\u0103, pentru c\u0103 nu trebuie s\u0103 inventez istorii despre cine sunt\u201d - BANG-BANG\",\"isPartOf\":{\"@id\":\"https:\/\/bangbang.md\/#website\"},\"datePublished\":\"2023-10-03T07:32:42+00:00\",\"dateModified\":\"2023-10-03T07:44:27+00:00\",\"breadcrumb\":{\"@id\":\"https:\/\/bangbang.md\/2023\/10\/03\/diaspora-queer-in-germania-ma-simt-acasa-pentru-ca-nu-trebuie-sa-inventez-istorii-despre-cine-sunt\/#breadcrumb\"},\"inLanguage\":\"ru-RU\",\"potentialAction\":[{\"@type\":\"ReadAction\",\"target\":[\"https:\/\/bangbang.md\/2023\/10\/03\/diaspora-queer-in-germania-ma-simt-acasa-pentru-ca-nu-trebuie-sa-inventez-istorii-despre-cine-sunt\/\"]}]},{\"@type\":\"BreadcrumbList\",\"@id\":\"https:\/\/bangbang.md\/2023\/10\/03\/diaspora-queer-in-germania-ma-simt-acasa-pentru-ca-nu-trebuie-sa-inventez-istorii-despre-cine-sunt\/#breadcrumb\",\"itemListElement\":[{\"@type\":\"ListItem\",\"position\":1,\"name\":\"Prima pagin\u0103\",\"item\":\"https:\/\/bangbang.md\/\"},{\"@type\":\"ListItem\",\"position\":2,\"name\":\"Diaspora queer: \u201e\u00cen Germania m\u0103 simt acas\u0103, pentru c\u0103 nu trebuie s\u0103 inventez istorii despre cine sunt\u201d\"}]},{\"@type\":\"WebSite\",\"@id\":\"https:\/\/bangbang.md\/#website\",\"url\":\"https:\/\/bangbang.md\/\",\"name\":\"BANG-BANG\",\"description\":\"Portal web dedicat comunit\u0103\u021bii LGBTQ d RM\",\"publisher\":{\"@id\":\"https:\/\/bangbang.md\/#organization\"},\"potentialAction\":[{\"@type\":\"SearchAction\",\"target\":{\"@type\":\"EntryPoint\",\"urlTemplate\":\"https:\/\/bangbang.md\/?s={search_term_string}\"},\"query-input\":\"required name=search_term_string\"}],\"inLanguage\":\"ru-RU\"},{\"@type\":\"Organization\",\"@id\":\"https:\/\/bangbang.md\/#organization\",\"name\":\"Bang bang\",\"url\":\"https:\/\/bangbang.md\/\",\"logo\":{\"@type\":\"ImageObject\",\"inLanguage\":\"ru-RU\",\"@id\":\"https:\/\/bangbang.md\/#\/schema\/logo\/image\/\",\"url\":\"https:\/\/bangbang.md\/wp-content\/uploads\/2022\/07\/cropped-Group.jpg\",\"contentUrl\":\"https:\/\/bangbang.md\/wp-content\/uploads\/2022\/07\/cropped-Group.jpg\",\"width\":512,\"height\":512,\"caption\":\"Bang bang\"},\"image\":{\"@id\":\"https:\/\/bangbang.md\/#\/schema\/logo\/image\/\"},\"sameAs\":[\"https:\/\/www.facebook.com\/bangbangmoldova\"]},{\"@type\":\"Person\",\"@id\":\"https:\/\/bangbang.md\/#\/schema\/person\/3c4bdd852f2d2f8db3bde1e81e9676a2\",\"name\":\"Redactia\",\"image\":{\"@type\":\"ImageObject\",\"inLanguage\":\"ru-RU\",\"@id\":\"https:\/\/bangbang.md\/#\/schema\/person\/image\/\",\"url\":\"https:\/\/secure.gravatar.com\/avatar\/31b9e560d1e50693e5c3bec169fad34f40ffc3d32174e8953ddc1d30a6216ced?s=96&d=mm&r=g\",\"contentUrl\":\"https:\/\/secure.gravatar.com\/avatar\/31b9e560d1e50693e5c3bec169fad34f40ffc3d32174e8953ddc1d30a6216ced?s=96&d=mm&r=g\",\"caption\":\"Redactia\"},\"url\":\"https:\/\/bangbang.md\/ru\/author\/redactia\/\"}]}<\/script>\n<!-- \/ Yoast SEO Premium plugin. -->","yoast_head_json":{"title":"Diaspora queer: \u201e\u00cen Germania m\u0103 simt acas\u0103, pentru c\u0103 nu trebuie s\u0103 inventez istorii despre cine sunt\u201d - BANG-BANG","robots":{"index":"index","follow":"follow","max-snippet":"max-snippet:-1","max-image-preview":"max-image-preview:large","max-video-preview":"max-video-preview:-1"},"canonical":"https:\/\/bangbang.md\/ru\/2023\/10\/03\/diaspora-queer-in-germania-ma-simt-acasa-pentru-ca-nu-trebuie-sa-inventez-istorii-despre-cine-sunt\/","og_locale":"ru_RU","og_type":"article","og_title":"Diaspora queer: \u201e\u00cen Germania m\u0103 simt acas\u0103, pentru c\u0103 nu trebuie s\u0103 inventez istorii despre cine sunt\u201d","og_description":"Autor: Dumitru Petruleac Irina are 23 de ani \u0219i este medic dermatolog \u0219i cosmetolog, locuie\u0219te \u00een Germania de un an,...","og_url":"https:\/\/bangbang.md\/ru\/2023\/10\/03\/diaspora-queer-in-germania-ma-simt-acasa-pentru-ca-nu-trebuie-sa-inventez-istorii-despre-cine-sunt\/","og_site_name":"BANG-BANG","article_publisher":"https:\/\/www.facebook.com\/bangbangmoldova","article_published_time":"2023-10-03T07:32:42+00:00","article_modified_time":"2023-10-03T07:44:27+00:00","og_image":[{"width":1200,"height":888,"url":"https:\/\/bangbang.md\/wp-content\/uploads\/2023\/10\/1000006407-e1696318622200.jpg","type":"image\/jpeg"}],"author":"Redactia","twitter_card":"summary_large_image","twitter_misc":{"\u041d\u0430\u043f\u0438\u0441\u0430\u043d\u043e \u0430\u0432\u0442\u043e\u0440\u043e\u043c":"Redactia"},"schema":{"@context":"https:\/\/schema.org","@graph":[{"@type":"Article","@id":"https:\/\/bangbang.md\/2023\/10\/03\/diaspora-queer-in-germania-ma-simt-acasa-pentru-ca-nu-trebuie-sa-inventez-istorii-despre-cine-sunt\/#article","isPartOf":{"@id":"https:\/\/bangbang.md\/2023\/10\/03\/diaspora-queer-in-germania-ma-simt-acasa-pentru-ca-nu-trebuie-sa-inventez-istorii-despre-cine-sunt\/"},"author":{"name":"Redactia","@id":"https:\/\/bangbang.md\/#\/schema\/person\/3c4bdd852f2d2f8db3bde1e81e9676a2"},"headline":"Diaspora queer: \u201e\u00cen Germania m\u0103 simt acas\u0103, pentru c\u0103 nu trebuie s\u0103 inventez istorii despre cine sunt\u201d","datePublished":"2023-10-03T07:32:42+00:00","dateModified":"2023-10-03T07:44:27+00:00","mainEntityOfPage":{"@id":"https:\/\/bangbang.md\/2023\/10\/03\/diaspora-queer-in-germania-ma-simt-acasa-pentru-ca-nu-trebuie-sa-inventez-istorii-despre-cine-sunt\/"},"wordCount":1114,"commentCount":0,"publisher":{"@id":"https:\/\/bangbang.md\/#organization"},"keywords":["Diaspora Queer","LGBTQ+","Orientare sexual\u0103","Pride","Queer Moldova"],"articleSection":["Queer &amp; Proud"],"inLanguage":"ru-RU"},{"@type":"WebPage","@id":"https:\/\/bangbang.md\/2023\/10\/03\/diaspora-queer-in-germania-ma-simt-acasa-pentru-ca-nu-trebuie-sa-inventez-istorii-despre-cine-sunt\/","url":"https:\/\/bangbang.md\/2023\/10\/03\/diaspora-queer-in-germania-ma-simt-acasa-pentru-ca-nu-trebuie-sa-inventez-istorii-despre-cine-sunt\/","name":"Diaspora queer: \u201e\u00cen Germania m\u0103 simt acas\u0103, pentru c\u0103 nu trebuie s\u0103 inventez istorii despre cine sunt\u201d - BANG-BANG","isPartOf":{"@id":"https:\/\/bangbang.md\/#website"},"datePublished":"2023-10-03T07:32:42+00:00","dateModified":"2023-10-03T07:44:27+00:00","breadcrumb":{"@id":"https:\/\/bangbang.md\/2023\/10\/03\/diaspora-queer-in-germania-ma-simt-acasa-pentru-ca-nu-trebuie-sa-inventez-istorii-despre-cine-sunt\/#breadcrumb"},"inLanguage":"ru-RU","potentialAction":[{"@type":"ReadAction","target":["https:\/\/bangbang.md\/2023\/10\/03\/diaspora-queer-in-germania-ma-simt-acasa-pentru-ca-nu-trebuie-sa-inventez-istorii-despre-cine-sunt\/"]}]},{"@type":"BreadcrumbList","@id":"https:\/\/bangbang.md\/2023\/10\/03\/diaspora-queer-in-germania-ma-simt-acasa-pentru-ca-nu-trebuie-sa-inventez-istorii-despre-cine-sunt\/#breadcrumb","itemListElement":[{"@type":"ListItem","position":1,"name":"Prima pagin\u0103","item":"https:\/\/bangbang.md\/"},{"@type":"ListItem","position":2,"name":"Diaspora queer: \u201e\u00cen Germania m\u0103 simt acas\u0103, pentru c\u0103 nu trebuie s\u0103 inventez istorii despre cine sunt\u201d"}]},{"@type":"WebSite","@id":"https:\/\/bangbang.md\/#website","url":"https:\/\/bangbang.md\/","name":"BANG-BANG","description":"Portal web dedicat comunit\u0103\u021bii LGBTQ d RM","publisher":{"@id":"https:\/\/bangbang.md\/#organization"},"potentialAction":[{"@type":"SearchAction","target":{"@type":"EntryPoint","urlTemplate":"https:\/\/bangbang.md\/?s={search_term_string}"},"query-input":"required name=search_term_string"}],"inLanguage":"ru-RU"},{"@type":"Organization","@id":"https:\/\/bangbang.md\/#organization","name":"Bang bang","url":"https:\/\/bangbang.md\/","logo":{"@type":"ImageObject","inLanguage":"ru-RU","@id":"https:\/\/bangbang.md\/#\/schema\/logo\/image\/","url":"https:\/\/bangbang.md\/wp-content\/uploads\/2022\/07\/cropped-Group.jpg","contentUrl":"https:\/\/bangbang.md\/wp-content\/uploads\/2022\/07\/cropped-Group.jpg","width":512,"height":512,"caption":"Bang bang"},"image":{"@id":"https:\/\/bangbang.md\/#\/schema\/logo\/image\/"},"sameAs":["https:\/\/www.facebook.com\/bangbangmoldova"]},{"@type":"Person","@id":"https:\/\/bangbang.md\/#\/schema\/person\/3c4bdd852f2d2f8db3bde1e81e9676a2","name":"Redactia","image":{"@type":"ImageObject","inLanguage":"ru-RU","@id":"https:\/\/bangbang.md\/#\/schema\/person\/image\/","url":"https:\/\/secure.gravatar.com\/avatar\/31b9e560d1e50693e5c3bec169fad34f40ffc3d32174e8953ddc1d30a6216ced?s=96&d=mm&r=g","contentUrl":"https:\/\/secure.gravatar.com\/avatar\/31b9e560d1e50693e5c3bec169fad34f40ffc3d32174e8953ddc1d30a6216ced?s=96&d=mm&r=g","caption":"Redactia"},"url":"https:\/\/bangbang.md\/ru\/author\/redactia\/"}]}},"_links":{"self":[{"href":"https:\/\/bangbang.md\/ru\/wp-json\/wp\/v2\/posts\/5643","targetHints":{"allow":["GET"]}}],"collection":[{"href":"https:\/\/bangbang.md\/ru\/wp-json\/wp\/v2\/posts"}],"about":[{"href":"https:\/\/bangbang.md\/ru\/wp-json\/wp\/v2\/types\/post"}],"author":[{"embeddable":true,"href":"https:\/\/bangbang.md\/ru\/wp-json\/wp\/v2\/users\/4"}],"replies":[{"embeddable":true,"href":"https:\/\/bangbang.md\/ru\/wp-json\/wp\/v2\/comments?post=5643"}],"version-history":[{"count":3,"href":"https:\/\/bangbang.md\/ru\/wp-json\/wp\/v2\/posts\/5643\/revisions"}],"predecessor-version":[{"id":5650,"href":"https:\/\/bangbang.md\/ru\/wp-json\/wp\/v2\/posts\/5643\/revisions\/5650"}],"wp:featuredmedia":[{"embeddable":true,"href":"https:\/\/bangbang.md\/ru\/wp-json\/wp\/v2\/media\/5648"}],"wp:attachment":[{"href":"https:\/\/bangbang.md\/ru\/wp-json\/wp\/v2\/media?parent=5643"}],"wp:term":[{"taxonomy":"category","embeddable":true,"href":"https:\/\/bangbang.md\/ru\/wp-json\/wp\/v2\/categories?post=5643"},{"taxonomy":"post_tag","embeddable":true,"href":"https:\/\/bangbang.md\/ru\/wp-json\/wp\/v2\/tags?post=5643"}],"curies":[{"name":"wp","href":"https:\/\/api.w.org\/{rel}","templated":true}]}}