{"id":5494,"date":"2023-09-15T09:10:07","date_gmt":"2023-09-15T09:10:07","guid":{"rendered":"https:\/\/bangbang.md\/?p=5494"},"modified":"2023-09-15T09:28:09","modified_gmt":"2023-09-15T09:28:09","slug":"discursul-de-ura-in-politica-moldoveneasca-candidatii-la-primarie-si-homofobia","status":"publish","type":"post","link":"https:\/\/bangbang.md\/ru\/2023\/09\/15\/discursul-de-ura-in-politica-moldoveneasca-candidatii-la-primarie-si-homofobia\/","title":{"rendered":"Discursul de ur\u0103 \u00een politica moldoveneasc\u0103: Candida\u021bii la prim\u0103rie \u0219i\u00a0Homofobia"},"content":{"rendered":"<p class=\"has-white-color has-black-background-color has-text-color has-background\"><strong>Candida\u021bi la \u0219efia Prim\u0103riei din partea MAN, PSRM \u0219i a partidului Rena\u0219terea au f\u0103cut anterior declara\u021bii homofobe. Fie c\u0103 e vorba de interzicerea mar\u0219ului Pride, promis\u0103 de actualul edil sau de ini\u021biative legislative homofobe tirajate dup\u0103 exemplul Rusiei, anun\u021bate de fostul coleg al lui Ion Ceban din PSRM, Vasile Bolea, discursul de ur\u0103 a r\u0103mas o constant\u0103 \u00een alegerile na\u021bionale \u0219i locale, aspect semnalat \u0219i de Centrul GDM \u00een rapoartele sale anuale.&nbsp;<\/strong><\/p>\n\n\n\n<p>Mai multe partide \u0219i-au anun\u021bat deja candida\u021bii la \u0219efia prim\u0103riei Chi\u0219in\u0103u, \u00een contextul alegerilor locale din 5 noiembrie curent. Printre ace\u0219tia, <strong>actualul primar, Ion Ceban<\/strong>, care \u0219i-a anun\u021bat la finalul anului trecut \u0219i noul partid, Mi\u0219carea de Alternativ\u0103 Na\u021bional\u0103, declarat pro-european. \u00cen pofida acestui fapt, <a href=\"https:\/\/moldova.europalibera.org\/a\/ion-ceban-spune-ca-primaria-nu-va-autoriza-marsul-lgbt-din-18-iunie\/32455634.html\" target=\"_blank\" rel=\"noreferrer noopener\"><mark style=\"background-color:rgba(0, 0, 0, 0)\" class=\"has-inline-color has-vivid-cyan-blue-color\"><strong>primarul \u0219i-a p\u0103strat \u00een 2023<\/strong><\/mark><\/a> amenin\u021barea de a interzice mar\u0219ul Pride din Chi\u0219in\u0103u, de\u0219i asta nu intr\u0103 \u00een competen\u021bele sale.&nbsp;<\/p>\n\n\n\n<blockquote class=\"wp-block-quote is-layout-flow wp-block-quote-is-layout-flow\">\n<p><em>\u201eEu reiterez: cel mai bun loc pentru astfel de activit\u0103\u021bi, pentru a nu perturba transportul public \u00een capital\u0103 sau alte activit\u0103\u021bi, cel mai bun loc pentru parad\u0103 este Parlamentul \u0219i guvernul. Mai sunt \u0219i alte institu\u021bii, f\u0103r\u0103 personalul nemijlocit, care activeaz\u0103 \u00een aceast\u0103 privin\u021b\u0103. Asta este situa\u021bia: am spus \u2013 fiecare s\u0103 fac\u0103 ce vrea acas\u0103, nu avem nevoie de propaganda acestor manifesta\u021bii, comportament \u0219i atitudini<\/em>\u201d, spunea Ceban, \u00een luna iunie curent, \u00eenainte de eveniment.&nbsp;<\/p>\n<\/blockquote>\n\n\n\n<p>La fel ca \u0219i \u00een 2022, mar\u0219ul a avut loc \u0219i a fost numeros, la acesta fiind prezen\u021bi inclusiv deputa\u021bi, precum \u0219i reprezentan\u021bi ai ambasadelor.&nbsp;<\/p>\n\n\n\n<figure class=\"wp-block-image size-large\"><a href=\"https:\/\/www.patreon.com\/BangBangMoldova\" target=\"_blank\" rel=\"noreferrer noopener\"><img loading=\"lazy\" decoding=\"async\" width=\"1024\" height=\"256\" src=\"https:\/\/bangbang.md\/wp-content\/uploads\/2023\/09\/photo_2023-09-08-11.05.43-1024x256.jpeg\" alt=\"\" class=\"wp-image-5435\" srcset=\"https:\/\/bangbang.md\/wp-content\/uploads\/2023\/09\/photo_2023-09-08-11.05.43-1024x256.jpeg 1024w, https:\/\/bangbang.md\/wp-content\/uploads\/2023\/09\/photo_2023-09-08-11.05.43-300x75.jpeg 300w, https:\/\/bangbang.md\/wp-content\/uploads\/2023\/09\/photo_2023-09-08-11.05.43-768x192.jpeg 768w, https:\/\/bangbang.md\/wp-content\/uploads\/2023\/09\/photo_2023-09-08-11.05.43-18x5.jpeg 18w, https:\/\/bangbang.md\/wp-content\/uploads\/2023\/09\/photo_2023-09-08-11.05.43-585x146.jpeg 585w, https:\/\/bangbang.md\/wp-content\/uploads\/2023\/09\/photo_2023-09-08-11.05.43.jpeg 1280w\" sizes=\"auto, (max-width: 1024px) 100vw, 1024px\" \/><\/a><\/figure>\n\n\n\n<p>Pe l\u00e2ng\u0103 Ceban, \u0219i candidata la Prim\u0103rie din partea comuni\u0219tilor,<strong> Diana Caraman<\/strong> a f\u0103cut anterior declara\u021bii homofobe \u0219i manipulatoare, al\u0103tur\u00e2ndu-se \u00een 2022 <a href=\"https:\/\/partidulsor.md\/news\/partidul-sor-%C8%99i-partidul-comuni%C8%99tilor,-impotriva-mar%C8%99ului-lgbt-asistam-la-un-atac-brutal-asupra-valorilor-cre%C8%99tine-%C8%99i-asupra-familiei-tradi%C8%9Bionale.html\" target=\"_blank\" rel=\"noreferrer noopener\"><strong><mark style=\"background-color:rgba(0, 0, 0, 0)\" class=\"has-inline-color has-vivid-cyan-blue-color\">Partidului \u0218or \u00eentr-o ac\u021biune de protest<\/mark><\/strong><\/a> \u00eempotriva mar\u0219ului Pride.&nbsp;<\/p>\n\n\n\n<blockquote class=\"wp-block-quote is-layout-flow wp-block-quote-is-layout-flow\">\n<p>\u201e<em>Noi cerem anularea acestui mar\u0219, pe care \u00eel consider\u0103m nepotrivit. \u0218i asta pentru c\u0103 nimeni nu este un secret faptul c\u0103 90 la sut\u0103 dintre moldoveni sunt cre\u0219tini ortodoc\u0219i. Familia, copiii au permis existen\u021ba acestui popor de-a lungul istoriei, iar p\u0103strarea acestor valori este \u00een continuare o prioritate pentru noi<\/em>\u201d, spunea atunci Caraman.&nbsp;<\/p>\n<\/blockquote>\n\n\n\n<p>Tot anul trecut, deputata comunist\u0103 \u021binea \u00een plenul Parlamentului un discurs prin care \u00ee\u0219i manifesta nemul\u021bumirea cu privire la faptul c\u0103 R. Moldova a ratificat anterior Conven\u021bia de la Istanbul, iar ulterior, \u0219i pentru modific\u0103rile la Articolul 172 din Codul Penal.&nbsp;<\/p>\n\n\n\n<blockquote class=\"wp-block-quote is-layout-flow wp-block-quote-is-layout-flow\">\n<p><em>\u201eAmintesc tuturor cum \u00een 2014, reprezentan\u021bii puterii, trec\u00e2nd peste toate procedurile prev\u0103zute, cu nep\u0103sare f\u0103\u021bi\u0219\u0103 \u00een raport cu valorile morale \u0219i cre\u0219tine ale \u021b\u0103rii noastre, au votat pentru ratificarea Conven\u021biei de la Istanbul. (\u2026) Partidul Comuni\u0219tilor \u00eenc\u0103 \u00een 2021 a vorbit despre acest pericol \u0219i despre capcanele \u0219i Conven\u021bia notorie care, sub pretextul ap\u0103r\u0103rii drepturilor femeilor, promoveaz\u0103 interesele \u0219i promoveaz\u0103 homosexualitatea. Acele schimb\u0103ri pe care azi le va hot\u0103r\u00ee majoritatea parlamentar\u0103 sunt o \u00eencercare de a descompune moral societatea noastr\u0103<\/em>\u201d, puncta aceasta.&nbsp;<\/p>\n<\/blockquote>\n\n\n\n<p>Drept reac\u021bie, Coordonatoarea de Program Lobby \u0219i Advocacy a Drepturilor LGBT din cadrul GENDERDOC-M, Angelica Frolov a publicat atunci o scrisoare deschis\u0103 adresat\u0103 deputatei din partea BECS.&nbsp;&nbsp;<\/p>\n\n\n\n<p>\u201e<em>Declara\u021bia dumneavoastr\u0103 prin care sunte\u021bi nemul\u021bumit\u0103 c\u0103 articolul 172 din Codul Penal \u201eAc\u0163iuni violente cu caracter sexual (1) Homosexualitatea sau satisfacerea poftei sexuale \u00een forme perverse, s\u0103v\u00e2r\u0219ite prin constr\u00eengere fizic\u0103 sau psihic\u0103 a persoanei ori profit\u00e2nd de imposibilitatea acesteia de a se ap\u0103ra sau de a-\u015fi exprima voin\u0163a, se pedepsesc cu \u00eenchisoare de la 3 la 5 ani\u201d este \u00eenlocuit cu \u201eac\u021biuni violente f\u0103r\u0103 consens, care se pedepse\u0219te cu \u00eenchisoare de la 2 la 5 ani\u201d presupune c\u0103 d-str\u0103 crede\u021bi c\u0103 dac\u0103 un b\u0103rbat violeaz\u0103 o femeie, asta este mai pu\u021bin pervers \u0219i mai pu\u021bin grav dec\u00e2t dac\u0103 un b\u0103rbat violeaz\u0103 un b\u0103rbat. Ori acum schimb\u0103rile din Codul Penal pun semnul egal \u00eentre orice fel de viol asupra persoanelor care au atins majoratul. Deci nu, doamn\u0103 deputat\u0103, o infrac\u021biune homosexual\u0103 nu este una special\u0103, este o infrac\u021biune ca \u0219i cele heterosexuale \u0219i trebuie pedepsite la fel<\/em>\u201d, men\u021biona Angelica Frolov.&nbsp;&nbsp;<\/p>\n\n\n\n<p>Fostul coleg de partid a lui Ion Ceban, deputatul transfug<strong>, Vasile Bolea<\/strong> s-a al\u0103turat \u0219i el chem\u0103rilor de a interzice mar\u0219ul Pride din Chi\u0219in\u0103u. Mai mult, \u00een 2021, Bolea anun\u021ba, \u00eentr-un briefing la Parlament c\u0103, PSRM<a href=\"https:\/\/anticoruptie.md\/ro\/stiri\/socialistii-vor-sa-interzica-casatoriile-intre-persoane-de-acelasi-sex-lgbt-declaratiile-psrm-o-manipulare\" target=\"_blank\" rel=\"noreferrer noopener\"> <\/a><mark style=\"background-color:rgba(0, 0, 0, 0)\" class=\"has-inline-color has-vivid-cyan-blue-color\"><strong><a href=\"https:\/\/anticoruptie.md\/ro\/stiri\/socialistii-vor-sa-interzica-casatoriile-intre-persoane-de-acelasi-sex-lgbt-declaratiile-psrm-o-manipulare\" target=\"_blank\" rel=\"noreferrer noopener\">elaboreaz\u0103 ini\u021biative legate de \u201econsolidarea institu\u021biei familiei\u201d<\/a>.&nbsp;<\/strong><\/mark><\/p>\n\n\n\n<blockquote class=\"wp-block-quote is-layout-flow wp-block-quote-is-layout-flow\">\n<p>\u201e<em>Constitu\u021bia Republicii Moldova consfin\u021be\u0219te c\u0103 familia este \u00eentemeiat\u0103 \u00een baza rela\u021biei dintre b\u0103rbat \u0219i femeie. \u00cen acela\u0219i timp, propunem completarea articolului 48 din Constitu\u021bie cu urm\u0103toarele prevederi: statul interzice \u00eenregistrarea c\u0103s\u0103toriilor \u00eentre persoane de acela\u0219i sex, p\u0103rin\u021bii copiilor sunt tat\u0103l \u0219i mama. Astfel de dispozi\u021bii, au fost incluse \u00een constitu\u021biile na\u021bionale ale unor \u021b\u0103ri precum Rom\u00e2nia, Ungaria, Polonia, Federa\u021bia Rus\u0103<\/em>\u201d, afirma&nbsp; Bolea.&nbsp;<\/p>\n<\/blockquote>\n\n\n\n<p>\u00cen replic\u0103, Centrul Genderdoc-M, care ap\u0103r\u0103 drepturile persoanelor LGBT+ din Moldova, puncta c\u0103 acest tip de declara\u021bii nu sunt o noutate pentru perioadele electorale.&nbsp;<\/p>\n\n\n\n<p>\u201e<em>\u00cen vederea declara\u021biilor de azi a deputa\u021bilor PSRM, Centrul de Informa\u021bii GENDERDOC-M consider\u0103 c\u0103 acestea nu sunt altceva dec\u00e2t o manipulare a opiniei publice \u0219i o tactic\u0103 de a sustrage aten\u021bia aleg\u0103torilor \u0219i aleg\u0103toarelor de la problemele stringente ale \u021b\u0103rii. Nu este pentru prima dat\u0103 c\u00e2nd PSRM recurge la astfel de declara\u021bii. Acestea au devenit un ritual \u00een cadrul electoralelor din ultimii ani. Electoratul, \u00eens\u0103, s-a maturizat \u0219i cere solu\u021bii la problemele reale cu care se confrunt\u0103 \u021bara, nu declara\u021bii propagandistice<\/em>\u201d, concluziona GDM, \u00een contextul parlamentarelor din 2021.&nbsp;<\/p>\n\n\n\n<p>Datele monitoriz\u0103rilor realizate de<a href=\"https:\/\/promolex.md\/wp-content\/uploads\/2021\/09\/Raport_Discurs_de_ur%C4%83_%C3%AEn_perioada_electoral%C4%83_alegerile_parlamentare_anticipate_2021.pdf?fbclid=IwAR3dtOxyO0_s9e-1xmo47A18YACO4bqc1bFNArpZA-OX0KtGTPicZkbuTi0&amp;__cf_chl_managed_tk__=pmd_ozMDP9.s7887wKyO1HGwzjnHgIhzyp1oDIIqFaMnKtQ-1631779308-0-gqNtZGzNA-WjcnBszRS9\"> <mark style=\"background-color:rgba(0, 0, 0, 0)\" class=\"has-inline-color has-vivid-cyan-blue-color\"><strong>Asocia\u021bia \u201ePromo<\/strong><\/mark><\/a><a href=\"https:\/\/promolex.md\/wp-content\/uploads\/2021\/09\/Raport_Discurs_de_ur%C4%83_%C3%AEn_perioada_electoral%C4%83_alegerile_parlamentare_anticipate_2021.pdf?fbclid=IwAR3dtOxyO0_s9e-1xmo47A18YACO4bqc1bFNArpZA-OX0KtGTPicZkbuTi0&amp;__cf_chl_managed_tk__=pmd_ozMDP9.s7887wKyO1HGwzjnHgIhzyp1oDIIqFaMnKtQ-1631779308-0-gqNtZGzNA-WjcnBszRS9\" target=\"_blank\" rel=\"noreferrer noopener\"><mark style=\"background-color:rgba(0, 0, 0, 0)\" class=\"has-inline-color has-vivid-cyan-blue-color\"><strong>-LEX\u201d<\/strong><\/mark><\/a>, \u00een perioada 2018-2020, au demonstrat c\u0103 dinamica utiliz\u0103rii discursului de ur\u0103 cre\u0219te \u00een perioadele preelectorale \u0219i electorale \u0219i descre\u0219te odat\u0103 cu \u00eencheierea acestora.<\/p>\n\n\n\n<p>\u00cen 2022, \u00een Republica Moldova a fost votat un proiect de lege care sanc\u021bioneaz\u0103 penal \u0219i contraven\u021bional discursul instigator la ur\u0103 \u0219i discriminarea. Acest proiect de lege a fost ini\u021biat pentru a descuraja intoleran\u021ba \u0219i a a\u0219teptat mai bine de \u0219ase ani p\u00e2n\u0103 a fi votat.<\/p>\n\n\n\n<ul class=\"wp-block-list\">\n<li><a href=\"https:\/\/bangbang.md\/ru\/2023\/04\/06\/pentru-mine-este-important-ca-statul-a-luat-atitudine-cetateanul-din-gagauzia-care-a-transmis-amenintari-pe-instragram-activistei-angelica-frolov-a-fost-amendat\/\" target=\"_blank\" rel=\"noreferrer noopener\"><mark style=\"background-color:rgba(0, 0, 0, 0)\" class=\"has-inline-color has-vivid-cyan-blue-color\"><strong>Te-ar putea interesa \u0219i: \u201ePentru mine este important c\u0103 statul a luat atitudine\u201d: Cet\u0103\u021beanul din G\u0103g\u0103uzia care a transmis amenin\u021b\u0103ri pe Instragram activistei Angelica Frolov a fost amendat&nbsp;<\/strong><\/mark><\/a><\/li>\n<\/ul>\n\n\n\n<p>Astfel, \u00een cazul utiliz\u0103rii discursului de ur\u0103 \u0219i\/sau instigare la discriminare de c\u0103tre candida\u021bii la alegeri, inclusiv prin intermediul materialelor electorale, art. 52, Cod Contraven\u021bional, sanc\u021bioneaz\u0103 cu amend\u0103 de la 7500 de lei candida\u021bii \u0219i de la 12 500 de lei partidele politice \u0219i\/sau blocurile electorale.<\/p>\n\n\n\n<p>\u00cen afara campaniilor electorale, discursul de ur\u0103 care instig\u0103 la discriminare este sanc\u021bionat conform art. 70\/1, Cod Contraven\u021bional, cu amend\u0103 de la 1000 de lei pentru persoanele fizice, \u0219i de la 6000 de lei pentru persoanele cu func\u021bie de r\u0103spundere.&nbsp;<\/p>","protected":false},"excerpt":{"rendered":"<p>Candida\u021bi la \u0219efia Prim\u0103riei din partea MAN, PSRM \u0219i a partidului Rena\u0219terea au f\u0103cut anterior declara\u021bii homofobe. Fie c\u0103 e&#8230;<\/p>","protected":false},"author":4,"featured_media":5495,"comment_status":"open","ping_status":"open","sticky":false,"template":"","format":"standard","meta":{"footnotes":""},"categories":[177,178],"tags":[282,654,343,655,656,197,199],"class_list":["post-5494","post","type-post","status-publish","format-standard","has-post-thumbnail","hentry","category-noutati","category-queer-proud","tag-angelica-frolov","tag-discurs-de-ura-2","tag-gdm","tag-homofobia","tag-ion-ceban","tag-lgbtq","tag-queer-moldova"],"yoast_head":"<!-- This site is optimized with the Yoast SEO Premium plugin v18.9 (Yoast SEO v20.13) - https:\/\/yoast.com\/wordpress\/plugins\/seo\/ -->\n<title>Discursul de ur\u0103 \u00een politica moldoveneasc\u0103: Candida\u021bii la prim\u0103rie \u0219i\u00a0Homofobia - BANG-BANG<\/title>\n<meta name=\"robots\" content=\"index, follow, max-snippet:-1, max-image-preview:large, max-video-preview:-1\" \/>\n<link rel=\"canonical\" href=\"https:\/\/bangbang.md\/ru\/2023\/09\/15\/discursul-de-ura-in-politica-moldoveneasca-candidatii-la-primarie-si-homofobia\/\" \/>\n<meta property=\"og:locale\" content=\"ru_RU\" \/>\n<meta property=\"og:type\" content=\"article\" \/>\n<meta property=\"og:title\" content=\"Discursul de ur\u0103 \u00een politica moldoveneasc\u0103: Candida\u021bii la prim\u0103rie \u0219i\u00a0Homofobia\" \/>\n<meta property=\"og:description\" content=\"Candida\u021bi la \u0219efia Prim\u0103riei din partea MAN, PSRM \u0219i a partidului Rena\u0219terea au f\u0103cut anterior declara\u021bii homofobe. Fie c\u0103 e...\" \/>\n<meta property=\"og:url\" content=\"https:\/\/bangbang.md\/ru\/2023\/09\/15\/discursul-de-ura-in-politica-moldoveneasca-candidatii-la-primarie-si-homofobia\/\" \/>\n<meta property=\"og:site_name\" content=\"BANG-BANG\" \/>\n<meta property=\"article:publisher\" content=\"https:\/\/www.facebook.com\/bangbangmoldova\" \/>\n<meta property=\"article:published_time\" content=\"2023-09-15T09:10:07+00:00\" \/>\n<meta property=\"article:modified_time\" content=\"2023-09-15T09:28:09+00:00\" \/>\n<meta property=\"og:image\" content=\"https:\/\/bangbang.md\/wp-content\/uploads\/2023\/09\/11.png\" \/>\n\t<meta property=\"og:image:width\" content=\"1200\" \/>\n\t<meta property=\"og:image:height\" content=\"800\" \/>\n\t<meta property=\"og:image:type\" content=\"image\/png\" \/>\n<meta name=\"author\" content=\"Redactia\" \/>\n<meta name=\"twitter:card\" content=\"summary_large_image\" \/>\n<meta name=\"twitter:label1\" content=\"\u041d\u0430\u043f\u0438\u0441\u0430\u043d\u043e \u0430\u0432\u0442\u043e\u0440\u043e\u043c\" \/>\n\t<meta name=\"twitter:data1\" content=\"Redactia\" \/>\n<script type=\"application\/ld+json\" class=\"yoast-schema-graph\">{\"@context\":\"https:\/\/schema.org\",\"@graph\":[{\"@type\":\"Article\",\"@id\":\"https:\/\/bangbang.md\/2023\/09\/15\/discursul-de-ura-in-politica-moldoveneasca-candidatii-la-primarie-si-homofobia\/#article\",\"isPartOf\":{\"@id\":\"https:\/\/bangbang.md\/2023\/09\/15\/discursul-de-ura-in-politica-moldoveneasca-candidatii-la-primarie-si-homofobia\/\"},\"author\":{\"name\":\"Redactia\",\"@id\":\"https:\/\/bangbang.md\/#\/schema\/person\/3c4bdd852f2d2f8db3bde1e81e9676a2\"},\"headline\":\"Discursul de ur\u0103 \u00een politica moldoveneasc\u0103: Candida\u021bii la prim\u0103rie \u0219i\u00a0Homofobia\",\"datePublished\":\"2023-09-15T09:10:07+00:00\",\"dateModified\":\"2023-09-15T09:28:09+00:00\",\"mainEntityOfPage\":{\"@id\":\"https:\/\/bangbang.md\/2023\/09\/15\/discursul-de-ura-in-politica-moldoveneasca-candidatii-la-primarie-si-homofobia\/\"},\"wordCount\":1192,\"commentCount\":0,\"publisher\":{\"@id\":\"https:\/\/bangbang.md\/#organization\"},\"keywords\":[\"Angelica Frolov\",\"Discurs de ura\",\"GDM\",\"Homofobia\",\"Ion Ceban\",\"LGBTQ+\",\"Queer Moldova\"],\"articleSection\":[\"Nout\u0103\u021bi\",\"Queer &amp; Proud\"],\"inLanguage\":\"ru-RU\"},{\"@type\":\"WebPage\",\"@id\":\"https:\/\/bangbang.md\/2023\/09\/15\/discursul-de-ura-in-politica-moldoveneasca-candidatii-la-primarie-si-homofobia\/\",\"url\":\"https:\/\/bangbang.md\/2023\/09\/15\/discursul-de-ura-in-politica-moldoveneasca-candidatii-la-primarie-si-homofobia\/\",\"name\":\"Discursul de ur\u0103 \u00een politica moldoveneasc\u0103: Candida\u021bii la prim\u0103rie \u0219i\u00a0Homofobia - BANG-BANG\",\"isPartOf\":{\"@id\":\"https:\/\/bangbang.md\/#website\"},\"datePublished\":\"2023-09-15T09:10:07+00:00\",\"dateModified\":\"2023-09-15T09:28:09+00:00\",\"breadcrumb\":{\"@id\":\"https:\/\/bangbang.md\/2023\/09\/15\/discursul-de-ura-in-politica-moldoveneasca-candidatii-la-primarie-si-homofobia\/#breadcrumb\"},\"inLanguage\":\"ru-RU\",\"potentialAction\":[{\"@type\":\"ReadAction\",\"target\":[\"https:\/\/bangbang.md\/2023\/09\/15\/discursul-de-ura-in-politica-moldoveneasca-candidatii-la-primarie-si-homofobia\/\"]}]},{\"@type\":\"BreadcrumbList\",\"@id\":\"https:\/\/bangbang.md\/2023\/09\/15\/discursul-de-ura-in-politica-moldoveneasca-candidatii-la-primarie-si-homofobia\/#breadcrumb\",\"itemListElement\":[{\"@type\":\"ListItem\",\"position\":1,\"name\":\"Prima pagin\u0103\",\"item\":\"https:\/\/bangbang.md\/\"},{\"@type\":\"ListItem\",\"position\":2,\"name\":\"Discursul de ur\u0103 \u00een politica moldoveneasc\u0103: Candida\u021bii la prim\u0103rie \u0219i\u00a0Homofobia\"}]},{\"@type\":\"WebSite\",\"@id\":\"https:\/\/bangbang.md\/#website\",\"url\":\"https:\/\/bangbang.md\/\",\"name\":\"BANG-BANG\",\"description\":\"Portal web dedicat comunit\u0103\u021bii LGBTQ d RM\",\"publisher\":{\"@id\":\"https:\/\/bangbang.md\/#organization\"},\"potentialAction\":[{\"@type\":\"SearchAction\",\"target\":{\"@type\":\"EntryPoint\",\"urlTemplate\":\"https:\/\/bangbang.md\/?s={search_term_string}\"},\"query-input\":\"required name=search_term_string\"}],\"inLanguage\":\"ru-RU\"},{\"@type\":\"Organization\",\"@id\":\"https:\/\/bangbang.md\/#organization\",\"name\":\"Bang bang\",\"url\":\"https:\/\/bangbang.md\/\",\"logo\":{\"@type\":\"ImageObject\",\"inLanguage\":\"ru-RU\",\"@id\":\"https:\/\/bangbang.md\/#\/schema\/logo\/image\/\",\"url\":\"https:\/\/bangbang.md\/wp-content\/uploads\/2022\/07\/cropped-Group.jpg\",\"contentUrl\":\"https:\/\/bangbang.md\/wp-content\/uploads\/2022\/07\/cropped-Group.jpg\",\"width\":512,\"height\":512,\"caption\":\"Bang bang\"},\"image\":{\"@id\":\"https:\/\/bangbang.md\/#\/schema\/logo\/image\/\"},\"sameAs\":[\"https:\/\/www.facebook.com\/bangbangmoldova\"]},{\"@type\":\"Person\",\"@id\":\"https:\/\/bangbang.md\/#\/schema\/person\/3c4bdd852f2d2f8db3bde1e81e9676a2\",\"name\":\"Redactia\",\"image\":{\"@type\":\"ImageObject\",\"inLanguage\":\"ru-RU\",\"@id\":\"https:\/\/bangbang.md\/#\/schema\/person\/image\/\",\"url\":\"https:\/\/secure.gravatar.com\/avatar\/31b9e560d1e50693e5c3bec169fad34f40ffc3d32174e8953ddc1d30a6216ced?s=96&d=mm&r=g\",\"contentUrl\":\"https:\/\/secure.gravatar.com\/avatar\/31b9e560d1e50693e5c3bec169fad34f40ffc3d32174e8953ddc1d30a6216ced?s=96&d=mm&r=g\",\"caption\":\"Redactia\"},\"url\":\"https:\/\/bangbang.md\/ru\/author\/redactia\/\"}]}<\/script>\n<!-- \/ Yoast SEO Premium plugin. -->","yoast_head_json":{"title":"Discursul de ur\u0103 \u00een politica moldoveneasc\u0103: Candida\u021bii la prim\u0103rie \u0219i\u00a0Homofobia - BANG-BANG","robots":{"index":"index","follow":"follow","max-snippet":"max-snippet:-1","max-image-preview":"max-image-preview:large","max-video-preview":"max-video-preview:-1"},"canonical":"https:\/\/bangbang.md\/ru\/2023\/09\/15\/discursul-de-ura-in-politica-moldoveneasca-candidatii-la-primarie-si-homofobia\/","og_locale":"ru_RU","og_type":"article","og_title":"Discursul de ur\u0103 \u00een politica moldoveneasc\u0103: Candida\u021bii la prim\u0103rie \u0219i\u00a0Homofobia","og_description":"Candida\u021bi la \u0219efia Prim\u0103riei din partea MAN, PSRM \u0219i a partidului Rena\u0219terea au f\u0103cut anterior declara\u021bii homofobe. Fie c\u0103 e...","og_url":"https:\/\/bangbang.md\/ru\/2023\/09\/15\/discursul-de-ura-in-politica-moldoveneasca-candidatii-la-primarie-si-homofobia\/","og_site_name":"BANG-BANG","article_publisher":"https:\/\/www.facebook.com\/bangbangmoldova","article_published_time":"2023-09-15T09:10:07+00:00","article_modified_time":"2023-09-15T09:28:09+00:00","og_image":[{"width":1200,"height":800,"url":"https:\/\/bangbang.md\/wp-content\/uploads\/2023\/09\/11.png","type":"image\/png"}],"author":"Redactia","twitter_card":"summary_large_image","twitter_misc":{"\u041d\u0430\u043f\u0438\u0441\u0430\u043d\u043e \u0430\u0432\u0442\u043e\u0440\u043e\u043c":"Redactia"},"schema":{"@context":"https:\/\/schema.org","@graph":[{"@type":"Article","@id":"https:\/\/bangbang.md\/2023\/09\/15\/discursul-de-ura-in-politica-moldoveneasca-candidatii-la-primarie-si-homofobia\/#article","isPartOf":{"@id":"https:\/\/bangbang.md\/2023\/09\/15\/discursul-de-ura-in-politica-moldoveneasca-candidatii-la-primarie-si-homofobia\/"},"author":{"name":"Redactia","@id":"https:\/\/bangbang.md\/#\/schema\/person\/3c4bdd852f2d2f8db3bde1e81e9676a2"},"headline":"Discursul de ur\u0103 \u00een politica moldoveneasc\u0103: Candida\u021bii la prim\u0103rie \u0219i\u00a0Homofobia","datePublished":"2023-09-15T09:10:07+00:00","dateModified":"2023-09-15T09:28:09+00:00","mainEntityOfPage":{"@id":"https:\/\/bangbang.md\/2023\/09\/15\/discursul-de-ura-in-politica-moldoveneasca-candidatii-la-primarie-si-homofobia\/"},"wordCount":1192,"commentCount":0,"publisher":{"@id":"https:\/\/bangbang.md\/#organization"},"keywords":["Angelica Frolov","Discurs de ura","GDM","Homofobia","Ion Ceban","LGBTQ+","Queer Moldova"],"articleSection":["Nout\u0103\u021bi","Queer &amp; Proud"],"inLanguage":"ru-RU"},{"@type":"WebPage","@id":"https:\/\/bangbang.md\/2023\/09\/15\/discursul-de-ura-in-politica-moldoveneasca-candidatii-la-primarie-si-homofobia\/","url":"https:\/\/bangbang.md\/2023\/09\/15\/discursul-de-ura-in-politica-moldoveneasca-candidatii-la-primarie-si-homofobia\/","name":"Discursul de ur\u0103 \u00een politica moldoveneasc\u0103: Candida\u021bii la prim\u0103rie \u0219i\u00a0Homofobia - BANG-BANG","isPartOf":{"@id":"https:\/\/bangbang.md\/#website"},"datePublished":"2023-09-15T09:10:07+00:00","dateModified":"2023-09-15T09:28:09+00:00","breadcrumb":{"@id":"https:\/\/bangbang.md\/2023\/09\/15\/discursul-de-ura-in-politica-moldoveneasca-candidatii-la-primarie-si-homofobia\/#breadcrumb"},"inLanguage":"ru-RU","potentialAction":[{"@type":"ReadAction","target":["https:\/\/bangbang.md\/2023\/09\/15\/discursul-de-ura-in-politica-moldoveneasca-candidatii-la-primarie-si-homofobia\/"]}]},{"@type":"BreadcrumbList","@id":"https:\/\/bangbang.md\/2023\/09\/15\/discursul-de-ura-in-politica-moldoveneasca-candidatii-la-primarie-si-homofobia\/#breadcrumb","itemListElement":[{"@type":"ListItem","position":1,"name":"Prima pagin\u0103","item":"https:\/\/bangbang.md\/"},{"@type":"ListItem","position":2,"name":"Discursul de ur\u0103 \u00een politica moldoveneasc\u0103: Candida\u021bii la prim\u0103rie \u0219i\u00a0Homofobia"}]},{"@type":"WebSite","@id":"https:\/\/bangbang.md\/#website","url":"https:\/\/bangbang.md\/","name":"BANG-BANG","description":"Portal web dedicat comunit\u0103\u021bii LGBTQ d RM","publisher":{"@id":"https:\/\/bangbang.md\/#organization"},"potentialAction":[{"@type":"SearchAction","target":{"@type":"EntryPoint","urlTemplate":"https:\/\/bangbang.md\/?s={search_term_string}"},"query-input":"required name=search_term_string"}],"inLanguage":"ru-RU"},{"@type":"Organization","@id":"https:\/\/bangbang.md\/#organization","name":"Bang bang","url":"https:\/\/bangbang.md\/","logo":{"@type":"ImageObject","inLanguage":"ru-RU","@id":"https:\/\/bangbang.md\/#\/schema\/logo\/image\/","url":"https:\/\/bangbang.md\/wp-content\/uploads\/2022\/07\/cropped-Group.jpg","contentUrl":"https:\/\/bangbang.md\/wp-content\/uploads\/2022\/07\/cropped-Group.jpg","width":512,"height":512,"caption":"Bang bang"},"image":{"@id":"https:\/\/bangbang.md\/#\/schema\/logo\/image\/"},"sameAs":["https:\/\/www.facebook.com\/bangbangmoldova"]},{"@type":"Person","@id":"https:\/\/bangbang.md\/#\/schema\/person\/3c4bdd852f2d2f8db3bde1e81e9676a2","name":"Redactia","image":{"@type":"ImageObject","inLanguage":"ru-RU","@id":"https:\/\/bangbang.md\/#\/schema\/person\/image\/","url":"https:\/\/secure.gravatar.com\/avatar\/31b9e560d1e50693e5c3bec169fad34f40ffc3d32174e8953ddc1d30a6216ced?s=96&d=mm&r=g","contentUrl":"https:\/\/secure.gravatar.com\/avatar\/31b9e560d1e50693e5c3bec169fad34f40ffc3d32174e8953ddc1d30a6216ced?s=96&d=mm&r=g","caption":"Redactia"},"url":"https:\/\/bangbang.md\/ru\/author\/redactia\/"}]}},"_links":{"self":[{"href":"https:\/\/bangbang.md\/ru\/wp-json\/wp\/v2\/posts\/5494","targetHints":{"allow":["GET"]}}],"collection":[{"href":"https:\/\/bangbang.md\/ru\/wp-json\/wp\/v2\/posts"}],"about":[{"href":"https:\/\/bangbang.md\/ru\/wp-json\/wp\/v2\/types\/post"}],"author":[{"embeddable":true,"href":"https:\/\/bangbang.md\/ru\/wp-json\/wp\/v2\/users\/4"}],"replies":[{"embeddable":true,"href":"https:\/\/bangbang.md\/ru\/wp-json\/wp\/v2\/comments?post=5494"}],"version-history":[{"count":4,"href":"https:\/\/bangbang.md\/ru\/wp-json\/wp\/v2\/posts\/5494\/revisions"}],"predecessor-version":[{"id":5501,"href":"https:\/\/bangbang.md\/ru\/wp-json\/wp\/v2\/posts\/5494\/revisions\/5501"}],"wp:featuredmedia":[{"embeddable":true,"href":"https:\/\/bangbang.md\/ru\/wp-json\/wp\/v2\/media\/5495"}],"wp:attachment":[{"href":"https:\/\/bangbang.md\/ru\/wp-json\/wp\/v2\/media?parent=5494"}],"wp:term":[{"taxonomy":"category","embeddable":true,"href":"https:\/\/bangbang.md\/ru\/wp-json\/wp\/v2\/categories?post=5494"},{"taxonomy":"post_tag","embeddable":true,"href":"https:\/\/bangbang.md\/ru\/wp-json\/wp\/v2\/tags?post=5494"}],"curies":[{"name":"wp","href":"https:\/\/api.w.org\/{rel}","templated":true}]}}