{"id":5131,"date":"2023-07-24T16:23:05","date_gmt":"2023-07-24T16:23:05","guid":{"rendered":"https:\/\/bangbang.md\/?p=5131"},"modified":"2023-07-31T07:13:42","modified_gmt":"2023-07-31T07:13:42","slug":"premierul-britanic-isi-cere-scuze-pentru-tratamentul-ingrozitor-la-care-au-fost-supusii-veteranii-queer","status":"publish","type":"post","link":"https:\/\/bangbang.md\/ru\/2023\/07\/24\/premierul-britanic-isi-cere-scuze-pentru-tratamentul-ingrozitor-la-care-au-fost-supusii-veteranii-queer\/","title":{"rendered":"Premierul britanic \u00ee\u0219i cere scuze pentru \u201etratamentul \u00eengrozitor\u201d la care au fost supu\u0219ii veteranii queer"},"content":{"rendered":"<p><strong>Prim-ministrul britanic Rishi Sunak \u015fi-a cerut scuze, \u00een numele guvernului s\u0103u, pentru tratamentul \u201e\u00eengrozitor\u201d la care au fost supuse persoanele LGBT+ \u00een armat\u0103, p\u00e2n\u0103 c\u00e2nd li s-a permis oficial s\u0103 serveasc\u0103 \u00een anul 2000, scrie<\/strong><a href=\"https:\/\/www.bbc.com\/news\/uk-66242611\"><strong> BBC<\/strong><\/a><strong>.&nbsp;<\/strong><\/p>\n\n\n\n<p><strong>Cu toate c\u0103 homosexualitatea a fost dezincriminalizat\u0103 \u00een Marea Britanie \u00een 1967, interzicerea acesteia a continuat \u00een sistemul militar al \u021b\u0103rii p\u00e2n\u0103 \u00een anul 2000.&nbsp;<\/strong><\/p>\n\n\n\n<p><strong>\u00cen acest timp, persoanele queer erau concediate, supuse abuzului \u0219i violen\u021bei, iar \u00een unele cazuri chiar erau trimise la \u00eenchisoare pentru orientarea lor sexual\u0103. Premierul britanic a numit asta un \u201ee\u0219ec \u00eengrozitor\u201d al statului britanic.<\/strong><\/p>\n\n\n\n<p>Scuzele prim-ministrului Regatului Unit, Rishi Sunak au venit \u00een ziua public\u0103rii unui raport comandat de guvern privind experien\u0163a fo\u015ftilor veterani LGBT+ care au servit \u00een for\u0163ele armate britanice \u00eentre 1967 \u015fi 2000.<\/p>\n\n\n\n<p>\u201e\u00cen acest timp, mul\u0163i au suferit cele mai \u00eengrozitoare abuzuri \u015fi violen\u0163e sexuale, h\u0103r\u0163uire homofob\u0103. Ast\u0103zi, \u00een numele statului britanic, prezint scuze\u201d, a spus \u0219eful Guvernului Britanic, Rishi Sunak.<\/p>\n\n\n\n<p>Totodat\u0103, \u00een documentul prezentat se spune c\u0103 multe persoane queer s-au confruntat cu examin\u0103ri medicale invazive, investiga\u021bii intruzive ale poli\u021biei \u0219i, \u00een unele cazuri, chiar au fost trimi\u0219i la \u00eenchisoare pentru orientarea sexual\u0103 pe care o au. Mul\u021bi au antecedente penale p\u00e2n\u0103 \u00een prezent.&nbsp;<\/p>\n\n\n\n<p>Raportul privind experien\u0163a fo\u015ftilor veterani LGBT+&nbsp; a fost efectuat la mai bine de 20 de ani dup\u0103 ce patru militari care au fost concedia\u021bi din armat\u0103 pentru c\u0103 sunt homosexuali, au c\u00e2\u0219tigat un caz la Curtea European\u0103 a Drepturilor Omului, prin care au reu\u0219it s\u0103 anuleze interdic\u021bia.<\/p>\n\n\n\n<p><a href=\"https:\/\/www.gov.uk\/government\/news\/government-apologises-to-veterans-for-egregious-historic-lgbt-policy-in-the-armed-forces\">Guvernul britanic<\/a> a anun\u021bat c\u0103 va oferi organiza\u021biilor LGBT+ din Marea Britanie o sum\u0103 de 250.000 de lire sterline pentru a-i sprijini pe veteranii afecta\u021bi.<\/p>","protected":false},"excerpt":{"rendered":"<p>Prim-ministrul britanic Rishi Sunak \u015fi-a cerut scuze, \u00een numele guvernului s\u0103u, pentru tratamentul \u201e\u00eengrozitor\u201d la care au fost supuse persoanele&#8230;<\/p>","protected":false},"author":4,"featured_media":5135,"comment_status":"open","ping_status":"open","sticky":false,"template":"","format":"standard","meta":{"footnotes":""},"categories":[184,177],"tags":[197,207],"class_list":["post-5131","post","type-post","status-publish","format-standard","has-post-thumbnail","hentry","category-in-lume","category-noutati","tag-lgbtq","tag-queer"],"yoast_head":"<!-- This site is optimized with the Yoast SEO Premium plugin v18.9 (Yoast SEO v20.13) - https:\/\/yoast.com\/wordpress\/plugins\/seo\/ -->\n<title>Premierul britanic \u00ee\u0219i cere scuze pentru \u201etratamentul \u00eengrozitor\u201d la care au fost supu\u0219ii veteranii queer - BANG-BANG<\/title>\n<meta name=\"robots\" content=\"index, follow, max-snippet:-1, max-image-preview:large, max-video-preview:-1\" \/>\n<link rel=\"canonical\" href=\"https:\/\/bangbang.md\/ru\/2023\/07\/24\/premierul-britanic-isi-cere-scuze-pentru-tratamentul-ingrozitor-la-care-au-fost-supusii-veteranii-queer\/\" \/>\n<meta property=\"og:locale\" content=\"ru_RU\" \/>\n<meta property=\"og:type\" content=\"article\" \/>\n<meta property=\"og:title\" content=\"Premierul britanic \u00ee\u0219i cere scuze pentru \u201etratamentul \u00eengrozitor\u201d la care au fost supu\u0219ii veteranii queer\" \/>\n<meta property=\"og:description\" content=\"Prim-ministrul britanic Rishi Sunak \u015fi-a cerut scuze, \u00een numele guvernului s\u0103u, pentru tratamentul \u201e\u00eengrozitor\u201d la care au fost supuse persoanele...\" \/>\n<meta property=\"og:url\" content=\"https:\/\/bangbang.md\/ru\/2023\/07\/24\/premierul-britanic-isi-cere-scuze-pentru-tratamentul-ingrozitor-la-care-au-fost-supusii-veteranii-queer\/\" \/>\n<meta property=\"og:site_name\" content=\"BANG-BANG\" \/>\n<meta property=\"article:publisher\" content=\"https:\/\/www.facebook.com\/bangbangmoldova\" \/>\n<meta property=\"article:published_time\" content=\"2023-07-24T16:23:05+00:00\" \/>\n<meta property=\"article:modified_time\" content=\"2023-07-31T07:13:42+00:00\" \/>\n<meta property=\"og:image\" content=\"https:\/\/bangbang.md\/wp-content\/uploads\/2023\/07\/592266.webp\" \/>\n\t<meta property=\"og:image:width\" content=\"660\" \/>\n\t<meta property=\"og:image:height\" content=\"371\" \/>\n\t<meta property=\"og:image:type\" content=\"image\/webp\" \/>\n<meta name=\"author\" content=\"Redactia\" \/>\n<meta name=\"twitter:card\" content=\"summary_large_image\" \/>\n<meta name=\"twitter:label1\" content=\"\u041d\u0430\u043f\u0438\u0441\u0430\u043d\u043e \u0430\u0432\u0442\u043e\u0440\u043e\u043c\" \/>\n\t<meta name=\"twitter:data1\" content=\"Redactia\" \/>\n\t<meta name=\"twitter:label2\" content=\"\u041f\u0440\u0438\u043c\u0435\u0440\u043d\u043e\u0435 \u0432\u0440\u0435\u043c\u044f \u0434\u043b\u044f \u0447\u0442\u0435\u043d\u0438\u044f\" \/>\n\t<meta name=\"twitter:data2\" content=\"2 \u043c\u0438\u043d\u0443\u0442\u044b\" \/>\n<script type=\"application\/ld+json\" class=\"yoast-schema-graph\">{\"@context\":\"https:\/\/schema.org\",\"@graph\":[{\"@type\":\"Article\",\"@id\":\"https:\/\/bangbang.md\/2023\/07\/24\/premierul-britanic-isi-cere-scuze-pentru-tratamentul-ingrozitor-la-care-au-fost-supusii-veteranii-queer\/#article\",\"isPartOf\":{\"@id\":\"https:\/\/bangbang.md\/2023\/07\/24\/premierul-britanic-isi-cere-scuze-pentru-tratamentul-ingrozitor-la-care-au-fost-supusii-veteranii-queer\/\"},\"author\":{\"name\":\"Redactia\",\"@id\":\"https:\/\/bangbang.md\/#\/schema\/person\/3c4bdd852f2d2f8db3bde1e81e9676a2\"},\"headline\":\"Premierul britanic \u00ee\u0219i cere scuze pentru \u201etratamentul \u00eengrozitor\u201d la care au fost supu\u0219ii veteranii queer\",\"datePublished\":\"2023-07-24T16:23:05+00:00\",\"dateModified\":\"2023-07-31T07:13:42+00:00\",\"mainEntityOfPage\":{\"@id\":\"https:\/\/bangbang.md\/2023\/07\/24\/premierul-britanic-isi-cere-scuze-pentru-tratamentul-ingrozitor-la-care-au-fost-supusii-veteranii-queer\/\"},\"wordCount\":316,\"commentCount\":0,\"publisher\":{\"@id\":\"https:\/\/bangbang.md\/#organization\"},\"keywords\":[\"LGBTQ+\",\"queer\"],\"articleSection\":[\"\u00cen lume\",\"Nout\u0103\u021bi\"],\"inLanguage\":\"ru-RU\"},{\"@type\":\"WebPage\",\"@id\":\"https:\/\/bangbang.md\/2023\/07\/24\/premierul-britanic-isi-cere-scuze-pentru-tratamentul-ingrozitor-la-care-au-fost-supusii-veteranii-queer\/\",\"url\":\"https:\/\/bangbang.md\/2023\/07\/24\/premierul-britanic-isi-cere-scuze-pentru-tratamentul-ingrozitor-la-care-au-fost-supusii-veteranii-queer\/\",\"name\":\"Premierul britanic \u00ee\u0219i cere scuze pentru \u201etratamentul \u00eengrozitor\u201d la care au fost supu\u0219ii veteranii queer - BANG-BANG\",\"isPartOf\":{\"@id\":\"https:\/\/bangbang.md\/#website\"},\"datePublished\":\"2023-07-24T16:23:05+00:00\",\"dateModified\":\"2023-07-31T07:13:42+00:00\",\"breadcrumb\":{\"@id\":\"https:\/\/bangbang.md\/2023\/07\/24\/premierul-britanic-isi-cere-scuze-pentru-tratamentul-ingrozitor-la-care-au-fost-supusii-veteranii-queer\/#breadcrumb\"},\"inLanguage\":\"ru-RU\",\"potentialAction\":[{\"@type\":\"ReadAction\",\"target\":[\"https:\/\/bangbang.md\/2023\/07\/24\/premierul-britanic-isi-cere-scuze-pentru-tratamentul-ingrozitor-la-care-au-fost-supusii-veteranii-queer\/\"]}]},{\"@type\":\"BreadcrumbList\",\"@id\":\"https:\/\/bangbang.md\/2023\/07\/24\/premierul-britanic-isi-cere-scuze-pentru-tratamentul-ingrozitor-la-care-au-fost-supusii-veteranii-queer\/#breadcrumb\",\"itemListElement\":[{\"@type\":\"ListItem\",\"position\":1,\"name\":\"Prima pagin\u0103\",\"item\":\"https:\/\/bangbang.md\/\"},{\"@type\":\"ListItem\",\"position\":2,\"name\":\"Premierul britanic \u00ee\u0219i cere scuze pentru \u201etratamentul \u00eengrozitor\u201d la care au fost supu\u0219ii veteranii queer\"}]},{\"@type\":\"WebSite\",\"@id\":\"https:\/\/bangbang.md\/#website\",\"url\":\"https:\/\/bangbang.md\/\",\"name\":\"BANG-BANG\",\"description\":\"Portal web dedicat comunit\u0103\u021bii LGBTQ d RM\",\"publisher\":{\"@id\":\"https:\/\/bangbang.md\/#organization\"},\"potentialAction\":[{\"@type\":\"SearchAction\",\"target\":{\"@type\":\"EntryPoint\",\"urlTemplate\":\"https:\/\/bangbang.md\/?s={search_term_string}\"},\"query-input\":\"required name=search_term_string\"}],\"inLanguage\":\"ru-RU\"},{\"@type\":\"Organization\",\"@id\":\"https:\/\/bangbang.md\/#organization\",\"name\":\"Bang bang\",\"url\":\"https:\/\/bangbang.md\/\",\"logo\":{\"@type\":\"ImageObject\",\"inLanguage\":\"ru-RU\",\"@id\":\"https:\/\/bangbang.md\/#\/schema\/logo\/image\/\",\"url\":\"https:\/\/bangbang.md\/wp-content\/uploads\/2022\/07\/cropped-Group.jpg\",\"contentUrl\":\"https:\/\/bangbang.md\/wp-content\/uploads\/2022\/07\/cropped-Group.jpg\",\"width\":512,\"height\":512,\"caption\":\"Bang bang\"},\"image\":{\"@id\":\"https:\/\/bangbang.md\/#\/schema\/logo\/image\/\"},\"sameAs\":[\"https:\/\/www.facebook.com\/bangbangmoldova\"]},{\"@type\":\"Person\",\"@id\":\"https:\/\/bangbang.md\/#\/schema\/person\/3c4bdd852f2d2f8db3bde1e81e9676a2\",\"name\":\"Redactia\",\"image\":{\"@type\":\"ImageObject\",\"inLanguage\":\"ru-RU\",\"@id\":\"https:\/\/bangbang.md\/#\/schema\/person\/image\/\",\"url\":\"https:\/\/secure.gravatar.com\/avatar\/31b9e560d1e50693e5c3bec169fad34f40ffc3d32174e8953ddc1d30a6216ced?s=96&d=mm&r=g\",\"contentUrl\":\"https:\/\/secure.gravatar.com\/avatar\/31b9e560d1e50693e5c3bec169fad34f40ffc3d32174e8953ddc1d30a6216ced?s=96&d=mm&r=g\",\"caption\":\"Redactia\"},\"url\":\"https:\/\/bangbang.md\/ru\/author\/redactia\/\"}]}<\/script>\n<!-- \/ Yoast SEO Premium plugin. -->","yoast_head_json":{"title":"Premierul britanic \u00ee\u0219i cere scuze pentru \u201etratamentul \u00eengrozitor\u201d la care au fost supu\u0219ii veteranii queer - BANG-BANG","robots":{"index":"index","follow":"follow","max-snippet":"max-snippet:-1","max-image-preview":"max-image-preview:large","max-video-preview":"max-video-preview:-1"},"canonical":"https:\/\/bangbang.md\/ru\/2023\/07\/24\/premierul-britanic-isi-cere-scuze-pentru-tratamentul-ingrozitor-la-care-au-fost-supusii-veteranii-queer\/","og_locale":"ru_RU","og_type":"article","og_title":"Premierul britanic \u00ee\u0219i cere scuze pentru \u201etratamentul \u00eengrozitor\u201d la care au fost supu\u0219ii veteranii queer","og_description":"Prim-ministrul britanic Rishi Sunak \u015fi-a cerut scuze, \u00een numele guvernului s\u0103u, pentru tratamentul \u201e\u00eengrozitor\u201d la care au fost supuse persoanele...","og_url":"https:\/\/bangbang.md\/ru\/2023\/07\/24\/premierul-britanic-isi-cere-scuze-pentru-tratamentul-ingrozitor-la-care-au-fost-supusii-veteranii-queer\/","og_site_name":"BANG-BANG","article_publisher":"https:\/\/www.facebook.com\/bangbangmoldova","article_published_time":"2023-07-24T16:23:05+00:00","article_modified_time":"2023-07-31T07:13:42+00:00","og_image":[{"width":660,"height":371,"url":"https:\/\/bangbang.md\/wp-content\/uploads\/2023\/07\/592266.webp","type":"image\/webp"}],"author":"Redactia","twitter_card":"summary_large_image","twitter_misc":{"\u041d\u0430\u043f\u0438\u0441\u0430\u043d\u043e \u0430\u0432\u0442\u043e\u0440\u043e\u043c":"Redactia","\u041f\u0440\u0438\u043c\u0435\u0440\u043d\u043e\u0435 \u0432\u0440\u0435\u043c\u044f \u0434\u043b\u044f \u0447\u0442\u0435\u043d\u0438\u044f":"2 \u043c\u0438\u043d\u0443\u0442\u044b"},"schema":{"@context":"https:\/\/schema.org","@graph":[{"@type":"Article","@id":"https:\/\/bangbang.md\/2023\/07\/24\/premierul-britanic-isi-cere-scuze-pentru-tratamentul-ingrozitor-la-care-au-fost-supusii-veteranii-queer\/#article","isPartOf":{"@id":"https:\/\/bangbang.md\/2023\/07\/24\/premierul-britanic-isi-cere-scuze-pentru-tratamentul-ingrozitor-la-care-au-fost-supusii-veteranii-queer\/"},"author":{"name":"Redactia","@id":"https:\/\/bangbang.md\/#\/schema\/person\/3c4bdd852f2d2f8db3bde1e81e9676a2"},"headline":"Premierul britanic \u00ee\u0219i cere scuze pentru \u201etratamentul \u00eengrozitor\u201d la care au fost supu\u0219ii veteranii queer","datePublished":"2023-07-24T16:23:05+00:00","dateModified":"2023-07-31T07:13:42+00:00","mainEntityOfPage":{"@id":"https:\/\/bangbang.md\/2023\/07\/24\/premierul-britanic-isi-cere-scuze-pentru-tratamentul-ingrozitor-la-care-au-fost-supusii-veteranii-queer\/"},"wordCount":316,"commentCount":0,"publisher":{"@id":"https:\/\/bangbang.md\/#organization"},"keywords":["LGBTQ+","queer"],"articleSection":["\u00cen lume","Nout\u0103\u021bi"],"inLanguage":"ru-RU"},{"@type":"WebPage","@id":"https:\/\/bangbang.md\/2023\/07\/24\/premierul-britanic-isi-cere-scuze-pentru-tratamentul-ingrozitor-la-care-au-fost-supusii-veteranii-queer\/","url":"https:\/\/bangbang.md\/2023\/07\/24\/premierul-britanic-isi-cere-scuze-pentru-tratamentul-ingrozitor-la-care-au-fost-supusii-veteranii-queer\/","name":"Premierul britanic \u00ee\u0219i cere scuze pentru \u201etratamentul \u00eengrozitor\u201d la care au fost supu\u0219ii veteranii queer - BANG-BANG","isPartOf":{"@id":"https:\/\/bangbang.md\/#website"},"datePublished":"2023-07-24T16:23:05+00:00","dateModified":"2023-07-31T07:13:42+00:00","breadcrumb":{"@id":"https:\/\/bangbang.md\/2023\/07\/24\/premierul-britanic-isi-cere-scuze-pentru-tratamentul-ingrozitor-la-care-au-fost-supusii-veteranii-queer\/#breadcrumb"},"inLanguage":"ru-RU","potentialAction":[{"@type":"ReadAction","target":["https:\/\/bangbang.md\/2023\/07\/24\/premierul-britanic-isi-cere-scuze-pentru-tratamentul-ingrozitor-la-care-au-fost-supusii-veteranii-queer\/"]}]},{"@type":"BreadcrumbList","@id":"https:\/\/bangbang.md\/2023\/07\/24\/premierul-britanic-isi-cere-scuze-pentru-tratamentul-ingrozitor-la-care-au-fost-supusii-veteranii-queer\/#breadcrumb","itemListElement":[{"@type":"ListItem","position":1,"name":"Prima pagin\u0103","item":"https:\/\/bangbang.md\/"},{"@type":"ListItem","position":2,"name":"Premierul britanic \u00ee\u0219i cere scuze pentru \u201etratamentul \u00eengrozitor\u201d la care au fost supu\u0219ii veteranii queer"}]},{"@type":"WebSite","@id":"https:\/\/bangbang.md\/#website","url":"https:\/\/bangbang.md\/","name":"BANG-BANG","description":"Portal web dedicat comunit\u0103\u021bii LGBTQ d RM","publisher":{"@id":"https:\/\/bangbang.md\/#organization"},"potentialAction":[{"@type":"SearchAction","target":{"@type":"EntryPoint","urlTemplate":"https:\/\/bangbang.md\/?s={search_term_string}"},"query-input":"required name=search_term_string"}],"inLanguage":"ru-RU"},{"@type":"Organization","@id":"https:\/\/bangbang.md\/#organization","name":"Bang bang","url":"https:\/\/bangbang.md\/","logo":{"@type":"ImageObject","inLanguage":"ru-RU","@id":"https:\/\/bangbang.md\/#\/schema\/logo\/image\/","url":"https:\/\/bangbang.md\/wp-content\/uploads\/2022\/07\/cropped-Group.jpg","contentUrl":"https:\/\/bangbang.md\/wp-content\/uploads\/2022\/07\/cropped-Group.jpg","width":512,"height":512,"caption":"Bang bang"},"image":{"@id":"https:\/\/bangbang.md\/#\/schema\/logo\/image\/"},"sameAs":["https:\/\/www.facebook.com\/bangbangmoldova"]},{"@type":"Person","@id":"https:\/\/bangbang.md\/#\/schema\/person\/3c4bdd852f2d2f8db3bde1e81e9676a2","name":"Redactia","image":{"@type":"ImageObject","inLanguage":"ru-RU","@id":"https:\/\/bangbang.md\/#\/schema\/person\/image\/","url":"https:\/\/secure.gravatar.com\/avatar\/31b9e560d1e50693e5c3bec169fad34f40ffc3d32174e8953ddc1d30a6216ced?s=96&d=mm&r=g","contentUrl":"https:\/\/secure.gravatar.com\/avatar\/31b9e560d1e50693e5c3bec169fad34f40ffc3d32174e8953ddc1d30a6216ced?s=96&d=mm&r=g","caption":"Redactia"},"url":"https:\/\/bangbang.md\/ru\/author\/redactia\/"}]}},"_links":{"self":[{"href":"https:\/\/bangbang.md\/ru\/wp-json\/wp\/v2\/posts\/5131","targetHints":{"allow":["GET"]}}],"collection":[{"href":"https:\/\/bangbang.md\/ru\/wp-json\/wp\/v2\/posts"}],"about":[{"href":"https:\/\/bangbang.md\/ru\/wp-json\/wp\/v2\/types\/post"}],"author":[{"embeddable":true,"href":"https:\/\/bangbang.md\/ru\/wp-json\/wp\/v2\/users\/4"}],"replies":[{"embeddable":true,"href":"https:\/\/bangbang.md\/ru\/wp-json\/wp\/v2\/comments?post=5131"}],"version-history":[{"count":4,"href":"https:\/\/bangbang.md\/ru\/wp-json\/wp\/v2\/posts\/5131\/revisions"}],"predecessor-version":[{"id":5141,"href":"https:\/\/bangbang.md\/ru\/wp-json\/wp\/v2\/posts\/5131\/revisions\/5141"}],"wp:featuredmedia":[{"embeddable":true,"href":"https:\/\/bangbang.md\/ru\/wp-json\/wp\/v2\/media\/5135"}],"wp:attachment":[{"href":"https:\/\/bangbang.md\/ru\/wp-json\/wp\/v2\/media?parent=5131"}],"wp:term":[{"taxonomy":"category","embeddable":true,"href":"https:\/\/bangbang.md\/ru\/wp-json\/wp\/v2\/categories?post=5131"},{"taxonomy":"post_tag","embeddable":true,"href":"https:\/\/bangbang.md\/ru\/wp-json\/wp\/v2\/tags?post=5131"}],"curies":[{"name":"wp","href":"https:\/\/api.w.org\/{rel}","templated":true}]}}