{"id":4981,"date":"2023-06-21T07:52:10","date_gmt":"2023-06-21T07:52:10","guid":{"rendered":"https:\/\/bangbang.md\/?p=4981"},"modified":"2023-06-21T07:52:12","modified_gmt":"2023-06-21T07:52:12","slug":"programul-de-evenimente-spatii-culturale-alternative-aduce-o-explozie-de-arta-si-dialog-in-republica-moldova","status":"publish","type":"post","link":"https:\/\/bangbang.md\/ru\/2023\/06\/21\/programul-de-evenimente-spatii-culturale-alternative-aduce-o-explozie-de-arta-si-dialog-in-republica-moldova\/","title":{"rendered":"Programul de evenimente\u00a0Spa\u021bii Culturale Alternative\u00a0aduce o explozie de art\u0103 \u0219i dialog \u00een Republica Moldova"},"content":{"rendered":"<h3 class=\"wp-block-heading\" id=\"h-coali\u021bia-sectorului-cultural-independent-\u0219i-asocia\u021bia-oberliht-da-startul-programului-de-evenimente-spa\u021bii-culturale-alternative-in-republica-moldova-sca2023-ajuns-la-cea-de-a-doua-edi\u021bie-programul-i\u0219i-propune-sa-faca-vizibile-organiza\u021biile-\u0219i-ini\u021biativele-culturale-independente-din-\u021bara-aducand-in-prim-plan-un-discurs-artistic-\u0219i-teoretic-alternativ-celui-dominant\"><a href=\"https:\/\/www.facebook.com\/cscirm\" target=\"_blank\" rel=\"noreferrer noopener\">Coali\u021bia Sectorului Cultural Independent<\/a> \u0219i <a href=\"http:\/\/oberliht.org\/\" target=\"_blank\" rel=\"noreferrer noopener\">Asocia\u021bia Oberliht<\/a> d\u0103 startul programului de evenimente <a href=\"https:\/\/zilelespatiuluipublic.wordpress.com\/sca-2023\/\" target=\"_blank\" rel=\"noreferrer noopener\">Spa\u021bii Culturale Alternative \u00een Republica Moldova<\/a> (SCA2023). Ajuns la cea de-a doua edi\u021bie, programul \u00ee\u0219i propune s\u0103 fac\u0103 vizibile organiza\u021biile \u0219i ini\u021biativele culturale independente din \u021bar\u0103, aduc\u00e2nd \u00een prim-plan un discurs artistic \u0219i teoretic alternativ celui dominant.<\/h3>\n\n\n\n<p>Reunind un num\u0103r impresionant de 36 de spa\u021bii culturale alternative \u0219i spa\u021bii de proiect din diferite localit\u0103\u021bi moldovene\u0219ti, SCA2023 deschide u\u0219ile c\u0103tre forme experimentale de art\u0103, art\u0103 contemporan\u0103, art\u0103 angajat\u0103 social \u0219i art\u0103 comunitar\u0103. Printre acestea se num\u0103r\u0103 scuaruri \u0219i spa\u021bii verzi, locuri neconven\u021bionale precum o parcare improvizat\u0103 cu o gr\u0103din\u0103 urban\u0103, dar \u0219i loca\u021bii cu o istorie bogat\u0103, cum ar fi o gar\u0103 de tren sau o bibliotec\u0103 scoas\u0103 din func\u021biune. <\/p>\n\n\n\n<p>SCA2023 propune un program divers \u0219i dinamic, cu peste 40 de activit\u0103\u021bi culturale ce vor captiva at\u00e2t profesioni\u0219tii din sfera culturii, c\u00e2t \u0219i publicul larg. Astfel, \u00een perioada <strong><mark style=\"background-color:rgba(0, 0, 0, 0)\" class=\"has-inline-color has-vivid-cyan-blue-color\">22-25 iunie 2023<\/mark><\/strong> vor fi organizate evenimente \u00een mai multe regiuni din Moldova (B\u0103l\u021bi, Cahul, Dub\u0103sari, Gura Galbenei, H\u00eertop, Naslavcea, Puh\u0103ceni, \u0219i Volintiri), iar \u00eentre <strong><mark style=\"background-color:rgba(0, 0, 0, 0)\" class=\"has-inline-color has-vivid-cyan-blue-color\">29 iunie &#8211; 2 iulie 2023<\/mark><\/strong> \u00een Chi\u0219in\u0103u, Durle\u0219ti \u0219i Tru\u0219eni. <\/p>\n\n\n\n<figure class=\"wp-block-image size-large\"><img loading=\"lazy\" decoding=\"async\" width=\"1024\" height=\"536\" src=\"https:\/\/bangbang.md\/wp-content\/uploads\/2023\/06\/SCA-for-event-1024x536.jpg\" alt=\"\" class=\"wp-image-4982\" srcset=\"https:\/\/bangbang.md\/wp-content\/uploads\/2023\/06\/SCA-for-event-1024x536.jpg 1024w, https:\/\/bangbang.md\/wp-content\/uploads\/2023\/06\/SCA-for-event-300x157.jpg 300w, https:\/\/bangbang.md\/wp-content\/uploads\/2023\/06\/SCA-for-event-768x402.jpg 768w, https:\/\/bangbang.md\/wp-content\/uploads\/2023\/06\/SCA-for-event-1536x804.jpg 1536w, https:\/\/bangbang.md\/wp-content\/uploads\/2023\/06\/SCA-for-event-2048x1072.jpg 2048w, https:\/\/bangbang.md\/wp-content\/uploads\/2023\/06\/SCA-for-event-18x9.jpg 18w, https:\/\/bangbang.md\/wp-content\/uploads\/2023\/06\/SCA-for-event-585x306.jpg 585w\" sizes=\"auto, (max-width: 1024px) 100vw, 1024px\" \/><\/figure>\n\n\n\n<p>Programul SCA2023 reprezint\u0103 o platform\u0103 esen\u021bial\u0103 \u00een promovarea viziunilor alternative \u00een sfera culturii, contribuind la dinamizarea \u0219i redefinirea rolului culturii \u00een societatea moldoveneasc\u0103. Pe l\u00e2ng\u0103 implicarea arti\u0219tilor autohtoni, programul aduce \u00een fa\u021ba publicului \u0219i invita\u021bi din Elve\u021bia, Mexic, Rom\u00e2nia, cre\u00e2nd un mediu potrivit pentru dialog \u0219i reflec\u021bie.<\/p>\n\n\n\n<p>Prin intermediul acestui program, se dore\u0219te abordarea unor subiecte de importan\u021b\u0103 major\u0103 pentru comunitatea cultural\u0103 \u0219i societatea \u00een ansamblu, cum ar fi autoorganizarea, educa\u021bia civic\u0103 prin art\u0103, guvernarea participativ\u0103 a infrastructurii culturale, mobilitatea artistic\u0103 \u0219i descentralizarea culturii, rolul culturii \u00een perioade de criz\u0103, precum \u0219i solidaritatea cu poporul ucrainean \u0219i construirea unei alternative viabile pe termen lung.<\/p>\n\n\n\n<p><a href=\"https:\/\/docs.google.com\/document\/d\/1ORxkEO7l2tIlEbkfBlgA7PFm1TdRq32Wl8epPG35BWA\/edit\" target=\"_blank\" rel=\"noreferrer noopener\"><mark style=\"background-color:rgba(0, 0, 0, 0)\" class=\"has-inline-color has-vivid-cyan-blue-color\"><strong>Programul poate fi accesat aici.<\/strong><\/mark><\/a><\/p>","protected":false},"excerpt":{"rendered":"<p>Coali\u021bia Sectorului Cultural Independent \u0219i Asocia\u021bia Oberliht d\u0103 startul programului de evenimente Spa\u021bii Culturale Alternative \u00een Republica Moldova (SCA2023). Ajuns&#8230;<\/p>","protected":false},"author":4,"featured_media":4987,"comment_status":"open","ping_status":"open","sticky":false,"template":"","format":"standard","meta":{"footnotes":""},"categories":[183,177],"tags":[],"class_list":["post-4981","post","type-post","status-publish","format-standard","has-post-thumbnail","hentry","category-moldova","category-noutati"],"yoast_head":"<!-- This site is optimized with the Yoast SEO Premium plugin v18.9 (Yoast SEO v20.13) - https:\/\/yoast.com\/wordpress\/plugins\/seo\/ -->\n<title>Programul de evenimente\u00a0Spa\u021bii Culturale Alternative\u00a0aduce o explozie de art\u0103 \u0219i dialog \u00een Republica Moldova - BANG-BANG<\/title>\n<meta name=\"robots\" content=\"index, follow, max-snippet:-1, max-image-preview:large, max-video-preview:-1\" \/>\n<link rel=\"canonical\" href=\"https:\/\/bangbang.md\/ru\/2023\/06\/21\/programul-de-evenimente-spatii-culturale-alternative-aduce-o-explozie-de-arta-si-dialog-in-republica-moldova\/\" \/>\n<meta property=\"og:locale\" content=\"ru_RU\" \/>\n<meta property=\"og:type\" content=\"article\" \/>\n<meta property=\"og:title\" content=\"Programul de evenimente\u00a0Spa\u021bii Culturale Alternative\u00a0aduce o explozie de art\u0103 \u0219i dialog \u00een Republica Moldova\" \/>\n<meta property=\"og:description\" content=\"Coali\u021bia Sectorului Cultural Independent \u0219i Asocia\u021bia Oberliht d\u0103 startul programului de evenimente Spa\u021bii Culturale Alternative \u00een Republica Moldova (SCA2023). Ajuns...\" \/>\n<meta property=\"og:url\" content=\"https:\/\/bangbang.md\/ru\/2023\/06\/21\/programul-de-evenimente-spatii-culturale-alternative-aduce-o-explozie-de-arta-si-dialog-in-republica-moldova\/\" \/>\n<meta property=\"og:site_name\" content=\"BANG-BANG\" \/>\n<meta property=\"article:publisher\" content=\"https:\/\/www.facebook.com\/bangbangmoldova\" \/>\n<meta property=\"article:published_time\" content=\"2023-06-21T07:52:10+00:00\" \/>\n<meta property=\"article:modified_time\" content=\"2023-06-21T07:52:12+00:00\" \/>\n<meta property=\"og:image\" content=\"https:\/\/bangbang.md\/wp-content\/uploads\/2023\/06\/347551898_805574407369223_1292592139780808857_n.jpg\" \/>\n\t<meta property=\"og:image:width\" content=\"1280\" \/>\n\t<meta property=\"og:image:height\" content=\"960\" \/>\n\t<meta property=\"og:image:type\" content=\"image\/jpeg\" \/>\n<meta name=\"author\" content=\"Redactia\" \/>\n<meta name=\"twitter:card\" content=\"summary_large_image\" \/>\n<meta name=\"twitter:label1\" content=\"\u041d\u0430\u043f\u0438\u0441\u0430\u043d\u043e \u0430\u0432\u0442\u043e\u0440\u043e\u043c\" \/>\n\t<meta name=\"twitter:data1\" content=\"Redactia\" \/>\n\t<meta name=\"twitter:label2\" content=\"\u041f\u0440\u0438\u043c\u0435\u0440\u043d\u043e\u0435 \u0432\u0440\u0435\u043c\u044f \u0434\u043b\u044f \u0447\u0442\u0435\u043d\u0438\u044f\" \/>\n\t<meta name=\"twitter:data2\" content=\"2 \u043c\u0438\u043d\u0443\u0442\u044b\" \/>\n<script type=\"application\/ld+json\" class=\"yoast-schema-graph\">{\"@context\":\"https:\/\/schema.org\",\"@graph\":[{\"@type\":\"Article\",\"@id\":\"https:\/\/bangbang.md\/2023\/06\/21\/programul-de-evenimente-spatii-culturale-alternative-aduce-o-explozie-de-arta-si-dialog-in-republica-moldova\/#article\",\"isPartOf\":{\"@id\":\"https:\/\/bangbang.md\/2023\/06\/21\/programul-de-evenimente-spatii-culturale-alternative-aduce-o-explozie-de-arta-si-dialog-in-republica-moldova\/\"},\"author\":{\"name\":\"Redactia\",\"@id\":\"https:\/\/bangbang.md\/#\/schema\/person\/3c4bdd852f2d2f8db3bde1e81e9676a2\"},\"headline\":\"Programul de evenimente\u00a0Spa\u021bii Culturale Alternative\u00a0aduce o explozie de art\u0103 \u0219i dialog \u00een Republica Moldova\",\"datePublished\":\"2023-06-21T07:52:10+00:00\",\"dateModified\":\"2023-06-21T07:52:12+00:00\",\"mainEntityOfPage\":{\"@id\":\"https:\/\/bangbang.md\/2023\/06\/21\/programul-de-evenimente-spatii-culturale-alternative-aduce-o-explozie-de-arta-si-dialog-in-republica-moldova\/\"},\"wordCount\":349,\"commentCount\":0,\"publisher\":{\"@id\":\"https:\/\/bangbang.md\/#organization\"},\"articleSection\":[\"Moldova\",\"Nout\u0103\u021bi\"],\"inLanguage\":\"ru-RU\"},{\"@type\":\"WebPage\",\"@id\":\"https:\/\/bangbang.md\/2023\/06\/21\/programul-de-evenimente-spatii-culturale-alternative-aduce-o-explozie-de-arta-si-dialog-in-republica-moldova\/\",\"url\":\"https:\/\/bangbang.md\/2023\/06\/21\/programul-de-evenimente-spatii-culturale-alternative-aduce-o-explozie-de-arta-si-dialog-in-republica-moldova\/\",\"name\":\"Programul de evenimente\u00a0Spa\u021bii Culturale Alternative\u00a0aduce o explozie de art\u0103 \u0219i dialog \u00een Republica Moldova - BANG-BANG\",\"isPartOf\":{\"@id\":\"https:\/\/bangbang.md\/#website\"},\"datePublished\":\"2023-06-21T07:52:10+00:00\",\"dateModified\":\"2023-06-21T07:52:12+00:00\",\"breadcrumb\":{\"@id\":\"https:\/\/bangbang.md\/2023\/06\/21\/programul-de-evenimente-spatii-culturale-alternative-aduce-o-explozie-de-arta-si-dialog-in-republica-moldova\/#breadcrumb\"},\"inLanguage\":\"ru-RU\",\"potentialAction\":[{\"@type\":\"ReadAction\",\"target\":[\"https:\/\/bangbang.md\/2023\/06\/21\/programul-de-evenimente-spatii-culturale-alternative-aduce-o-explozie-de-arta-si-dialog-in-republica-moldova\/\"]}]},{\"@type\":\"BreadcrumbList\",\"@id\":\"https:\/\/bangbang.md\/2023\/06\/21\/programul-de-evenimente-spatii-culturale-alternative-aduce-o-explozie-de-arta-si-dialog-in-republica-moldova\/#breadcrumb\",\"itemListElement\":[{\"@type\":\"ListItem\",\"position\":1,\"name\":\"Prima pagin\u0103\",\"item\":\"https:\/\/bangbang.md\/\"},{\"@type\":\"ListItem\",\"position\":2,\"name\":\"Programul de evenimente\u00a0Spa\u021bii Culturale Alternative\u00a0aduce o explozie de art\u0103 \u0219i dialog \u00een Republica Moldova\"}]},{\"@type\":\"WebSite\",\"@id\":\"https:\/\/bangbang.md\/#website\",\"url\":\"https:\/\/bangbang.md\/\",\"name\":\"BANG-BANG\",\"description\":\"Portal web dedicat comunit\u0103\u021bii LGBTQ d RM\",\"publisher\":{\"@id\":\"https:\/\/bangbang.md\/#organization\"},\"potentialAction\":[{\"@type\":\"SearchAction\",\"target\":{\"@type\":\"EntryPoint\",\"urlTemplate\":\"https:\/\/bangbang.md\/?s={search_term_string}\"},\"query-input\":\"required name=search_term_string\"}],\"inLanguage\":\"ru-RU\"},{\"@type\":\"Organization\",\"@id\":\"https:\/\/bangbang.md\/#organization\",\"name\":\"Bang bang\",\"url\":\"https:\/\/bangbang.md\/\",\"logo\":{\"@type\":\"ImageObject\",\"inLanguage\":\"ru-RU\",\"@id\":\"https:\/\/bangbang.md\/#\/schema\/logo\/image\/\",\"url\":\"https:\/\/bangbang.md\/wp-content\/uploads\/2022\/07\/cropped-Group.jpg\",\"contentUrl\":\"https:\/\/bangbang.md\/wp-content\/uploads\/2022\/07\/cropped-Group.jpg\",\"width\":512,\"height\":512,\"caption\":\"Bang bang\"},\"image\":{\"@id\":\"https:\/\/bangbang.md\/#\/schema\/logo\/image\/\"},\"sameAs\":[\"https:\/\/www.facebook.com\/bangbangmoldova\"]},{\"@type\":\"Person\",\"@id\":\"https:\/\/bangbang.md\/#\/schema\/person\/3c4bdd852f2d2f8db3bde1e81e9676a2\",\"name\":\"Redactia\",\"image\":{\"@type\":\"ImageObject\",\"inLanguage\":\"ru-RU\",\"@id\":\"https:\/\/bangbang.md\/#\/schema\/person\/image\/\",\"url\":\"https:\/\/secure.gravatar.com\/avatar\/31b9e560d1e50693e5c3bec169fad34f40ffc3d32174e8953ddc1d30a6216ced?s=96&d=mm&r=g\",\"contentUrl\":\"https:\/\/secure.gravatar.com\/avatar\/31b9e560d1e50693e5c3bec169fad34f40ffc3d32174e8953ddc1d30a6216ced?s=96&d=mm&r=g\",\"caption\":\"Redactia\"},\"url\":\"https:\/\/bangbang.md\/ru\/author\/redactia\/\"}]}<\/script>\n<!-- \/ Yoast SEO Premium plugin. -->","yoast_head_json":{"title":"Programul de evenimente\u00a0Spa\u021bii Culturale Alternative\u00a0aduce o explozie de art\u0103 \u0219i dialog \u00een Republica Moldova - BANG-BANG","robots":{"index":"index","follow":"follow","max-snippet":"max-snippet:-1","max-image-preview":"max-image-preview:large","max-video-preview":"max-video-preview:-1"},"canonical":"https:\/\/bangbang.md\/ru\/2023\/06\/21\/programul-de-evenimente-spatii-culturale-alternative-aduce-o-explozie-de-arta-si-dialog-in-republica-moldova\/","og_locale":"ru_RU","og_type":"article","og_title":"Programul de evenimente\u00a0Spa\u021bii Culturale Alternative\u00a0aduce o explozie de art\u0103 \u0219i dialog \u00een Republica Moldova","og_description":"Coali\u021bia Sectorului Cultural Independent \u0219i Asocia\u021bia Oberliht d\u0103 startul programului de evenimente Spa\u021bii Culturale Alternative \u00een Republica Moldova (SCA2023). Ajuns...","og_url":"https:\/\/bangbang.md\/ru\/2023\/06\/21\/programul-de-evenimente-spatii-culturale-alternative-aduce-o-explozie-de-arta-si-dialog-in-republica-moldova\/","og_site_name":"BANG-BANG","article_publisher":"https:\/\/www.facebook.com\/bangbangmoldova","article_published_time":"2023-06-21T07:52:10+00:00","article_modified_time":"2023-06-21T07:52:12+00:00","og_image":[{"width":1280,"height":960,"url":"https:\/\/bangbang.md\/wp-content\/uploads\/2023\/06\/347551898_805574407369223_1292592139780808857_n.jpg","type":"image\/jpeg"}],"author":"Redactia","twitter_card":"summary_large_image","twitter_misc":{"\u041d\u0430\u043f\u0438\u0441\u0430\u043d\u043e \u0430\u0432\u0442\u043e\u0440\u043e\u043c":"Redactia","\u041f\u0440\u0438\u043c\u0435\u0440\u043d\u043e\u0435 \u0432\u0440\u0435\u043c\u044f \u0434\u043b\u044f \u0447\u0442\u0435\u043d\u0438\u044f":"2 \u043c\u0438\u043d\u0443\u0442\u044b"},"schema":{"@context":"https:\/\/schema.org","@graph":[{"@type":"Article","@id":"https:\/\/bangbang.md\/2023\/06\/21\/programul-de-evenimente-spatii-culturale-alternative-aduce-o-explozie-de-arta-si-dialog-in-republica-moldova\/#article","isPartOf":{"@id":"https:\/\/bangbang.md\/2023\/06\/21\/programul-de-evenimente-spatii-culturale-alternative-aduce-o-explozie-de-arta-si-dialog-in-republica-moldova\/"},"author":{"name":"Redactia","@id":"https:\/\/bangbang.md\/#\/schema\/person\/3c4bdd852f2d2f8db3bde1e81e9676a2"},"headline":"Programul de evenimente\u00a0Spa\u021bii Culturale Alternative\u00a0aduce o explozie de art\u0103 \u0219i dialog \u00een Republica Moldova","datePublished":"2023-06-21T07:52:10+00:00","dateModified":"2023-06-21T07:52:12+00:00","mainEntityOfPage":{"@id":"https:\/\/bangbang.md\/2023\/06\/21\/programul-de-evenimente-spatii-culturale-alternative-aduce-o-explozie-de-arta-si-dialog-in-republica-moldova\/"},"wordCount":349,"commentCount":0,"publisher":{"@id":"https:\/\/bangbang.md\/#organization"},"articleSection":["Moldova","Nout\u0103\u021bi"],"inLanguage":"ru-RU"},{"@type":"WebPage","@id":"https:\/\/bangbang.md\/2023\/06\/21\/programul-de-evenimente-spatii-culturale-alternative-aduce-o-explozie-de-arta-si-dialog-in-republica-moldova\/","url":"https:\/\/bangbang.md\/2023\/06\/21\/programul-de-evenimente-spatii-culturale-alternative-aduce-o-explozie-de-arta-si-dialog-in-republica-moldova\/","name":"Programul de evenimente\u00a0Spa\u021bii Culturale Alternative\u00a0aduce o explozie de art\u0103 \u0219i dialog \u00een Republica Moldova - BANG-BANG","isPartOf":{"@id":"https:\/\/bangbang.md\/#website"},"datePublished":"2023-06-21T07:52:10+00:00","dateModified":"2023-06-21T07:52:12+00:00","breadcrumb":{"@id":"https:\/\/bangbang.md\/2023\/06\/21\/programul-de-evenimente-spatii-culturale-alternative-aduce-o-explozie-de-arta-si-dialog-in-republica-moldova\/#breadcrumb"},"inLanguage":"ru-RU","potentialAction":[{"@type":"ReadAction","target":["https:\/\/bangbang.md\/2023\/06\/21\/programul-de-evenimente-spatii-culturale-alternative-aduce-o-explozie-de-arta-si-dialog-in-republica-moldova\/"]}]},{"@type":"BreadcrumbList","@id":"https:\/\/bangbang.md\/2023\/06\/21\/programul-de-evenimente-spatii-culturale-alternative-aduce-o-explozie-de-arta-si-dialog-in-republica-moldova\/#breadcrumb","itemListElement":[{"@type":"ListItem","position":1,"name":"Prima pagin\u0103","item":"https:\/\/bangbang.md\/"},{"@type":"ListItem","position":2,"name":"Programul de evenimente\u00a0Spa\u021bii Culturale Alternative\u00a0aduce o explozie de art\u0103 \u0219i dialog \u00een Republica Moldova"}]},{"@type":"WebSite","@id":"https:\/\/bangbang.md\/#website","url":"https:\/\/bangbang.md\/","name":"BANG-BANG","description":"Portal web dedicat comunit\u0103\u021bii LGBTQ d RM","publisher":{"@id":"https:\/\/bangbang.md\/#organization"},"potentialAction":[{"@type":"SearchAction","target":{"@type":"EntryPoint","urlTemplate":"https:\/\/bangbang.md\/?s={search_term_string}"},"query-input":"required name=search_term_string"}],"inLanguage":"ru-RU"},{"@type":"Organization","@id":"https:\/\/bangbang.md\/#organization","name":"Bang bang","url":"https:\/\/bangbang.md\/","logo":{"@type":"ImageObject","inLanguage":"ru-RU","@id":"https:\/\/bangbang.md\/#\/schema\/logo\/image\/","url":"https:\/\/bangbang.md\/wp-content\/uploads\/2022\/07\/cropped-Group.jpg","contentUrl":"https:\/\/bangbang.md\/wp-content\/uploads\/2022\/07\/cropped-Group.jpg","width":512,"height":512,"caption":"Bang bang"},"image":{"@id":"https:\/\/bangbang.md\/#\/schema\/logo\/image\/"},"sameAs":["https:\/\/www.facebook.com\/bangbangmoldova"]},{"@type":"Person","@id":"https:\/\/bangbang.md\/#\/schema\/person\/3c4bdd852f2d2f8db3bde1e81e9676a2","name":"Redactia","image":{"@type":"ImageObject","inLanguage":"ru-RU","@id":"https:\/\/bangbang.md\/#\/schema\/person\/image\/","url":"https:\/\/secure.gravatar.com\/avatar\/31b9e560d1e50693e5c3bec169fad34f40ffc3d32174e8953ddc1d30a6216ced?s=96&d=mm&r=g","contentUrl":"https:\/\/secure.gravatar.com\/avatar\/31b9e560d1e50693e5c3bec169fad34f40ffc3d32174e8953ddc1d30a6216ced?s=96&d=mm&r=g","caption":"Redactia"},"url":"https:\/\/bangbang.md\/ru\/author\/redactia\/"}]}},"_links":{"self":[{"href":"https:\/\/bangbang.md\/ru\/wp-json\/wp\/v2\/posts\/4981","targetHints":{"allow":["GET"]}}],"collection":[{"href":"https:\/\/bangbang.md\/ru\/wp-json\/wp\/v2\/posts"}],"about":[{"href":"https:\/\/bangbang.md\/ru\/wp-json\/wp\/v2\/types\/post"}],"author":[{"embeddable":true,"href":"https:\/\/bangbang.md\/ru\/wp-json\/wp\/v2\/users\/4"}],"replies":[{"embeddable":true,"href":"https:\/\/bangbang.md\/ru\/wp-json\/wp\/v2\/comments?post=4981"}],"version-history":[{"count":5,"href":"https:\/\/bangbang.md\/ru\/wp-json\/wp\/v2\/posts\/4981\/revisions"}],"predecessor-version":[{"id":4992,"href":"https:\/\/bangbang.md\/ru\/wp-json\/wp\/v2\/posts\/4981\/revisions\/4992"}],"wp:featuredmedia":[{"embeddable":true,"href":"https:\/\/bangbang.md\/ru\/wp-json\/wp\/v2\/media\/4987"}],"wp:attachment":[{"href":"https:\/\/bangbang.md\/ru\/wp-json\/wp\/v2\/media?parent=4981"}],"wp:term":[{"taxonomy":"category","embeddable":true,"href":"https:\/\/bangbang.md\/ru\/wp-json\/wp\/v2\/categories?post=4981"},{"taxonomy":"post_tag","embeddable":true,"href":"https:\/\/bangbang.md\/ru\/wp-json\/wp\/v2\/tags?post=4981"}],"curies":[{"name":"wp","href":"https:\/\/api.w.org\/{rel}","templated":true}]}}