{"id":4975,"date":"2023-06-17T14:38:47","date_gmt":"2023-06-17T14:38:47","guid":{"rendered":"https:\/\/bangbang.md\/?p=4975"},"modified":"2023-06-17T14:38:48","modified_gmt":"2023-06-17T14:38:48","slug":"reactia-avocatului-poporului-la-%f0%9d%97%b1%f0%9d%97%b6%f0%9d%98%80%f0%9d%97%b0%f0%9d%98%82%f0%9d%97%bf%f0%9d%98%80%f0%9d%98%82%f0%9d%97%bf%f0%9d%97%b6%f0%9d%97%b9%f0%9d%97%b2-%f0%9d%97%b1","status":"publish","type":"post","link":"https:\/\/bangbang.md\/ru\/2023\/06\/17\/reactia-avocatului-poporului-la-%f0%9d%97%b1%f0%9d%97%b6%f0%9d%98%80%f0%9d%97%b0%f0%9d%98%82%f0%9d%97%bf%f0%9d%98%80%f0%9d%98%82%f0%9d%97%bf%f0%9d%97%b6%f0%9d%97%b9%f0%9d%97%b2-%f0%9d%97%b1\/","title":{"rendered":"Reac\u021bia Avocatului Poporului la \ud835\uddf1\ud835\uddf6\ud835\ude00\ud835\uddf0\ud835\ude02\ud835\uddff\ud835\ude00\ud835\ude02\ud835\uddff\ud835\uddf6\ud835\uddf9\ud835\uddf2 \ud835\uddf1\ud835\uddf2 \ud835\ude02\ud835\uddff\ud835\uddee\u0306 ale unor \ud835\uddfd\ud835\uddfc\ud835\uddf9\ud835\uddf6\ud835\ude01\ud835\uddf6\ud835\uddf0\ud835\uddf6\ud835\uddf2\ud835\uddfb\ud835\uddf6 \ud835\uddf3\ud835\uddee\ud835\ude01\u0326\ud835\uddee\u0306 \ud835\uddf1\ud835\uddf2 \ud835\uddf0\ud835\uddfc\ud835\uddfa\ud835\ude02\ud835\uddfb\ud835\uddf6\ud835\ude01\ud835\uddee\ud835\ude01\ud835\uddf2\ud835\uddee \ud835\udddf\ud835\uddda\ud835\uddd5\ud835\udde7\ud835\udde4+ din R. Moldova"},"content":{"rendered":"<h3 class=\"wp-block-heading\" id=\"h-\ud835\uddd4\ud835\ude03\ud835\uddfc\ud835\uddf0\ud835\uddee\ud835\ude01\ud835\ude02\ud835\uddf9-\ud835\udde3\ud835\uddfc\ud835\uddfd\ud835\uddfc\ud835\uddff\ud835\ude02\ud835\uddf9\ud835\ude02\ud835\uddf6-\ud835\uddd6\ud835\uddf2\ud835\ude00\ud835\uddf9\ud835\uddee\ud835\ude03-\ud835\udde3\ud835\uddee\ud835\uddfb\ud835\uddf6\ud835\uddf0\ud835\uddfc-se-declara-i\ud835\uddfb\ud835\uddf4\ud835\uddff\ud835\uddf6\ud835\uddf7\ud835\uddfc\ud835\uddff\ud835\uddee\ud835\ude01-\ud835\uddf1\ud835\uddf2-\ud835\uddf1\ud835\uddf6\ud835\ude00\ud835\uddf0\ud835\ude02\ud835\uddff\ud835\ude00\ud835\ude02\ud835\uddff\ud835\uddf6\ud835\uddf9\ud835\uddf2-\ud835\uddf1\ud835\uddf2-\ud835\ude02\ud835\uddff\ud835\uddee-\ud835\ude00\ud835\uddf6-\ud835\uddfd\ud835\uddff\ud835\uddf2\ud835\uddf7\ud835\ude02\ud835\uddf1\ud835\uddf2\ud835\uddf0\ud835\uddee\ud835\ude01\ud835\uddee-\ud835\uddfa\ud835\uddee\ud835\uddfb\ud835\uddf6\ud835\uddf3\ud835\uddf2\ud835\ude00\ud835\ude01\ud835\uddee\ud835\ude01\ud835\uddf2-\ud835\uddf1\ud835\uddf2-\ud835\ude02\ud835\uddfb\ud835\uddf6\ud835\uddf6-\ud835\uddfd\ud835\uddfc\ud835\uddf9\ud835\uddf6\ud835\ude01\ud835\uddf6\ud835\uddf0\ud835\uddf6\ud835\uddf2\ud835\uddfb\ud835\uddf6-\ud835\uddf3\ud835\uddee\ud835\ude01\ud835\uddee-\ud835\uddf1\ud835\uddf2-\ud835\uddf0\ud835\uddfc\ud835\uddfa\ud835\ude02\ud835\uddfb\ud835\uddf6\ud835\ude01\ud835\uddee\ud835\ude01\ud835\uddf2\ud835\uddee-\ud835\udddf\ud835\uddda\ud835\uddd5\ud835\udde7\ud835\udde4-\ud835\uddf1\ud835\uddf6\ud835\uddfb-\ud835\udde5-\ud835\udde0\ud835\uddfc\ud835\uddf9\ud835\uddf1\ud835\uddfc\ud835\ude03\ud835\uddee-precum-\u0219i-de-inten\u021bia-primarului-mun-chi\u0219inau-de-a-nu-autoriza-mar\u0219ul-pride-din-18-iunie-curent-ombudsmanul-indeamna-\ud835\uddf9\ud835\uddee-\ud835\uddff\ud835\uddf2\ud835\ude00\ud835\uddfd\ud835\uddf2\ud835\uddf0\ud835\ude01\ud835\uddee\ud835\uddff\ud835\uddf2\ud835\uddee-\ud835\uddf1\ud835\uddff\ud835\uddf2\ud835\uddfd\ud835\ude01\ud835\ude02\ud835\uddff\ud835\uddf6\ud835\uddf9\ud835\uddfc\ud835\uddff-\ud835\uddfc\ud835\uddfa\ud835\ude02\ud835\uddf9\ud835\ude02\ud835\uddf6-\ud835\ude00\ud835\uddf6-\ud835\uddf9\ud835\uddf6\ud835\uddef\ud835\uddf2\ud835\uddff\ud835\ude01\ud835\uddee\ud835\ude01\ud835\uddf6\ud835\uddf9\ud835\uddfc\ud835\uddff-\ud835\uddf3\ud835\ude02\ud835\uddfb\ud835\uddf1\ud835\uddee\ud835\uddfa\ud835\uddf2\ud835\uddfb\ud835\ude01\ud835\uddee\ud835\uddf9\ud835\uddf2\"><strong>\ud835\uddd4\ud835\ude03\ud835\uddfc\ud835\uddf0\ud835\uddee\ud835\ude01\ud835\ude02\ud835\uddf9 \ud835\udde3\ud835\uddfc\ud835\uddfd\ud835\uddfc\ud835\uddff\ud835\ude02\ud835\uddf9\ud835\ude02\ud835\uddf6, \ud835\uddd6\ud835\uddf2\ud835\ude00\ud835\uddf9\ud835\uddee\ud835\ude03 \ud835\udde3\ud835\uddee\ud835\uddfb\ud835\uddf6\ud835\uddf0\ud835\uddfc se declar\u0103 \u00ee\ud835\uddfb\ud835\uddf4\ud835\uddff\ud835\uddf6\ud835\uddf7\ud835\uddfc\ud835\uddff\ud835\uddee\ud835\ude01 \ud835\uddf1\ud835\uddf2 \ud835\uddf1\ud835\uddf6\ud835\ude00\ud835\uddf0\ud835\ude02\ud835\uddff\ud835\ude00\ud835\ude02\ud835\uddff\ud835\uddf6\ud835\uddf9\ud835\uddf2 \ud835\uddf1\ud835\uddf2 \ud835\ude02\ud835\uddff\ud835\uddee\u0306 \ud835\ude00\u0326\ud835\uddf6 \ud835\uddfd\ud835\uddff\ud835\uddf2\ud835\uddf7\ud835\ude02\ud835\uddf1\ud835\uddf2\ud835\uddf0\ud835\uddee\ud835\ude01\ud835\uddee\u0306 \ud835\uddfa\ud835\uddee\ud835\uddfb\ud835\uddf6\ud835\uddf3\ud835\uddf2\ud835\ude00\ud835\ude01\ud835\uddee\ud835\ude01\ud835\uddf2 \ud835\uddf1\ud835\uddf2 \ud835\ude02\ud835\uddfb\ud835\uddf6\ud835\uddf6 \ud835\uddfd\ud835\uddfc\ud835\uddf9\ud835\uddf6\ud835\ude01\ud835\uddf6\ud835\uddf0\ud835\uddf6\ud835\uddf2\ud835\uddfb\ud835\uddf6 \ud835\uddf3\ud835\uddee\ud835\ude01\u0326\ud835\uddee\u0306 \ud835\uddf1\ud835\uddf2 \ud835\uddf0\ud835\uddfc\ud835\uddfa\ud835\ude02\ud835\uddfb\ud835\uddf6\ud835\ude01\ud835\uddee\ud835\ude01\ud835\uddf2\ud835\uddee \ud835\udddf\ud835\uddda\ud835\uddd5\ud835\udde7\ud835\udde4+ \ud835\uddf1\ud835\uddf6\ud835\uddfb \ud835\udde5. \ud835\udde0\ud835\uddfc\ud835\uddf9\ud835\uddf1\ud835\uddfc\ud835\ude03\ud835\uddee, <\/strong>precum \u0219i de inten\u021bia Primarului mun. Chi\u0219in\u0103u de a nu autoriza mar\u0219ul Pride din 18 iunie curent. Ombudsmanul \u00eendeamn\u0103 <strong>\ud835\uddf9\ud835\uddee \ud835\uddff\ud835\uddf2\ud835\ude00\ud835\uddfd\ud835\uddf2\ud835\uddf0\ud835\ude01\ud835\uddee\ud835\uddff\ud835\uddf2\ud835\uddee \ud835\uddf1\ud835\uddff\ud835\uddf2\ud835\uddfd\ud835\ude01\ud835\ude02\ud835\uddff\ud835\uddf6\ud835\uddf9\ud835\uddfc\ud835\uddff \ud835\uddfc\ud835\uddfa\ud835\ude02\ud835\uddf9\ud835\ude02\ud835\uddf6 \ud835\ude00\u0326\ud835\uddf6 \ud835\uddf9\ud835\uddf6\ud835\uddef\ud835\uddf2\ud835\uddff\ud835\ude01\ud835\uddee\u0306\ud835\ude01\u0326\ud835\uddf6\ud835\uddf9\ud835\uddfc\ud835\uddff \ud835\uddf3\ud835\ude02\ud835\uddfb\ud835\uddf1\ud835\uddee\ud835\uddfa\ud835\uddf2\ud835\uddfb\ud835\ude01\ud835\uddee\ud835\uddf9\ud835\uddf2.<\/strong><\/h3>\n\n\n\n<p>Avocatul Poporului subliniaz\u0103 c\u0103 prin astfel de discursuri sunt sfidate normele \u0219i standardele na\u021bionale \u0219i interna\u021bionale din domeniul drepturilor omului. &#8220;<em>\u00cen mesajele c\u0103tre public a fost admis un discurs umilitor, discriminatoriu pe criteriu de orientare sexual\u0103, \u00eencerc\u00e2ndu-se \u00een acest mod exploatarea prejudec\u0103\u021bilor \u0219i stereotipurilor membrilor societ\u0103\u021bii&#8221;<\/em>, se men\u021bioneaz\u0103 \u00eentr-un comunicat al Ombudsmanului. <\/p>\n\n\n\n<p>Ombudsmanul consider\u0103 c\u0103 politicienii, ca reprezentan\u021bi ai poporului trebuie s\u0103 uneasc\u0103, nu s\u0103 dezbine societatea. Acesta subliniaz\u0103 c\u0103 exponen\u021bi ai unui interes public ce au aspira\u021bii democratice europene trebuie s\u0103 prezinte un model de atitudine respectuoas\u0103 fa\u021b\u0103 de demnitatea uman\u0103, drepturile \u0219i libert\u0103\u021bile omului, indiferent de ras\u0103, culoare, origine etnic\u0103, na\u021bional\u0103 sau social\u0103, cet\u0103\u021benie, sex, gen, limb\u0103, religie sau credin\u021be religioase, opinii politice, dizabilitate, orientare sexual\u0103, identitate de gen, stare de s\u0103n\u0103tate, v\u00e2rst\u0103 \u0219i stare civil\u0103.<\/p>","protected":false},"excerpt":{"rendered":"<p>\ud835\uddd4\ud835\ude03\ud835\uddfc\ud835\uddf0\ud835\uddee\ud835\ude01\ud835\ude02\ud835\uddf9 \ud835\udde3\ud835\uddfc\ud835\uddfd\ud835\uddfc\ud835\uddff\ud835\ude02\ud835\uddf9\ud835\ude02\ud835\uddf6, \ud835\uddd6\ud835\uddf2\ud835\ude00\ud835\uddf9\ud835\uddee\ud835\ude03 \ud835\udde3\ud835\uddee\ud835\uddfb\ud835\uddf6\ud835\uddf0\ud835\uddfc se declar\u0103 \u00ee\ud835\uddfb\ud835\uddf4\ud835\uddff\ud835\uddf6\ud835\uddf7\ud835\uddfc\ud835\uddff\ud835\uddee\ud835\ude01 \ud835\uddf1\ud835\uddf2 \ud835\uddf1\ud835\uddf6\ud835\ude00\ud835\uddf0\ud835\ude02\ud835\uddff\ud835\ude00\ud835\ude02\ud835\uddff\ud835\uddf6\ud835\uddf9\ud835\uddf2 \ud835\uddf1\ud835\uddf2 \ud835\ude02\ud835\uddff\ud835\uddee\u0306 \ud835\ude00\u0326\ud835\uddf6 \ud835\uddfd\ud835\uddff\ud835\uddf2\ud835\uddf7\ud835\ude02\ud835\uddf1\ud835\uddf2\ud835\uddf0\ud835\uddee\ud835\ude01\ud835\uddee\u0306 \ud835\uddfa\ud835\uddee\ud835\uddfb\ud835\uddf6\ud835\uddf3\ud835\uddf2\ud835\ude00\ud835\ude01\ud835\uddee\ud835\ude01\ud835\uddf2 \ud835\uddf1\ud835\uddf2 \ud835\ude02\ud835\uddfb\ud835\uddf6\ud835\uddf6 \ud835\uddfd\ud835\uddfc\ud835\uddf9\ud835\uddf6\ud835\ude01\ud835\uddf6\ud835\uddf0\ud835\uddf6\ud835\uddf2\ud835\uddfb\ud835\uddf6 \ud835\uddf3\ud835\uddee\ud835\ude01\u0326\ud835\uddee\u0306 \ud835\uddf1\ud835\uddf2 \ud835\uddf0\ud835\uddfc\ud835\uddfa\ud835\ude02\ud835\uddfb\ud835\uddf6\ud835\ude01\ud835\uddee\ud835\ude01\ud835\uddf2\ud835\uddee&#8230;<\/p>","protected":false},"author":4,"featured_media":3942,"comment_status":"open","ping_status":"open","sticky":false,"template":"","format":"standard","meta":{"footnotes":""},"categories":[179,183],"tags":[374,197,292,297,199],"class_list":["post-4975","post","type-post","status-publish","format-standard","has-post-thumbnail","hentry","category-lumea-noastra","category-moldova","tag-centrul-gdm","tag-lgbtq","tag-orientare-sexuala","tag-pride","tag-queer-moldova"],"yoast_head":"<!-- This site is optimized with the Yoast SEO Premium plugin v18.9 (Yoast SEO v20.13) - https:\/\/yoast.com\/wordpress\/plugins\/seo\/ -->\n<title>Reac\u021bia Avocatului Poporului la \ud835\uddf1\ud835\uddf6\ud835\ude00\ud835\uddf0\ud835\ude02\ud835\uddff\ud835\ude00\ud835\ude02\ud835\uddff\ud835\uddf6\ud835\uddf9\ud835\uddf2 \ud835\uddf1\ud835\uddf2 \ud835\ude02\ud835\uddff\ud835\uddee\u0306 ale unor \ud835\uddfd\ud835\uddfc\ud835\uddf9\ud835\uddf6\ud835\ude01\ud835\uddf6\ud835\uddf0\ud835\uddf6\ud835\uddf2\ud835\uddfb\ud835\uddf6 \ud835\uddf3\ud835\uddee\ud835\ude01\u0326\ud835\uddee\u0306 \ud835\uddf1\ud835\uddf2 \ud835\uddf0\ud835\uddfc\ud835\uddfa\ud835\ude02\ud835\uddfb\ud835\uddf6\ud835\ude01\ud835\uddee\ud835\ude01\ud835\uddf2\ud835\uddee \ud835\udddf\ud835\uddda\ud835\uddd5\ud835\udde7\ud835\udde4+ din R. Moldova - BANG-BANG<\/title>\n<meta name=\"robots\" content=\"index, follow, max-snippet:-1, max-image-preview:large, max-video-preview:-1\" \/>\n<link rel=\"canonical\" href=\"https:\/\/bangbang.md\/ru\/2023\/06\/17\/reactia-avocatului-poporului-la-\ud835\uddf1\ud835\uddf6\ud835\ude00\ud835\uddf0\ud835\ude02\ud835\uddff\ud835\ude00\ud835\ude02\ud835\uddff\ud835\uddf6\ud835\uddf9\ud835\uddf2-\ud835\uddf1\/\" \/>\n<meta property=\"og:locale\" content=\"ru_RU\" \/>\n<meta property=\"og:type\" content=\"article\" \/>\n<meta property=\"og:title\" content=\"Reac\u021bia Avocatului Poporului la \ud835\uddf1\ud835\uddf6\ud835\ude00\ud835\uddf0\ud835\ude02\ud835\uddff\ud835\ude00\ud835\ude02\ud835\uddff\ud835\uddf6\ud835\uddf9\ud835\uddf2 \ud835\uddf1\ud835\uddf2 \ud835\ude02\ud835\uddff\ud835\uddee\u0306 ale unor \ud835\uddfd\ud835\uddfc\ud835\uddf9\ud835\uddf6\ud835\ude01\ud835\uddf6\ud835\uddf0\ud835\uddf6\ud835\uddf2\ud835\uddfb\ud835\uddf6 \ud835\uddf3\ud835\uddee\ud835\ude01\u0326\ud835\uddee\u0306 \ud835\uddf1\ud835\uddf2 \ud835\uddf0\ud835\uddfc\ud835\uddfa\ud835\ude02\ud835\uddfb\ud835\uddf6\ud835\ude01\ud835\uddee\ud835\ude01\ud835\uddf2\ud835\uddee \ud835\udddf\ud835\uddda\ud835\uddd5\ud835\udde7\ud835\udde4+ din R. Moldova\" \/>\n<meta property=\"og:description\" content=\"\ud835\uddd4\ud835\ude03\ud835\uddfc\ud835\uddf0\ud835\uddee\ud835\ude01\ud835\ude02\ud835\uddf9 \ud835\udde3\ud835\uddfc\ud835\uddfd\ud835\uddfc\ud835\uddff\ud835\ude02\ud835\uddf9\ud835\ude02\ud835\uddf6, \ud835\uddd6\ud835\uddf2\ud835\ude00\ud835\uddf9\ud835\uddee\ud835\ude03 \ud835\udde3\ud835\uddee\ud835\uddfb\ud835\uddf6\ud835\uddf0\ud835\uddfc se declar\u0103 \u00ee\ud835\uddfb\ud835\uddf4\ud835\uddff\ud835\uddf6\ud835\uddf7\ud835\uddfc\ud835\uddff\ud835\uddee\ud835\ude01 \ud835\uddf1\ud835\uddf2 \ud835\uddf1\ud835\uddf6\ud835\ude00\ud835\uddf0\ud835\ude02\ud835\uddff\ud835\ude00\ud835\ude02\ud835\uddff\ud835\uddf6\ud835\uddf9\ud835\uddf2 \ud835\uddf1\ud835\uddf2 \ud835\ude02\ud835\uddff\ud835\uddee\u0306 \ud835\ude00\u0326\ud835\uddf6 \ud835\uddfd\ud835\uddff\ud835\uddf2\ud835\uddf7\ud835\ude02\ud835\uddf1\ud835\uddf2\ud835\uddf0\ud835\uddee\ud835\ude01\ud835\uddee\u0306 \ud835\uddfa\ud835\uddee\ud835\uddfb\ud835\uddf6\ud835\uddf3\ud835\uddf2\ud835\ude00\ud835\ude01\ud835\uddee\ud835\ude01\ud835\uddf2 \ud835\uddf1\ud835\uddf2 \ud835\ude02\ud835\uddfb\ud835\uddf6\ud835\uddf6 \ud835\uddfd\ud835\uddfc\ud835\uddf9\ud835\uddf6\ud835\ude01\ud835\uddf6\ud835\uddf0\ud835\uddf6\ud835\uddf2\ud835\uddfb\ud835\uddf6 \ud835\uddf3\ud835\uddee\ud835\ude01\u0326\ud835\uddee\u0306 \ud835\uddf1\ud835\uddf2 \ud835\uddf0\ud835\uddfc\ud835\uddfa\ud835\ude02\ud835\uddfb\ud835\uddf6\ud835\ude01\ud835\uddee\ud835\ude01\ud835\uddf2\ud835\uddee...\" \/>\n<meta property=\"og:url\" content=\"https:\/\/bangbang.md\/ru\/2023\/06\/17\/reactia-avocatului-poporului-la-\ud835\uddf1\ud835\uddf6\ud835\ude00\ud835\uddf0\ud835\ude02\ud835\uddff\ud835\ude00\ud835\ude02\ud835\uddff\ud835\uddf6\ud835\uddf9\ud835\uddf2-\ud835\uddf1\/\" \/>\n<meta property=\"og:site_name\" content=\"BANG-BANG\" \/>\n<meta property=\"article:publisher\" content=\"https:\/\/www.facebook.com\/bangbangmoldova\" \/>\n<meta property=\"article:published_time\" content=\"2023-06-17T14:38:47+00:00\" \/>\n<meta property=\"article:modified_time\" content=\"2023-06-17T14:38:48+00:00\" \/>\n<meta property=\"og:image\" content=\"https:\/\/bangbang.md\/wp-content\/uploads\/2023\/01\/gavel-judge-lawyer-rainbow-flag-symbol-lgbt-pride-month-celebrate-annual-june-social-gay-lesbian-bisexual-transgender-human-rights_39768-8860.jpg\" \/>\n\t<meta property=\"og:image:width\" content=\"900\" \/>\n\t<meta property=\"og:image:height\" content=\"600\" \/>\n\t<meta property=\"og:image:type\" content=\"image\/jpeg\" \/>\n<meta name=\"author\" content=\"Redactia\" \/>\n<meta name=\"twitter:card\" content=\"summary_large_image\" \/>\n<meta name=\"twitter:label1\" content=\"\u041d\u0430\u043f\u0438\u0441\u0430\u043d\u043e \u0430\u0432\u0442\u043e\u0440\u043e\u043c\" \/>\n\t<meta name=\"twitter:data1\" content=\"Redactia\" \/>\n\t<meta name=\"twitter:label2\" content=\"\u041f\u0440\u0438\u043c\u0435\u0440\u043d\u043e\u0435 \u0432\u0440\u0435\u043c\u044f \u0434\u043b\u044f \u0447\u0442\u0435\u043d\u0438\u044f\" \/>\n\t<meta name=\"twitter:data2\" content=\"1 \u043c\u0438\u043d\u0443\u0442\u0430\" \/>\n<script type=\"application\/ld+json\" class=\"yoast-schema-graph\">{\"@context\":\"https:\/\/schema.org\",\"@graph\":[{\"@type\":\"Article\",\"@id\":\"https:\/\/bangbang.md\/2023\/06\/17\/reactia-avocatului-poporului-la-%f0%9d%97%b1%f0%9d%97%b6%f0%9d%98%80%f0%9d%97%b0%f0%9d%98%82%f0%9d%97%bf%f0%9d%98%80%f0%9d%98%82%f0%9d%97%bf%f0%9d%97%b6%f0%9d%97%b9%f0%9d%97%b2-%f0%9d%97%b1\/#article\",\"isPartOf\":{\"@id\":\"https:\/\/bangbang.md\/2023\/06\/17\/reactia-avocatului-poporului-la-%f0%9d%97%b1%f0%9d%97%b6%f0%9d%98%80%f0%9d%97%b0%f0%9d%98%82%f0%9d%97%bf%f0%9d%98%80%f0%9d%98%82%f0%9d%97%bf%f0%9d%97%b6%f0%9d%97%b9%f0%9d%97%b2-%f0%9d%97%b1\/\"},\"author\":{\"name\":\"Redactia\",\"@id\":\"https:\/\/bangbang.md\/#\/schema\/person\/3c4bdd852f2d2f8db3bde1e81e9676a2\"},\"headline\":\"Reac\u021bia Avocatului Poporului la \ud835\uddf1\ud835\uddf6\ud835\ude00\ud835\uddf0\ud835\ude02\ud835\uddff\ud835\ude00\ud835\ude02\ud835\uddff\ud835\uddf6\ud835\uddf9\ud835\uddf2 \ud835\uddf1\ud835\uddf2 \ud835\ude02\ud835\uddff\ud835\uddee\u0306 ale unor \ud835\uddfd\ud835\uddfc\ud835\uddf9\ud835\uddf6\ud835\ude01\ud835\uddf6\ud835\uddf0\ud835\uddf6\ud835\uddf2\ud835\uddfb\ud835\uddf6 \ud835\uddf3\ud835\uddee\ud835\ude01\u0326\ud835\uddee\u0306 \ud835\uddf1\ud835\uddf2 \ud835\uddf0\ud835\uddfc\ud835\uddfa\ud835\ude02\ud835\uddfb\ud835\uddf6\ud835\ude01\ud835\uddee\ud835\ude01\ud835\uddf2\ud835\uddee \ud835\udddf\ud835\uddda\ud835\uddd5\ud835\udde7\ud835\udde4+ din R. Moldova\",\"datePublished\":\"2023-06-17T14:38:47+00:00\",\"dateModified\":\"2023-06-17T14:38:48+00:00\",\"mainEntityOfPage\":{\"@id\":\"https:\/\/bangbang.md\/2023\/06\/17\/reactia-avocatului-poporului-la-%f0%9d%97%b1%f0%9d%97%b6%f0%9d%98%80%f0%9d%97%b0%f0%9d%98%82%f0%9d%97%bf%f0%9d%98%80%f0%9d%98%82%f0%9d%97%bf%f0%9d%97%b6%f0%9d%97%b9%f0%9d%97%b2-%f0%9d%97%b1\/\"},\"wordCount\":179,\"commentCount\":0,\"publisher\":{\"@id\":\"https:\/\/bangbang.md\/#organization\"},\"keywords\":[\"Centrul GDM\",\"LGBTQ+\",\"Orientare sexual\u0103\",\"Pride\",\"Queer Moldova\"],\"articleSection\":[\"Lumea noastr\u0103\",\"Moldova\"],\"inLanguage\":\"ru-RU\"},{\"@type\":\"WebPage\",\"@id\":\"https:\/\/bangbang.md\/2023\/06\/17\/reactia-avocatului-poporului-la-%f0%9d%97%b1%f0%9d%97%b6%f0%9d%98%80%f0%9d%97%b0%f0%9d%98%82%f0%9d%97%bf%f0%9d%98%80%f0%9d%98%82%f0%9d%97%bf%f0%9d%97%b6%f0%9d%97%b9%f0%9d%97%b2-%f0%9d%97%b1\/\",\"url\":\"https:\/\/bangbang.md\/2023\/06\/17\/reactia-avocatului-poporului-la-%f0%9d%97%b1%f0%9d%97%b6%f0%9d%98%80%f0%9d%97%b0%f0%9d%98%82%f0%9d%97%bf%f0%9d%98%80%f0%9d%98%82%f0%9d%97%bf%f0%9d%97%b6%f0%9d%97%b9%f0%9d%97%b2-%f0%9d%97%b1\/\",\"name\":\"Reac\u021bia Avocatului Poporului la \ud835\uddf1\ud835\uddf6\ud835\ude00\ud835\uddf0\ud835\ude02\ud835\uddff\ud835\ude00\ud835\ude02\ud835\uddff\ud835\uddf6\ud835\uddf9\ud835\uddf2 \ud835\uddf1\ud835\uddf2 \ud835\ude02\ud835\uddff\ud835\uddee\u0306 ale unor \ud835\uddfd\ud835\uddfc\ud835\uddf9\ud835\uddf6\ud835\ude01\ud835\uddf6\ud835\uddf0\ud835\uddf6\ud835\uddf2\ud835\uddfb\ud835\uddf6 \ud835\uddf3\ud835\uddee\ud835\ude01\u0326\ud835\uddee\u0306 \ud835\uddf1\ud835\uddf2 \ud835\uddf0\ud835\uddfc\ud835\uddfa\ud835\ude02\ud835\uddfb\ud835\uddf6\ud835\ude01\ud835\uddee\ud835\ude01\ud835\uddf2\ud835\uddee \ud835\udddf\ud835\uddda\ud835\uddd5\ud835\udde7\ud835\udde4+ din R. Moldova - BANG-BANG\",\"isPartOf\":{\"@id\":\"https:\/\/bangbang.md\/#website\"},\"datePublished\":\"2023-06-17T14:38:47+00:00\",\"dateModified\":\"2023-06-17T14:38:48+00:00\",\"breadcrumb\":{\"@id\":\"https:\/\/bangbang.md\/2023\/06\/17\/reactia-avocatului-poporului-la-%f0%9d%97%b1%f0%9d%97%b6%f0%9d%98%80%f0%9d%97%b0%f0%9d%98%82%f0%9d%97%bf%f0%9d%98%80%f0%9d%98%82%f0%9d%97%bf%f0%9d%97%b6%f0%9d%97%b9%f0%9d%97%b2-%f0%9d%97%b1\/#breadcrumb\"},\"inLanguage\":\"ru-RU\",\"potentialAction\":[{\"@type\":\"ReadAction\",\"target\":[\"https:\/\/bangbang.md\/2023\/06\/17\/reactia-avocatului-poporului-la-%f0%9d%97%b1%f0%9d%97%b6%f0%9d%98%80%f0%9d%97%b0%f0%9d%98%82%f0%9d%97%bf%f0%9d%98%80%f0%9d%98%82%f0%9d%97%bf%f0%9d%97%b6%f0%9d%97%b9%f0%9d%97%b2-%f0%9d%97%b1\/\"]}]},{\"@type\":\"BreadcrumbList\",\"@id\":\"https:\/\/bangbang.md\/2023\/06\/17\/reactia-avocatului-poporului-la-%f0%9d%97%b1%f0%9d%97%b6%f0%9d%98%80%f0%9d%97%b0%f0%9d%98%82%f0%9d%97%bf%f0%9d%98%80%f0%9d%98%82%f0%9d%97%bf%f0%9d%97%b6%f0%9d%97%b9%f0%9d%97%b2-%f0%9d%97%b1\/#breadcrumb\",\"itemListElement\":[{\"@type\":\"ListItem\",\"position\":1,\"name\":\"Prima pagin\u0103\",\"item\":\"https:\/\/bangbang.md\/\"},{\"@type\":\"ListItem\",\"position\":2,\"name\":\"Reac\u021bia Avocatului Poporului la \ud835\uddf1\ud835\uddf6\ud835\ude00\ud835\uddf0\ud835\ude02\ud835\uddff\ud835\ude00\ud835\ude02\ud835\uddff\ud835\uddf6\ud835\uddf9\ud835\uddf2 \ud835\uddf1\ud835\uddf2 \ud835\ude02\ud835\uddff\ud835\uddee\u0306 ale unor \ud835\uddfd\ud835\uddfc\ud835\uddf9\ud835\uddf6\ud835\ude01\ud835\uddf6\ud835\uddf0\ud835\uddf6\ud835\uddf2\ud835\uddfb\ud835\uddf6 \ud835\uddf3\ud835\uddee\ud835\ude01\u0326\ud835\uddee\u0306 \ud835\uddf1\ud835\uddf2 \ud835\uddf0\ud835\uddfc\ud835\uddfa\ud835\ude02\ud835\uddfb\ud835\uddf6\ud835\ude01\ud835\uddee\ud835\ude01\ud835\uddf2\ud835\uddee \ud835\udddf\ud835\uddda\ud835\uddd5\ud835\udde7\ud835\udde4+ din R. Moldova\"}]},{\"@type\":\"WebSite\",\"@id\":\"https:\/\/bangbang.md\/#website\",\"url\":\"https:\/\/bangbang.md\/\",\"name\":\"BANG-BANG\",\"description\":\"Portal web dedicat comunit\u0103\u021bii LGBTQ d RM\",\"publisher\":{\"@id\":\"https:\/\/bangbang.md\/#organization\"},\"potentialAction\":[{\"@type\":\"SearchAction\",\"target\":{\"@type\":\"EntryPoint\",\"urlTemplate\":\"https:\/\/bangbang.md\/?s={search_term_string}\"},\"query-input\":\"required name=search_term_string\"}],\"inLanguage\":\"ru-RU\"},{\"@type\":\"Organization\",\"@id\":\"https:\/\/bangbang.md\/#organization\",\"name\":\"Bang bang\",\"url\":\"https:\/\/bangbang.md\/\",\"logo\":{\"@type\":\"ImageObject\",\"inLanguage\":\"ru-RU\",\"@id\":\"https:\/\/bangbang.md\/#\/schema\/logo\/image\/\",\"url\":\"https:\/\/bangbang.md\/wp-content\/uploads\/2022\/07\/cropped-Group.jpg\",\"contentUrl\":\"https:\/\/bangbang.md\/wp-content\/uploads\/2022\/07\/cropped-Group.jpg\",\"width\":512,\"height\":512,\"caption\":\"Bang bang\"},\"image\":{\"@id\":\"https:\/\/bangbang.md\/#\/schema\/logo\/image\/\"},\"sameAs\":[\"https:\/\/www.facebook.com\/bangbangmoldova\"]},{\"@type\":\"Person\",\"@id\":\"https:\/\/bangbang.md\/#\/schema\/person\/3c4bdd852f2d2f8db3bde1e81e9676a2\",\"name\":\"Redactia\",\"image\":{\"@type\":\"ImageObject\",\"inLanguage\":\"ru-RU\",\"@id\":\"https:\/\/bangbang.md\/#\/schema\/person\/image\/\",\"url\":\"https:\/\/secure.gravatar.com\/avatar\/31b9e560d1e50693e5c3bec169fad34f40ffc3d32174e8953ddc1d30a6216ced?s=96&d=mm&r=g\",\"contentUrl\":\"https:\/\/secure.gravatar.com\/avatar\/31b9e560d1e50693e5c3bec169fad34f40ffc3d32174e8953ddc1d30a6216ced?s=96&d=mm&r=g\",\"caption\":\"Redactia\"},\"url\":\"https:\/\/bangbang.md\/ru\/author\/redactia\/\"}]}<\/script>\n<!-- \/ Yoast SEO Premium plugin. -->","yoast_head_json":{"title":"Reac\u021bia Avocatului Poporului la \ud835\uddf1\ud835\uddf6\ud835\ude00\ud835\uddf0\ud835\ude02\ud835\uddff\ud835\ude00\ud835\ude02\ud835\uddff\ud835\uddf6\ud835\uddf9\ud835\uddf2 \ud835\uddf1\ud835\uddf2 \ud835\ude02\ud835\uddff\ud835\uddee\u0306 ale unor \ud835\uddfd\ud835\uddfc\ud835\uddf9\ud835\uddf6\ud835\ude01\ud835\uddf6\ud835\uddf0\ud835\uddf6\ud835\uddf2\ud835\uddfb\ud835\uddf6 \ud835\uddf3\ud835\uddee\ud835\ude01\u0326\ud835\uddee\u0306 \ud835\uddf1\ud835\uddf2 \ud835\uddf0\ud835\uddfc\ud835\uddfa\ud835\ude02\ud835\uddfb\ud835\uddf6\ud835\ude01\ud835\uddee\ud835\ude01\ud835\uddf2\ud835\uddee \ud835\udddf\ud835\uddda\ud835\uddd5\ud835\udde7\ud835\udde4+ din R. Moldova - BANG-BANG","robots":{"index":"index","follow":"follow","max-snippet":"max-snippet:-1","max-image-preview":"max-image-preview:large","max-video-preview":"max-video-preview:-1"},"canonical":"https:\/\/bangbang.md\/ru\/2023\/06\/17\/reactia-avocatului-poporului-la-\ud835\uddf1\ud835\uddf6\ud835\ude00\ud835\uddf0\ud835\ude02\ud835\uddff\ud835\ude00\ud835\ude02\ud835\uddff\ud835\uddf6\ud835\uddf9\ud835\uddf2-\ud835\uddf1\/","og_locale":"ru_RU","og_type":"article","og_title":"Reac\u021bia Avocatului Poporului la \ud835\uddf1\ud835\uddf6\ud835\ude00\ud835\uddf0\ud835\ude02\ud835\uddff\ud835\ude00\ud835\ude02\ud835\uddff\ud835\uddf6\ud835\uddf9\ud835\uddf2 \ud835\uddf1\ud835\uddf2 \ud835\ude02\ud835\uddff\ud835\uddee\u0306 ale unor \ud835\uddfd\ud835\uddfc\ud835\uddf9\ud835\uddf6\ud835\ude01\ud835\uddf6\ud835\uddf0\ud835\uddf6\ud835\uddf2\ud835\uddfb\ud835\uddf6 \ud835\uddf3\ud835\uddee\ud835\ude01\u0326\ud835\uddee\u0306 \ud835\uddf1\ud835\uddf2 \ud835\uddf0\ud835\uddfc\ud835\uddfa\ud835\ude02\ud835\uddfb\ud835\uddf6\ud835\ude01\ud835\uddee\ud835\ude01\ud835\uddf2\ud835\uddee \ud835\udddf\ud835\uddda\ud835\uddd5\ud835\udde7\ud835\udde4+ din R. Moldova","og_description":"\ud835\uddd4\ud835\ude03\ud835\uddfc\ud835\uddf0\ud835\uddee\ud835\ude01\ud835\ude02\ud835\uddf9 \ud835\udde3\ud835\uddfc\ud835\uddfd\ud835\uddfc\ud835\uddff\ud835\ude02\ud835\uddf9\ud835\ude02\ud835\uddf6, \ud835\uddd6\ud835\uddf2\ud835\ude00\ud835\uddf9\ud835\uddee\ud835\ude03 \ud835\udde3\ud835\uddee\ud835\uddfb\ud835\uddf6\ud835\uddf0\ud835\uddfc se declar\u0103 \u00ee\ud835\uddfb\ud835\uddf4\ud835\uddff\ud835\uddf6\ud835\uddf7\ud835\uddfc\ud835\uddff\ud835\uddee\ud835\ude01 \ud835\uddf1\ud835\uddf2 \ud835\uddf1\ud835\uddf6\ud835\ude00\ud835\uddf0\ud835\ude02\ud835\uddff\ud835\ude00\ud835\ude02\ud835\uddff\ud835\uddf6\ud835\uddf9\ud835\uddf2 \ud835\uddf1\ud835\uddf2 \ud835\ude02\ud835\uddff\ud835\uddee\u0306 \ud835\ude00\u0326\ud835\uddf6 \ud835\uddfd\ud835\uddff\ud835\uddf2\ud835\uddf7\ud835\ude02\ud835\uddf1\ud835\uddf2\ud835\uddf0\ud835\uddee\ud835\ude01\ud835\uddee\u0306 \ud835\uddfa\ud835\uddee\ud835\uddfb\ud835\uddf6\ud835\uddf3\ud835\uddf2\ud835\ude00\ud835\ude01\ud835\uddee\ud835\ude01\ud835\uddf2 \ud835\uddf1\ud835\uddf2 \ud835\ude02\ud835\uddfb\ud835\uddf6\ud835\uddf6 \ud835\uddfd\ud835\uddfc\ud835\uddf9\ud835\uddf6\ud835\ude01\ud835\uddf6\ud835\uddf0\ud835\uddf6\ud835\uddf2\ud835\uddfb\ud835\uddf6 \ud835\uddf3\ud835\uddee\ud835\ude01\u0326\ud835\uddee\u0306 \ud835\uddf1\ud835\uddf2 \ud835\uddf0\ud835\uddfc\ud835\uddfa\ud835\ude02\ud835\uddfb\ud835\uddf6\ud835\ude01\ud835\uddee\ud835\ude01\ud835\uddf2\ud835\uddee...","og_url":"https:\/\/bangbang.md\/ru\/2023\/06\/17\/reactia-avocatului-poporului-la-\ud835\uddf1\ud835\uddf6\ud835\ude00\ud835\uddf0\ud835\ude02\ud835\uddff\ud835\ude00\ud835\ude02\ud835\uddff\ud835\uddf6\ud835\uddf9\ud835\uddf2-\ud835\uddf1\/","og_site_name":"BANG-BANG","article_publisher":"https:\/\/www.facebook.com\/bangbangmoldova","article_published_time":"2023-06-17T14:38:47+00:00","article_modified_time":"2023-06-17T14:38:48+00:00","og_image":[{"width":900,"height":600,"url":"https:\/\/bangbang.md\/wp-content\/uploads\/2023\/01\/gavel-judge-lawyer-rainbow-flag-symbol-lgbt-pride-month-celebrate-annual-june-social-gay-lesbian-bisexual-transgender-human-rights_39768-8860.jpg","type":"image\/jpeg"}],"author":"Redactia","twitter_card":"summary_large_image","twitter_misc":{"\u041d\u0430\u043f\u0438\u0441\u0430\u043d\u043e \u0430\u0432\u0442\u043e\u0440\u043e\u043c":"Redactia","\u041f\u0440\u0438\u043c\u0435\u0440\u043d\u043e\u0435 \u0432\u0440\u0435\u043c\u044f \u0434\u043b\u044f \u0447\u0442\u0435\u043d\u0438\u044f":"1 \u043c\u0438\u043d\u0443\u0442\u0430"},"schema":{"@context":"https:\/\/schema.org","@graph":[{"@type":"Article","@id":"https:\/\/bangbang.md\/2023\/06\/17\/reactia-avocatului-poporului-la-%f0%9d%97%b1%f0%9d%97%b6%f0%9d%98%80%f0%9d%97%b0%f0%9d%98%82%f0%9d%97%bf%f0%9d%98%80%f0%9d%98%82%f0%9d%97%bf%f0%9d%97%b6%f0%9d%97%b9%f0%9d%97%b2-%f0%9d%97%b1\/#article","isPartOf":{"@id":"https:\/\/bangbang.md\/2023\/06\/17\/reactia-avocatului-poporului-la-%f0%9d%97%b1%f0%9d%97%b6%f0%9d%98%80%f0%9d%97%b0%f0%9d%98%82%f0%9d%97%bf%f0%9d%98%80%f0%9d%98%82%f0%9d%97%bf%f0%9d%97%b6%f0%9d%97%b9%f0%9d%97%b2-%f0%9d%97%b1\/"},"author":{"name":"Redactia","@id":"https:\/\/bangbang.md\/#\/schema\/person\/3c4bdd852f2d2f8db3bde1e81e9676a2"},"headline":"Reac\u021bia Avocatului Poporului la \ud835\uddf1\ud835\uddf6\ud835\ude00\ud835\uddf0\ud835\ude02\ud835\uddff\ud835\ude00\ud835\ude02\ud835\uddff\ud835\uddf6\ud835\uddf9\ud835\uddf2 \ud835\uddf1\ud835\uddf2 \ud835\ude02\ud835\uddff\ud835\uddee\u0306 ale unor \ud835\uddfd\ud835\uddfc\ud835\uddf9\ud835\uddf6\ud835\ude01\ud835\uddf6\ud835\uddf0\ud835\uddf6\ud835\uddf2\ud835\uddfb\ud835\uddf6 \ud835\uddf3\ud835\uddee\ud835\ude01\u0326\ud835\uddee\u0306 \ud835\uddf1\ud835\uddf2 \ud835\uddf0\ud835\uddfc\ud835\uddfa\ud835\ude02\ud835\uddfb\ud835\uddf6\ud835\ude01\ud835\uddee\ud835\ude01\ud835\uddf2\ud835\uddee \ud835\udddf\ud835\uddda\ud835\uddd5\ud835\udde7\ud835\udde4+ din R. Moldova","datePublished":"2023-06-17T14:38:47+00:00","dateModified":"2023-06-17T14:38:48+00:00","mainEntityOfPage":{"@id":"https:\/\/bangbang.md\/2023\/06\/17\/reactia-avocatului-poporului-la-%f0%9d%97%b1%f0%9d%97%b6%f0%9d%98%80%f0%9d%97%b0%f0%9d%98%82%f0%9d%97%bf%f0%9d%98%80%f0%9d%98%82%f0%9d%97%bf%f0%9d%97%b6%f0%9d%97%b9%f0%9d%97%b2-%f0%9d%97%b1\/"},"wordCount":179,"commentCount":0,"publisher":{"@id":"https:\/\/bangbang.md\/#organization"},"keywords":["Centrul GDM","LGBTQ+","Orientare sexual\u0103","Pride","Queer Moldova"],"articleSection":["Lumea noastr\u0103","Moldova"],"inLanguage":"ru-RU"},{"@type":"WebPage","@id":"https:\/\/bangbang.md\/2023\/06\/17\/reactia-avocatului-poporului-la-%f0%9d%97%b1%f0%9d%97%b6%f0%9d%98%80%f0%9d%97%b0%f0%9d%98%82%f0%9d%97%bf%f0%9d%98%80%f0%9d%98%82%f0%9d%97%bf%f0%9d%97%b6%f0%9d%97%b9%f0%9d%97%b2-%f0%9d%97%b1\/","url":"https:\/\/bangbang.md\/2023\/06\/17\/reactia-avocatului-poporului-la-%f0%9d%97%b1%f0%9d%97%b6%f0%9d%98%80%f0%9d%97%b0%f0%9d%98%82%f0%9d%97%bf%f0%9d%98%80%f0%9d%98%82%f0%9d%97%bf%f0%9d%97%b6%f0%9d%97%b9%f0%9d%97%b2-%f0%9d%97%b1\/","name":"Reac\u021bia Avocatului Poporului la \ud835\uddf1\ud835\uddf6\ud835\ude00\ud835\uddf0\ud835\ude02\ud835\uddff\ud835\ude00\ud835\ude02\ud835\uddff\ud835\uddf6\ud835\uddf9\ud835\uddf2 \ud835\uddf1\ud835\uddf2 \ud835\ude02\ud835\uddff\ud835\uddee\u0306 ale unor \ud835\uddfd\ud835\uddfc\ud835\uddf9\ud835\uddf6\ud835\ude01\ud835\uddf6\ud835\uddf0\ud835\uddf6\ud835\uddf2\ud835\uddfb\ud835\uddf6 \ud835\uddf3\ud835\uddee\ud835\ude01\u0326\ud835\uddee\u0306 \ud835\uddf1\ud835\uddf2 \ud835\uddf0\ud835\uddfc\ud835\uddfa\ud835\ude02\ud835\uddfb\ud835\uddf6\ud835\ude01\ud835\uddee\ud835\ude01\ud835\uddf2\ud835\uddee \ud835\udddf\ud835\uddda\ud835\uddd5\ud835\udde7\ud835\udde4+ din R. Moldova - BANG-BANG","isPartOf":{"@id":"https:\/\/bangbang.md\/#website"},"datePublished":"2023-06-17T14:38:47+00:00","dateModified":"2023-06-17T14:38:48+00:00","breadcrumb":{"@id":"https:\/\/bangbang.md\/2023\/06\/17\/reactia-avocatului-poporului-la-%f0%9d%97%b1%f0%9d%97%b6%f0%9d%98%80%f0%9d%97%b0%f0%9d%98%82%f0%9d%97%bf%f0%9d%98%80%f0%9d%98%82%f0%9d%97%bf%f0%9d%97%b6%f0%9d%97%b9%f0%9d%97%b2-%f0%9d%97%b1\/#breadcrumb"},"inLanguage":"ru-RU","potentialAction":[{"@type":"ReadAction","target":["https:\/\/bangbang.md\/2023\/06\/17\/reactia-avocatului-poporului-la-%f0%9d%97%b1%f0%9d%97%b6%f0%9d%98%80%f0%9d%97%b0%f0%9d%98%82%f0%9d%97%bf%f0%9d%98%80%f0%9d%98%82%f0%9d%97%bf%f0%9d%97%b6%f0%9d%97%b9%f0%9d%97%b2-%f0%9d%97%b1\/"]}]},{"@type":"BreadcrumbList","@id":"https:\/\/bangbang.md\/2023\/06\/17\/reactia-avocatului-poporului-la-%f0%9d%97%b1%f0%9d%97%b6%f0%9d%98%80%f0%9d%97%b0%f0%9d%98%82%f0%9d%97%bf%f0%9d%98%80%f0%9d%98%82%f0%9d%97%bf%f0%9d%97%b6%f0%9d%97%b9%f0%9d%97%b2-%f0%9d%97%b1\/#breadcrumb","itemListElement":[{"@type":"ListItem","position":1,"name":"Prima pagin\u0103","item":"https:\/\/bangbang.md\/"},{"@type":"ListItem","position":2,"name":"Reac\u021bia Avocatului Poporului la \ud835\uddf1\ud835\uddf6\ud835\ude00\ud835\uddf0\ud835\ude02\ud835\uddff\ud835\ude00\ud835\ude02\ud835\uddff\ud835\uddf6\ud835\uddf9\ud835\uddf2 \ud835\uddf1\ud835\uddf2 \ud835\ude02\ud835\uddff\ud835\uddee\u0306 ale unor \ud835\uddfd\ud835\uddfc\ud835\uddf9\ud835\uddf6\ud835\ude01\ud835\uddf6\ud835\uddf0\ud835\uddf6\ud835\uddf2\ud835\uddfb\ud835\uddf6 \ud835\uddf3\ud835\uddee\ud835\ude01\u0326\ud835\uddee\u0306 \ud835\uddf1\ud835\uddf2 \ud835\uddf0\ud835\uddfc\ud835\uddfa\ud835\ude02\ud835\uddfb\ud835\uddf6\ud835\ude01\ud835\uddee\ud835\ude01\ud835\uddf2\ud835\uddee \ud835\udddf\ud835\uddda\ud835\uddd5\ud835\udde7\ud835\udde4+ din R. Moldova"}]},{"@type":"WebSite","@id":"https:\/\/bangbang.md\/#website","url":"https:\/\/bangbang.md\/","name":"BANG-BANG","description":"Portal web dedicat comunit\u0103\u021bii LGBTQ d RM","publisher":{"@id":"https:\/\/bangbang.md\/#organization"},"potentialAction":[{"@type":"SearchAction","target":{"@type":"EntryPoint","urlTemplate":"https:\/\/bangbang.md\/?s={search_term_string}"},"query-input":"required name=search_term_string"}],"inLanguage":"ru-RU"},{"@type":"Organization","@id":"https:\/\/bangbang.md\/#organization","name":"Bang bang","url":"https:\/\/bangbang.md\/","logo":{"@type":"ImageObject","inLanguage":"ru-RU","@id":"https:\/\/bangbang.md\/#\/schema\/logo\/image\/","url":"https:\/\/bangbang.md\/wp-content\/uploads\/2022\/07\/cropped-Group.jpg","contentUrl":"https:\/\/bangbang.md\/wp-content\/uploads\/2022\/07\/cropped-Group.jpg","width":512,"height":512,"caption":"Bang bang"},"image":{"@id":"https:\/\/bangbang.md\/#\/schema\/logo\/image\/"},"sameAs":["https:\/\/www.facebook.com\/bangbangmoldova"]},{"@type":"Person","@id":"https:\/\/bangbang.md\/#\/schema\/person\/3c4bdd852f2d2f8db3bde1e81e9676a2","name":"Redactia","image":{"@type":"ImageObject","inLanguage":"ru-RU","@id":"https:\/\/bangbang.md\/#\/schema\/person\/image\/","url":"https:\/\/secure.gravatar.com\/avatar\/31b9e560d1e50693e5c3bec169fad34f40ffc3d32174e8953ddc1d30a6216ced?s=96&d=mm&r=g","contentUrl":"https:\/\/secure.gravatar.com\/avatar\/31b9e560d1e50693e5c3bec169fad34f40ffc3d32174e8953ddc1d30a6216ced?s=96&d=mm&r=g","caption":"Redactia"},"url":"https:\/\/bangbang.md\/ru\/author\/redactia\/"}]}},"_links":{"self":[{"href":"https:\/\/bangbang.md\/ru\/wp-json\/wp\/v2\/posts\/4975","targetHints":{"allow":["GET"]}}],"collection":[{"href":"https:\/\/bangbang.md\/ru\/wp-json\/wp\/v2\/posts"}],"about":[{"href":"https:\/\/bangbang.md\/ru\/wp-json\/wp\/v2\/types\/post"}],"author":[{"embeddable":true,"href":"https:\/\/bangbang.md\/ru\/wp-json\/wp\/v2\/users\/4"}],"replies":[{"embeddable":true,"href":"https:\/\/bangbang.md\/ru\/wp-json\/wp\/v2\/comments?post=4975"}],"version-history":[{"count":1,"href":"https:\/\/bangbang.md\/ru\/wp-json\/wp\/v2\/posts\/4975\/revisions"}],"predecessor-version":[{"id":4976,"href":"https:\/\/bangbang.md\/ru\/wp-json\/wp\/v2\/posts\/4975\/revisions\/4976"}],"wp:featuredmedia":[{"embeddable":true,"href":"https:\/\/bangbang.md\/ru\/wp-json\/wp\/v2\/media\/3942"}],"wp:attachment":[{"href":"https:\/\/bangbang.md\/ru\/wp-json\/wp\/v2\/media?parent=4975"}],"wp:term":[{"taxonomy":"category","embeddable":true,"href":"https:\/\/bangbang.md\/ru\/wp-json\/wp\/v2\/categories?post=4975"},{"taxonomy":"post_tag","embeddable":true,"href":"https:\/\/bangbang.md\/ru\/wp-json\/wp\/v2\/tags?post=4975"}],"curies":[{"name":"wp","href":"https:\/\/api.w.org\/{rel}","templated":true}]}}