{"id":4652,"date":"2023-04-19T17:25:28","date_gmt":"2023-04-19T17:25:28","guid":{"rendered":"https:\/\/bangbang.md\/?p=4652"},"modified":"2023-04-19T17:32:17","modified_gmt":"2023-04-19T17:32:17","slug":"foto-regatul-tarilor-de-jos-deschide-oficial-ambasada-la-chisinau","status":"publish","type":"post","link":"https:\/\/bangbang.md\/ru\/2023\/04\/19\/foto-regatul-tarilor-de-jos-deschide-oficial-ambasada-la-chisinau\/","title":{"rendered":"FOTO\/\/ Regatul \u021a\u0103rilor de Jos deschide oficial Ambasada la Chi\u0219in\u0103u, marc\u00e2nd un nou capitol \u00een rela\u021biile diplomatice cu Republica Moldova"},"content":{"rendered":"<p>Ast\u0103zi, Viceprim-ministrul \u0219i Ministrul Afacerilor Externe al Regatului \u021a\u0103rilor de Jos, Wopke Hoekstra, a inaugurat deschiderea oficial\u0103 a Ambasadei Regatului \u021a\u0103rilor de Jos la Chi\u0219in\u0103u, \u00een Republica Moldova. Anterior, <a href=\"https:\/\/bangbang.md\/ru\/2023\/04\/07\/astazi-a-fost-acreditat-primul-ambasador-al-regatului-tarilor-de-jos-la-chisinau\/\" target=\"_blank\" rel=\"noreferrer noopener\"><strong>\u00een cadrul unei ceremonii oficiale la Pre\u0219edin\u021bia Republicii Moldova Ambasadorul Regatului \u021a\u0103rilor de Jos, Fred Duijn<\/strong>,<\/a> primul ambasador cu re\u0219edin\u021ba la Chi\u0219in\u0103u, a fost acreditat.\u00a0<\/p>\n\n\n\n<p>Ministrul de Externe Hoekstra a subliniat realiz\u0103rile cooper\u0103rii dintre \u021b\u0103rile noastre de trei decenii \u0219i a reafirmat angajamentul Regatului \u021a\u0103rilor de Jos \u00een sus\u021binerea Moldovei \u00een procesul de integrare \u00een marea familie european\u0103.\u00a0<\/p>\n\n\n\n<blockquote class=\"wp-block-quote is-layout-flow wp-block-quote-is-layout-flow\">\n<p><\/p>\n<cite><em>\u201eDup\u0103 trei decenii de rela\u021bii diplomatice, leg\u0103turile olandezo-moldovene\u0219ti au devenit din ce \u00een ce mai str\u00e2nse. Am exprimat sprijinul nostru pentru agenda ambi\u021bioas\u0103 de reforme a guvernului \u0219i pentru determinarea acestuia de a continua integrarea \u00een UE. Odat\u0103 cu deschiderea, ast\u0103zi, a Ambasadei Olandei la Chi\u0219in\u0103u, ne aprofund\u0103m cooperarea \u00een domenii precum justi\u021bia, lupta \u00eempotriva corup\u021biei, securitatea energetic\u0103 \u0219i rezilien\u021ba cibernetic\u0103. Olanda va continua s\u0103 contribuie la construirea unei Moldove mai puternice \u0219i mai europene.\u201d a declarat Ministrul de Externe Hoekstra<\/em><\/cite><\/blockquote>\n\n\n\n<p>La eveniment a fost prezent \u0219i \u0218eful diploma\u021biei Republicii Moldova, Nicu Popescu care a reconfirmat angajamentul \u021b\u0103rii noastre \u00een procesul de integrare \u0219i a mul\u021bumit pentru suportul acordat.&nbsp;<\/p>\n\n\n\n<p>\u00cen timpul evenimentului de deschidere, Ministrul de Externe Hoekstra, a discutat \u0219i cu fondatorii proiectului BangBang, Vasile Micleu\u0219anu \u0219i Tatiana Colotenco, despre situa\u021bia persoanelor LGBTQI+ din Moldova \u0219i despre modul \u00een care proiectul BangBang aduce perspectiva persoanelor queer \u00een spa\u021biul mediatic din \u021bar\u0103.&nbsp;<\/p>\n\n\n\n<p>Fondatorii proiectului au mul\u021bumit Ministrului de externe pentru sprijinul financiar acordat prin intermediul Ambasadei \u021a\u0103rilor de Jos la Chi\u0219in\u0103u \u0219i au subliniat importan\u021ba unei platforme media dedicate comunit\u0103\u021bii LGBTQI+.\u00a0<\/p>\n\n\n\n<figure class=\"wp-block-gallery has-nested-images columns-default is-cropped wp-block-gallery-1 is-layout-flex wp-block-gallery-is-layout-flex\">\n<figure class=\"wp-block-image size-large\"><img loading=\"lazy\" decoding=\"async\" width=\"1024\" height=\"684\" data-id=\"4659\" src=\"https:\/\/bangbang.md\/wp-content\/uploads\/2023\/04\/DSS_3614-1024x684.jpg\" alt=\"\" class=\"wp-image-4659\" srcset=\"https:\/\/bangbang.md\/wp-content\/uploads\/2023\/04\/DSS_3614-1024x684.jpg 1024w, https:\/\/bangbang.md\/wp-content\/uploads\/2023\/04\/DSS_3614-300x200.jpg 300w, https:\/\/bangbang.md\/wp-content\/uploads\/2023\/04\/DSS_3614-768x513.jpg 768w, https:\/\/bangbang.md\/wp-content\/uploads\/2023\/04\/DSS_3614-1536x1025.jpg 1536w, https:\/\/bangbang.md\/wp-content\/uploads\/2023\/04\/DSS_3614-2048x1367.jpg 2048w, https:\/\/bangbang.md\/wp-content\/uploads\/2023\/04\/DSS_3614-18x12.jpg 18w, https:\/\/bangbang.md\/wp-content\/uploads\/2023\/04\/DSS_3614-585x391.jpg 585w\" sizes=\"auto, (max-width: 1024px) 100vw, 1024px\" \/><\/figure>\n\n\n\n<figure class=\"wp-block-image size-large\"><img loading=\"lazy\" decoding=\"async\" width=\"1024\" height=\"684\" data-id=\"4661\" src=\"https:\/\/bangbang.md\/wp-content\/uploads\/2023\/04\/DSS_3780-1024x684.jpg\" alt=\"\" class=\"wp-image-4661\" srcset=\"https:\/\/bangbang.md\/wp-content\/uploads\/2023\/04\/DSS_3780-1024x684.jpg 1024w, https:\/\/bangbang.md\/wp-content\/uploads\/2023\/04\/DSS_3780-300x200.jpg 300w, https:\/\/bangbang.md\/wp-content\/uploads\/2023\/04\/DSS_3780-768x513.jpg 768w, https:\/\/bangbang.md\/wp-content\/uploads\/2023\/04\/DSS_3780-1536x1025.jpg 1536w, https:\/\/bangbang.md\/wp-content\/uploads\/2023\/04\/DSS_3780-2048x1367.jpg 2048w, https:\/\/bangbang.md\/wp-content\/uploads\/2023\/04\/DSS_3780-18x12.jpg 18w, https:\/\/bangbang.md\/wp-content\/uploads\/2023\/04\/DSS_3780-585x391.jpg 585w\" sizes=\"auto, (max-width: 1024px) 100vw, 1024px\" \/><\/figure>\n\n\n\n<figure class=\"wp-block-image size-large\"><img loading=\"lazy\" decoding=\"async\" width=\"1024\" height=\"684\" data-id=\"4655\" src=\"https:\/\/bangbang.md\/wp-content\/uploads\/2023\/04\/DSS_3446-1024x684.jpg\" alt=\"\" class=\"wp-image-4655\" srcset=\"https:\/\/bangbang.md\/wp-content\/uploads\/2023\/04\/DSS_3446-1024x684.jpg 1024w, https:\/\/bangbang.md\/wp-content\/uploads\/2023\/04\/DSS_3446-300x200.jpg 300w, https:\/\/bangbang.md\/wp-content\/uploads\/2023\/04\/DSS_3446-768x513.jpg 768w\" sizes=\"auto, (max-width: 1024px) 100vw, 1024px\" \/><\/figure>\n\n\n\n<figure class=\"wp-block-image size-large\"><img loading=\"lazy\" decoding=\"async\" width=\"1024\" height=\"684\" data-id=\"4660\" src=\"https:\/\/bangbang.md\/wp-content\/uploads\/2023\/04\/DSS_3672-1024x684.jpg\" alt=\"\" class=\"wp-image-4660\" srcset=\"https:\/\/bangbang.md\/wp-content\/uploads\/2023\/04\/DSS_3672-1024x684.jpg 1024w, https:\/\/bangbang.md\/wp-content\/uploads\/2023\/04\/DSS_3672-300x200.jpg 300w, https:\/\/bangbang.md\/wp-content\/uploads\/2023\/04\/DSS_3672-768x513.jpg 768w, https:\/\/bangbang.md\/wp-content\/uploads\/2023\/04\/DSS_3672-1536x1025.jpg 1536w, https:\/\/bangbang.md\/wp-content\/uploads\/2023\/04\/DSS_3672-2048x1367.jpg 2048w, https:\/\/bangbang.md\/wp-content\/uploads\/2023\/04\/DSS_3672-18x12.jpg 18w, https:\/\/bangbang.md\/wp-content\/uploads\/2023\/04\/DSS_3672-585x391.jpg 585w\" sizes=\"auto, (max-width: 1024px) 100vw, 1024px\" \/><\/figure>\n\n\n\n<figure class=\"wp-block-image size-large\"><img loading=\"lazy\" decoding=\"async\" width=\"1024\" height=\"684\" data-id=\"4662\" src=\"https:\/\/bangbang.md\/wp-content\/uploads\/2023\/04\/DSS_4096-1024x684.jpg\" alt=\"\" class=\"wp-image-4662\" srcset=\"https:\/\/bangbang.md\/wp-content\/uploads\/2023\/04\/DSS_4096-1024x684.jpg 1024w, https:\/\/bangbang.md\/wp-content\/uploads\/2023\/04\/DSS_4096-300x200.jpg 300w, https:\/\/bangbang.md\/wp-content\/uploads\/2023\/04\/DSS_4096-768x513.jpg 768w, https:\/\/bangbang.md\/wp-content\/uploads\/2023\/04\/DSS_4096-1536x1025.jpg 1536w, https:\/\/bangbang.md\/wp-content\/uploads\/2023\/04\/DSS_4096-2048x1367.jpg 2048w, https:\/\/bangbang.md\/wp-content\/uploads\/2023\/04\/DSS_4096-18x12.jpg 18w, https:\/\/bangbang.md\/wp-content\/uploads\/2023\/04\/DSS_4096-585x391.jpg 585w\" sizes=\"auto, (max-width: 1024px) 100vw, 1024px\" \/><\/figure>\n\n\n\n<figure class=\"wp-block-image size-large\"><img loading=\"lazy\" decoding=\"async\" width=\"1024\" height=\"684\" data-id=\"4664\" src=\"https:\/\/bangbang.md\/wp-content\/uploads\/2023\/04\/DSS_4204-1024x684.jpg\" alt=\"\" class=\"wp-image-4664\" srcset=\"https:\/\/bangbang.md\/wp-content\/uploads\/2023\/04\/DSS_4204-1024x684.jpg 1024w, https:\/\/bangbang.md\/wp-content\/uploads\/2023\/04\/DSS_4204-300x200.jpg 300w, https:\/\/bangbang.md\/wp-content\/uploads\/2023\/04\/DSS_4204-768x513.jpg 768w, https:\/\/bangbang.md\/wp-content\/uploads\/2023\/04\/DSS_4204-1536x1025.jpg 1536w, https:\/\/bangbang.md\/wp-content\/uploads\/2023\/04\/DSS_4204-2048x1367.jpg 2048w, https:\/\/bangbang.md\/wp-content\/uploads\/2023\/04\/DSS_4204-18x12.jpg 18w, https:\/\/bangbang.md\/wp-content\/uploads\/2023\/04\/DSS_4204-585x391.jpg 585w\" sizes=\"auto, (max-width: 1024px) 100vw, 1024px\" \/><\/figure>\n\n\n\n<figure class=\"wp-block-image size-large\"><img loading=\"lazy\" decoding=\"async\" width=\"1024\" height=\"684\" data-id=\"4663\" src=\"https:\/\/bangbang.md\/wp-content\/uploads\/2023\/04\/DSS_4198-1024x684.jpg\" alt=\"\" class=\"wp-image-4663\" srcset=\"https:\/\/bangbang.md\/wp-content\/uploads\/2023\/04\/DSS_4198-1024x684.jpg 1024w, https:\/\/bangbang.md\/wp-content\/uploads\/2023\/04\/DSS_4198-300x200.jpg 300w, https:\/\/bangbang.md\/wp-content\/uploads\/2023\/04\/DSS_4198-768x513.jpg 768w, https:\/\/bangbang.md\/wp-content\/uploads\/2023\/04\/DSS_4198-1536x1025.jpg 1536w, https:\/\/bangbang.md\/wp-content\/uploads\/2023\/04\/DSS_4198-2048x1367.jpg 2048w, https:\/\/bangbang.md\/wp-content\/uploads\/2023\/04\/DSS_4198-18x12.jpg 18w, https:\/\/bangbang.md\/wp-content\/uploads\/2023\/04\/DSS_4198-585x391.jpg 585w\" sizes=\"auto, (max-width: 1024px) 100vw, 1024px\" \/><\/figure>\n\n\n\n<figure class=\"wp-block-image size-large\"><img loading=\"lazy\" decoding=\"async\" width=\"1024\" height=\"684\" data-id=\"4665\" src=\"https:\/\/bangbang.md\/wp-content\/uploads\/2023\/04\/DSS_4212-1024x684.jpg\" alt=\"\" class=\"wp-image-4665\" srcset=\"https:\/\/bangbang.md\/wp-content\/uploads\/2023\/04\/DSS_4212-1024x684.jpg 1024w, https:\/\/bangbang.md\/wp-content\/uploads\/2023\/04\/DSS_4212-300x200.jpg 300w, https:\/\/bangbang.md\/wp-content\/uploads\/2023\/04\/DSS_4212-768x513.jpg 768w, https:\/\/bangbang.md\/wp-content\/uploads\/2023\/04\/DSS_4212-1536x1025.jpg 1536w, https:\/\/bangbang.md\/wp-content\/uploads\/2023\/04\/DSS_4212-2048x1367.jpg 2048w, https:\/\/bangbang.md\/wp-content\/uploads\/2023\/04\/DSS_4212-18x12.jpg 18w, https:\/\/bangbang.md\/wp-content\/uploads\/2023\/04\/DSS_4212-585x391.jpg 585w\" sizes=\"auto, (max-width: 1024px) 100vw, 1024px\" \/><\/figure>\n\n\n\n<figure class=\"wp-block-image size-large\"><img loading=\"lazy\" decoding=\"async\" width=\"1024\" height=\"684\" data-id=\"4654\" src=\"https:\/\/bangbang.md\/wp-content\/uploads\/2023\/04\/DSS_3232-1024x684.jpg\" alt=\"\" class=\"wp-image-4654\" srcset=\"https:\/\/bangbang.md\/wp-content\/uploads\/2023\/04\/DSS_3232-1024x684.jpg 1024w, https:\/\/bangbang.md\/wp-content\/uploads\/2023\/04\/DSS_3232-300x200.jpg 300w, https:\/\/bangbang.md\/wp-content\/uploads\/2023\/04\/DSS_3232-768x513.jpg 768w\" sizes=\"auto, (max-width: 1024px) 100vw, 1024px\" \/><\/figure>\n<\/figure>","protected":false},"excerpt":{"rendered":"<p>Ast\u0103zi, Viceprim-ministrul \u0219i Ministrul Afacerilor Externe al Regatului \u021a\u0103rilor de Jos, Wopke Hoekstra, a inaugurat deschiderea oficial\u0103 a Ambasadei Regatului&#8230;<\/p>","protected":false},"author":3,"featured_media":4659,"comment_status":"open","ping_status":"open","sticky":false,"template":"","format":"standard","meta":{"footnotes":""},"categories":[177],"tags":[],"class_list":["post-4652","post","type-post","status-publish","format-standard","has-post-thumbnail","hentry","category-noutati"],"yoast_head":"<!-- This site is optimized with the Yoast SEO Premium plugin v18.9 (Yoast SEO v20.13) - https:\/\/yoast.com\/wordpress\/plugins\/seo\/ -->\n<title>FOTO\/\/ Regatul \u021a\u0103rilor de Jos deschide oficial Ambasada la Chi\u0219in\u0103u, marc\u00e2nd un nou capitol \u00een rela\u021biile diplomatice cu Republica Moldova - BANG-BANG<\/title>\n<meta name=\"description\" content=\"Ast\u0103zi, Viceprim-ministrul \u0219i Ministrul Afacerilor Externe al Regatului \u021a\u0103rilor de Jos, Wopke Hoekstra, a inaugurat deschiderea oficial\u0103 a Ambasadei Regatului \u021a\u0103rilor de Jos la Chi\u0219in\u0103u, \u00een Republica Moldova. Anterior, \u00een cadrul unei ceremonii oficiale la Pre\u0219edin\u021bia Republicii Moldova Ambasadorul Regatului \u021a\u0103rilor de Jos, Fred Duijn, primul ambasador cu re\u0219edin\u021ba la Chi\u0219in\u0103u, a fost acreditat.\u00a0\" \/>\n<meta name=\"robots\" content=\"index, follow, max-snippet:-1, max-image-preview:large, max-video-preview:-1\" \/>\n<link rel=\"canonical\" href=\"https:\/\/bangbang.md\/ru\/2023\/04\/19\/foto-regatul-tarilor-de-jos-deschide-oficial-ambasada-la-chisinau\/\" \/>\n<meta property=\"og:locale\" content=\"ru_RU\" \/>\n<meta property=\"og:type\" content=\"article\" \/>\n<meta property=\"og:title\" content=\"FOTO\/\/ Regatul \u021a\u0103rilor de Jos deschide oficial Ambasada la Chi\u0219in\u0103u, marc\u00e2nd un nou capitol \u00een rela\u021biile diplomatice cu Republica Moldova\" \/>\n<meta property=\"og:description\" content=\"Ast\u0103zi, Viceprim-ministrul \u0219i Ministrul Afacerilor Externe al Regatului \u021a\u0103rilor de Jos, Wopke Hoekstra, a inaugurat deschiderea oficial\u0103 a Ambasadei Regatului \u021a\u0103rilor de Jos la Chi\u0219in\u0103u, \u00een Republica Moldova. Anterior, \u00een cadrul unei ceremonii oficiale la Pre\u0219edin\u021bia Republicii Moldova Ambasadorul Regatului \u021a\u0103rilor de Jos, Fred Duijn, primul ambasador cu re\u0219edin\u021ba la Chi\u0219in\u0103u, a fost acreditat.\u00a0\" \/>\n<meta property=\"og:url\" content=\"https:\/\/bangbang.md\/ru\/2023\/04\/19\/foto-regatul-tarilor-de-jos-deschide-oficial-ambasada-la-chisinau\/\" \/>\n<meta property=\"og:site_name\" content=\"BANG-BANG\" \/>\n<meta property=\"article:publisher\" content=\"https:\/\/www.facebook.com\/bangbangmoldova\" \/>\n<meta property=\"article:published_time\" content=\"2023-04-19T17:25:28+00:00\" \/>\n<meta property=\"article:modified_time\" content=\"2023-04-19T17:32:17+00:00\" \/>\n<meta property=\"og:image\" content=\"https:\/\/bangbang.md\/wp-content\/uploads\/2023\/04\/DSS_3614-scaled.jpg\" \/>\n\t<meta property=\"og:image:width\" content=\"2560\" \/>\n\t<meta property=\"og:image:height\" content=\"1709\" \/>\n\t<meta property=\"og:image:type\" content=\"image\/jpeg\" \/>\n<meta name=\"author\" content=\"Micleusanu Vasile\" \/>\n<meta name=\"twitter:card\" content=\"summary_large_image\" \/>\n<meta name=\"twitter:label1\" content=\"\u041d\u0430\u043f\u0438\u0441\u0430\u043d\u043e \u0430\u0432\u0442\u043e\u0440\u043e\u043c\" \/>\n\t<meta name=\"twitter:data1\" content=\"Micleusanu Vasile\" \/>\n\t<meta name=\"twitter:label2\" content=\"\u041f\u0440\u0438\u043c\u0435\u0440\u043d\u043e\u0435 \u0432\u0440\u0435\u043c\u044f \u0434\u043b\u044f \u0447\u0442\u0435\u043d\u0438\u044f\" \/>\n\t<meta name=\"twitter:data2\" content=\"2 \u043c\u0438\u043d\u0443\u0442\u044b\" \/>\n<script type=\"application\/ld+json\" class=\"yoast-schema-graph\">{\"@context\":\"https:\/\/schema.org\",\"@graph\":[{\"@type\":\"Article\",\"@id\":\"https:\/\/bangbang.md\/2023\/04\/19\/foto-regatul-tarilor-de-jos-deschide-oficial-ambasada-la-chisinau\/#article\",\"isPartOf\":{\"@id\":\"https:\/\/bangbang.md\/2023\/04\/19\/foto-regatul-tarilor-de-jos-deschide-oficial-ambasada-la-chisinau\/\"},\"author\":{\"name\":\"Micleusanu Vasile\",\"@id\":\"https:\/\/bangbang.md\/#\/schema\/person\/5378c72f5ed47ee2964c4075df5f713d\"},\"headline\":\"FOTO\/\/ Regatul \u021a\u0103rilor de Jos deschide oficial Ambasada la Chi\u0219in\u0103u, marc\u00e2nd un nou capitol \u00een rela\u021biile diplomatice cu Republica Moldova\",\"datePublished\":\"2023-04-19T17:25:28+00:00\",\"dateModified\":\"2023-04-19T17:32:17+00:00\",\"mainEntityOfPage\":{\"@id\":\"https:\/\/bangbang.md\/2023\/04\/19\/foto-regatul-tarilor-de-jos-deschide-oficial-ambasada-la-chisinau\/\"},\"wordCount\":328,\"commentCount\":0,\"publisher\":{\"@id\":\"https:\/\/bangbang.md\/#organization\"},\"articleSection\":[\"Nout\u0103\u021bi\"],\"inLanguage\":\"ru-RU\"},{\"@type\":\"WebPage\",\"@id\":\"https:\/\/bangbang.md\/2023\/04\/19\/foto-regatul-tarilor-de-jos-deschide-oficial-ambasada-la-chisinau\/\",\"url\":\"https:\/\/bangbang.md\/2023\/04\/19\/foto-regatul-tarilor-de-jos-deschide-oficial-ambasada-la-chisinau\/\",\"name\":\"FOTO\/\/ Regatul \u021a\u0103rilor de Jos deschide oficial Ambasada la Chi\u0219in\u0103u, marc\u00e2nd un nou capitol \u00een rela\u021biile diplomatice cu Republica Moldova - BANG-BANG\",\"isPartOf\":{\"@id\":\"https:\/\/bangbang.md\/#website\"},\"datePublished\":\"2023-04-19T17:25:28+00:00\",\"dateModified\":\"2023-04-19T17:32:17+00:00\",\"description\":\"Ast\u0103zi, Viceprim-ministrul \u0219i Ministrul Afacerilor Externe al Regatului \u021a\u0103rilor de Jos, Wopke Hoekstra, a inaugurat deschiderea oficial\u0103 a Ambasadei Regatului \u021a\u0103rilor de Jos la Chi\u0219in\u0103u, \u00een Republica Moldova. Anterior, \u00een cadrul unei ceremonii oficiale la Pre\u0219edin\u021bia Republicii Moldova Ambasadorul Regatului \u021a\u0103rilor de Jos, Fred Duijn, primul ambasador cu re\u0219edin\u021ba la Chi\u0219in\u0103u, a fost acreditat.\u00a0\",\"breadcrumb\":{\"@id\":\"https:\/\/bangbang.md\/2023\/04\/19\/foto-regatul-tarilor-de-jos-deschide-oficial-ambasada-la-chisinau\/#breadcrumb\"},\"inLanguage\":\"ru-RU\",\"potentialAction\":[{\"@type\":\"ReadAction\",\"target\":[\"https:\/\/bangbang.md\/2023\/04\/19\/foto-regatul-tarilor-de-jos-deschide-oficial-ambasada-la-chisinau\/\"]}]},{\"@type\":\"BreadcrumbList\",\"@id\":\"https:\/\/bangbang.md\/2023\/04\/19\/foto-regatul-tarilor-de-jos-deschide-oficial-ambasada-la-chisinau\/#breadcrumb\",\"itemListElement\":[{\"@type\":\"ListItem\",\"position\":1,\"name\":\"Prima pagin\u0103\",\"item\":\"https:\/\/bangbang.md\/\"},{\"@type\":\"ListItem\",\"position\":2,\"name\":\"FOTO\/\/ Regatul \u021a\u0103rilor de Jos deschide oficial Ambasada la Chi\u0219in\u0103u, marc\u00e2nd un nou capitol \u00een rela\u021biile diplomatice cu Republica Moldova\"}]},{\"@type\":\"WebSite\",\"@id\":\"https:\/\/bangbang.md\/#website\",\"url\":\"https:\/\/bangbang.md\/\",\"name\":\"BANG-BANG\",\"description\":\"Portal web dedicat comunit\u0103\u021bii LGBTQ d RM\",\"publisher\":{\"@id\":\"https:\/\/bangbang.md\/#organization\"},\"potentialAction\":[{\"@type\":\"SearchAction\",\"target\":{\"@type\":\"EntryPoint\",\"urlTemplate\":\"https:\/\/bangbang.md\/?s={search_term_string}\"},\"query-input\":\"required name=search_term_string\"}],\"inLanguage\":\"ru-RU\"},{\"@type\":\"Organization\",\"@id\":\"https:\/\/bangbang.md\/#organization\",\"name\":\"Bang bang\",\"url\":\"https:\/\/bangbang.md\/\",\"logo\":{\"@type\":\"ImageObject\",\"inLanguage\":\"ru-RU\",\"@id\":\"https:\/\/bangbang.md\/#\/schema\/logo\/image\/\",\"url\":\"https:\/\/bangbang.md\/wp-content\/uploads\/2022\/07\/cropped-Group.jpg\",\"contentUrl\":\"https:\/\/bangbang.md\/wp-content\/uploads\/2022\/07\/cropped-Group.jpg\",\"width\":512,\"height\":512,\"caption\":\"Bang bang\"},\"image\":{\"@id\":\"https:\/\/bangbang.md\/#\/schema\/logo\/image\/\"},\"sameAs\":[\"https:\/\/www.facebook.com\/bangbangmoldova\"]},{\"@type\":\"Person\",\"@id\":\"https:\/\/bangbang.md\/#\/schema\/person\/5378c72f5ed47ee2964c4075df5f713d\",\"name\":\"Micleusanu Vasile\",\"image\":{\"@type\":\"ImageObject\",\"inLanguage\":\"ru-RU\",\"@id\":\"https:\/\/bangbang.md\/#\/schema\/person\/image\/\",\"url\":\"https:\/\/secure.gravatar.com\/avatar\/33fcec8745ff74b39241dd3111c85da3d8bb21844aef6911b4f86aec2cdeb93b?s=96&d=mm&r=g\",\"contentUrl\":\"https:\/\/secure.gravatar.com\/avatar\/33fcec8745ff74b39241dd3111c85da3d8bb21844aef6911b4f86aec2cdeb93b?s=96&d=mm&r=g\",\"caption\":\"Micleusanu Vasile\"},\"url\":\"https:\/\/bangbang.md\/ru\/author\/vasilem\/\"}]}<\/script>\n<!-- \/ Yoast SEO Premium plugin. -->","yoast_head_json":{"title":"FOTO\/\/ Regatul \u021a\u0103rilor de Jos deschide oficial Ambasada la Chi\u0219in\u0103u, marc\u00e2nd un nou capitol \u00een rela\u021biile diplomatice cu Republica Moldova - BANG-BANG","description":"Ast\u0103zi, Viceprim-ministrul \u0219i Ministrul Afacerilor Externe al Regatului \u021a\u0103rilor de Jos, Wopke Hoekstra, a inaugurat deschiderea oficial\u0103 a Ambasadei Regatului \u021a\u0103rilor de Jos la Chi\u0219in\u0103u, \u00een Republica Moldova. Anterior, \u00een cadrul unei ceremonii oficiale la Pre\u0219edin\u021bia Republicii Moldova Ambasadorul Regatului \u021a\u0103rilor de Jos, Fred Duijn, primul ambasador cu re\u0219edin\u021ba la Chi\u0219in\u0103u, a fost acreditat.\u00a0","robots":{"index":"index","follow":"follow","max-snippet":"max-snippet:-1","max-image-preview":"max-image-preview:large","max-video-preview":"max-video-preview:-1"},"canonical":"https:\/\/bangbang.md\/ru\/2023\/04\/19\/foto-regatul-tarilor-de-jos-deschide-oficial-ambasada-la-chisinau\/","og_locale":"ru_RU","og_type":"article","og_title":"FOTO\/\/ Regatul \u021a\u0103rilor de Jos deschide oficial Ambasada la Chi\u0219in\u0103u, marc\u00e2nd un nou capitol \u00een rela\u021biile diplomatice cu Republica Moldova","og_description":"Ast\u0103zi, Viceprim-ministrul \u0219i Ministrul Afacerilor Externe al Regatului \u021a\u0103rilor de Jos, Wopke Hoekstra, a inaugurat deschiderea oficial\u0103 a Ambasadei Regatului \u021a\u0103rilor de Jos la Chi\u0219in\u0103u, \u00een Republica Moldova. Anterior, \u00een cadrul unei ceremonii oficiale la Pre\u0219edin\u021bia Republicii Moldova Ambasadorul Regatului \u021a\u0103rilor de Jos, Fred Duijn, primul ambasador cu re\u0219edin\u021ba la Chi\u0219in\u0103u, a fost acreditat.\u00a0","og_url":"https:\/\/bangbang.md\/ru\/2023\/04\/19\/foto-regatul-tarilor-de-jos-deschide-oficial-ambasada-la-chisinau\/","og_site_name":"BANG-BANG","article_publisher":"https:\/\/www.facebook.com\/bangbangmoldova","article_published_time":"2023-04-19T17:25:28+00:00","article_modified_time":"2023-04-19T17:32:17+00:00","og_image":[{"width":2560,"height":1709,"url":"https:\/\/bangbang.md\/wp-content\/uploads\/2023\/04\/DSS_3614-scaled.jpg","type":"image\/jpeg"}],"author":"Micleusanu Vasile","twitter_card":"summary_large_image","twitter_misc":{"\u041d\u0430\u043f\u0438\u0441\u0430\u043d\u043e \u0430\u0432\u0442\u043e\u0440\u043e\u043c":"Micleusanu Vasile","\u041f\u0440\u0438\u043c\u0435\u0440\u043d\u043e\u0435 \u0432\u0440\u0435\u043c\u044f \u0434\u043b\u044f \u0447\u0442\u0435\u043d\u0438\u044f":"2 \u043c\u0438\u043d\u0443\u0442\u044b"},"schema":{"@context":"https:\/\/schema.org","@graph":[{"@type":"Article","@id":"https:\/\/bangbang.md\/2023\/04\/19\/foto-regatul-tarilor-de-jos-deschide-oficial-ambasada-la-chisinau\/#article","isPartOf":{"@id":"https:\/\/bangbang.md\/2023\/04\/19\/foto-regatul-tarilor-de-jos-deschide-oficial-ambasada-la-chisinau\/"},"author":{"name":"Micleusanu Vasile","@id":"https:\/\/bangbang.md\/#\/schema\/person\/5378c72f5ed47ee2964c4075df5f713d"},"headline":"FOTO\/\/ Regatul \u021a\u0103rilor de Jos deschide oficial Ambasada la Chi\u0219in\u0103u, marc\u00e2nd un nou capitol \u00een rela\u021biile diplomatice cu Republica Moldova","datePublished":"2023-04-19T17:25:28+00:00","dateModified":"2023-04-19T17:32:17+00:00","mainEntityOfPage":{"@id":"https:\/\/bangbang.md\/2023\/04\/19\/foto-regatul-tarilor-de-jos-deschide-oficial-ambasada-la-chisinau\/"},"wordCount":328,"commentCount":0,"publisher":{"@id":"https:\/\/bangbang.md\/#organization"},"articleSection":["Nout\u0103\u021bi"],"inLanguage":"ru-RU"},{"@type":"WebPage","@id":"https:\/\/bangbang.md\/2023\/04\/19\/foto-regatul-tarilor-de-jos-deschide-oficial-ambasada-la-chisinau\/","url":"https:\/\/bangbang.md\/2023\/04\/19\/foto-regatul-tarilor-de-jos-deschide-oficial-ambasada-la-chisinau\/","name":"FOTO\/\/ Regatul \u021a\u0103rilor de Jos deschide oficial Ambasada la Chi\u0219in\u0103u, marc\u00e2nd un nou capitol \u00een rela\u021biile diplomatice cu Republica Moldova - BANG-BANG","isPartOf":{"@id":"https:\/\/bangbang.md\/#website"},"datePublished":"2023-04-19T17:25:28+00:00","dateModified":"2023-04-19T17:32:17+00:00","description":"Ast\u0103zi, Viceprim-ministrul \u0219i Ministrul Afacerilor Externe al Regatului \u021a\u0103rilor de Jos, Wopke Hoekstra, a inaugurat deschiderea oficial\u0103 a Ambasadei Regatului \u021a\u0103rilor de Jos la Chi\u0219in\u0103u, \u00een Republica Moldova. Anterior, \u00een cadrul unei ceremonii oficiale la Pre\u0219edin\u021bia Republicii Moldova Ambasadorul Regatului \u021a\u0103rilor de Jos, Fred Duijn, primul ambasador cu re\u0219edin\u021ba la Chi\u0219in\u0103u, a fost acreditat.\u00a0","breadcrumb":{"@id":"https:\/\/bangbang.md\/2023\/04\/19\/foto-regatul-tarilor-de-jos-deschide-oficial-ambasada-la-chisinau\/#breadcrumb"},"inLanguage":"ru-RU","potentialAction":[{"@type":"ReadAction","target":["https:\/\/bangbang.md\/2023\/04\/19\/foto-regatul-tarilor-de-jos-deschide-oficial-ambasada-la-chisinau\/"]}]},{"@type":"BreadcrumbList","@id":"https:\/\/bangbang.md\/2023\/04\/19\/foto-regatul-tarilor-de-jos-deschide-oficial-ambasada-la-chisinau\/#breadcrumb","itemListElement":[{"@type":"ListItem","position":1,"name":"Prima pagin\u0103","item":"https:\/\/bangbang.md\/"},{"@type":"ListItem","position":2,"name":"FOTO\/\/ Regatul \u021a\u0103rilor de Jos deschide oficial Ambasada la Chi\u0219in\u0103u, marc\u00e2nd un nou capitol \u00een rela\u021biile diplomatice cu Republica Moldova"}]},{"@type":"WebSite","@id":"https:\/\/bangbang.md\/#website","url":"https:\/\/bangbang.md\/","name":"BANG-BANG","description":"Portal web dedicat comunit\u0103\u021bii LGBTQ d RM","publisher":{"@id":"https:\/\/bangbang.md\/#organization"},"potentialAction":[{"@type":"SearchAction","target":{"@type":"EntryPoint","urlTemplate":"https:\/\/bangbang.md\/?s={search_term_string}"},"query-input":"required name=search_term_string"}],"inLanguage":"ru-RU"},{"@type":"Organization","@id":"https:\/\/bangbang.md\/#organization","name":"Bang bang","url":"https:\/\/bangbang.md\/","logo":{"@type":"ImageObject","inLanguage":"ru-RU","@id":"https:\/\/bangbang.md\/#\/schema\/logo\/image\/","url":"https:\/\/bangbang.md\/wp-content\/uploads\/2022\/07\/cropped-Group.jpg","contentUrl":"https:\/\/bangbang.md\/wp-content\/uploads\/2022\/07\/cropped-Group.jpg","width":512,"height":512,"caption":"Bang bang"},"image":{"@id":"https:\/\/bangbang.md\/#\/schema\/logo\/image\/"},"sameAs":["https:\/\/www.facebook.com\/bangbangmoldova"]},{"@type":"Person","@id":"https:\/\/bangbang.md\/#\/schema\/person\/5378c72f5ed47ee2964c4075df5f713d","name":"Micleusanu Vasile","image":{"@type":"ImageObject","inLanguage":"ru-RU","@id":"https:\/\/bangbang.md\/#\/schema\/person\/image\/","url":"https:\/\/secure.gravatar.com\/avatar\/33fcec8745ff74b39241dd3111c85da3d8bb21844aef6911b4f86aec2cdeb93b?s=96&d=mm&r=g","contentUrl":"https:\/\/secure.gravatar.com\/avatar\/33fcec8745ff74b39241dd3111c85da3d8bb21844aef6911b4f86aec2cdeb93b?s=96&d=mm&r=g","caption":"Micleusanu Vasile"},"url":"https:\/\/bangbang.md\/ru\/author\/vasilem\/"}]}},"_links":{"self":[{"href":"https:\/\/bangbang.md\/ru\/wp-json\/wp\/v2\/posts\/4652","targetHints":{"allow":["GET"]}}],"collection":[{"href":"https:\/\/bangbang.md\/ru\/wp-json\/wp\/v2\/posts"}],"about":[{"href":"https:\/\/bangbang.md\/ru\/wp-json\/wp\/v2\/types\/post"}],"author":[{"embeddable":true,"href":"https:\/\/bangbang.md\/ru\/wp-json\/wp\/v2\/users\/3"}],"replies":[{"embeddable":true,"href":"https:\/\/bangbang.md\/ru\/wp-json\/wp\/v2\/comments?post=4652"}],"version-history":[{"count":4,"href":"https:\/\/bangbang.md\/ru\/wp-json\/wp\/v2\/posts\/4652\/revisions"}],"predecessor-version":[{"id":4672,"href":"https:\/\/bangbang.md\/ru\/wp-json\/wp\/v2\/posts\/4652\/revisions\/4672"}],"wp:featuredmedia":[{"embeddable":true,"href":"https:\/\/bangbang.md\/ru\/wp-json\/wp\/v2\/media\/4659"}],"wp:attachment":[{"href":"https:\/\/bangbang.md\/ru\/wp-json\/wp\/v2\/media?parent=4652"}],"wp:term":[{"taxonomy":"category","embeddable":true,"href":"https:\/\/bangbang.md\/ru\/wp-json\/wp\/v2\/categories?post=4652"},{"taxonomy":"post_tag","embeddable":true,"href":"https:\/\/bangbang.md\/ru\/wp-json\/wp\/v2\/tags?post=4652"}],"curies":[{"name":"wp","href":"https:\/\/api.w.org\/{rel}","templated":true}]}}