{"id":4396,"date":"2023-03-13T12:02:55","date_gmt":"2023-03-13T12:02:55","guid":{"rendered":"https:\/\/bangbang.md\/?p=4396"},"modified":"2023-05-13T08:38:37","modified_gmt":"2023-05-13T08:38:37","slug":"podcast-lupta-pentru-incluziune-perspectiva-femeilor-trans","status":"publish","type":"post","link":"https:\/\/bangbang.md\/ru\/2023\/03\/13\/podcast-lupta-pentru-incluziune-perspectiva-femeilor-trans\/","title":{"rendered":"<strong>PODCAST. Lupta pentru incluziune: Perspectiva Femeilor Trans<\/strong>"},"content":{"rendered":"<h3 class=\"wp-block-heading\" id=\"h-femeile-trans-au-fost-mult-timp-in-prima-linie-a-luptei-pentru-egalitatea-de-gen-dar-drumul-lor-spre-drepturi-egale-\u0219i-recunoa\u0219tere-a-fost-plin-de-provocari-ele-au-contribuit-la-lupta-pentru-egalitatea-de-gen-prin-contestarea-normelor-tradi\u021bionale-de-gen-\u0219i-prin-apararea-drepturilor-lor-cu-toate-acestea-femeile-trans-au-fost-deseori-marginalizate-in-cadrul-mi\u0219carii-feministe-deoarece-experien\u021bele-lor-sunt-unice-\u0219i-diferite-de-cele-ale-femeilor-cisgender\"><strong><em>Femeile trans au fost mult timp \u00een prima linie a luptei pentru egalitatea de gen, dar drumul lor spre drepturi egale \u0219i recunoa\u0219tere a fost plin de provoc\u0103ri. Ele au contribuit la lupta pentru egalitatea de gen prin contestarea normelor tradi\u021bionale de gen \u0219i prin ap\u0103rarea drepturilor lor. Cu toate acestea, femeile trans au fost deseori marginalizate \u00een cadrul mi\u0219c\u0103rii feministe, deoarece experien\u021bele lor sunt unice \u0219i diferite de cele ale femeilor cisgender.<\/em><\/strong><\/h3>\n\n\n\n<h3 class=\"wp-block-heading\" id=\"h-in-episodul-al-\u0219aselea-al-podcastului-fara-ru\u0219ine-am-discutat-cu-stela-femeie-trans-despre-experien\u021bele-ei-de-via\u021ba-in-contextul-zilei-interna\u021bionale-a-femeilor-despre-inegalita\u021bile-\u0219i-discriminarea-cu-care-se-confrunta-femeile-trans-\u0219i-despre-cum-aceasta-zi-poate-fi-folosita-pentru-a-promova-incluziunea-\u0219i-egalitatea-in-societate\"><strong><em>\u00cen episodul al \u0219aselea al podcastului F\u0103r\u0103 Ru\u0219ine am discutat cu Stela, femeie trans, despre experien\u021bele ei de via\u021b\u0103 \u00een contextul Zilei Interna\u021bionale a Femeilor, despre inegalit\u0103\u021bile \u0219i discriminarea cu care se confrunt\u0103 femeile trans, \u0219i despre cum aceast\u0103 zi poate fi folosit\u0103 pentru a promova incluziunea \u0219i egalitatea \u00een societate.&nbsp;<\/em><\/strong><\/h3>\n\n\n\n<h3 class=\"wp-block-heading\"><strong>Cine sunt femeile transgen?<\/strong><\/h3>\n\n\n\n<p>Femeile trans au luptat pentru drepturile lor timp de secole. Primul caz \u00eenregistrat al unei persoane trans care a luptat pentru drepturi a fost la \u00eenceputul secolului XX, c\u00e2nd Lili Elbe, o pictori\u021b\u0103 danez\u0103, a suferit una dintre primele opera\u021bii de confirmare a sexului. Cu toate acestea, abia \u00een anii 1960, femeile trans au \u00eenceput s\u0103 se organizeze \u0219i s\u0103 militeze pentru drepturile lor.<\/p>\n\n\n\n<p>Unul dintre cele mai importante momente din istoria drepturilor femeilor trans a fost revolta de la Compton&#8217;s Cafeteria din San Francisco din 1966. Aceasta a fost una dintre primele revolte \u00eenregistrate \u00eempotriva h\u0103r\u021buirii de c\u0103tre poli\u021bie a persoanelor LGBTQ+ \u0219i a fost condus\u0103 de femei trans. Un alt moment crucial a fost reprezentat de revoltele de la Stonewall din 1969, care au fost conduse de femei trans de culoare.<\/p>\n\n\n\n<blockquote class=\"wp-block-quote is-layout-flow wp-block-quote-is-layout-flow\">\n<p><strong><em>\u201e<\/em><\/strong><em>Femeile trans sunt femei la fel ca \u0219i femeile cisgen. Noi nu ne diferen\u021biem cu mult de femeile cisgen. Suntem acelea\u0219i femei cu acelea\u0219i creieri, s\u0103 spunem a\u0219a, ca \u0219i o femeie&#8230; O s\u0103 folosesc termeni mai din societate, ca s\u0103 nu intr\u0103m \u00een clarific\u0103ri, femeii biologice, cum se zice. A\u0219a c\u0103, da, noi ne vedem pe noi ca \u0219i femeile biologice.\u201d, afirm\u0103 Stela.<\/em><\/p>\n<\/blockquote>\n\n\n\n<h3 class=\"wp-block-heading\"><strong>\u00cen\u021belegerea intersec\u021bionalit\u0103\u021bii de gen \u0219i a identit\u0103\u021bii transgen<\/strong><\/h3>\n\n\n\n<p>Intersec\u021bionalitatea de gen este conceptul conform c\u0103ruia mai multe forme de opresiune se intersecteaz\u0103 \u0219i au un impact asupra indivizilor \u00een diverse moduri.&nbsp;<\/p>\n\n\n\n<p>Identitatea transgen este o astfel de intersec\u021bie a genului \u0219i a sexualit\u0103\u021bii \u0219i sfideaz\u0103 normele \u0219i rolurile tradi\u021bionale de gen. Femeile trans sunt persoane care au fost atribuite ca fiind de sex masculin la na\u0219tere, dar care se identific\u0103 \u0219i tr\u0103iesc ca femei. Aceast\u0103 identitate vine cu un set unic de provoc\u0103ri \u0219i experien\u021be, cum ar fi discriminarea, violen\u021ba \u0219i respingerea din partea societ\u0103\u021bii. Stela poveste\u0219te despre drumul pe care ea l-a parcurs.&nbsp;<\/p>\n\n\n\n<p><strong><em>Stela: <\/em><\/strong><em>Eu, \u00een v\u00e2rsta pubert\u0103\u021bii, 13-14 ani, m-am sim\u021bit ok cu mine, m-am sim\u021bit femeie. La v\u00e2rsta de 3 ani, de fapt, eu \u00eencepusem s\u0103-mi dau seama c\u0103 lumea m\u0103 consider\u0103 b\u0103ie\u021bel \u0219i deja \u00eencepusem s\u0103-mi pun diferite bariere. Nu acas\u0103 la mine, \u00een familia noastr\u0103 nu au fost bariere, dar \u00een societate.&nbsp;<\/em><\/p>\n\n\n\n<p><em>Cresc\u00e2nd, am \u00eenceput s\u0103 \u00een\u021beleg c\u0103 sunt b\u0103ie\u021bel de fapt, dar nu e de fapt, nu e de facto, av\u00e2nd un creier de femeie, un creier de fat\u0103. \u0218i c\u00e2nd a dat pubertatea peste mine, asta m-a f\u0103cut s\u0103 m\u0103 simt la propriu zdrobit\u0103, pentru c\u0103 vocea a \u00eenceput s\u0103 mi se \u00eengroa\u0219e, a \u00eenceput s\u0103 apar\u0103 p\u0103r pe fa\u021b\u0103, p\u0103r pe picioare, un fapt care eu \u00eel detest la corpul meu. Acum, deci nu-l mai am pentru c\u0103 am f\u0103cut proceduri diverse pentru a-l \u00eenl\u0103tura.<\/em><\/p>\n\n\n\n<p><em>(\u2026)<\/em><\/p>\n\n\n\n<p><em>Eu a\u0219a de tare, a\u0219a de ad\u00e2nc am ascuns ce eu sunt, c\u0103 eu am \u0219i uitat ce eu sunt pentru o perioad\u0103 de foarte mul\u021bi ani. Fiind \u00een momentul \u00een care eu eram deja gata s\u0103 termin via\u021ba, atunci c\u00e2nd nu mai puteam s\u0103 tr\u0103iesc, nu \u0219tiu cum universul mi-a dat \u00een calea mea ca s\u0103 aflu de terapia hormonal\u0103. \u0218i din momentul \u00een care eu am aflat, eu mi-am adus aminte cine eu sunt, mi-am adus aminte de identitatea mea.&nbsp;<\/em><\/p>\n\n\n\n<h3 class=\"wp-block-heading\"><em><strong>Cite\u0219te \u0219i: <\/strong><\/em><a href=\"https:\/\/bangbang.md\/ru\/2022\/11\/22\/a-fost-lansat-site-ul-sanatate-mintala-md-portalul-retelei-de-centre-comunitarede-sanatate-mintala-din-r-moldova\/?fbclid=IwAR0B8hO0FqpxPAKF2CmdU0O7zTWR2JfRqmx5hf0THo4G1te46jw8AzBc_ZU\" target=\"_blank\" rel=\"noreferrer noopener\"><strong><em>A fost lansat site-ul sanatate-mintala.md, portalul re\u021belei de Centre Comunitare de S\u0103n\u0103tate Mintal\u0103 din R. Moldova&nbsp;<\/em><\/strong><\/a><\/h3>\n\n\n\n<h3 class=\"wp-block-heading\"><strong>Transfobia \u0219i discriminarea cu care se confrunt\u0103 femeile trans \u00een societate<\/strong><\/h3>\n\n\n\n<p>Femeile trans se confrunt\u0103 cu un risc mai mare de violen\u021b\u0103 \u0219i de infrac\u021biuni motivate de ur\u0103 \u00een compara\u021bie cu femeile cisgender. Aceast\u0103 violen\u021b\u0103 este adesea motivat\u0103 de transfobie \u0219i prejudec\u0103\u021bi, care se pot manifesta sub diverse forme, inclusiv abuzuri verbale, fizice \u0219i sexuale. Aceste experien\u021be pot duce la traume, depresie \u0219i anxietate, printre alte probleme de s\u0103n\u0103tate mintal\u0103.<\/p>\n\n\n\n<p>Ele sunt adesea supuse violen\u021bei, h\u0103r\u021buirii \u0219i discrimin\u0103rii \u00een diverse domenii ale vie\u021bii lor, inclusiv \u00een domeniul s\u0103n\u0103t\u0103\u021bii, al ocup\u0103rii for\u021bei de munc\u0103, al locuin\u021belor \u0219i al educa\u021biei. Femeile trans se confrunt\u0103, de asemenea, cu bariere atunci c\u00e2nd au acces la servicii de baz\u0103, cum ar fi asisten\u021ba medical\u0103.<\/p>\n\n\n\n<p>Stela men\u021bioneaz\u0103 c\u0103 obstacolul de baz\u0103 este procesul de auto-identificare \u0219i schimbarea actelor.&nbsp;<\/p>\n\n\n\n<p><strong><em>Stela:<\/em><\/strong><em> Schimbul de documente \u00een Republica Moldova, el practic nu exist\u0103, dac\u0103 spunem la mod concret. Atunci c\u00e2nd schimbi documentele, trebuie s\u0103 treci o groaz\u0103 de proceduri care sunt foarte lungi \u0219i dureaz\u0103 ani de zile. F\u0103r\u0103 documente valide, tu treci prin foarte multe probleme \u00een societate.<\/em><\/p>\n\n\n\n<p><em>Dac\u0103 documentul t\u0103u, chiar av\u00e2nd poze recente, nu reflect\u0103 identitatea, pentru c\u0103 tu ar\u0103\u021bi \u00eentr-un fel, \u00een poze te asameni, dar numele \u0219i sexul este divers de cum tu ar\u0103\u021bi.<\/em><\/p>\n\n\n\n<p><em>\u0218i nici la lucru&nbsp; nu vor s\u0103 te primeasc\u0103 din cauza asta, pentru c\u0103 angajatorul, de exemplu, se g\u00e2nde\u0219te, de ce s\u0103-\u0219i fac\u0103 probleme, chiar dac\u0103 nu-i transfob. Hai s\u0103 examin\u0103m a\u0219a un caz. De exemplu, \u00een companie lucreaz\u0103 mai multe persoane transfobe, \u0219i angajatorul, de exemplu, poate s\u0103 fie un om ok, dar \u00een companie, fiind persoane care sunt anti-LGBT, persoane transfobe, ele pur \u0219i simplu o s\u0103 \u00eenceap\u0103 s\u0103 creeze probleme \u00een companie.<\/em><\/p>\n\n\n\n<h3 class=\"wp-block-heading\"><strong>Perspective viitoare pentru femeile trans \u00een lupta pentru egalitatea de gen<\/strong><\/h3>\n\n\n\n<p>Perspectivele de viitor pentru femeile trans \u00een lupta pentru egalitatea de gen sunt promi\u021b\u0103toare, dar mai sunt \u00eenc\u0103 multe de f\u0103cut. Femeile trans c\u00e2\u0219tig\u0103 din ce \u00een ce mai mult\u0103 vizibilitate \u0219i recunoa\u0219tere, iar tot mai mul\u021bi oameni devin con\u0219tien\u021bi de experien\u021bele \u0219i provoc\u0103rile lor unice. Cu toate acestea, transfobia \u0219i discriminarea exist\u0103 \u00eenc\u0103, iar femeile trans continu\u0103 s\u0103 se confrunte cu bariere semnificative \u00een ceea ce prive\u0219te drepturile \u0219i demnitatea lor.<\/p>\n\n\n\n<p>Viitorul mi\u0219c\u0103rii feministe trebuie s\u0103 includ\u0103 femeile trans, spun activi\u0219tii, iar acest lucru include sus\u021binerea unor politici \u0219i practici care s\u0103 includ\u0103 toate femeile, indiferent de identitatea lor de gen.&nbsp;<\/p>\n\n\n\n<p><strong><em>Stela:<\/em><\/strong><em> Eu personal consider c\u0103 totul ar trebui s\u0103 porneasc\u0103 de la autorit\u0103\u021bi, pentru c\u0103 autorit\u0103\u021bile sunt aparatul de baz\u0103 care creeaz\u0103 legile \u00een societate. Ei ar trebui pe noi s\u0103 ne apere, pentru c\u0103 noi suntem \u00een Cartea Ro\u0219ie, nu \u0219tiu dac\u0103 se poate spune a\u0219a\u2026, dar \u00een fiecare an sunt asasinate o gr\u0103mad\u0103 de femei transgen \u0219i asta e foarte trist. Asta e inuman.&nbsp;&nbsp;<\/em><\/p>\n\n\n\n<p><em>Parlementul de fapt s\u0103 admit\u0103 faptul c\u0103 noi suntem femei \u0219i s\u0103 ne putem schimba actele de identitate foarte repede, s\u0103 nu necesite ani, s\u0103 necesite asta zile. Suntem ca \u0219i oricare cet\u0103\u021bean care pl\u0103te\u0219te taxele. Noi tot le pl\u0103tim \u0219i avem dreptul s\u0103 ne schimb\u0103m buletinul.&nbsp;<\/em><\/p>\n\n\n\n<p><em>\u0218i vrem pedepse mai severe pentru agresori. Deci, s\u0103 nu fie chestii de-astea c\u0103 a fost atacat\u0103 pentru c\u0103 este persoan\u0103 din comunitate LGBT.<\/em><\/p>\n\n\n\n<p><strong><a href=\"https:\/\/podcasters.spotify.com\/pod\/show\/bangbangmd\/episodes\/Lupta-pentru-incluziune-Perspectiva-Femeilor-Trans-e2010h9\" target=\"_blank\" rel=\"noreferrer noopener\">Ascult\u0103 aici episodul de podcast \u0219i continu\u0103 discu\u021biile \u0219i \u00een via\u021ba real\u0103 pentru a contribui la promovarea drepturilor omului \u0219i a egalit\u0103\u021bii de gen.&nbsp;<\/a><\/strong><\/p>","protected":false},"excerpt":{"rendered":"<p>Femeile trans au fost mult timp \u00een prima linie a luptei pentru egalitatea de gen, dar drumul lor spre drepturi&#8230;<\/p>","protected":false},"author":3,"featured_media":4397,"comment_status":"open","ping_status":"open","sticky":false,"template":"","format":"standard","meta":{"footnotes":""},"categories":[177,178],"tags":[],"class_list":["post-4396","post","type-post","status-publish","format-standard","has-post-thumbnail","hentry","category-noutati","category-queer-proud"],"yoast_head":"<!-- This site is optimized with the Yoast SEO Premium plugin v18.9 (Yoast SEO v20.13) - https:\/\/yoast.com\/wordpress\/plugins\/seo\/ -->\n<title>PODCAST. Lupta pentru incluziune: Perspectiva Femeilor Trans - BANG-BANG<\/title>\n<meta name=\"description\" content=\"\u00cen episodul al \u0219aselea al podcastului F\u0103r\u0103 Ru\u0219ine am discutat cu Stela, femeie trans, despre experien\u021bele ei de via\u021b\u0103 \u00een contextul Zilei Interna\u021bionale a Femeilor, despre inegalit\u0103\u021bile \u0219i discriminarea cu care se confrunt\u0103 femeile trans, \u0219i despre cum aceast\u0103 zi poate fi folosit\u0103 pentru a promova incluziunea \u0219i egalitatea \u00een societate.\u00a0\" \/>\n<meta name=\"robots\" content=\"index, follow, max-snippet:-1, max-image-preview:large, max-video-preview:-1\" \/>\n<link rel=\"canonical\" href=\"https:\/\/bangbang.md\/ru\/2023\/03\/13\/podcast-lupta-pentru-incluziune-perspectiva-femeilor-trans\/\" \/>\n<meta property=\"og:locale\" content=\"ru_RU\" \/>\n<meta property=\"og:type\" content=\"article\" \/>\n<meta property=\"og:title\" content=\"PODCAST. Lupta pentru incluziune: Perspectiva Femeilor Trans\" \/>\n<meta property=\"og:description\" content=\"\u00cen episodul al \u0219aselea al podcastului F\u0103r\u0103 Ru\u0219ine am discutat cu Stela, femeie trans, despre experien\u021bele ei de via\u021b\u0103 \u00een contextul Zilei Interna\u021bionale a Femeilor, despre inegalit\u0103\u021bile \u0219i discriminarea cu care se confrunt\u0103 femeile trans, \u0219i despre cum aceast\u0103 zi poate fi folosit\u0103 pentru a promova incluziunea \u0219i egalitatea \u00een societate.\u00a0\" \/>\n<meta property=\"og:url\" content=\"https:\/\/bangbang.md\/ru\/2023\/03\/13\/podcast-lupta-pentru-incluziune-perspectiva-femeilor-trans\/\" \/>\n<meta property=\"og:site_name\" content=\"BANG-BANG\" \/>\n<meta property=\"article:publisher\" content=\"https:\/\/www.facebook.com\/bangbangmoldova\" \/>\n<meta property=\"article:published_time\" content=\"2023-03-13T12:02:55+00:00\" \/>\n<meta property=\"article:modified_time\" content=\"2023-05-13T08:38:37+00:00\" \/>\n<meta property=\"og:image\" content=\"https:\/\/bangbang.md\/wp-content\/uploads\/2023\/03\/site.png\" \/>\n\t<meta property=\"og:image:width\" content=\"1200\" \/>\n\t<meta property=\"og:image:height\" content=\"800\" \/>\n\t<meta property=\"og:image:type\" content=\"image\/png\" \/>\n<meta name=\"author\" content=\"Micleusanu Vasile\" \/>\n<meta name=\"twitter:card\" content=\"summary_large_image\" \/>\n<meta name=\"twitter:label1\" content=\"\u041d\u0430\u043f\u0438\u0441\u0430\u043d\u043e \u0430\u0432\u0442\u043e\u0440\u043e\u043c\" \/>\n\t<meta name=\"twitter:data1\" content=\"Micleusanu Vasile\" \/>\n\t<meta name=\"twitter:label2\" content=\"\u041f\u0440\u0438\u043c\u0435\u0440\u043d\u043e\u0435 \u0432\u0440\u0435\u043c\u044f \u0434\u043b\u044f \u0447\u0442\u0435\u043d\u0438\u044f\" \/>\n\t<meta name=\"twitter:data2\" content=\"7 \u043c\u0438\u043d\u0443\u0442\" \/>\n<script type=\"application\/ld+json\" class=\"yoast-schema-graph\">{\"@context\":\"https:\/\/schema.org\",\"@graph\":[{\"@type\":\"Article\",\"@id\":\"https:\/\/bangbang.md\/2023\/03\/13\/podcast-lupta-pentru-incluziune-perspectiva-femeilor-trans\/#article\",\"isPartOf\":{\"@id\":\"https:\/\/bangbang.md\/2023\/03\/13\/podcast-lupta-pentru-incluziune-perspectiva-femeilor-trans\/\"},\"author\":{\"name\":\"Micleusanu Vasile\",\"@id\":\"https:\/\/bangbang.md\/#\/schema\/person\/5378c72f5ed47ee2964c4075df5f713d\"},\"headline\":\"PODCAST. Lupta pentru incluziune: Perspectiva Femeilor Trans\",\"datePublished\":\"2023-03-13T12:02:55+00:00\",\"dateModified\":\"2023-05-13T08:38:37+00:00\",\"mainEntityOfPage\":{\"@id\":\"https:\/\/bangbang.md\/2023\/03\/13\/podcast-lupta-pentru-incluziune-perspectiva-femeilor-trans\/\"},\"wordCount\":1376,\"commentCount\":0,\"publisher\":{\"@id\":\"https:\/\/bangbang.md\/#organization\"},\"articleSection\":[\"Nout\u0103\u021bi\",\"Queer &amp; Proud\"],\"inLanguage\":\"ru-RU\"},{\"@type\":\"WebPage\",\"@id\":\"https:\/\/bangbang.md\/2023\/03\/13\/podcast-lupta-pentru-incluziune-perspectiva-femeilor-trans\/\",\"url\":\"https:\/\/bangbang.md\/2023\/03\/13\/podcast-lupta-pentru-incluziune-perspectiva-femeilor-trans\/\",\"name\":\"PODCAST. Lupta pentru incluziune: Perspectiva Femeilor Trans - BANG-BANG\",\"isPartOf\":{\"@id\":\"https:\/\/bangbang.md\/#website\"},\"datePublished\":\"2023-03-13T12:02:55+00:00\",\"dateModified\":\"2023-05-13T08:38:37+00:00\",\"description\":\"\u00cen episodul al \u0219aselea al podcastului F\u0103r\u0103 Ru\u0219ine am discutat cu Stela, femeie trans, despre experien\u021bele ei de via\u021b\u0103 \u00een contextul Zilei Interna\u021bionale a Femeilor, despre inegalit\u0103\u021bile \u0219i discriminarea cu care se confrunt\u0103 femeile trans, \u0219i despre cum aceast\u0103 zi poate fi folosit\u0103 pentru a promova incluziunea \u0219i egalitatea \u00een societate.\u00a0\",\"breadcrumb\":{\"@id\":\"https:\/\/bangbang.md\/2023\/03\/13\/podcast-lupta-pentru-incluziune-perspectiva-femeilor-trans\/#breadcrumb\"},\"inLanguage\":\"ru-RU\",\"potentialAction\":[{\"@type\":\"ReadAction\",\"target\":[\"https:\/\/bangbang.md\/2023\/03\/13\/podcast-lupta-pentru-incluziune-perspectiva-femeilor-trans\/\"]}]},{\"@type\":\"BreadcrumbList\",\"@id\":\"https:\/\/bangbang.md\/2023\/03\/13\/podcast-lupta-pentru-incluziune-perspectiva-femeilor-trans\/#breadcrumb\",\"itemListElement\":[{\"@type\":\"ListItem\",\"position\":1,\"name\":\"Prima pagin\u0103\",\"item\":\"https:\/\/bangbang.md\/\"},{\"@type\":\"ListItem\",\"position\":2,\"name\":\"PODCAST. Lupta pentru incluziune: Perspectiva Femeilor Trans\"}]},{\"@type\":\"WebSite\",\"@id\":\"https:\/\/bangbang.md\/#website\",\"url\":\"https:\/\/bangbang.md\/\",\"name\":\"BANG-BANG\",\"description\":\"Portal web dedicat comunit\u0103\u021bii LGBTQ d RM\",\"publisher\":{\"@id\":\"https:\/\/bangbang.md\/#organization\"},\"potentialAction\":[{\"@type\":\"SearchAction\",\"target\":{\"@type\":\"EntryPoint\",\"urlTemplate\":\"https:\/\/bangbang.md\/?s={search_term_string}\"},\"query-input\":\"required name=search_term_string\"}],\"inLanguage\":\"ru-RU\"},{\"@type\":\"Organization\",\"@id\":\"https:\/\/bangbang.md\/#organization\",\"name\":\"Bang bang\",\"url\":\"https:\/\/bangbang.md\/\",\"logo\":{\"@type\":\"ImageObject\",\"inLanguage\":\"ru-RU\",\"@id\":\"https:\/\/bangbang.md\/#\/schema\/logo\/image\/\",\"url\":\"https:\/\/bangbang.md\/wp-content\/uploads\/2022\/07\/cropped-Group.jpg\",\"contentUrl\":\"https:\/\/bangbang.md\/wp-content\/uploads\/2022\/07\/cropped-Group.jpg\",\"width\":512,\"height\":512,\"caption\":\"Bang bang\"},\"image\":{\"@id\":\"https:\/\/bangbang.md\/#\/schema\/logo\/image\/\"},\"sameAs\":[\"https:\/\/www.facebook.com\/bangbangmoldova\"]},{\"@type\":\"Person\",\"@id\":\"https:\/\/bangbang.md\/#\/schema\/person\/5378c72f5ed47ee2964c4075df5f713d\",\"name\":\"Micleusanu Vasile\",\"image\":{\"@type\":\"ImageObject\",\"inLanguage\":\"ru-RU\",\"@id\":\"https:\/\/bangbang.md\/#\/schema\/person\/image\/\",\"url\":\"https:\/\/secure.gravatar.com\/avatar\/33fcec8745ff74b39241dd3111c85da3d8bb21844aef6911b4f86aec2cdeb93b?s=96&d=mm&r=g\",\"contentUrl\":\"https:\/\/secure.gravatar.com\/avatar\/33fcec8745ff74b39241dd3111c85da3d8bb21844aef6911b4f86aec2cdeb93b?s=96&d=mm&r=g\",\"caption\":\"Micleusanu Vasile\"},\"url\":\"https:\/\/bangbang.md\/ru\/author\/vasilem\/\"}]}<\/script>\n<!-- \/ Yoast SEO Premium plugin. -->","yoast_head_json":{"title":"PODCAST. Lupta pentru incluziune: Perspectiva Femeilor Trans - BANG-BANG","description":"\u00cen episodul al \u0219aselea al podcastului F\u0103r\u0103 Ru\u0219ine am discutat cu Stela, femeie trans, despre experien\u021bele ei de via\u021b\u0103 \u00een contextul Zilei Interna\u021bionale a Femeilor, despre inegalit\u0103\u021bile \u0219i discriminarea cu care se confrunt\u0103 femeile trans, \u0219i despre cum aceast\u0103 zi poate fi folosit\u0103 pentru a promova incluziunea \u0219i egalitatea \u00een societate.\u00a0","robots":{"index":"index","follow":"follow","max-snippet":"max-snippet:-1","max-image-preview":"max-image-preview:large","max-video-preview":"max-video-preview:-1"},"canonical":"https:\/\/bangbang.md\/ru\/2023\/03\/13\/podcast-lupta-pentru-incluziune-perspectiva-femeilor-trans\/","og_locale":"ru_RU","og_type":"article","og_title":"PODCAST. Lupta pentru incluziune: Perspectiva Femeilor Trans","og_description":"\u00cen episodul al \u0219aselea al podcastului F\u0103r\u0103 Ru\u0219ine am discutat cu Stela, femeie trans, despre experien\u021bele ei de via\u021b\u0103 \u00een contextul Zilei Interna\u021bionale a Femeilor, despre inegalit\u0103\u021bile \u0219i discriminarea cu care se confrunt\u0103 femeile trans, \u0219i despre cum aceast\u0103 zi poate fi folosit\u0103 pentru a promova incluziunea \u0219i egalitatea \u00een societate.\u00a0","og_url":"https:\/\/bangbang.md\/ru\/2023\/03\/13\/podcast-lupta-pentru-incluziune-perspectiva-femeilor-trans\/","og_site_name":"BANG-BANG","article_publisher":"https:\/\/www.facebook.com\/bangbangmoldova","article_published_time":"2023-03-13T12:02:55+00:00","article_modified_time":"2023-05-13T08:38:37+00:00","og_image":[{"width":1200,"height":800,"url":"https:\/\/bangbang.md\/wp-content\/uploads\/2023\/03\/site.png","type":"image\/png"}],"author":"Micleusanu Vasile","twitter_card":"summary_large_image","twitter_misc":{"\u041d\u0430\u043f\u0438\u0441\u0430\u043d\u043e \u0430\u0432\u0442\u043e\u0440\u043e\u043c":"Micleusanu Vasile","\u041f\u0440\u0438\u043c\u0435\u0440\u043d\u043e\u0435 \u0432\u0440\u0435\u043c\u044f \u0434\u043b\u044f \u0447\u0442\u0435\u043d\u0438\u044f":"7 \u043c\u0438\u043d\u0443\u0442"},"schema":{"@context":"https:\/\/schema.org","@graph":[{"@type":"Article","@id":"https:\/\/bangbang.md\/2023\/03\/13\/podcast-lupta-pentru-incluziune-perspectiva-femeilor-trans\/#article","isPartOf":{"@id":"https:\/\/bangbang.md\/2023\/03\/13\/podcast-lupta-pentru-incluziune-perspectiva-femeilor-trans\/"},"author":{"name":"Micleusanu Vasile","@id":"https:\/\/bangbang.md\/#\/schema\/person\/5378c72f5ed47ee2964c4075df5f713d"},"headline":"PODCAST. Lupta pentru incluziune: Perspectiva Femeilor Trans","datePublished":"2023-03-13T12:02:55+00:00","dateModified":"2023-05-13T08:38:37+00:00","mainEntityOfPage":{"@id":"https:\/\/bangbang.md\/2023\/03\/13\/podcast-lupta-pentru-incluziune-perspectiva-femeilor-trans\/"},"wordCount":1376,"commentCount":0,"publisher":{"@id":"https:\/\/bangbang.md\/#organization"},"articleSection":["Nout\u0103\u021bi","Queer &amp; Proud"],"inLanguage":"ru-RU"},{"@type":"WebPage","@id":"https:\/\/bangbang.md\/2023\/03\/13\/podcast-lupta-pentru-incluziune-perspectiva-femeilor-trans\/","url":"https:\/\/bangbang.md\/2023\/03\/13\/podcast-lupta-pentru-incluziune-perspectiva-femeilor-trans\/","name":"PODCAST. Lupta pentru incluziune: Perspectiva Femeilor Trans - BANG-BANG","isPartOf":{"@id":"https:\/\/bangbang.md\/#website"},"datePublished":"2023-03-13T12:02:55+00:00","dateModified":"2023-05-13T08:38:37+00:00","description":"\u00cen episodul al \u0219aselea al podcastului F\u0103r\u0103 Ru\u0219ine am discutat cu Stela, femeie trans, despre experien\u021bele ei de via\u021b\u0103 \u00een contextul Zilei Interna\u021bionale a Femeilor, despre inegalit\u0103\u021bile \u0219i discriminarea cu care se confrunt\u0103 femeile trans, \u0219i despre cum aceast\u0103 zi poate fi folosit\u0103 pentru a promova incluziunea \u0219i egalitatea \u00een societate.\u00a0","breadcrumb":{"@id":"https:\/\/bangbang.md\/2023\/03\/13\/podcast-lupta-pentru-incluziune-perspectiva-femeilor-trans\/#breadcrumb"},"inLanguage":"ru-RU","potentialAction":[{"@type":"ReadAction","target":["https:\/\/bangbang.md\/2023\/03\/13\/podcast-lupta-pentru-incluziune-perspectiva-femeilor-trans\/"]}]},{"@type":"BreadcrumbList","@id":"https:\/\/bangbang.md\/2023\/03\/13\/podcast-lupta-pentru-incluziune-perspectiva-femeilor-trans\/#breadcrumb","itemListElement":[{"@type":"ListItem","position":1,"name":"Prima pagin\u0103","item":"https:\/\/bangbang.md\/"},{"@type":"ListItem","position":2,"name":"PODCAST. Lupta pentru incluziune: Perspectiva Femeilor Trans"}]},{"@type":"WebSite","@id":"https:\/\/bangbang.md\/#website","url":"https:\/\/bangbang.md\/","name":"BANG-BANG","description":"Portal web dedicat comunit\u0103\u021bii LGBTQ d RM","publisher":{"@id":"https:\/\/bangbang.md\/#organization"},"potentialAction":[{"@type":"SearchAction","target":{"@type":"EntryPoint","urlTemplate":"https:\/\/bangbang.md\/?s={search_term_string}"},"query-input":"required name=search_term_string"}],"inLanguage":"ru-RU"},{"@type":"Organization","@id":"https:\/\/bangbang.md\/#organization","name":"Bang bang","url":"https:\/\/bangbang.md\/","logo":{"@type":"ImageObject","inLanguage":"ru-RU","@id":"https:\/\/bangbang.md\/#\/schema\/logo\/image\/","url":"https:\/\/bangbang.md\/wp-content\/uploads\/2022\/07\/cropped-Group.jpg","contentUrl":"https:\/\/bangbang.md\/wp-content\/uploads\/2022\/07\/cropped-Group.jpg","width":512,"height":512,"caption":"Bang bang"},"image":{"@id":"https:\/\/bangbang.md\/#\/schema\/logo\/image\/"},"sameAs":["https:\/\/www.facebook.com\/bangbangmoldova"]},{"@type":"Person","@id":"https:\/\/bangbang.md\/#\/schema\/person\/5378c72f5ed47ee2964c4075df5f713d","name":"Micleusanu Vasile","image":{"@type":"ImageObject","inLanguage":"ru-RU","@id":"https:\/\/bangbang.md\/#\/schema\/person\/image\/","url":"https:\/\/secure.gravatar.com\/avatar\/33fcec8745ff74b39241dd3111c85da3d8bb21844aef6911b4f86aec2cdeb93b?s=96&d=mm&r=g","contentUrl":"https:\/\/secure.gravatar.com\/avatar\/33fcec8745ff74b39241dd3111c85da3d8bb21844aef6911b4f86aec2cdeb93b?s=96&d=mm&r=g","caption":"Micleusanu Vasile"},"url":"https:\/\/bangbang.md\/ru\/author\/vasilem\/"}]}},"_links":{"self":[{"href":"https:\/\/bangbang.md\/ru\/wp-json\/wp\/v2\/posts\/4396","targetHints":{"allow":["GET"]}}],"collection":[{"href":"https:\/\/bangbang.md\/ru\/wp-json\/wp\/v2\/posts"}],"about":[{"href":"https:\/\/bangbang.md\/ru\/wp-json\/wp\/v2\/types\/post"}],"author":[{"embeddable":true,"href":"https:\/\/bangbang.md\/ru\/wp-json\/wp\/v2\/users\/3"}],"replies":[{"embeddable":true,"href":"https:\/\/bangbang.md\/ru\/wp-json\/wp\/v2\/comments?post=4396"}],"version-history":[{"count":7,"href":"https:\/\/bangbang.md\/ru\/wp-json\/wp\/v2\/posts\/4396\/revisions"}],"predecessor-version":[{"id":4758,"href":"https:\/\/bangbang.md\/ru\/wp-json\/wp\/v2\/posts\/4396\/revisions\/4758"}],"wp:featuredmedia":[{"embeddable":true,"href":"https:\/\/bangbang.md\/ru\/wp-json\/wp\/v2\/media\/4397"}],"wp:attachment":[{"href":"https:\/\/bangbang.md\/ru\/wp-json\/wp\/v2\/media?parent=4396"}],"wp:term":[{"taxonomy":"category","embeddable":true,"href":"https:\/\/bangbang.md\/ru\/wp-json\/wp\/v2\/categories?post=4396"},{"taxonomy":"post_tag","embeddable":true,"href":"https:\/\/bangbang.md\/ru\/wp-json\/wp\/v2\/tags?post=4396"}],"curies":[{"name":"wp","href":"https:\/\/api.w.org\/{rel}","templated":true}]}}