{"id":4086,"date":"2023-02-14T10:42:37","date_gmt":"2023-02-14T10:42:37","guid":{"rendered":"https:\/\/bangbang.md\/?p=4086"},"modified":"2023-02-14T10:42:39","modified_gmt":"2023-02-14T10:42:39","slug":"in-romania-se-lanseaza-expozitia-file-de-arhiva-queer-detalii-despre-eveniment","status":"publish","type":"post","link":"https:\/\/bangbang.md\/ru\/2023\/02\/14\/in-romania-se-lanseaza-expozitia-file-de-arhiva-queer-detalii-despre-eveniment\/","title":{"rendered":"\u00cen Rom\u00e2nia se lanseaz\u0103 expozi\u021bia \u201eFile de Arhiv\u0103 Queer\u201d: Detalii despre eveniment\u00a0"},"content":{"rendered":"<h2 class=\"wp-block-heading\" id=\"h-expozi\u021bia-prezinta-o-abordare-a-istoriei-persoanelor-lgbtq-din-timi\u0219oara-\u0219i-din-romania-prin-perspectiva-oferita-de-presa-gay-de-la-finalul-secolului-trecut-cand-homosexualitatea-\u0219i-promovarea-acesteia-erau-interzise-in-codul-penal\">Expozi\u021bia prezint\u0103 o abordare a istoriei persoanelor LGBTQ+ din Timi\u0219oara \u0219i din Rom\u00e2nia prin perspectiva oferit\u0103 de presa gay de la finalul secolului trecut, c\u00e2nd homosexualitatea \u0219i promovarea acesteia erau interzise \u00een Codul Penal.\u00a0<\/h2>\n\n\n\n<blockquote class=\"wp-block-quote is-layout-flow wp-block-quote-is-layout-flow\">\n<p><em>\u201ePrin prisma articolelor din presa local\u0103 \u0219i interna\u021bional\u0103, \u00eenso\u021bite de afi\u0219e, scrisori, m\u0103rturii, filme \u0219i fotografii, avem ocazia s\u0103 c\u0103l\u0103torim \u00een timp \u00eenainte de anul 2001 \u0219i s\u0103 arunc\u0103m o privire asupra societ\u0103\u021bii \u00een care \u00ee\u0219i duceau via\u021ba persoanele \u201einterzise prin lege.<\/em><\/p>\n<\/blockquote>\n\n\n\n<blockquote class=\"wp-block-quote is-layout-flow wp-block-quote-is-layout-flow\">\n<p><em>De la anun\u021bul lui Newell din Evenimentul Zilei, privind \u00eenfiin\u021barea unui pen club gay, p\u00e2n\u0103 la matrimoniale pentru \u201eo prietenie de lung\u0103 durat\u0103\u201d \u0219i lansarea Gay45 \u2013 primul ziar gay din Rom\u00e2nia \u2013 expozi\u021bia \u00eenso\u021be\u0219te privitorul \u00eentr-o c\u0103l\u0103torie prin istoria scris\u0103 a persoanelor LGBTQ+ din Rom\u00e2nia anilor 90\u201d, <\/em><a href=\"https:\/\/www.facebook.com\/events\/1255681885032183\/?ref=newsfeed\" target=\"_blank\" rel=\"noreferrer noopener\">men\u021bioneaz\u0103 organizatorii<\/a>.\u00a0<\/p>\n<\/blockquote>\n\n\n\n<p>Expozi\u021bia se va desf\u0103\u0219ura \u00een perioada 17-26 februarie. Vernisajul expozi\u021biei va avea loc vineri, 17 februarie, \u00eencep\u00e2nd cu ora 16:00.&nbsp;<\/p>\n\n\n\n<p>Aceasta este organizat\u0103 de eQuiVox, \u00een parteneriat cu MozaiQ \u0219i FITT Timi\u0219oara, av\u00e2ndu-i \u00een calitate de curatori pe Vlad Levente Viski \u0219i Adrian Newell Paun.&nbsp;<\/p>\n\n\n\n<p>Proiectul \u201eFile de Arhiv\u0103 Queer\u201d face parte din Programul cultural na\u021bional \u201eTimi\u0219oara \u2013 Capital\u0103 European\u0103 a Culturii \u00een anul 2023\u201d \u0219i este finan\u021bat prin programul Opening+, derulat de Centrul de Proiecte al Municipiului Timi\u0219oara, cu sume alocate de la bugetul de stat, prin bugetul Ministerului Culturii.<\/p>","protected":false},"excerpt":{"rendered":"<p>Expozi\u021bia prezint\u0103 o abordare a istoriei persoanelor LGBTQ+ din Timi\u0219oara \u0219i din Rom\u00e2nia prin perspectiva oferit\u0103 de presa gay de&#8230;<\/p>","protected":false},"author":4,"featured_media":4087,"comment_status":"open","ping_status":"open","sticky":false,"template":"","format":"standard","meta":{"footnotes":""},"categories":[191,177,181],"tags":[443,197,460],"class_list":["post-4086","post","type-post","status-publish","format-standard","has-post-thumbnail","hentry","category-evenimente","category-noutati","category-recomandari","tag-expozitie","tag-lgbtq","tag-romania-2"],"yoast_head":"<!-- This site is optimized with the Yoast SEO Premium plugin v18.9 (Yoast SEO v20.13) - https:\/\/yoast.com\/wordpress\/plugins\/seo\/ -->\n<title>\u00cen Rom\u00e2nia se lanseaz\u0103 expozi\u021bia \u201eFile de Arhiv\u0103 Queer\u201d: Detalii despre eveniment\u00a0 - BANG-BANG<\/title>\n<meta name=\"robots\" content=\"index, follow, max-snippet:-1, max-image-preview:large, max-video-preview:-1\" \/>\n<link rel=\"canonical\" href=\"https:\/\/bangbang.md\/ru\/2023\/02\/14\/in-romania-se-lanseaza-expozitia-file-de-arhiva-queer-detalii-despre-eveniment\/\" \/>\n<meta property=\"og:locale\" content=\"ru_RU\" \/>\n<meta property=\"og:type\" content=\"article\" \/>\n<meta property=\"og:title\" content=\"\u00cen Rom\u00e2nia se lanseaz\u0103 expozi\u021bia \u201eFile de Arhiv\u0103 Queer\u201d: Detalii despre eveniment\u00a0\" \/>\n<meta property=\"og:description\" content=\"Expozi\u021bia prezint\u0103 o abordare a istoriei persoanelor LGBTQ+ din Timi\u0219oara \u0219i din Rom\u00e2nia prin perspectiva oferit\u0103 de presa gay de...\" \/>\n<meta property=\"og:url\" content=\"https:\/\/bangbang.md\/ru\/2023\/02\/14\/in-romania-se-lanseaza-expozitia-file-de-arhiva-queer-detalii-despre-eveniment\/\" \/>\n<meta property=\"og:site_name\" content=\"BANG-BANG\" \/>\n<meta property=\"article:publisher\" content=\"https:\/\/www.facebook.com\/bangbangmoldova\" \/>\n<meta property=\"article:published_time\" content=\"2023-02-14T10:42:37+00:00\" \/>\n<meta property=\"article:modified_time\" content=\"2023-02-14T10:42:39+00:00\" \/>\n<meta property=\"og:image\" content=\"https:\/\/bangbang.md\/wp-content\/uploads\/2023\/02\/330155876_3272713966313096_1191577944805973416_n.jpg\" \/>\n\t<meta property=\"og:image:width\" content=\"1817\" \/>\n\t<meta property=\"og:image:height\" content=\"960\" \/>\n\t<meta property=\"og:image:type\" content=\"image\/jpeg\" \/>\n<meta name=\"author\" content=\"Redactia\" \/>\n<meta name=\"twitter:card\" content=\"summary_large_image\" \/>\n<meta name=\"twitter:label1\" content=\"\u041d\u0430\u043f\u0438\u0441\u0430\u043d\u043e \u0430\u0432\u0442\u043e\u0440\u043e\u043c\" \/>\n\t<meta name=\"twitter:data1\" content=\"Redactia\" \/>\n\t<meta name=\"twitter:label2\" content=\"\u041f\u0440\u0438\u043c\u0435\u0440\u043d\u043e\u0435 \u0432\u0440\u0435\u043c\u044f \u0434\u043b\u044f \u0447\u0442\u0435\u043d\u0438\u044f\" \/>\n\t<meta name=\"twitter:data2\" content=\"2 \u043c\u0438\u043d\u0443\u0442\u044b\" \/>\n<script type=\"application\/ld+json\" class=\"yoast-schema-graph\">{\"@context\":\"https:\/\/schema.org\",\"@graph\":[{\"@type\":\"Article\",\"@id\":\"https:\/\/bangbang.md\/2023\/02\/14\/in-romania-se-lanseaza-expozitia-file-de-arhiva-queer-detalii-despre-eveniment\/#article\",\"isPartOf\":{\"@id\":\"https:\/\/bangbang.md\/2023\/02\/14\/in-romania-se-lanseaza-expozitia-file-de-arhiva-queer-detalii-despre-eveniment\/\"},\"author\":{\"name\":\"Redactia\",\"@id\":\"https:\/\/bangbang.md\/#\/schema\/person\/3c4bdd852f2d2f8db3bde1e81e9676a2\"},\"headline\":\"\u00cen Rom\u00e2nia se lanseaz\u0103 expozi\u021bia \u201eFile de Arhiv\u0103 Queer\u201d: Detalii despre eveniment\u00a0\",\"datePublished\":\"2023-02-14T10:42:37+00:00\",\"dateModified\":\"2023-02-14T10:42:39+00:00\",\"mainEntityOfPage\":{\"@id\":\"https:\/\/bangbang.md\/2023\/02\/14\/in-romania-se-lanseaza-expozitia-file-de-arhiva-queer-detalii-despre-eveniment\/\"},\"wordCount\":259,\"commentCount\":0,\"publisher\":{\"@id\":\"https:\/\/bangbang.md\/#organization\"},\"keywords\":[\"expozi\u021bie\",\"LGBTQ+\",\"Rom\u00e2nia\"],\"articleSection\":[\"Evenimente\",\"Nout\u0103\u021bi\",\"Recomand\u0103ri\"],\"inLanguage\":\"ru-RU\"},{\"@type\":\"WebPage\",\"@id\":\"https:\/\/bangbang.md\/2023\/02\/14\/in-romania-se-lanseaza-expozitia-file-de-arhiva-queer-detalii-despre-eveniment\/\",\"url\":\"https:\/\/bangbang.md\/2023\/02\/14\/in-romania-se-lanseaza-expozitia-file-de-arhiva-queer-detalii-despre-eveniment\/\",\"name\":\"\u00cen Rom\u00e2nia se lanseaz\u0103 expozi\u021bia \u201eFile de Arhiv\u0103 Queer\u201d: Detalii despre eveniment\u00a0 - BANG-BANG\",\"isPartOf\":{\"@id\":\"https:\/\/bangbang.md\/#website\"},\"datePublished\":\"2023-02-14T10:42:37+00:00\",\"dateModified\":\"2023-02-14T10:42:39+00:00\",\"breadcrumb\":{\"@id\":\"https:\/\/bangbang.md\/2023\/02\/14\/in-romania-se-lanseaza-expozitia-file-de-arhiva-queer-detalii-despre-eveniment\/#breadcrumb\"},\"inLanguage\":\"ru-RU\",\"potentialAction\":[{\"@type\":\"ReadAction\",\"target\":[\"https:\/\/bangbang.md\/2023\/02\/14\/in-romania-se-lanseaza-expozitia-file-de-arhiva-queer-detalii-despre-eveniment\/\"]}]},{\"@type\":\"BreadcrumbList\",\"@id\":\"https:\/\/bangbang.md\/2023\/02\/14\/in-romania-se-lanseaza-expozitia-file-de-arhiva-queer-detalii-despre-eveniment\/#breadcrumb\",\"itemListElement\":[{\"@type\":\"ListItem\",\"position\":1,\"name\":\"Prima pagin\u0103\",\"item\":\"https:\/\/bangbang.md\/\"},{\"@type\":\"ListItem\",\"position\":2,\"name\":\"\u00cen Rom\u00e2nia se lanseaz\u0103 expozi\u021bia \u201eFile de Arhiv\u0103 Queer\u201d: Detalii despre eveniment\u00a0\"}]},{\"@type\":\"WebSite\",\"@id\":\"https:\/\/bangbang.md\/#website\",\"url\":\"https:\/\/bangbang.md\/\",\"name\":\"BANG-BANG\",\"description\":\"Portal web dedicat comunit\u0103\u021bii LGBTQ d RM\",\"publisher\":{\"@id\":\"https:\/\/bangbang.md\/#organization\"},\"potentialAction\":[{\"@type\":\"SearchAction\",\"target\":{\"@type\":\"EntryPoint\",\"urlTemplate\":\"https:\/\/bangbang.md\/?s={search_term_string}\"},\"query-input\":\"required name=search_term_string\"}],\"inLanguage\":\"ru-RU\"},{\"@type\":\"Organization\",\"@id\":\"https:\/\/bangbang.md\/#organization\",\"name\":\"Bang bang\",\"url\":\"https:\/\/bangbang.md\/\",\"logo\":{\"@type\":\"ImageObject\",\"inLanguage\":\"ru-RU\",\"@id\":\"https:\/\/bangbang.md\/#\/schema\/logo\/image\/\",\"url\":\"https:\/\/bangbang.md\/wp-content\/uploads\/2022\/07\/cropped-Group.jpg\",\"contentUrl\":\"https:\/\/bangbang.md\/wp-content\/uploads\/2022\/07\/cropped-Group.jpg\",\"width\":512,\"height\":512,\"caption\":\"Bang bang\"},\"image\":{\"@id\":\"https:\/\/bangbang.md\/#\/schema\/logo\/image\/\"},\"sameAs\":[\"https:\/\/www.facebook.com\/bangbangmoldova\"]},{\"@type\":\"Person\",\"@id\":\"https:\/\/bangbang.md\/#\/schema\/person\/3c4bdd852f2d2f8db3bde1e81e9676a2\",\"name\":\"Redactia\",\"image\":{\"@type\":\"ImageObject\",\"inLanguage\":\"ru-RU\",\"@id\":\"https:\/\/bangbang.md\/#\/schema\/person\/image\/\",\"url\":\"https:\/\/secure.gravatar.com\/avatar\/31b9e560d1e50693e5c3bec169fad34f40ffc3d32174e8953ddc1d30a6216ced?s=96&d=mm&r=g\",\"contentUrl\":\"https:\/\/secure.gravatar.com\/avatar\/31b9e560d1e50693e5c3bec169fad34f40ffc3d32174e8953ddc1d30a6216ced?s=96&d=mm&r=g\",\"caption\":\"Redactia\"},\"url\":\"https:\/\/bangbang.md\/ru\/author\/redactia\/\"}]}<\/script>\n<!-- \/ Yoast SEO Premium plugin. -->","yoast_head_json":{"title":"\u00cen Rom\u00e2nia se lanseaz\u0103 expozi\u021bia \u201eFile de Arhiv\u0103 Queer\u201d: Detalii despre eveniment\u00a0 - BANG-BANG","robots":{"index":"index","follow":"follow","max-snippet":"max-snippet:-1","max-image-preview":"max-image-preview:large","max-video-preview":"max-video-preview:-1"},"canonical":"https:\/\/bangbang.md\/ru\/2023\/02\/14\/in-romania-se-lanseaza-expozitia-file-de-arhiva-queer-detalii-despre-eveniment\/","og_locale":"ru_RU","og_type":"article","og_title":"\u00cen Rom\u00e2nia se lanseaz\u0103 expozi\u021bia \u201eFile de Arhiv\u0103 Queer\u201d: Detalii despre eveniment\u00a0","og_description":"Expozi\u021bia prezint\u0103 o abordare a istoriei persoanelor LGBTQ+ din Timi\u0219oara \u0219i din Rom\u00e2nia prin perspectiva oferit\u0103 de presa gay de...","og_url":"https:\/\/bangbang.md\/ru\/2023\/02\/14\/in-romania-se-lanseaza-expozitia-file-de-arhiva-queer-detalii-despre-eveniment\/","og_site_name":"BANG-BANG","article_publisher":"https:\/\/www.facebook.com\/bangbangmoldova","article_published_time":"2023-02-14T10:42:37+00:00","article_modified_time":"2023-02-14T10:42:39+00:00","og_image":[{"width":1817,"height":960,"url":"https:\/\/bangbang.md\/wp-content\/uploads\/2023\/02\/330155876_3272713966313096_1191577944805973416_n.jpg","type":"image\/jpeg"}],"author":"Redactia","twitter_card":"summary_large_image","twitter_misc":{"\u041d\u0430\u043f\u0438\u0441\u0430\u043d\u043e \u0430\u0432\u0442\u043e\u0440\u043e\u043c":"Redactia","\u041f\u0440\u0438\u043c\u0435\u0440\u043d\u043e\u0435 \u0432\u0440\u0435\u043c\u044f \u0434\u043b\u044f \u0447\u0442\u0435\u043d\u0438\u044f":"2 \u043c\u0438\u043d\u0443\u0442\u044b"},"schema":{"@context":"https:\/\/schema.org","@graph":[{"@type":"Article","@id":"https:\/\/bangbang.md\/2023\/02\/14\/in-romania-se-lanseaza-expozitia-file-de-arhiva-queer-detalii-despre-eveniment\/#article","isPartOf":{"@id":"https:\/\/bangbang.md\/2023\/02\/14\/in-romania-se-lanseaza-expozitia-file-de-arhiva-queer-detalii-despre-eveniment\/"},"author":{"name":"Redactia","@id":"https:\/\/bangbang.md\/#\/schema\/person\/3c4bdd852f2d2f8db3bde1e81e9676a2"},"headline":"\u00cen Rom\u00e2nia se lanseaz\u0103 expozi\u021bia \u201eFile de Arhiv\u0103 Queer\u201d: Detalii despre eveniment\u00a0","datePublished":"2023-02-14T10:42:37+00:00","dateModified":"2023-02-14T10:42:39+00:00","mainEntityOfPage":{"@id":"https:\/\/bangbang.md\/2023\/02\/14\/in-romania-se-lanseaza-expozitia-file-de-arhiva-queer-detalii-despre-eveniment\/"},"wordCount":259,"commentCount":0,"publisher":{"@id":"https:\/\/bangbang.md\/#organization"},"keywords":["expozi\u021bie","LGBTQ+","Rom\u00e2nia"],"articleSection":["Evenimente","Nout\u0103\u021bi","Recomand\u0103ri"],"inLanguage":"ru-RU"},{"@type":"WebPage","@id":"https:\/\/bangbang.md\/2023\/02\/14\/in-romania-se-lanseaza-expozitia-file-de-arhiva-queer-detalii-despre-eveniment\/","url":"https:\/\/bangbang.md\/2023\/02\/14\/in-romania-se-lanseaza-expozitia-file-de-arhiva-queer-detalii-despre-eveniment\/","name":"\u00cen Rom\u00e2nia se lanseaz\u0103 expozi\u021bia \u201eFile de Arhiv\u0103 Queer\u201d: Detalii despre eveniment\u00a0 - BANG-BANG","isPartOf":{"@id":"https:\/\/bangbang.md\/#website"},"datePublished":"2023-02-14T10:42:37+00:00","dateModified":"2023-02-14T10:42:39+00:00","breadcrumb":{"@id":"https:\/\/bangbang.md\/2023\/02\/14\/in-romania-se-lanseaza-expozitia-file-de-arhiva-queer-detalii-despre-eveniment\/#breadcrumb"},"inLanguage":"ru-RU","potentialAction":[{"@type":"ReadAction","target":["https:\/\/bangbang.md\/2023\/02\/14\/in-romania-se-lanseaza-expozitia-file-de-arhiva-queer-detalii-despre-eveniment\/"]}]},{"@type":"BreadcrumbList","@id":"https:\/\/bangbang.md\/2023\/02\/14\/in-romania-se-lanseaza-expozitia-file-de-arhiva-queer-detalii-despre-eveniment\/#breadcrumb","itemListElement":[{"@type":"ListItem","position":1,"name":"Prima pagin\u0103","item":"https:\/\/bangbang.md\/"},{"@type":"ListItem","position":2,"name":"\u00cen Rom\u00e2nia se lanseaz\u0103 expozi\u021bia \u201eFile de Arhiv\u0103 Queer\u201d: Detalii despre eveniment\u00a0"}]},{"@type":"WebSite","@id":"https:\/\/bangbang.md\/#website","url":"https:\/\/bangbang.md\/","name":"BANG-BANG","description":"Portal web dedicat comunit\u0103\u021bii LGBTQ d RM","publisher":{"@id":"https:\/\/bangbang.md\/#organization"},"potentialAction":[{"@type":"SearchAction","target":{"@type":"EntryPoint","urlTemplate":"https:\/\/bangbang.md\/?s={search_term_string}"},"query-input":"required name=search_term_string"}],"inLanguage":"ru-RU"},{"@type":"Organization","@id":"https:\/\/bangbang.md\/#organization","name":"Bang bang","url":"https:\/\/bangbang.md\/","logo":{"@type":"ImageObject","inLanguage":"ru-RU","@id":"https:\/\/bangbang.md\/#\/schema\/logo\/image\/","url":"https:\/\/bangbang.md\/wp-content\/uploads\/2022\/07\/cropped-Group.jpg","contentUrl":"https:\/\/bangbang.md\/wp-content\/uploads\/2022\/07\/cropped-Group.jpg","width":512,"height":512,"caption":"Bang bang"},"image":{"@id":"https:\/\/bangbang.md\/#\/schema\/logo\/image\/"},"sameAs":["https:\/\/www.facebook.com\/bangbangmoldova"]},{"@type":"Person","@id":"https:\/\/bangbang.md\/#\/schema\/person\/3c4bdd852f2d2f8db3bde1e81e9676a2","name":"Redactia","image":{"@type":"ImageObject","inLanguage":"ru-RU","@id":"https:\/\/bangbang.md\/#\/schema\/person\/image\/","url":"https:\/\/secure.gravatar.com\/avatar\/31b9e560d1e50693e5c3bec169fad34f40ffc3d32174e8953ddc1d30a6216ced?s=96&d=mm&r=g","contentUrl":"https:\/\/secure.gravatar.com\/avatar\/31b9e560d1e50693e5c3bec169fad34f40ffc3d32174e8953ddc1d30a6216ced?s=96&d=mm&r=g","caption":"Redactia"},"url":"https:\/\/bangbang.md\/ru\/author\/redactia\/"}]}},"_links":{"self":[{"href":"https:\/\/bangbang.md\/ru\/wp-json\/wp\/v2\/posts\/4086","targetHints":{"allow":["GET"]}}],"collection":[{"href":"https:\/\/bangbang.md\/ru\/wp-json\/wp\/v2\/posts"}],"about":[{"href":"https:\/\/bangbang.md\/ru\/wp-json\/wp\/v2\/types\/post"}],"author":[{"embeddable":true,"href":"https:\/\/bangbang.md\/ru\/wp-json\/wp\/v2\/users\/4"}],"replies":[{"embeddable":true,"href":"https:\/\/bangbang.md\/ru\/wp-json\/wp\/v2\/comments?post=4086"}],"version-history":[{"count":1,"href":"https:\/\/bangbang.md\/ru\/wp-json\/wp\/v2\/posts\/4086\/revisions"}],"predecessor-version":[{"id":4088,"href":"https:\/\/bangbang.md\/ru\/wp-json\/wp\/v2\/posts\/4086\/revisions\/4088"}],"wp:featuredmedia":[{"embeddable":true,"href":"https:\/\/bangbang.md\/ru\/wp-json\/wp\/v2\/media\/4087"}],"wp:attachment":[{"href":"https:\/\/bangbang.md\/ru\/wp-json\/wp\/v2\/media?parent=4086"}],"wp:term":[{"taxonomy":"category","embeddable":true,"href":"https:\/\/bangbang.md\/ru\/wp-json\/wp\/v2\/categories?post=4086"},{"taxonomy":"post_tag","embeddable":true,"href":"https:\/\/bangbang.md\/ru\/wp-json\/wp\/v2\/tags?post=4086"}],"curies":[{"name":"wp","href":"https:\/\/api.w.org\/{rel}","templated":true}]}}