{"id":3916,"date":"2023-01-16T13:24:23","date_gmt":"2023-01-16T13:24:23","guid":{"rendered":"https:\/\/bangbang.md\/?p=3916"},"modified":"2023-01-16T13:24:25","modified_gmt":"2023-01-16T13:24:25","slug":"peer-to-peer-journalism-cum-sa-scrii-despre-comunitatile-queer-pe-timp-de-razboi","status":"publish","type":"post","link":"https:\/\/bangbang.md\/ru\/2023\/01\/16\/peer-to-peer-journalism-cum-sa-scrii-despre-comunitatile-queer-pe-timp-de-razboi\/","title":{"rendered":"<strong>Peer-to-peer journalism: Cum s\u0103 scrii despre comunit\u0103\u021bile queer pe timp de r\u0103zboi<\/strong>"},"content":{"rendered":"<h2 class=\"wp-block-heading\" id=\"h-jurnalismul-pare-a-fi-o-profesie-condusa-de-principiul-sa-ai-grija-de-aproapele-tau-informa\u021bional-neutru-\u0219i-obiectiv-jurnalismul-pe-timp-de-razboi-insa-o-poate-lua-razna-ba-transmite-neadevaruri-ba-se-fac-live-uri-neautorizate-cu-refugia\u021bii-ba-jurnali\u0219tii-fug-dupa-subiecte-tari\">Jurnalismul pare a fi o profesie condus\u0103 de principiul s\u0103 ai grij\u0103 de aproapele t\u0103u &#8211; informa\u021bional, neutru \u0219i obiectiv. Jurnalismul pe timp de r\u0103zboi, \u00eens\u0103, o poate lua razna &#8211; ba transmite neadev\u0103ruri, ba se fac live-uri neautorizate cu refugia\u021bii, ba jurnali\u0219tii fug dup\u0103 subiecte \u201etari\u201d.&nbsp;<\/h2>\n\n\n\n<p>\u00centr-o zi, am dat peste o discu\u021bie <em>offline<\/em> despre cum jurnalismul queer a evoluat pe timp de r\u0103zboi \u0219i, cred eu, \u00eent\u00e2mpl\u0103rile de mai sus au loc des atunci c\u00e2nd scrii despre persoane LGBTQIA+. Iar ca s\u0103 aflu mai multe despre care sunt principiile dup\u0103 care se conduc sau ar trebui s\u0103 le respecte oamenii din mass media, am decis s\u0103 discut cu o jurnalist\u0103 de la noi.<\/p>\n\n\n\n<figure class=\"wp-block-image size-large\"><img loading=\"lazy\" decoding=\"async\" width=\"1024\" height=\"683\" src=\"https:\/\/bangbang.md\/wp-content\/uploads\/2023\/01\/MG_9440-copy-1024x683.jpg\" alt=\"\" class=\"wp-image-3919\" srcset=\"https:\/\/bangbang.md\/wp-content\/uploads\/2023\/01\/MG_9440-copy-1024x683.jpg 1024w, https:\/\/bangbang.md\/wp-content\/uploads\/2023\/01\/MG_9440-copy-300x200.jpg 300w, https:\/\/bangbang.md\/wp-content\/uploads\/2023\/01\/MG_9440-copy-768x512.jpg 768w, https:\/\/bangbang.md\/wp-content\/uploads\/2023\/01\/MG_9440-copy-1536x1024.jpg 1536w, https:\/\/bangbang.md\/wp-content\/uploads\/2023\/01\/MG_9440-copy-2048x1365.jpg 2048w, https:\/\/bangbang.md\/wp-content\/uploads\/2023\/01\/MG_9440-copy-18x12.jpg 18w, https:\/\/bangbang.md\/wp-content\/uploads\/2023\/01\/MG_9440-copy-585x390.jpg 585w\" sizes=\"auto, (max-width: 1024px) 100vw, 1024px\" \/><\/figure>\n\n\n\n<p class=\"has-text-align-center\"><sup>Aliona \u0219i Ilona<\/sup><\/p>\n\n\n\n<p>C\u0103 tot cuno\u0219team mai multe despre <a href=\"https:\/\/www.instagram.com\/alionaciurca\/\" target=\"_blank\" rel=\"noreferrer noopener\"><strong>Aliona Ciurc\u0103<\/strong><\/a>, reporter\u0103, \u0219i mi-a \u0219i fost coleg\u0103 \u00een cadrul a dou\u0103 edi\u021bii de \u201eWriting for Diversity\u201d, mi-am zis c\u0103 pot s\u0103 o iau la \u00eentreb\u0103ri privind opiniile ei despre cum ar trebui oamenii din jurnalism, colegele \u0219i colegii ei de breasl\u0103, s\u0103 scrie despre comunit\u0103\u021bile queer pe timp de r\u0103zboi.\u00a0<\/p>\n\n\n\n<p>Aliona a lucrat timp de mai mul\u021bi ani pentru <a href=\"https:\/\/www.zdg.md\/\" target=\"_blank\" rel=\"noreferrer noopener\"><strong>Ziarul de Gard\u0103<\/strong><\/a>. Specialinz\u00e2ndu-\u0219i activitatea \u00een drepturile omului \u0219i fiind aliata comunit\u0103\u021bilor queer din \u021bar\u0103, a scris mai multe materiale, de la <a href=\"https:\/\/iwpr.net\/global-voices\/moldovas-largest-ever-pride-march-defies-critics\"><strong>pride<\/strong><\/a>, la <a href=\"https:\/\/bangbang.md\/ru\/2022\/12\/24\/out-proud-spatii-sigure-si-vizibilitate-pentru-cuplurile-de-femei-in-r-moldova\/\" target=\"_blank\" rel=\"noreferrer noopener\"><strong>vizibilitatea cuplurilor de femei \u00een Moldova<\/strong><\/a>. \u201eS\u0103 lucrezi jurnalist\u0103 e interesant \u2013 \u00een fiecare zi, relatezi despre diverse subiecte \u0219i nu reu\u0219e\u0219ti s\u0103 te plictise\u0219ti\u201d, men\u021bioneaz\u0103 Aliona. Cite\u0219te mult, iar una dintre ultimele ei recomand\u0103ri din literatura queer este <a href=\"https:\/\/www.moldova.org\/romanul-dezradacinare-de-sasa-zare-premiat-in-romania\/\" target=\"_blank\" rel=\"noreferrer noopener\"><strong>\u201eDezr\u0103d\u0103cinare\u201d de Sa\u0219a Zare<\/strong><\/a>, un roman despre o t\u00e2n\u0103r\u0103 lesbian\u0103 din Moldova ce se mut\u0103 \u00een Rom\u00e2nia \u0219i continu\u0103 s\u0103-\u0219i exploreze identitatea ei prin aceast\u0103 tranzi\u021bie.\u00a0<\/p>\n\n\n\n<p>Dar subiectul drepturilor omului r\u0103m\u00e2ne o tem\u0103 important\u0103 pentru materialele ei. \u201eVoiam s\u0103 fac \u0219i un pic de <em>storytelling<\/em>, \u00eemi p\u0103reau interesante discu\u021biile cu oamenii din domeniu. \u0218i aveam o dat\u0103 limit\u0103 pentru livrarea materialelor, ceea ce nu m\u0103 \u00eengloda \u00eentr-o list\u0103 infinit\u0103 de straturi investigative \u0219i aveam articole actuale \u0219i la tem\u0103. A\u0219a, m\u0103 aprofundam \u00een conexiunea cu oamenii cu care am interac\u021bionat, ceea ce-mi pare un fenomen captivant\u201d, poveste\u0219te Aliona. <\/p>\n\n\n\n<p>C\u00e2\u021biva ani \u00een urm\u0103, ea fusese \u00eendrumat\u0103 de echipa sa s\u0103 participe la un eveniment despre <a href=\"https:\/\/tv8.md\/2017\/10\/09\/video-fiul-angelicai-frolov-invitat-la-optmart-srl-a-povestit-despre-cum-a-crescut-si-a-fost-educat-intr-un-cuplu-de-femei\" target=\"_blank\" rel=\"noreferrer noopener\"><strong>cum e s\u0103 tr\u0103ie\u0219ti \u00eentr-o familie-cuplu de femei cu un fiu<\/strong><\/a> \u0219i, de\u0219i erau pu\u021bini jurnali\u0219ti prezen\u021bi, a fost o experien\u021b\u0103 foarte fain\u0103 pentru ea. \u201e<em>Angelica Frolov \u0219i partenera ei de de atunci, \u00eempreun\u0103 cu fiul lor, au povestit at\u00e2t de multe despre via\u021ba lor ca s\u0103 vad\u0103 \u00eentreaga societate c\u0103 to\u021bi suntem oamen<\/em>i\u201d, \u00ee\u0219i aminte\u0219te Aliona. <\/p>\n\n\n\n<p>Apoi, a \u00eenceput s\u0103 urm\u0103reasc\u0103 comunit\u0103\u021bile queer, a scris despre subiecte interesante. Partea trist\u0103, din spusele ei, este c\u0103 trebuie de urm\u0103rit feedbackul la materialele despre comunit\u0103\u021bi, \u00eentruc\u00e2t, printre comentarii cititorii, mai las\u0103 discursuri de ur\u0103, \u00eenjur\u0103turi. \u201e<em>C\u00e2nd scriu despre subiectele LGBTQIA+, cu g\u00e2ndul la persoana despre care am scris, monitorizez comentariile. Nu-mi pare corect s\u0103 o expun la tot felul de limbaj de ur\u0103 de pe conturi de multe ori false, care o va face s\u0103 nu se mai deschid\u0103 nici mie, nici altor jurnaliste \u0219i aliate<\/em>\u201d. Aliona accentueaz\u0103 c\u0103, astfel, jurnali\u0219tii au puterea s\u0103-\u0219i protejeze eroinele \u0219i eroii queer.<\/p>\n\n\n\n<p>A scris \u0219i despre <a href=\"https:\/\/www.zdg.md\/stiri\/de-cealalta-parte-a-istoriei-cum-s-au-format-miscarile-lgbt-din-r-moldova-ucraina-si-germania\/\" target=\"_blank\" rel=\"noreferrer noopener\"><strong>cum s-au format mi\u0219c\u0103rile LGBTQIA+ din Republica Moldova, Ucraina \u0219i Germania<\/strong><\/a>. \u201e<em>Am avut acces la acest fundal istoric datorit\u0103 <a href=\"https:\/\/gdm.md\/ro\/acasa-ro\/\" target=\"_blank\" rel=\"noreferrer noopener\"><strong>Centrului Informa\u021bional GENDERDOC-M<\/strong><\/a>, prima organiza\u021bie din Moldova a c\u0103rei scop este s\u0103 protejeze drepturile persoanelor LGBTQIA+<\/em>\u201d, \u00ee\u0219i aminte\u0219te Aliona. <\/p>\n\n\n\n<p>\u201e<em>Voiam s\u0103 fac un material mai general despre mi\u0219c\u0103rile comunit\u0103\u021bilor din \u021b\u0103rile participante \u00een cadrul proiectului \u00abWriting for Diversity\u00bb. Partea trist\u0103 a fost c\u0103 am discutat cu mai mul\u021bi b\u0103rba\u021bi, dec\u00e2t femei queer \u2013 este mai greu de g\u0103sit istorii despre rela\u021biile \u00eentre femei\u201d<\/em>, men\u021bioneaz\u0103 Aliona. <\/p>\n\n\n\n<p>Dup\u0103 spusele ei, cuplurile cu femei care s\u0103 fie mai deschise s\u0103 povesteasc\u0103 despre \u00eent\u00e2mpl\u0103rile de acum dou\u0103zeci-treizeci de ani nu prea sunt, dar poate \u0219i din motivul c\u0103, \u00een perioada aceea, ele erau concentrate pe mi\u0219carea feminist\u0103.<\/p>\n\n\n\n<p>Dac\u0103 e s\u0103 vorbim despre jurnalismul queer pe timp de r\u0103zboi, mai ales \u00een contextul actual al r\u0103zboiului Rusiei dus \u00eempotriva Ucrainei, unii jurnali\u0219ti tind s\u0103 scrie despre subiecte controversate, pentru a num\u0103ra multe vizualiz\u0103ri \u00een contul articolului. La \u00eentrebarea cum ar trebui colegele \u0219i colegii ei de breasl\u0103 s\u0103 scrie despre LGBTQIA+ pe timp de r\u0103zboi, Aliona a r\u0103spuns c\u0103 e simplu: \u201e<em>Trebuie s\u0103 te pui \u00een papucii eroilor articolelor tale. S\u0103 manife\u0219ti empatie fa\u021b\u0103 de ei. Iar dac\u0103 ai f\u0103cut o gre\u0219eal\u0103, este OK s\u0103 \u00eentrebi cum e posibil de corectat<\/em>\u201d, men\u021bioneaz\u0103 Aliona, ad\u0103ug\u00e2nd c\u0103 familiarizarea cu termenii corec\u021bi ai comunit\u0103\u021bilor, <em>double-check-ul,<\/em> este important\u0103. <\/p>\n\n\n\n<p>\u201e<em>De exemplu, <a href=\"https:\/\/www.zdg.md\/stiri\/decizia-procuraturii-chisinau-oficiul-buiucani-pe-marginea-cazului-marin-pavlescu\/\" target=\"_blank\" rel=\"noreferrer noopener\"><strong>istoria lui Marin Pavlescu<\/strong><\/a> a demonstrat c\u0103 dac\u0103 \u00eencredin\u021bezi cuiva o istorie, iar oamenii din pres\u0103 au grij\u0103 s\u0103 scrie bine despre ea, are loc o colaborare, din urma c\u0103reia al\u021bi oameni vor avea \u00eencredere \u0219i vor povesti despre experien\u021bele lor, despre \u00eenc\u0103lc\u0103rile drepturilor lor<\/em>\u201d, poveste\u0219te ea. <\/p>\n\n\n\n<p>Potrivit Alionei, chiar sunt cazuri \u00een care jurnali\u0219tii au o putere enorm\u0103 \u00een a ajuta persoanele LGBTQIA+, iar nivelul de \u00eencredere fa\u021b\u0103 de redac\u021bie \u0219i speciali\u0219ti cre\u0219te, oamenii sim\u021bindu-se bine s\u0103 povesteasc\u0103 despre ale lor.<\/p>\n\n\n\n<figure class=\"wp-block-image size-large\"><img loading=\"lazy\" decoding=\"async\" width=\"683\" height=\"1024\" src=\"https:\/\/bangbang.md\/wp-content\/uploads\/2023\/01\/MG_9459-1-683x1024.jpg\" alt=\"\" class=\"wp-image-3925\" srcset=\"https:\/\/bangbang.md\/wp-content\/uploads\/2023\/01\/MG_9459-1-683x1024.jpg 683w, https:\/\/bangbang.md\/wp-content\/uploads\/2023\/01\/MG_9459-1-200x300.jpg 200w, https:\/\/bangbang.md\/wp-content\/uploads\/2023\/01\/MG_9459-1-768x1152.jpg 768w, https:\/\/bangbang.md\/wp-content\/uploads\/2023\/01\/MG_9459-1-1024x1536.jpg 1024w, https:\/\/bangbang.md\/wp-content\/uploads\/2023\/01\/MG_9459-1-1365x2048.jpg 1365w, https:\/\/bangbang.md\/wp-content\/uploads\/2023\/01\/MG_9459-1-8x12.jpg 8w, https:\/\/bangbang.md\/wp-content\/uploads\/2023\/01\/MG_9459-1-585x878.jpg 585w, https:\/\/bangbang.md\/wp-content\/uploads\/2023\/01\/MG_9459-1-scaled.jpg 1707w\" sizes=\"auto, (max-width: 683px) 100vw, 683px\" \/><\/figure>\n\n\n\n<p class=\"has-text-align-center\"><sup>Maxim<\/sup><\/p>\n\n\n\n<p>Mi-am zis c\u0103 ar fi bine s\u0103 vorbesc \u0219i cu activistul civic <strong><a href=\"https:\/\/www.instagram.com\/officerbuffay\/\" target=\"_blank\" rel=\"noreferrer noopener\">Maxim Totoc-Cuclev<\/a><\/strong>. Maxim este ucrainean n\u0103scut \u0219i crescut \u00een Moldova \u0219i, la fel, e persoan\u0103 non-binar\u0103. \u201e[\u00cen privin\u021ba invaziei ruse\u0219ti \u00een Ucraina,] m\u0103 informez, \u00een mare parte, din surse media ucrainene. C\u00e2nd noi vorbim de spa\u021biul care este din jurul Rusiei, un spa\u021biu post-colonialist sau, cum ne-am deprins s\u0103-i spunem, <em>post-sovietic<\/em>, este important de g\u0103sit surse media care nu provin din partea ruseasc\u0103. \u00cen acest aspect, trebuie s\u0103 devenim mai independen\u021bi, mai ales c\u0103 aceast\u0103 \u021bar\u0103 ne afecteaz\u0103 \u00een mai multe sectoare\u201d, spune Maxim. <\/p>\n\n\n\n<p>\u00cen <a href=\"https:\/\/www.instagram.com\/officerbuffay\/\" target=\"_blank\" rel=\"noreferrer noopener\"><strong>istoriile contului lui de Instagram<\/strong><\/a> g\u0103se\u0219ti, de obicei, cea mai nou\u0103 informa\u021bie din diverse surse despre ce se \u00eent\u00e2mpl\u0103 \u00een Ucraina. <\/p>\n\n\n\n<blockquote class=\"wp-block-quote is-layout-flow wp-block-quote-is-layout-flow\">\n<p>\u201eRecomand <a href=\"https:\/\/www.instagram.com\/kyivindependent_official\/\" target=\"_blank\" rel=\"noreferrer noopener\"><strong>The Kyiv Independent<\/strong><\/a>. Eu mereu urm\u0103resc <a href=\"https:\/\/www.instagram.com\/suspilne.news\/\" target=\"_blank\" rel=\"noreferrer noopener\"><strong>Suspilne<\/strong><\/a> \u0219i <a href=\"https:\/\/www.instagram.com\/hromadske.ua\/\" target=\"_blank\" rel=\"noreferrer noopener\"><strong>Hromadske<\/strong><\/a>, dou\u0103 ziare ucrainene create de popor, fondat aproape integral de cititori. <strong>Aceste dou\u0103 <\/strong>sunt cunoscute pentru conota\u021bia neutr\u0103 \u00een a relata \u0219tirile \u0219i actualit\u0103\u021bile at\u00e2t din Ucraina, c\u00e2t \u0219i din Rusia \u2013 acum, foarte des \u00eent\u00e2lne\u0219ti <em>media outleturi<\/em> ucrainene care se expun complet negativ despre ru\u0219i. Este absolut de \u00een\u021beles dar, \u00een acela\u0219i timp, posibil, ne-echidistant din punct de vedere jurnalistic\u201d, men\u021bioneaz\u0103 Maxim.\u00a0<\/p>\n<\/blockquote>\n\n\n\n<p>Discut\u00e2nd despre dac\u0103 s-a schimbat sau nu atitudinea <em>mass mediei<\/em> fa\u021b\u0103 de subiectele LGBTQIA+, Maxim spune c\u0103 rela\u021bia dintre jurnali\u0219ti \u0219i comunit\u0103\u021bi a r\u0103mas cam aceea\u0219i la capitolul mediei materialelor create pentru public. <\/p>\n\n\n\n<p>\u201eAcum, \u00een spa\u021biul ucrainean, apar mai multe materiale despre comunit\u0103\u021bile queer cu o conota\u021bie neutr\u0103 sau pozitiv\u0103, ceea ce este o ameliorare din prisma protej\u0103rii drepturilor omului. Acest lucru este un rezultat al muncii intense a activistelor \u0219i activi\u0219tilor din Ucraina\u201d, poveste\u0219te Maxim, men\u021bion\u00e2nd c\u0103 <a href=\"https:\/\/www.instagram.com\/kyivpride\/\" target=\"_blank\" rel=\"noreferrer noopener\"><strong>Kyiv Pride<\/strong><\/a> are un loc de onoare \u00een sursele lui informa\u021bionale \u2013 acolo, po\u021bi g\u0103si istorii despre lupt\u0103tori queer \u00een r\u0103zboiul din Ucraina, despre <a href=\"https:\/\/lgbtmilitary.org.ua\/?fbclid=IwAR34pnNNgUMyU-L5fRJvuq-452tMh-LUch6W0KlxU8pmd6hRErmT5aSYbLc\" target=\"_blank\" rel=\"noreferrer noopener\"><strong>batalionul queer<\/strong><\/a>, platforma oferind sus\u021binere informa\u021bional\u0103 acestuia, sporindu-le vizibilitatea. \u201eA\u0219a, \u00eenc\u0103 o dat\u0103 \u00een\u021belegem c\u0103 atunci c\u00e2nd e r\u0103zboi, vor lupta toate \u0219i to\u021bi\u201d, relateaz\u0103 el. <\/p>\n\n\n\n<blockquote class=\"wp-block-quote is-layout-flow wp-block-quote-is-layout-flow\">\n<p>\u201e<em>Recomand \u0219i <a href=\"https:\/\/www.instagram.com\/svidomi_ua\/\" target=\"_blank\" rel=\"noreferrer noopener\"><strong>Svidomi<\/strong><\/a>, un canal ucrainean care dubleaz\u0103 informa\u021bia ce o public\u0103 \u0219i \u00een <a href=\"https:\/\/www.instagram.com\/svidomi_eng\/\" target=\"_blank\" rel=\"noreferrer noopener\"><strong>limba englez\u0103<\/strong><\/a>, deseori preluat\u0103 de The New York Times \u0219i restul canalelor media de pe culmile jurnalismului<\/em>\u201d.<\/p>\n<\/blockquote>\n\n\n\n<figure class=\"wp-block-image size-large\"><img loading=\"lazy\" decoding=\"async\" width=\"1024\" height=\"683\" src=\"https:\/\/bangbang.md\/wp-content\/uploads\/2023\/01\/MG_9473-2-1024x683.jpg\" alt=\"\" class=\"wp-image-3926\" srcset=\"https:\/\/bangbang.md\/wp-content\/uploads\/2023\/01\/MG_9473-2-1024x683.jpg 1024w, https:\/\/bangbang.md\/wp-content\/uploads\/2023\/01\/MG_9473-2-300x200.jpg 300w, https:\/\/bangbang.md\/wp-content\/uploads\/2023\/01\/MG_9473-2-768x512.jpg 768w, https:\/\/bangbang.md\/wp-content\/uploads\/2023\/01\/MG_9473-2-1536x1024.jpg 1536w, https:\/\/bangbang.md\/wp-content\/uploads\/2023\/01\/MG_9473-2-2048x1365.jpg 2048w, https:\/\/bangbang.md\/wp-content\/uploads\/2023\/01\/MG_9473-2-18x12.jpg 18w, https:\/\/bangbang.md\/wp-content\/uploads\/2023\/01\/MG_9473-2-585x390.jpg 585w\" sizes=\"auto, (max-width: 1024px) 100vw, 1024px\" \/><\/figure>\n\n\n\n<p class=\"has-text-align-center\"><sup>Maxim<\/sup><\/p>\n\n\n\n<p>\u00cen compara\u021bie cu jurnalismul ucrainean, <em>mass media<\/em> din Rusia a transformat persoanele LGBTQIA+ \u00eentr-o \u021bint\u0103 a urii. \u201e<em>Acum, potrivit mediei condus\u0103 de Kremlin, lumea queer e vinovat\u0103 de toate p\u0103catele lumii, pentru c\u0103, cic\u0103, identitatea sexual\u0103 \u0219i de gen sunt produse ale Vestului<\/em>\u201d, men\u021bioneaz\u0103 Maxim.<\/p>\n\n\n\n<p>Una dintre practicile lui este s\u0103 verifice sursa informa\u021bional\u0103 pe dou\u0103 direc\u021bii &#8211; dac\u0103 o \u0219tire despre ce se \u00eent\u00e2mpl\u0103 \u00een Ucraina apare pe un portal interna\u021bional, Maxim caut\u0103 sursa acesteia \u00een media ucrainean\u0103. <\/p>\n\n\n\n<p>\u201e<em>Iar dac\u0103 v\u0103d ceva pe o surs\u0103 ruseasc\u0103, neap\u0103rat caut counterpart-ul ei \u00een media din Ucraina mai \u00eent\u00e2i, pentru c\u0103 jurnali\u0219tii lor distribuie nout\u0103\u021bi mai repede, dec\u00e2t cei de pe portalurile interna\u021bionale. Dac\u0103 nu cuno\u0219ti ucraineana, apeleaz\u0103 la Google Translate. Mie mi s-a furat dreptul s\u0103-mi fie prima limba ucrainean\u0103, fiind crescut \u00eentr-o regiune post-colonialist\u0103, \u0219i mi s-a impus rusa, de\u0219i sunt ucrainean. Nu am avut nici eu acces la informa\u021bie \u00een limba mea, de la \u00eenceput<\/em>\u201d, spune Maxim, \u00eemp\u0103rt\u0103\u0219ind c\u0103 acest lucru, posibil, func\u021bioneaz\u0103 mai bine dac\u0103 cuno\u0219ti rusa, dar \u0219i orice limb\u0103 de origine slav\u0103, pentru c\u0103 e mai u\u0219or s\u0103 te integrezi \u00een ucrainean\u0103 astfel. <\/p>\n\n\n\n<p>\u201eDesigur c\u0103 vor fi cuvinte care nu vor coincide cu cele din vocabularul rus, dar asta e normal, pentru c\u0103 ucraineana e o limb\u0103 aparte. Cu c\u00e2t mai mult cite\u0219ti \u0219i exersezi \u00een aceast\u0103 limb\u0103, cu at\u00e2t mai multe \u00een\u021belegi\u201d, explic\u0103 el.<\/p>\n\n\n\n<p>\u00cen mass media local\u0103 mai g\u0103se\u0219ti articole despre LGBTQIA+. \u201eDin surse media locale, urm\u0103resc <a href=\"https:\/\/www.instagram.com\/newsmakermd\/\" target=\"_blank\" rel=\"noreferrer noopener\"><strong>NewsMaker<\/strong><\/a>, de\u0219i uneori o fac cu o doz\u0103 de scepticism, pentru c\u0103 nici sursele lor nu sunt \u00eentocmai sigure, deseori cu \u0219tiri preluate de pe Telegram, sau atitudinea redac\u021biei este prezent\u0103 \u00een titlu sau \u00een textul materialelor &#8211; poate p\u0103rerile noastre coincid, dar nu pot spune c\u0103 e o prezentare echidistant\u0103 a \u0219tirilor, mai ales pe timp de r\u0103zboi\u201d, spune Maxim. <\/p>\n\n\n\n<p>De asemenea, a ad\u0103ugat c\u0103 mai cite\u0219te <a href=\"https:\/\/www.instagram.com\/europalibera\/\" target=\"_blank\" rel=\"noreferrer noopener\"><strong>Europa Liber\u0103<\/strong><\/a>, de\u0219i, pe acest canal, \u0219tirile nu sunt breaking sau \u00een flux constant, uneori vin cu \u00eent\u00e2rziere. \u201e\u0218tirile lor despre comunit\u0103\u021bi apar, \u00een mare parte, sub forma unor editoriale sau reportaje cu istorii personalizate \u0219i generale, dar publicate mai t\u00e2rziu comparativ cu alte surse\u201d, adaug\u0103 el. \u201eCred c\u0103 <a href=\"https:\/\/www.instagram.com\/moldovaorg\/\" target=\"_blank\" rel=\"noreferrer noopener\"><strong>Moldova.org<\/strong><\/a> fac o munc\u0103 destul de bun\u0103. Spre exemplu, au reflectat cu detaliu tot ce s-a \u00eent\u00e2mplat \u00een cazul <a href=\"https:\/\/www.moldova.org\/dosar-penal-si-confruntare-cu-victimele-in-cazul-angajatului-preturii-botanica-care-ar-fi-hartuit-trei-voluntare\/\" target=\"_blank\" rel=\"noreferrer noopener\"><strong>voluntarelor ce ajutau refugiatele \u0219i refugia\u021bii din Ucraina \u0219i au fost h\u0103r\u021buite de un lucr\u0103tor al preturii sectorului Botanica<\/strong><\/a>. Acest caz putea fi u\u0219or de pierdut \u00een fluxul informa\u021bional, dar redac\u021bia a urm\u0103rit atent acest proces \u0219i a continuat s\u0103-\u0219i informeze cititorii\u201d, poveste\u0219te Maxim. El mai men\u021bioneaz\u0103 c\u0103 fiecare jurnalist\/\u0103 trebuie s\u0103 cunoasc\u0103 chestiile de baz\u0103 \u00een comunicarea cu persoanele LGBTQIA+ &#8211; s\u0103 \u00eentrebe dac\u0103 e OK de dezv\u0103luit numele, s\u0103 nu preia con\u021binutul acestora de pe conturile personale f\u0103r\u0103 acordul lor, s\u0103 implice direct comunit\u0103\u021bile \u00een materialele lor.<\/p>\n\n\n\n<p><em>Moldnetul <\/em>pare a fi dezbinat, dar funda\u021bia etic\u0103 trebuie p\u0103strat\u0103 \u00een toate sursele media, mai ales cunosc\u00e2nd c\u0103 mul\u021bi au acces limitat la informa\u021bie. \u201eU<em>nii jurnali\u0219ti uit\u0103 c\u0103 atunci c\u00e2nd scriu despre o persoan\u0103 queer, o pun sub lumina reflectoarelor \u0219i, deseori, ea poate deveni \u021binta h\u0103r\u021buirii online. Trebuie aten\u021bie la c\u00e2t de multe sunt dezv\u0103luite despre ea sau s\u0103 nu lase urme pentru poten\u021biali h\u0103r\u021buitori \u0219i h\u0103r\u021buitoare care vor re-trasa con\u021binutul \u0219i s\u0103 g\u0103seasc\u0103 informa\u021bie delicat\u0103 despre eroina sau eroul presupus anonim<\/em>\u201d, explic\u0103 Maxim. <\/p>\n\n\n\n<p>Dar, \u00een opinia lui, \u00een Moldova a fost ameliorat\u0103 situa\u021bia \u00een media queer, mai ales datorit\u0103 atelierilor organizate de GENDERDOC-M, unde jurnaliste \u0219i jurnali\u0219ti ce \u00eemp\u0103rt\u0103\u0219esc acelea\u0219i valori ca \u0219i noi, particip\u0103 voluntar, absorb noi cuno\u0219\u021bin\u021be \u0219i instrumente de comunicare \u0219i le aplic\u0103 \u00een munca lor de zi cu zi.<\/p>\n\n\n\n<p>\u0218i poate, pe l\u00e2ng\u0103 toate alea men\u021bionate de Aliona \u0219i Maxim, e bine s\u0103 revenim mai des la <a href=\"https:\/\/consiliuldepresa.md\/ro\/page\/codul-deontologic-al-jurnalistului-din-r-moldova\" target=\"_blank\" rel=\"noreferrer noopener\"><strong>Codul de Etic\u0103 al Jurnalistului<\/strong><\/a>, c\u0103 multe \u00eenve\u021bi \u0219i de acolo, nu?<\/p>\n\n\n\n<p class=\"has-text-align-right\">Autor: <a href=\"https:\/\/www.instagram.com\/sonne.sergheevna\/?fbclid=IwAR2GZ0o2OcfCeEifDYVA0YSikHXwXx2A9KOsmjkfP8OCt5w46kUy59IeC18\" target=\"_blank\" rel=\"noreferrer noopener\">Ilona Sergheevna<\/a><br>Poze: <a href=\"https:\/\/www.instagram.com\/octavian.fedco\/?fbclid=IwAR0PvnokALeYzPieI9x_BmQEyn5-mTYpHLsAFselJ1kTfueREd24HKor89I\" target=\"_blank\" rel=\"noreferrer noopener\">Octavian Fedco<\/a><\/p>","protected":false},"excerpt":{"rendered":"<p>Jurnalismul pare a fi o profesie condus\u0103 de principiul s\u0103 ai grij\u0103 de aproapele t\u0103u &#8211; informa\u021bional, neutru \u0219i obiectiv&#8230;.<\/p>","protected":false},"author":4,"featured_media":3927,"comment_status":"open","ping_status":"open","sticky":false,"template":"","format":"standard","meta":{"footnotes":""},"categories":[179,178,181],"tags":[198,207],"class_list":["post-3916","post","type-post","status-publish","format-standard","has-post-thumbnail","hentry","category-lumea-noastra","category-queer-proud","category-recomandari","tag-lgbt-moldova","tag-queer"],"yoast_head":"<!-- This site is optimized with the Yoast SEO Premium plugin v18.9 (Yoast SEO v20.13) - https:\/\/yoast.com\/wordpress\/plugins\/seo\/ -->\n<title>Peer-to-peer journalism: Cum s\u0103 scrii despre comunit\u0103\u021bile queer pe timp de r\u0103zboi - BANG-BANG<\/title>\n<meta name=\"robots\" content=\"index, follow, max-snippet:-1, max-image-preview:large, max-video-preview:-1\" \/>\n<link rel=\"canonical\" href=\"https:\/\/bangbang.md\/ru\/2023\/01\/16\/peer-to-peer-journalism-cum-sa-scrii-despre-comunitatile-queer-pe-timp-de-razboi\/\" \/>\n<meta property=\"og:locale\" content=\"ru_RU\" \/>\n<meta property=\"og:type\" content=\"article\" \/>\n<meta property=\"og:title\" content=\"Peer-to-peer journalism: Cum s\u0103 scrii despre comunit\u0103\u021bile queer pe timp de r\u0103zboi\" \/>\n<meta property=\"og:description\" content=\"Jurnalismul pare a fi o profesie condus\u0103 de principiul s\u0103 ai grij\u0103 de aproapele t\u0103u &#8211; informa\u021bional, neutru \u0219i obiectiv....\" \/>\n<meta property=\"og:url\" content=\"https:\/\/bangbang.md\/ru\/2023\/01\/16\/peer-to-peer-journalism-cum-sa-scrii-despre-comunitatile-queer-pe-timp-de-razboi\/\" \/>\n<meta property=\"og:site_name\" content=\"BANG-BANG\" \/>\n<meta property=\"article:publisher\" content=\"https:\/\/www.facebook.com\/bangbangmoldova\" \/>\n<meta property=\"article:published_time\" content=\"2023-01-16T13:24:23+00:00\" \/>\n<meta property=\"article:modified_time\" content=\"2023-01-16T13:24:25+00:00\" \/>\n<meta property=\"og:image\" content=\"https:\/\/bangbang.md\/wp-content\/uploads\/2023\/01\/MG_9486-scaled.jpg\" \/>\n\t<meta property=\"og:image:width\" content=\"2560\" \/>\n\t<meta property=\"og:image:height\" content=\"1707\" \/>\n\t<meta property=\"og:image:type\" content=\"image\/jpeg\" \/>\n<meta name=\"author\" content=\"Redactia\" \/>\n<meta name=\"twitter:card\" content=\"summary_large_image\" \/>\n<meta name=\"twitter:label1\" content=\"\u041d\u0430\u043f\u0438\u0441\u0430\u043d\u043e \u0430\u0432\u0442\u043e\u0440\u043e\u043c\" \/>\n\t<meta name=\"twitter:data1\" content=\"Redactia\" \/>\n\t<meta name=\"twitter:label2\" content=\"\u041f\u0440\u0438\u043c\u0435\u0440\u043d\u043e\u0435 \u0432\u0440\u0435\u043c\u044f \u0434\u043b\u044f \u0447\u0442\u0435\u043d\u0438\u044f\" \/>\n\t<meta name=\"twitter:data2\" content=\"11 \u043c\u0438\u043d\u0443\u0442\" \/>\n<script type=\"application\/ld+json\" class=\"yoast-schema-graph\">{\"@context\":\"https:\/\/schema.org\",\"@graph\":[{\"@type\":\"Article\",\"@id\":\"https:\/\/bangbang.md\/2023\/01\/16\/peer-to-peer-journalism-cum-sa-scrii-despre-comunitatile-queer-pe-timp-de-razboi\/#article\",\"isPartOf\":{\"@id\":\"https:\/\/bangbang.md\/2023\/01\/16\/peer-to-peer-journalism-cum-sa-scrii-despre-comunitatile-queer-pe-timp-de-razboi\/\"},\"author\":{\"name\":\"Redactia\",\"@id\":\"https:\/\/bangbang.md\/#\/schema\/person\/3c4bdd852f2d2f8db3bde1e81e9676a2\"},\"headline\":\"Peer-to-peer journalism: Cum s\u0103 scrii despre comunit\u0103\u021bile queer pe timp de r\u0103zboi\",\"datePublished\":\"2023-01-16T13:24:23+00:00\",\"dateModified\":\"2023-01-16T13:24:25+00:00\",\"mainEntityOfPage\":{\"@id\":\"https:\/\/bangbang.md\/2023\/01\/16\/peer-to-peer-journalism-cum-sa-scrii-despre-comunitatile-queer-pe-timp-de-razboi\/\"},\"wordCount\":2087,\"commentCount\":0,\"publisher\":{\"@id\":\"https:\/\/bangbang.md\/#organization\"},\"keywords\":[\"LGBT Moldova\",\"queer\"],\"articleSection\":[\"Lumea noastr\u0103\",\"Queer &amp; Proud\",\"Recomand\u0103ri\"],\"inLanguage\":\"ru-RU\"},{\"@type\":\"WebPage\",\"@id\":\"https:\/\/bangbang.md\/2023\/01\/16\/peer-to-peer-journalism-cum-sa-scrii-despre-comunitatile-queer-pe-timp-de-razboi\/\",\"url\":\"https:\/\/bangbang.md\/2023\/01\/16\/peer-to-peer-journalism-cum-sa-scrii-despre-comunitatile-queer-pe-timp-de-razboi\/\",\"name\":\"Peer-to-peer journalism: Cum s\u0103 scrii despre comunit\u0103\u021bile queer pe timp de r\u0103zboi - BANG-BANG\",\"isPartOf\":{\"@id\":\"https:\/\/bangbang.md\/#website\"},\"datePublished\":\"2023-01-16T13:24:23+00:00\",\"dateModified\":\"2023-01-16T13:24:25+00:00\",\"breadcrumb\":{\"@id\":\"https:\/\/bangbang.md\/2023\/01\/16\/peer-to-peer-journalism-cum-sa-scrii-despre-comunitatile-queer-pe-timp-de-razboi\/#breadcrumb\"},\"inLanguage\":\"ru-RU\",\"potentialAction\":[{\"@type\":\"ReadAction\",\"target\":[\"https:\/\/bangbang.md\/2023\/01\/16\/peer-to-peer-journalism-cum-sa-scrii-despre-comunitatile-queer-pe-timp-de-razboi\/\"]}]},{\"@type\":\"BreadcrumbList\",\"@id\":\"https:\/\/bangbang.md\/2023\/01\/16\/peer-to-peer-journalism-cum-sa-scrii-despre-comunitatile-queer-pe-timp-de-razboi\/#breadcrumb\",\"itemListElement\":[{\"@type\":\"ListItem\",\"position\":1,\"name\":\"Prima pagin\u0103\",\"item\":\"https:\/\/bangbang.md\/\"},{\"@type\":\"ListItem\",\"position\":2,\"name\":\"Peer-to-peer journalism: Cum s\u0103 scrii despre comunit\u0103\u021bile queer pe timp de r\u0103zboi\"}]},{\"@type\":\"WebSite\",\"@id\":\"https:\/\/bangbang.md\/#website\",\"url\":\"https:\/\/bangbang.md\/\",\"name\":\"BANG-BANG\",\"description\":\"Portal web dedicat comunit\u0103\u021bii LGBTQ d RM\",\"publisher\":{\"@id\":\"https:\/\/bangbang.md\/#organization\"},\"potentialAction\":[{\"@type\":\"SearchAction\",\"target\":{\"@type\":\"EntryPoint\",\"urlTemplate\":\"https:\/\/bangbang.md\/?s={search_term_string}\"},\"query-input\":\"required name=search_term_string\"}],\"inLanguage\":\"ru-RU\"},{\"@type\":\"Organization\",\"@id\":\"https:\/\/bangbang.md\/#organization\",\"name\":\"Bang bang\",\"url\":\"https:\/\/bangbang.md\/\",\"logo\":{\"@type\":\"ImageObject\",\"inLanguage\":\"ru-RU\",\"@id\":\"https:\/\/bangbang.md\/#\/schema\/logo\/image\/\",\"url\":\"https:\/\/bangbang.md\/wp-content\/uploads\/2022\/07\/cropped-Group.jpg\",\"contentUrl\":\"https:\/\/bangbang.md\/wp-content\/uploads\/2022\/07\/cropped-Group.jpg\",\"width\":512,\"height\":512,\"caption\":\"Bang bang\"},\"image\":{\"@id\":\"https:\/\/bangbang.md\/#\/schema\/logo\/image\/\"},\"sameAs\":[\"https:\/\/www.facebook.com\/bangbangmoldova\"]},{\"@type\":\"Person\",\"@id\":\"https:\/\/bangbang.md\/#\/schema\/person\/3c4bdd852f2d2f8db3bde1e81e9676a2\",\"name\":\"Redactia\",\"image\":{\"@type\":\"ImageObject\",\"inLanguage\":\"ru-RU\",\"@id\":\"https:\/\/bangbang.md\/#\/schema\/person\/image\/\",\"url\":\"https:\/\/secure.gravatar.com\/avatar\/31b9e560d1e50693e5c3bec169fad34f40ffc3d32174e8953ddc1d30a6216ced?s=96&d=mm&r=g\",\"contentUrl\":\"https:\/\/secure.gravatar.com\/avatar\/31b9e560d1e50693e5c3bec169fad34f40ffc3d32174e8953ddc1d30a6216ced?s=96&d=mm&r=g\",\"caption\":\"Redactia\"},\"url\":\"https:\/\/bangbang.md\/ru\/author\/redactia\/\"}]}<\/script>\n<!-- \/ Yoast SEO Premium plugin. -->","yoast_head_json":{"title":"Peer-to-peer journalism: Cum s\u0103 scrii despre comunit\u0103\u021bile queer pe timp de r\u0103zboi - BANG-BANG","robots":{"index":"index","follow":"follow","max-snippet":"max-snippet:-1","max-image-preview":"max-image-preview:large","max-video-preview":"max-video-preview:-1"},"canonical":"https:\/\/bangbang.md\/ru\/2023\/01\/16\/peer-to-peer-journalism-cum-sa-scrii-despre-comunitatile-queer-pe-timp-de-razboi\/","og_locale":"ru_RU","og_type":"article","og_title":"Peer-to-peer journalism: Cum s\u0103 scrii despre comunit\u0103\u021bile queer pe timp de r\u0103zboi","og_description":"Jurnalismul pare a fi o profesie condus\u0103 de principiul s\u0103 ai grij\u0103 de aproapele t\u0103u &#8211; informa\u021bional, neutru \u0219i obiectiv....","og_url":"https:\/\/bangbang.md\/ru\/2023\/01\/16\/peer-to-peer-journalism-cum-sa-scrii-despre-comunitatile-queer-pe-timp-de-razboi\/","og_site_name":"BANG-BANG","article_publisher":"https:\/\/www.facebook.com\/bangbangmoldova","article_published_time":"2023-01-16T13:24:23+00:00","article_modified_time":"2023-01-16T13:24:25+00:00","og_image":[{"width":2560,"height":1707,"url":"https:\/\/bangbang.md\/wp-content\/uploads\/2023\/01\/MG_9486-scaled.jpg","type":"image\/jpeg"}],"author":"Redactia","twitter_card":"summary_large_image","twitter_misc":{"\u041d\u0430\u043f\u0438\u0441\u0430\u043d\u043e \u0430\u0432\u0442\u043e\u0440\u043e\u043c":"Redactia","\u041f\u0440\u0438\u043c\u0435\u0440\u043d\u043e\u0435 \u0432\u0440\u0435\u043c\u044f \u0434\u043b\u044f \u0447\u0442\u0435\u043d\u0438\u044f":"11 \u043c\u0438\u043d\u0443\u0442"},"schema":{"@context":"https:\/\/schema.org","@graph":[{"@type":"Article","@id":"https:\/\/bangbang.md\/2023\/01\/16\/peer-to-peer-journalism-cum-sa-scrii-despre-comunitatile-queer-pe-timp-de-razboi\/#article","isPartOf":{"@id":"https:\/\/bangbang.md\/2023\/01\/16\/peer-to-peer-journalism-cum-sa-scrii-despre-comunitatile-queer-pe-timp-de-razboi\/"},"author":{"name":"Redactia","@id":"https:\/\/bangbang.md\/#\/schema\/person\/3c4bdd852f2d2f8db3bde1e81e9676a2"},"headline":"Peer-to-peer journalism: Cum s\u0103 scrii despre comunit\u0103\u021bile queer pe timp de r\u0103zboi","datePublished":"2023-01-16T13:24:23+00:00","dateModified":"2023-01-16T13:24:25+00:00","mainEntityOfPage":{"@id":"https:\/\/bangbang.md\/2023\/01\/16\/peer-to-peer-journalism-cum-sa-scrii-despre-comunitatile-queer-pe-timp-de-razboi\/"},"wordCount":2087,"commentCount":0,"publisher":{"@id":"https:\/\/bangbang.md\/#organization"},"keywords":["LGBT Moldova","queer"],"articleSection":["Lumea noastr\u0103","Queer &amp; Proud","Recomand\u0103ri"],"inLanguage":"ru-RU"},{"@type":"WebPage","@id":"https:\/\/bangbang.md\/2023\/01\/16\/peer-to-peer-journalism-cum-sa-scrii-despre-comunitatile-queer-pe-timp-de-razboi\/","url":"https:\/\/bangbang.md\/2023\/01\/16\/peer-to-peer-journalism-cum-sa-scrii-despre-comunitatile-queer-pe-timp-de-razboi\/","name":"Peer-to-peer journalism: Cum s\u0103 scrii despre comunit\u0103\u021bile queer pe timp de r\u0103zboi - BANG-BANG","isPartOf":{"@id":"https:\/\/bangbang.md\/#website"},"datePublished":"2023-01-16T13:24:23+00:00","dateModified":"2023-01-16T13:24:25+00:00","breadcrumb":{"@id":"https:\/\/bangbang.md\/2023\/01\/16\/peer-to-peer-journalism-cum-sa-scrii-despre-comunitatile-queer-pe-timp-de-razboi\/#breadcrumb"},"inLanguage":"ru-RU","potentialAction":[{"@type":"ReadAction","target":["https:\/\/bangbang.md\/2023\/01\/16\/peer-to-peer-journalism-cum-sa-scrii-despre-comunitatile-queer-pe-timp-de-razboi\/"]}]},{"@type":"BreadcrumbList","@id":"https:\/\/bangbang.md\/2023\/01\/16\/peer-to-peer-journalism-cum-sa-scrii-despre-comunitatile-queer-pe-timp-de-razboi\/#breadcrumb","itemListElement":[{"@type":"ListItem","position":1,"name":"Prima pagin\u0103","item":"https:\/\/bangbang.md\/"},{"@type":"ListItem","position":2,"name":"Peer-to-peer journalism: Cum s\u0103 scrii despre comunit\u0103\u021bile queer pe timp de r\u0103zboi"}]},{"@type":"WebSite","@id":"https:\/\/bangbang.md\/#website","url":"https:\/\/bangbang.md\/","name":"BANG-BANG","description":"Portal web dedicat comunit\u0103\u021bii LGBTQ d RM","publisher":{"@id":"https:\/\/bangbang.md\/#organization"},"potentialAction":[{"@type":"SearchAction","target":{"@type":"EntryPoint","urlTemplate":"https:\/\/bangbang.md\/?s={search_term_string}"},"query-input":"required name=search_term_string"}],"inLanguage":"ru-RU"},{"@type":"Organization","@id":"https:\/\/bangbang.md\/#organization","name":"Bang bang","url":"https:\/\/bangbang.md\/","logo":{"@type":"ImageObject","inLanguage":"ru-RU","@id":"https:\/\/bangbang.md\/#\/schema\/logo\/image\/","url":"https:\/\/bangbang.md\/wp-content\/uploads\/2022\/07\/cropped-Group.jpg","contentUrl":"https:\/\/bangbang.md\/wp-content\/uploads\/2022\/07\/cropped-Group.jpg","width":512,"height":512,"caption":"Bang bang"},"image":{"@id":"https:\/\/bangbang.md\/#\/schema\/logo\/image\/"},"sameAs":["https:\/\/www.facebook.com\/bangbangmoldova"]},{"@type":"Person","@id":"https:\/\/bangbang.md\/#\/schema\/person\/3c4bdd852f2d2f8db3bde1e81e9676a2","name":"Redactia","image":{"@type":"ImageObject","inLanguage":"ru-RU","@id":"https:\/\/bangbang.md\/#\/schema\/person\/image\/","url":"https:\/\/secure.gravatar.com\/avatar\/31b9e560d1e50693e5c3bec169fad34f40ffc3d32174e8953ddc1d30a6216ced?s=96&d=mm&r=g","contentUrl":"https:\/\/secure.gravatar.com\/avatar\/31b9e560d1e50693e5c3bec169fad34f40ffc3d32174e8953ddc1d30a6216ced?s=96&d=mm&r=g","caption":"Redactia"},"url":"https:\/\/bangbang.md\/ru\/author\/redactia\/"}]}},"_links":{"self":[{"href":"https:\/\/bangbang.md\/ru\/wp-json\/wp\/v2\/posts\/3916","targetHints":{"allow":["GET"]}}],"collection":[{"href":"https:\/\/bangbang.md\/ru\/wp-json\/wp\/v2\/posts"}],"about":[{"href":"https:\/\/bangbang.md\/ru\/wp-json\/wp\/v2\/types\/post"}],"author":[{"embeddable":true,"href":"https:\/\/bangbang.md\/ru\/wp-json\/wp\/v2\/users\/4"}],"replies":[{"embeddable":true,"href":"https:\/\/bangbang.md\/ru\/wp-json\/wp\/v2\/comments?post=3916"}],"version-history":[{"count":5,"href":"https:\/\/bangbang.md\/ru\/wp-json\/wp\/v2\/posts\/3916\/revisions"}],"predecessor-version":[{"id":3928,"href":"https:\/\/bangbang.md\/ru\/wp-json\/wp\/v2\/posts\/3916\/revisions\/3928"}],"wp:featuredmedia":[{"embeddable":true,"href":"https:\/\/bangbang.md\/ru\/wp-json\/wp\/v2\/media\/3927"}],"wp:attachment":[{"href":"https:\/\/bangbang.md\/ru\/wp-json\/wp\/v2\/media?parent=3916"}],"wp:term":[{"taxonomy":"category","embeddable":true,"href":"https:\/\/bangbang.md\/ru\/wp-json\/wp\/v2\/categories?post=3916"},{"taxonomy":"post_tag","embeddable":true,"href":"https:\/\/bangbang.md\/ru\/wp-json\/wp\/v2\/tags?post=3916"}],"curies":[{"name":"wp","href":"https:\/\/api.w.org\/{rel}","templated":true}]}}