{"id":3862,"date":"2022-12-29T16:13:11","date_gmt":"2022-12-29T16:13:11","guid":{"rendered":"https:\/\/bangbang.md\/?p=3862"},"modified":"2022-12-29T16:32:51","modified_gmt":"2022-12-29T16:32:51","slug":"fotografiile-care-demonstreaza-ca-lumea-a-fost-dintotdeauna-queer","status":"publish","type":"post","link":"https:\/\/bangbang.md\/ru\/2022\/12\/29\/fotografiile-care-demonstreaza-ca-lumea-a-fost-dintotdeauna-queer\/","title":{"rendered":"Fotografiile care demonstreaz\u0103 c\u0103 lumea a fost dintotdeauna queer"},"content":{"rendered":"<h2 class=\"wp-block-heading\" id=\"h-la-expozi\u021bia-queerness-in-photography-galeria-c-o-berlin-curatorul-felix-hoffman-a-raspuns-la-intrebari-despre-polaroide-travestire-\u0219i-arestari-scrie-vice\">La expozi\u021bia <em>Queerness in Photography<\/em>, galeria C|O Berlin, curatorul Felix Hoffman, a r\u0103spuns la \u00eentreb\u0103ri despre polaroide, travestire \u0219i arest\u0103ri, scrie <a href=\"https:\/\/www.vice.com\/ro\/article\/7k87qa\/fotografii-lumea-queer?utm_source=viceinstarom&amp;fbclid=IwAR3cAJUuJvUoRAT0zn_fkyXKvObzVBFxpiosn7QnYUqpipF6sMcirhNW2aE\" target=\"_blank\" rel=\"noreferrer noopener\">vice<\/a>.<\/h2>\n\n\n\n<p>Curatorul poveste\u0219te, printre altele, despre Bambi, una dintre primele femei trans, care \u0219i-a schimbat biologic sexul. Acesta spune c\u0103 Bambi s-a n\u0103scut b\u0103iat \u0219i a plecat la Paris c\u00e2nd avea 16 ani. Acolo \u0219i-a c\u00e2\u0219tigat existen\u021ba din cabaret. A folosit banii ca s\u0103-\u0219i fac\u0103 opera\u021bia \u00een 1960. Ulterior, a lucrat ca profesoar\u0103. Timp de decenii n-a spus nim\u0103nui c\u0103 e trans, din frica de a nu fie respins\u0103 de societate. \u00cenc\u0103 locuie\u0219te \u00een Fran\u021ba \u0219i lucreaz\u0103 ca profesoar\u0103.<\/p>\n\n\n\n<p class=\"has-text-align-center\"><img loading=\"lazy\" decoding=\"async\" width=\"392\" height=\"277\" src=\"https:\/\/lh5.googleusercontent.com\/4orTR-N_BWManxJ0AtzFRDl5ocy7QdapdvGmK44zW5cs-ESDqx09qkMn4rGTHYTFMcZena3rhnxIrwhNf9lpp_KBMlFWloVxw-uphrNUqJTa67d4NWx-DF-3LQzdHLPJt1wB_OcxyCFS_E5B3DBNFpqG53ICNl0GAT_lpAWtau66q2d1CK7jy8cGPLVwew\"><\/p>\n\n\n\n<p class=\"has-text-align-center\"><sup>PARIS, 1958. Bambi e cea din marginea st\u00e2ng\u0103. S\u00e8bastien Lifshitz Collection<\/sup><\/p>\n\n\n\n<p>Expozi\u021bia arat\u0103 c\u0103 oamenii au fost dintotdeauna queer c\u00e2nd vine vorba de rolurile de gen fixe. Mereu au existat b\u0103rba\u021bi care purtau haine de femei \u0219i femei care purtau haine de b\u0103rba\u021bi. Asta na\u0219te \u00eentrebarea dac\u0103 are vreun sens s\u0103 atribui cuiva un gen pe baza aspectului exterior.<\/p>\n\n\n\n<p class=\"has-text-align-center\"><img loading=\"lazy\" decoding=\"async\" src=\"https:\/\/lh6.googleusercontent.com\/WhmbmlMfnNK7747ydLnvOkInpQh1gWRFvLbna4T7DDuMVMmUFeKYKgFW6F6Cs7qgw03dFq-sgwothrctOqnNaXA9G1xxZ-vhweDWwF9nYgMfV3y2UxfUucQOVpMn6zakgsuFxXSE2qC7AG42yTVwZM00Nk3kUEl4ffvD9zxcZAhxY9BMREj5vggjDrkz8g\" width=\"388\" height=\"522\"><\/p>\n\n\n\n<p class=\"has-text-align-center\"><sup>SUA, 1930. S\u00e8bastien Lifshitz Collection<\/sup><\/p>\n\n\n\n<p>Curatorul mai poveste\u0219te c\u0103 cea mai veche fotografie queer este de la \u00eenceputul secolului al XIX-lea. Pe atunci, travestirea era tratat\u0103 ca o infrac\u021biune. B\u0103rba\u021bii care purtau haine de femei \u0219i femeile care purtau haine de b\u0103rba\u021bi riscau zilnic s\u0103 fie aresta\u021bi.<\/p>\n\n\n\n<p class=\"has-text-align-center\"><img loading=\"lazy\" decoding=\"async\" src=\"https:\/\/lh5.googleusercontent.com\/b_KhCD6AaaVIb_GptdAa7tgFmyc8ZUpxC7Mv3m64KJE8xjGPvXSR1yD1Epv357_SfM2_iZ2lNT2-PdMwlxwlTOkRjC80EZYT_YTiSSuYQnA1ogOLHKu5ZdCJylmyQwE6L1YpBubatEaLy3naMlfg_5rsL3rEz9N4XJQcDJ8dOzYf5SCOUkxw-oHLLgq-LQ\" width=\"389\" height=\"264\"><\/p>\n\n\n\n<p class=\"has-text-align-center\"><sup>SUA, 1912. S\u00e8bastien Lifshitz Collection<\/sup><\/p>\n\n\n\n<p>\u00cen secolul al XIX-lea erau multe sisteme politice \u00een jurul lumii care te persecutau dac\u0103 nu te \u00eembr\u0103cai conform normei. Din punct de vedere legal, persecu\u021bia aceasta a durat p\u00e2n\u0103 la finalul secolului al XX-lea. \u00cen Germania a fost decriminalizat\u0103 homosexualitatea abia din 1994.<\/p>\n\n\n\n<p class=\"has-text-align-center\"><img loading=\"lazy\" decoding=\"async\" src=\"https:\/\/lh5.googleusercontent.com\/T8-tW2eftDqyHBfG0Ib1LecnUZ_ZdNAE6FgVVKbLG5JpsJjTIeQJDbPM3IdgJKVnUd5Bgu32Xh5x8ySyPmsIP1bAxGxP3U88rNrQfhvtSF5KdobmPTptPJp2fQ3hAfqgfgPY_8NvC_3eVGAE4wchr5eGNop0nsBCKDHJ-zoFfaB8Uhez4kGV41VH-UoKVA\" width=\"389\" height=\"420\"><\/p>\n\n\n\n<p class=\"has-text-align-center\"><sup>SUA, 1950. S\u00e8bastien Lifshitz Collection<\/sup><\/p>","protected":false},"excerpt":{"rendered":"<p>La expozi\u021bia Queerness in Photography, galeria C|O Berlin, curatorul Felix Hoffman, a r\u0103spuns la \u00eentreb\u0103ri despre polaroide, travestire \u0219i arest\u0103ri,&#8230;<\/p>","protected":false},"author":4,"featured_media":3865,"comment_status":"open","ping_status":"open","sticky":false,"template":"","format":"standard","meta":{"footnotes":""},"categories":[179,178],"tags":[469,197,207],"class_list":["post-3862","post","type-post","status-publish","format-standard","has-post-thumbnail","hentry","category-lumea-noastra","category-queer-proud","tag-foto","tag-lgbtq","tag-queer"],"yoast_head":"<!-- This site is optimized with the Yoast SEO Premium plugin v18.9 (Yoast SEO v20.13) - https:\/\/yoast.com\/wordpress\/plugins\/seo\/ -->\n<title>Fotografiile care demonstreaz\u0103 c\u0103 lumea a fost dintotdeauna queer - BANG-BANG<\/title>\n<meta name=\"robots\" content=\"index, follow, max-snippet:-1, max-image-preview:large, max-video-preview:-1\" \/>\n<link rel=\"canonical\" href=\"https:\/\/bangbang.md\/ru\/2022\/12\/29\/fotografiile-care-demonstreaza-ca-lumea-a-fost-dintotdeauna-queer\/\" \/>\n<meta property=\"og:locale\" content=\"ru_RU\" \/>\n<meta property=\"og:type\" content=\"article\" \/>\n<meta property=\"og:title\" content=\"Fotografiile care demonstreaz\u0103 c\u0103 lumea a fost dintotdeauna queer\" \/>\n<meta property=\"og:description\" content=\"La expozi\u021bia Queerness in Photography, galeria C|O Berlin, curatorul Felix Hoffman, a r\u0103spuns la \u00eentreb\u0103ri despre polaroide, travestire \u0219i arest\u0103ri,...\" \/>\n<meta property=\"og:url\" content=\"https:\/\/bangbang.md\/ru\/2022\/12\/29\/fotografiile-care-demonstreaza-ca-lumea-a-fost-dintotdeauna-queer\/\" \/>\n<meta property=\"og:site_name\" content=\"BANG-BANG\" \/>\n<meta property=\"article:publisher\" content=\"https:\/\/www.facebook.com\/bangbangmoldova\" \/>\n<meta property=\"article:published_time\" content=\"2022-12-29T16:13:11+00:00\" \/>\n<meta property=\"article:modified_time\" content=\"2022-12-29T16:32:51+00:00\" \/>\n<meta property=\"og:image\" content=\"https:\/\/bangbang.md\/wp-content\/uploads\/2022\/12\/2022-12-29-1.png\" \/>\n\t<meta property=\"og:image:width\" content=\"419\" \/>\n\t<meta property=\"og:image:height\" content=\"287\" \/>\n\t<meta property=\"og:image:type\" content=\"image\/png\" \/>\n<meta name=\"author\" content=\"Redactia\" \/>\n<meta name=\"twitter:card\" content=\"summary_large_image\" \/>\n<meta name=\"twitter:label1\" content=\"\u041d\u0430\u043f\u0438\u0441\u0430\u043d\u043e \u0430\u0432\u0442\u043e\u0440\u043e\u043c\" \/>\n\t<meta name=\"twitter:data1\" content=\"Redactia\" \/>\n\t<meta name=\"twitter:label2\" content=\"\u041f\u0440\u0438\u043c\u0435\u0440\u043d\u043e\u0435 \u0432\u0440\u0435\u043c\u044f \u0434\u043b\u044f \u0447\u0442\u0435\u043d\u0438\u044f\" \/>\n\t<meta name=\"twitter:data2\" content=\"3 \u043c\u0438\u043d\u0443\u0442\u044b\" \/>\n<script type=\"application\/ld+json\" class=\"yoast-schema-graph\">{\"@context\":\"https:\/\/schema.org\",\"@graph\":[{\"@type\":\"Article\",\"@id\":\"https:\/\/bangbang.md\/2022\/12\/29\/fotografiile-care-demonstreaza-ca-lumea-a-fost-dintotdeauna-queer\/#article\",\"isPartOf\":{\"@id\":\"https:\/\/bangbang.md\/2022\/12\/29\/fotografiile-care-demonstreaza-ca-lumea-a-fost-dintotdeauna-queer\/\"},\"author\":{\"name\":\"Redactia\",\"@id\":\"https:\/\/bangbang.md\/#\/schema\/person\/3c4bdd852f2d2f8db3bde1e81e9676a2\"},\"headline\":\"Fotografiile care demonstreaz\u0103 c\u0103 lumea a fost dintotdeauna queer\",\"datePublished\":\"2022-12-29T16:13:11+00:00\",\"dateModified\":\"2022-12-29T16:32:51+00:00\",\"mainEntityOfPage\":{\"@id\":\"https:\/\/bangbang.md\/2022\/12\/29\/fotografiile-care-demonstreaza-ca-lumea-a-fost-dintotdeauna-queer\/\"},\"wordCount\":301,\"commentCount\":0,\"publisher\":{\"@id\":\"https:\/\/bangbang.md\/#organization\"},\"keywords\":[\"foto\",\"LGBTQ+\",\"queer\"],\"articleSection\":[\"Lumea noastr\u0103\",\"Queer &amp; Proud\"],\"inLanguage\":\"ru-RU\"},{\"@type\":\"WebPage\",\"@id\":\"https:\/\/bangbang.md\/2022\/12\/29\/fotografiile-care-demonstreaza-ca-lumea-a-fost-dintotdeauna-queer\/\",\"url\":\"https:\/\/bangbang.md\/2022\/12\/29\/fotografiile-care-demonstreaza-ca-lumea-a-fost-dintotdeauna-queer\/\",\"name\":\"Fotografiile care demonstreaz\u0103 c\u0103 lumea a fost dintotdeauna queer - BANG-BANG\",\"isPartOf\":{\"@id\":\"https:\/\/bangbang.md\/#website\"},\"datePublished\":\"2022-12-29T16:13:11+00:00\",\"dateModified\":\"2022-12-29T16:32:51+00:00\",\"breadcrumb\":{\"@id\":\"https:\/\/bangbang.md\/2022\/12\/29\/fotografiile-care-demonstreaza-ca-lumea-a-fost-dintotdeauna-queer\/#breadcrumb\"},\"inLanguage\":\"ru-RU\",\"potentialAction\":[{\"@type\":\"ReadAction\",\"target\":[\"https:\/\/bangbang.md\/2022\/12\/29\/fotografiile-care-demonstreaza-ca-lumea-a-fost-dintotdeauna-queer\/\"]}]},{\"@type\":\"BreadcrumbList\",\"@id\":\"https:\/\/bangbang.md\/2022\/12\/29\/fotografiile-care-demonstreaza-ca-lumea-a-fost-dintotdeauna-queer\/#breadcrumb\",\"itemListElement\":[{\"@type\":\"ListItem\",\"position\":1,\"name\":\"Prima pagin\u0103\",\"item\":\"https:\/\/bangbang.md\/\"},{\"@type\":\"ListItem\",\"position\":2,\"name\":\"Fotografiile care demonstreaz\u0103 c\u0103 lumea a fost dintotdeauna queer\"}]},{\"@type\":\"WebSite\",\"@id\":\"https:\/\/bangbang.md\/#website\",\"url\":\"https:\/\/bangbang.md\/\",\"name\":\"BANG-BANG\",\"description\":\"Portal web dedicat comunit\u0103\u021bii LGBTQ d RM\",\"publisher\":{\"@id\":\"https:\/\/bangbang.md\/#organization\"},\"potentialAction\":[{\"@type\":\"SearchAction\",\"target\":{\"@type\":\"EntryPoint\",\"urlTemplate\":\"https:\/\/bangbang.md\/?s={search_term_string}\"},\"query-input\":\"required name=search_term_string\"}],\"inLanguage\":\"ru-RU\"},{\"@type\":\"Organization\",\"@id\":\"https:\/\/bangbang.md\/#organization\",\"name\":\"Bang bang\",\"url\":\"https:\/\/bangbang.md\/\",\"logo\":{\"@type\":\"ImageObject\",\"inLanguage\":\"ru-RU\",\"@id\":\"https:\/\/bangbang.md\/#\/schema\/logo\/image\/\",\"url\":\"https:\/\/bangbang.md\/wp-content\/uploads\/2022\/07\/cropped-Group.jpg\",\"contentUrl\":\"https:\/\/bangbang.md\/wp-content\/uploads\/2022\/07\/cropped-Group.jpg\",\"width\":512,\"height\":512,\"caption\":\"Bang bang\"},\"image\":{\"@id\":\"https:\/\/bangbang.md\/#\/schema\/logo\/image\/\"},\"sameAs\":[\"https:\/\/www.facebook.com\/bangbangmoldova\"]},{\"@type\":\"Person\",\"@id\":\"https:\/\/bangbang.md\/#\/schema\/person\/3c4bdd852f2d2f8db3bde1e81e9676a2\",\"name\":\"Redactia\",\"image\":{\"@type\":\"ImageObject\",\"inLanguage\":\"ru-RU\",\"@id\":\"https:\/\/bangbang.md\/#\/schema\/person\/image\/\",\"url\":\"https:\/\/secure.gravatar.com\/avatar\/31b9e560d1e50693e5c3bec169fad34f40ffc3d32174e8953ddc1d30a6216ced?s=96&d=mm&r=g\",\"contentUrl\":\"https:\/\/secure.gravatar.com\/avatar\/31b9e560d1e50693e5c3bec169fad34f40ffc3d32174e8953ddc1d30a6216ced?s=96&d=mm&r=g\",\"caption\":\"Redactia\"},\"url\":\"https:\/\/bangbang.md\/ru\/author\/redactia\/\"}]}<\/script>\n<!-- \/ Yoast SEO Premium plugin. -->","yoast_head_json":{"title":"Fotografiile care demonstreaz\u0103 c\u0103 lumea a fost dintotdeauna queer - BANG-BANG","robots":{"index":"index","follow":"follow","max-snippet":"max-snippet:-1","max-image-preview":"max-image-preview:large","max-video-preview":"max-video-preview:-1"},"canonical":"https:\/\/bangbang.md\/ru\/2022\/12\/29\/fotografiile-care-demonstreaza-ca-lumea-a-fost-dintotdeauna-queer\/","og_locale":"ru_RU","og_type":"article","og_title":"Fotografiile care demonstreaz\u0103 c\u0103 lumea a fost dintotdeauna queer","og_description":"La expozi\u021bia Queerness in Photography, galeria C|O Berlin, curatorul Felix Hoffman, a r\u0103spuns la \u00eentreb\u0103ri despre polaroide, travestire \u0219i arest\u0103ri,...","og_url":"https:\/\/bangbang.md\/ru\/2022\/12\/29\/fotografiile-care-demonstreaza-ca-lumea-a-fost-dintotdeauna-queer\/","og_site_name":"BANG-BANG","article_publisher":"https:\/\/www.facebook.com\/bangbangmoldova","article_published_time":"2022-12-29T16:13:11+00:00","article_modified_time":"2022-12-29T16:32:51+00:00","og_image":[{"width":419,"height":287,"url":"https:\/\/bangbang.md\/wp-content\/uploads\/2022\/12\/2022-12-29-1.png","type":"image\/png"}],"author":"Redactia","twitter_card":"summary_large_image","twitter_misc":{"\u041d\u0430\u043f\u0438\u0441\u0430\u043d\u043e \u0430\u0432\u0442\u043e\u0440\u043e\u043c":"Redactia","\u041f\u0440\u0438\u043c\u0435\u0440\u043d\u043e\u0435 \u0432\u0440\u0435\u043c\u044f \u0434\u043b\u044f \u0447\u0442\u0435\u043d\u0438\u044f":"3 \u043c\u0438\u043d\u0443\u0442\u044b"},"schema":{"@context":"https:\/\/schema.org","@graph":[{"@type":"Article","@id":"https:\/\/bangbang.md\/2022\/12\/29\/fotografiile-care-demonstreaza-ca-lumea-a-fost-dintotdeauna-queer\/#article","isPartOf":{"@id":"https:\/\/bangbang.md\/2022\/12\/29\/fotografiile-care-demonstreaza-ca-lumea-a-fost-dintotdeauna-queer\/"},"author":{"name":"Redactia","@id":"https:\/\/bangbang.md\/#\/schema\/person\/3c4bdd852f2d2f8db3bde1e81e9676a2"},"headline":"Fotografiile care demonstreaz\u0103 c\u0103 lumea a fost dintotdeauna queer","datePublished":"2022-12-29T16:13:11+00:00","dateModified":"2022-12-29T16:32:51+00:00","mainEntityOfPage":{"@id":"https:\/\/bangbang.md\/2022\/12\/29\/fotografiile-care-demonstreaza-ca-lumea-a-fost-dintotdeauna-queer\/"},"wordCount":301,"commentCount":0,"publisher":{"@id":"https:\/\/bangbang.md\/#organization"},"keywords":["foto","LGBTQ+","queer"],"articleSection":["Lumea noastr\u0103","Queer &amp; Proud"],"inLanguage":"ru-RU"},{"@type":"WebPage","@id":"https:\/\/bangbang.md\/2022\/12\/29\/fotografiile-care-demonstreaza-ca-lumea-a-fost-dintotdeauna-queer\/","url":"https:\/\/bangbang.md\/2022\/12\/29\/fotografiile-care-demonstreaza-ca-lumea-a-fost-dintotdeauna-queer\/","name":"Fotografiile care demonstreaz\u0103 c\u0103 lumea a fost dintotdeauna queer - BANG-BANG","isPartOf":{"@id":"https:\/\/bangbang.md\/#website"},"datePublished":"2022-12-29T16:13:11+00:00","dateModified":"2022-12-29T16:32:51+00:00","breadcrumb":{"@id":"https:\/\/bangbang.md\/2022\/12\/29\/fotografiile-care-demonstreaza-ca-lumea-a-fost-dintotdeauna-queer\/#breadcrumb"},"inLanguage":"ru-RU","potentialAction":[{"@type":"ReadAction","target":["https:\/\/bangbang.md\/2022\/12\/29\/fotografiile-care-demonstreaza-ca-lumea-a-fost-dintotdeauna-queer\/"]}]},{"@type":"BreadcrumbList","@id":"https:\/\/bangbang.md\/2022\/12\/29\/fotografiile-care-demonstreaza-ca-lumea-a-fost-dintotdeauna-queer\/#breadcrumb","itemListElement":[{"@type":"ListItem","position":1,"name":"Prima pagin\u0103","item":"https:\/\/bangbang.md\/"},{"@type":"ListItem","position":2,"name":"Fotografiile care demonstreaz\u0103 c\u0103 lumea a fost dintotdeauna queer"}]},{"@type":"WebSite","@id":"https:\/\/bangbang.md\/#website","url":"https:\/\/bangbang.md\/","name":"BANG-BANG","description":"Portal web dedicat comunit\u0103\u021bii LGBTQ d RM","publisher":{"@id":"https:\/\/bangbang.md\/#organization"},"potentialAction":[{"@type":"SearchAction","target":{"@type":"EntryPoint","urlTemplate":"https:\/\/bangbang.md\/?s={search_term_string}"},"query-input":"required name=search_term_string"}],"inLanguage":"ru-RU"},{"@type":"Organization","@id":"https:\/\/bangbang.md\/#organization","name":"Bang bang","url":"https:\/\/bangbang.md\/","logo":{"@type":"ImageObject","inLanguage":"ru-RU","@id":"https:\/\/bangbang.md\/#\/schema\/logo\/image\/","url":"https:\/\/bangbang.md\/wp-content\/uploads\/2022\/07\/cropped-Group.jpg","contentUrl":"https:\/\/bangbang.md\/wp-content\/uploads\/2022\/07\/cropped-Group.jpg","width":512,"height":512,"caption":"Bang bang"},"image":{"@id":"https:\/\/bangbang.md\/#\/schema\/logo\/image\/"},"sameAs":["https:\/\/www.facebook.com\/bangbangmoldova"]},{"@type":"Person","@id":"https:\/\/bangbang.md\/#\/schema\/person\/3c4bdd852f2d2f8db3bde1e81e9676a2","name":"Redactia","image":{"@type":"ImageObject","inLanguage":"ru-RU","@id":"https:\/\/bangbang.md\/#\/schema\/person\/image\/","url":"https:\/\/secure.gravatar.com\/avatar\/31b9e560d1e50693e5c3bec169fad34f40ffc3d32174e8953ddc1d30a6216ced?s=96&d=mm&r=g","contentUrl":"https:\/\/secure.gravatar.com\/avatar\/31b9e560d1e50693e5c3bec169fad34f40ffc3d32174e8953ddc1d30a6216ced?s=96&d=mm&r=g","caption":"Redactia"},"url":"https:\/\/bangbang.md\/ru\/author\/redactia\/"}]}},"_links":{"self":[{"href":"https:\/\/bangbang.md\/ru\/wp-json\/wp\/v2\/posts\/3862","targetHints":{"allow":["GET"]}}],"collection":[{"href":"https:\/\/bangbang.md\/ru\/wp-json\/wp\/v2\/posts"}],"about":[{"href":"https:\/\/bangbang.md\/ru\/wp-json\/wp\/v2\/types\/post"}],"author":[{"embeddable":true,"href":"https:\/\/bangbang.md\/ru\/wp-json\/wp\/v2\/users\/4"}],"replies":[{"embeddable":true,"href":"https:\/\/bangbang.md\/ru\/wp-json\/wp\/v2\/comments?post=3862"}],"version-history":[{"count":3,"href":"https:\/\/bangbang.md\/ru\/wp-json\/wp\/v2\/posts\/3862\/revisions"}],"predecessor-version":[{"id":3867,"href":"https:\/\/bangbang.md\/ru\/wp-json\/wp\/v2\/posts\/3862\/revisions\/3867"}],"wp:featuredmedia":[{"embeddable":true,"href":"https:\/\/bangbang.md\/ru\/wp-json\/wp\/v2\/media\/3865"}],"wp:attachment":[{"href":"https:\/\/bangbang.md\/ru\/wp-json\/wp\/v2\/media?parent=3862"}],"wp:term":[{"taxonomy":"category","embeddable":true,"href":"https:\/\/bangbang.md\/ru\/wp-json\/wp\/v2\/categories?post=3862"},{"taxonomy":"post_tag","embeddable":true,"href":"https:\/\/bangbang.md\/ru\/wp-json\/wp\/v2\/tags?post=3862"}],"curies":[{"name":"wp","href":"https:\/\/api.w.org\/{rel}","templated":true}]}}