{"id":3680,"date":"2022-11-28T14:39:00","date_gmt":"2022-11-28T14:39:00","guid":{"rendered":"https:\/\/bangbang.md\/?p=3680"},"modified":"2022-11-28T14:39:01","modified_gmt":"2022-11-28T14:39:01","slug":"studiu-problemele-cu-care-se-confrunta-adolescentii-lgbt-din-republica-moldova","status":"publish","type":"post","link":"https:\/\/bangbang.md\/ru\/2022\/11\/28\/studiu-problemele-cu-care-se-confrunta-adolescentii-lgbt-din-republica-moldova\/","title":{"rendered":"Studiu: Problemele cu care se confrunt\u0103 adolescen\u021bii LGBT+ din Republica Moldova"},"content":{"rendered":"<h2 class=\"wp-block-heading\" id=\"h-centrul-gdm-a-efectuat-un-studiu-privind-analiza-problemelor-cu-care-se-confrunta-adolescen\u021bii-lgbt-din-republica-moldova\">Centrul GDM a efectuat un studiu privind analiza problemelor cu care se confrunt\u0103 adolescen\u021bii LGBT+ din Republica Moldova.<\/h2>\n\n\n\n<h2 class=\"wp-block-heading\">Astfel, majoritatea adolescen\u021bilor intervieva\u021bi au afirmat c\u0103 au dezv\u0103luit orientarea lor sexual\u0103\/ identitatea lor de gen unui cerc restr\u00e2ns de persoane \u2013 cel mai des, prietenilor apropia\u021bi, altor tineri LGBT+, fra\u021bilor sau surorilor, p\u0103rin\u021bilor. \u00cen ceea ce prive\u0219te rela\u021bia \u0219i interac\u021biunea cu familia, intervieva\u021bii au men\u021bionat \u00eentr-o m\u0103sur\u0103 mai mare c\u0103 au rela\u021bii neutre sau distante cu p\u0103rin\u021bii, arat\u0103 raportul <a href=\"https:\/\/www.facebook.com\/gdm.md\/posts\/2126576724201792\" target=\"_blank\" rel=\"noreferrer noopener\">Centrului GDM<\/a>.<\/h2>\n\n\n\n<p>Trei cele mai frecvente probleme cu care se confrunt\u0103 persoanele LGBT sunt reticen\u021ba de a dezv\u0103lui p\u0103rin\u021bilor despre orientarea sexual\u0103 sau identitatea de gen, discu\u021biile pu\u021bine \u00een institu\u021biile de \u00eenv\u0103\u021b\u0103m\u00e2nt \u0219i discriminarea, amenin\u021b\u0103rile, violen\u021ba.<\/p>\n\n\n\n<p>Principalele probleme \u00een rela\u021bionarea cu familia sunt reticen\u021ba de a dezv\u0103lui p\u0103rin\u021bilor orientarea sexual\u0103\/ identitatea de gen \u0219i p\u0103rerea negativ\u0103 a p\u0103rin\u021bilor fa\u021b\u0103 de comunitatea LGBT+. Totodat\u0103, unii adolescen\u021bi au declarat c\u0103 un p\u0103rinte sau un membru al familiei (sor\u0103, frate, bunica) au o atitudine de sus\u021binere \u0219i acceptare fa\u021b\u0103 de ei. C\u00e2\u021biva responden\u021bi au men\u021bionat c\u0103 au \u00eentrerupt rela\u021bia cu p\u0103rin\u021bii odat\u0103 ce au atins majoratul sau c\u0103 planific\u0103 s\u0103 o \u00eentrerup\u0103 odat\u0103 ce finalizeaz\u0103 \u0219coala \u0219i \u00ee\u0219i pot asigura independen\u021ba financiar\u0103.<\/p>\n\n\n\n<p>Majoritatea persoanelor intervievate au declarat c\u0103 orientarea sexual\u0103 \u0219i identitatea de gen sunt discutate pu\u021bin la \u0219coal\u0103. Unii responden\u021bi au men\u021bionat c\u0103 majoritatea colegilor sunt toleran\u021bi sau neutri, iar al\u021bii au indicat c\u0103 majoritatea colegilor au o p\u0103rere negativ\u0103 fa\u021b\u0103 de persoanele LGBT+. Spre deosebire de opinia care exist\u0103 \u00een r\u00e2ndul colegilor, responden\u021bii afirm\u0103 c\u0103 majoritatea profesorilor au sau au expus opinii negative despre persoanele LGBT+. \u00cen acela\u0219i timp, o parte din responden\u021bi au relatat c\u0103 \u00een \u0219coala lor exist\u0103 profesori cu o opinie neutr\u0103 sau sus\u021bin\u0103toare fa\u021b\u0103 de LGBT+.<\/p>\n\n\n\n<p>Referitor la problemele legate de spa\u021biul public, principala dificultate men\u021bionat\u0103 de responden\u021bi a fost discriminarea persoanelor LGBT+, atitudinea general\u0103 negativ\u0103, \u0219i amenin\u021b\u0103ri\/ violen\u021b\u0103 \u00eempotriva persoanelor LGBT+. Majoritatea intervieva\u021bilor au auzit despre cazuri \u00een care persoanele LGBT+ au fost agresate \u00een spa\u021biul public, iar unii dintre responden\u021bi au fost personal agresa\u021bi verbal \u0219i amenin\u021ba\u021bi \u00een spa\u021bii publice.<\/p>\n\n\n\n<p>\u00cen majoritatea situa\u021biilor, persoanele nu s-au adresat la poli\u021bie. O parte majoritar\u0103 a responden\u021bilor au expus o opinie negativ\u0103 fa\u021b\u0103 de poli\u021bie, men\u021bion\u00e2nd c\u0103 colaboratorii poli\u021biei nu sunt toleran\u021bi fa\u021b\u0103 de comunitatea LGBT+.<\/p>\n\n\n\n<p>Acest studiu a fost efectuat de Centrul de Informa\u021bii GENDERDOC-M, \u00een parteneriat cu Terre des Hommes Moldova \u0219i cu suportul financiar al The World Childhood Foundation.<\/p>\n\n\n\n<p>La studiu, condus de Magenta Consulting, au participat adolescen\u021bi LGBT+ cu v\u00e2rsta de 15 \u2013 19 ani. Discu\u021biile au avut loc \u00een perioada 25 noiembrie 2021 \u2013 28 ianuarie 2022.<\/p>\n\n\n\n<p>Studiul \u00een \u00eentregime \u00eel g\u0103si\u021bi pe acest link: <br>Link spre conferin\u021ba de pres\u0103: <a href=\"https:\/\/youtu.be\/uiGI24-OhQs\" target=\"_blank\" rel=\"noreferrer noopener\">https:\/\/youtu.be\/uiGI24-OhQs<\/a><\/p>","protected":false},"excerpt":{"rendered":"<p>Centrul GDM a efectuat un studiu privind analiza problemelor cu care se confrunt\u0103 adolescen\u021bii LGBT+ din Republica Moldova. Astfel, majoritatea&#8230;<\/p>","protected":false},"author":4,"featured_media":3681,"comment_status":"open","ping_status":"open","sticky":false,"template":"","format":"standard","meta":{"footnotes":""},"categories":[179,177],"tags":[374,197,199,321],"class_list":["post-3680","post","type-post","status-publish","format-standard","has-post-thumbnail","hentry","category-lumea-noastra","category-noutati","tag-centrul-gdm","tag-lgbtq","tag-queer-moldova","tag-studiu"],"yoast_head":"<!-- This site is optimized with the Yoast SEO Premium plugin v18.9 (Yoast SEO v20.13) - https:\/\/yoast.com\/wordpress\/plugins\/seo\/ -->\n<title>Studiu: Problemele cu care se confrunt\u0103 adolescen\u021bii LGBT+ din Republica Moldova - BANG-BANG<\/title>\n<meta name=\"robots\" content=\"index, follow, max-snippet:-1, max-image-preview:large, max-video-preview:-1\" \/>\n<link rel=\"canonical\" href=\"https:\/\/bangbang.md\/ru\/2022\/11\/28\/studiu-problemele-cu-care-se-confrunta-adolescentii-lgbt-din-republica-moldova\/\" \/>\n<meta property=\"og:locale\" content=\"ru_RU\" \/>\n<meta property=\"og:type\" content=\"article\" \/>\n<meta property=\"og:title\" content=\"Studiu: Problemele cu care se confrunt\u0103 adolescen\u021bii LGBT+ din Republica Moldova\" \/>\n<meta property=\"og:description\" content=\"Centrul GDM a efectuat un studiu privind analiza problemelor cu care se confrunt\u0103 adolescen\u021bii LGBT+ din Republica Moldova. Astfel, majoritatea...\" \/>\n<meta property=\"og:url\" content=\"https:\/\/bangbang.md\/ru\/2022\/11\/28\/studiu-problemele-cu-care-se-confrunta-adolescentii-lgbt-din-republica-moldova\/\" \/>\n<meta property=\"og:site_name\" content=\"BANG-BANG\" \/>\n<meta property=\"article:publisher\" content=\"https:\/\/www.facebook.com\/bangbangmoldova\" \/>\n<meta property=\"article:published_time\" content=\"2022-11-28T14:39:00+00:00\" \/>\n<meta property=\"article:modified_time\" content=\"2022-11-28T14:39:01+00:00\" \/>\n<meta property=\"og:image\" content=\"https:\/\/bangbang.md\/wp-content\/uploads\/2022\/11\/2022-11-28-2.png\" \/>\n\t<meta property=\"og:image:width\" content=\"696\" \/>\n\t<meta property=\"og:image:height\" content=\"346\" \/>\n\t<meta property=\"og:image:type\" content=\"image\/png\" \/>\n<meta name=\"author\" content=\"Redactia\" \/>\n<meta name=\"twitter:card\" content=\"summary_large_image\" \/>\n<meta name=\"twitter:label1\" content=\"\u041d\u0430\u043f\u0438\u0441\u0430\u043d\u043e \u0430\u0432\u0442\u043e\u0440\u043e\u043c\" \/>\n\t<meta name=\"twitter:data1\" content=\"Redactia\" \/>\n\t<meta name=\"twitter:label2\" content=\"\u041f\u0440\u0438\u043c\u0435\u0440\u043d\u043e\u0435 \u0432\u0440\u0435\u043c\u044f \u0434\u043b\u044f \u0447\u0442\u0435\u043d\u0438\u044f\" \/>\n\t<meta name=\"twitter:data2\" content=\"3 \u043c\u0438\u043d\u0443\u0442\u044b\" \/>\n<script type=\"application\/ld+json\" class=\"yoast-schema-graph\">{\"@context\":\"https:\/\/schema.org\",\"@graph\":[{\"@type\":\"Article\",\"@id\":\"https:\/\/bangbang.md\/2022\/11\/28\/studiu-problemele-cu-care-se-confrunta-adolescentii-lgbt-din-republica-moldova\/#article\",\"isPartOf\":{\"@id\":\"https:\/\/bangbang.md\/2022\/11\/28\/studiu-problemele-cu-care-se-confrunta-adolescentii-lgbt-din-republica-moldova\/\"},\"author\":{\"name\":\"Redactia\",\"@id\":\"https:\/\/bangbang.md\/#\/schema\/person\/3c4bdd852f2d2f8db3bde1e81e9676a2\"},\"headline\":\"Studiu: Problemele cu care se confrunt\u0103 adolescen\u021bii LGBT+ din Republica Moldova\",\"datePublished\":\"2022-11-28T14:39:00+00:00\",\"dateModified\":\"2022-11-28T14:39:01+00:00\",\"mainEntityOfPage\":{\"@id\":\"https:\/\/bangbang.md\/2022\/11\/28\/studiu-problemele-cu-care-se-confrunta-adolescentii-lgbt-din-republica-moldova\/\"},\"wordCount\":538,\"commentCount\":0,\"publisher\":{\"@id\":\"https:\/\/bangbang.md\/#organization\"},\"keywords\":[\"Centrul GDM\",\"LGBTQ+\",\"Queer Moldova\",\"studiu\"],\"articleSection\":[\"Lumea noastr\u0103\",\"Nout\u0103\u021bi\"],\"inLanguage\":\"ru-RU\"},{\"@type\":\"WebPage\",\"@id\":\"https:\/\/bangbang.md\/2022\/11\/28\/studiu-problemele-cu-care-se-confrunta-adolescentii-lgbt-din-republica-moldova\/\",\"url\":\"https:\/\/bangbang.md\/2022\/11\/28\/studiu-problemele-cu-care-se-confrunta-adolescentii-lgbt-din-republica-moldova\/\",\"name\":\"Studiu: Problemele cu care se confrunt\u0103 adolescen\u021bii LGBT+ din Republica Moldova - BANG-BANG\",\"isPartOf\":{\"@id\":\"https:\/\/bangbang.md\/#website\"},\"datePublished\":\"2022-11-28T14:39:00+00:00\",\"dateModified\":\"2022-11-28T14:39:01+00:00\",\"breadcrumb\":{\"@id\":\"https:\/\/bangbang.md\/2022\/11\/28\/studiu-problemele-cu-care-se-confrunta-adolescentii-lgbt-din-republica-moldova\/#breadcrumb\"},\"inLanguage\":\"ru-RU\",\"potentialAction\":[{\"@type\":\"ReadAction\",\"target\":[\"https:\/\/bangbang.md\/2022\/11\/28\/studiu-problemele-cu-care-se-confrunta-adolescentii-lgbt-din-republica-moldova\/\"]}]},{\"@type\":\"BreadcrumbList\",\"@id\":\"https:\/\/bangbang.md\/2022\/11\/28\/studiu-problemele-cu-care-se-confrunta-adolescentii-lgbt-din-republica-moldova\/#breadcrumb\",\"itemListElement\":[{\"@type\":\"ListItem\",\"position\":1,\"name\":\"Prima pagin\u0103\",\"item\":\"https:\/\/bangbang.md\/\"},{\"@type\":\"ListItem\",\"position\":2,\"name\":\"Studiu: Problemele cu care se confrunt\u0103 adolescen\u021bii LGBT+ din Republica Moldova\"}]},{\"@type\":\"WebSite\",\"@id\":\"https:\/\/bangbang.md\/#website\",\"url\":\"https:\/\/bangbang.md\/\",\"name\":\"BANG-BANG\",\"description\":\"Portal web dedicat comunit\u0103\u021bii LGBTQ d RM\",\"publisher\":{\"@id\":\"https:\/\/bangbang.md\/#organization\"},\"potentialAction\":[{\"@type\":\"SearchAction\",\"target\":{\"@type\":\"EntryPoint\",\"urlTemplate\":\"https:\/\/bangbang.md\/?s={search_term_string}\"},\"query-input\":\"required name=search_term_string\"}],\"inLanguage\":\"ru-RU\"},{\"@type\":\"Organization\",\"@id\":\"https:\/\/bangbang.md\/#organization\",\"name\":\"Bang bang\",\"url\":\"https:\/\/bangbang.md\/\",\"logo\":{\"@type\":\"ImageObject\",\"inLanguage\":\"ru-RU\",\"@id\":\"https:\/\/bangbang.md\/#\/schema\/logo\/image\/\",\"url\":\"https:\/\/bangbang.md\/wp-content\/uploads\/2022\/07\/cropped-Group.jpg\",\"contentUrl\":\"https:\/\/bangbang.md\/wp-content\/uploads\/2022\/07\/cropped-Group.jpg\",\"width\":512,\"height\":512,\"caption\":\"Bang bang\"},\"image\":{\"@id\":\"https:\/\/bangbang.md\/#\/schema\/logo\/image\/\"},\"sameAs\":[\"https:\/\/www.facebook.com\/bangbangmoldova\"]},{\"@type\":\"Person\",\"@id\":\"https:\/\/bangbang.md\/#\/schema\/person\/3c4bdd852f2d2f8db3bde1e81e9676a2\",\"name\":\"Redactia\",\"image\":{\"@type\":\"ImageObject\",\"inLanguage\":\"ru-RU\",\"@id\":\"https:\/\/bangbang.md\/#\/schema\/person\/image\/\",\"url\":\"https:\/\/secure.gravatar.com\/avatar\/31b9e560d1e50693e5c3bec169fad34f40ffc3d32174e8953ddc1d30a6216ced?s=96&d=mm&r=g\",\"contentUrl\":\"https:\/\/secure.gravatar.com\/avatar\/31b9e560d1e50693e5c3bec169fad34f40ffc3d32174e8953ddc1d30a6216ced?s=96&d=mm&r=g\",\"caption\":\"Redactia\"},\"url\":\"https:\/\/bangbang.md\/ru\/author\/redactia\/\"}]}<\/script>\n<!-- \/ Yoast SEO Premium plugin. -->","yoast_head_json":{"title":"Studiu: Problemele cu care se confrunt\u0103 adolescen\u021bii LGBT+ din Republica Moldova - BANG-BANG","robots":{"index":"index","follow":"follow","max-snippet":"max-snippet:-1","max-image-preview":"max-image-preview:large","max-video-preview":"max-video-preview:-1"},"canonical":"https:\/\/bangbang.md\/ru\/2022\/11\/28\/studiu-problemele-cu-care-se-confrunta-adolescentii-lgbt-din-republica-moldova\/","og_locale":"ru_RU","og_type":"article","og_title":"Studiu: Problemele cu care se confrunt\u0103 adolescen\u021bii LGBT+ din Republica Moldova","og_description":"Centrul GDM a efectuat un studiu privind analiza problemelor cu care se confrunt\u0103 adolescen\u021bii LGBT+ din Republica Moldova. Astfel, majoritatea...","og_url":"https:\/\/bangbang.md\/ru\/2022\/11\/28\/studiu-problemele-cu-care-se-confrunta-adolescentii-lgbt-din-republica-moldova\/","og_site_name":"BANG-BANG","article_publisher":"https:\/\/www.facebook.com\/bangbangmoldova","article_published_time":"2022-11-28T14:39:00+00:00","article_modified_time":"2022-11-28T14:39:01+00:00","og_image":[{"width":696,"height":346,"url":"https:\/\/bangbang.md\/wp-content\/uploads\/2022\/11\/2022-11-28-2.png","type":"image\/png"}],"author":"Redactia","twitter_card":"summary_large_image","twitter_misc":{"\u041d\u0430\u043f\u0438\u0441\u0430\u043d\u043e \u0430\u0432\u0442\u043e\u0440\u043e\u043c":"Redactia","\u041f\u0440\u0438\u043c\u0435\u0440\u043d\u043e\u0435 \u0432\u0440\u0435\u043c\u044f \u0434\u043b\u044f \u0447\u0442\u0435\u043d\u0438\u044f":"3 \u043c\u0438\u043d\u0443\u0442\u044b"},"schema":{"@context":"https:\/\/schema.org","@graph":[{"@type":"Article","@id":"https:\/\/bangbang.md\/2022\/11\/28\/studiu-problemele-cu-care-se-confrunta-adolescentii-lgbt-din-republica-moldova\/#article","isPartOf":{"@id":"https:\/\/bangbang.md\/2022\/11\/28\/studiu-problemele-cu-care-se-confrunta-adolescentii-lgbt-din-republica-moldova\/"},"author":{"name":"Redactia","@id":"https:\/\/bangbang.md\/#\/schema\/person\/3c4bdd852f2d2f8db3bde1e81e9676a2"},"headline":"Studiu: Problemele cu care se confrunt\u0103 adolescen\u021bii LGBT+ din Republica Moldova","datePublished":"2022-11-28T14:39:00+00:00","dateModified":"2022-11-28T14:39:01+00:00","mainEntityOfPage":{"@id":"https:\/\/bangbang.md\/2022\/11\/28\/studiu-problemele-cu-care-se-confrunta-adolescentii-lgbt-din-republica-moldova\/"},"wordCount":538,"commentCount":0,"publisher":{"@id":"https:\/\/bangbang.md\/#organization"},"keywords":["Centrul GDM","LGBTQ+","Queer Moldova","studiu"],"articleSection":["Lumea noastr\u0103","Nout\u0103\u021bi"],"inLanguage":"ru-RU"},{"@type":"WebPage","@id":"https:\/\/bangbang.md\/2022\/11\/28\/studiu-problemele-cu-care-se-confrunta-adolescentii-lgbt-din-republica-moldova\/","url":"https:\/\/bangbang.md\/2022\/11\/28\/studiu-problemele-cu-care-se-confrunta-adolescentii-lgbt-din-republica-moldova\/","name":"Studiu: Problemele cu care se confrunt\u0103 adolescen\u021bii LGBT+ din Republica Moldova - BANG-BANG","isPartOf":{"@id":"https:\/\/bangbang.md\/#website"},"datePublished":"2022-11-28T14:39:00+00:00","dateModified":"2022-11-28T14:39:01+00:00","breadcrumb":{"@id":"https:\/\/bangbang.md\/2022\/11\/28\/studiu-problemele-cu-care-se-confrunta-adolescentii-lgbt-din-republica-moldova\/#breadcrumb"},"inLanguage":"ru-RU","potentialAction":[{"@type":"ReadAction","target":["https:\/\/bangbang.md\/2022\/11\/28\/studiu-problemele-cu-care-se-confrunta-adolescentii-lgbt-din-republica-moldova\/"]}]},{"@type":"BreadcrumbList","@id":"https:\/\/bangbang.md\/2022\/11\/28\/studiu-problemele-cu-care-se-confrunta-adolescentii-lgbt-din-republica-moldova\/#breadcrumb","itemListElement":[{"@type":"ListItem","position":1,"name":"Prima pagin\u0103","item":"https:\/\/bangbang.md\/"},{"@type":"ListItem","position":2,"name":"Studiu: Problemele cu care se confrunt\u0103 adolescen\u021bii LGBT+ din Republica Moldova"}]},{"@type":"WebSite","@id":"https:\/\/bangbang.md\/#website","url":"https:\/\/bangbang.md\/","name":"BANG-BANG","description":"Portal web dedicat comunit\u0103\u021bii LGBTQ d RM","publisher":{"@id":"https:\/\/bangbang.md\/#organization"},"potentialAction":[{"@type":"SearchAction","target":{"@type":"EntryPoint","urlTemplate":"https:\/\/bangbang.md\/?s={search_term_string}"},"query-input":"required name=search_term_string"}],"inLanguage":"ru-RU"},{"@type":"Organization","@id":"https:\/\/bangbang.md\/#organization","name":"Bang bang","url":"https:\/\/bangbang.md\/","logo":{"@type":"ImageObject","inLanguage":"ru-RU","@id":"https:\/\/bangbang.md\/#\/schema\/logo\/image\/","url":"https:\/\/bangbang.md\/wp-content\/uploads\/2022\/07\/cropped-Group.jpg","contentUrl":"https:\/\/bangbang.md\/wp-content\/uploads\/2022\/07\/cropped-Group.jpg","width":512,"height":512,"caption":"Bang bang"},"image":{"@id":"https:\/\/bangbang.md\/#\/schema\/logo\/image\/"},"sameAs":["https:\/\/www.facebook.com\/bangbangmoldova"]},{"@type":"Person","@id":"https:\/\/bangbang.md\/#\/schema\/person\/3c4bdd852f2d2f8db3bde1e81e9676a2","name":"Redactia","image":{"@type":"ImageObject","inLanguage":"ru-RU","@id":"https:\/\/bangbang.md\/#\/schema\/person\/image\/","url":"https:\/\/secure.gravatar.com\/avatar\/31b9e560d1e50693e5c3bec169fad34f40ffc3d32174e8953ddc1d30a6216ced?s=96&d=mm&r=g","contentUrl":"https:\/\/secure.gravatar.com\/avatar\/31b9e560d1e50693e5c3bec169fad34f40ffc3d32174e8953ddc1d30a6216ced?s=96&d=mm&r=g","caption":"Redactia"},"url":"https:\/\/bangbang.md\/ru\/author\/redactia\/"}]}},"_links":{"self":[{"href":"https:\/\/bangbang.md\/ru\/wp-json\/wp\/v2\/posts\/3680","targetHints":{"allow":["GET"]}}],"collection":[{"href":"https:\/\/bangbang.md\/ru\/wp-json\/wp\/v2\/posts"}],"about":[{"href":"https:\/\/bangbang.md\/ru\/wp-json\/wp\/v2\/types\/post"}],"author":[{"embeddable":true,"href":"https:\/\/bangbang.md\/ru\/wp-json\/wp\/v2\/users\/4"}],"replies":[{"embeddable":true,"href":"https:\/\/bangbang.md\/ru\/wp-json\/wp\/v2\/comments?post=3680"}],"version-history":[{"count":1,"href":"https:\/\/bangbang.md\/ru\/wp-json\/wp\/v2\/posts\/3680\/revisions"}],"predecessor-version":[{"id":3682,"href":"https:\/\/bangbang.md\/ru\/wp-json\/wp\/v2\/posts\/3680\/revisions\/3682"}],"wp:featuredmedia":[{"embeddable":true,"href":"https:\/\/bangbang.md\/ru\/wp-json\/wp\/v2\/media\/3681"}],"wp:attachment":[{"href":"https:\/\/bangbang.md\/ru\/wp-json\/wp\/v2\/media?parent=3680"}],"wp:term":[{"taxonomy":"category","embeddable":true,"href":"https:\/\/bangbang.md\/ru\/wp-json\/wp\/v2\/categories?post=3680"},{"taxonomy":"post_tag","embeddable":true,"href":"https:\/\/bangbang.md\/ru\/wp-json\/wp\/v2\/tags?post=3680"}],"curies":[{"name":"wp","href":"https:\/\/api.w.org\/{rel}","templated":true}]}}