{"id":3589,"date":"2022-11-07T18:13:12","date_gmt":"2022-11-07T18:13:12","guid":{"rendered":"https:\/\/bangbang.md\/?p=3589"},"modified":"2022-11-08T12:33:27","modified_gmt":"2022-11-08T12:33:27","slug":"redactia-bangbang-moldova-lanseaza-podcastul-fara-rusine","status":"publish","type":"post","link":"https:\/\/bangbang.md\/ru\/2022\/11\/07\/redactia-bangbang-moldova-lanseaza-podcastul-fara-rusine\/","title":{"rendered":"<strong>Redac\u021bia BangBang Moldova lanseaz\u0103 podcastul F\u0102R\u0102 RU\u0218INE, dedicat comunit\u0103\u021bii LGBTQ+ din Moldova<\/strong>"},"content":{"rendered":"<h3 class=\"wp-block-heading\" id=\"h-fara-ru\u0219ine-este-titlul-noului-podcast-dedicat-comunita\u021bii-queer-din-moldova-lansat-de-redac\u021bia-bangbang-acesta-este-un-program-despre-experien\u021ba-individuala-\u0219i-identitate-personala\"><a href=\"https:\/\/bangbang.md\/ru\/podcast-fara-rusine\/\" target=\"_blank\" rel=\"noreferrer noopener\">F\u0102R\u0102 RU\u0218INE<\/a> este titlul noului podcast dedicat comunit\u0103\u021bii queer din Moldova, lansat de redac\u021bia <a href=\"https:\/\/bangbang.md\/ru\/\" target=\"_blank\" rel=\"noreferrer noopener\">BangBang<\/a>. Acesta este un program despre experien\u021b\u0103 individual\u0103 \u0219i identitate personal\u0103.&nbsp;<\/h3>\n\n\n\n<p>\u201e<em>Vrem s\u0103 fim auzi\u021bi, v\u0103zu\u021bi \u0219i \u00een\u021bele\u0219i. Multe persoane neag\u0103 \u00een continuare existen\u021ba membrilor comunit\u0103\u021bii LGBTQI+ sau \u00ee\u0219i reduc opiniile la faptul c\u0103 acestea ar avea un comportament \u201enenatural\u201d. O parte a societ\u0103\u021bii nu este con\u0219tient\u0103 de faptul c\u0103 suntem la fel. Avem acelea\u0219i interese \u0219i aspira\u021bii, iubim sau suferim, avem griji \u0219i bucurii, mergem la munc\u0103, pl\u0103tim taxe. Iat\u0103 de ce este important s\u0103 avem posibilitatea s\u0103 ne facem auzi\u021bi\u201d<\/em>, spune fondatorul bangbang.md \u0219i realizatorul podcastului, Vasile Micleu\u0219anu.<\/p>\n\n\n\n<p>Pe parcursul a 12 episoade ve\u021bi avea ocazia s\u0103 descoperi\u021bi pove\u0219tile membrilor \u0219i membrelor comunit\u0103\u021bii LGBTQ+ \u0219i s\u0103 analiza\u021bi cum sentimentul de ru\u0219ine afecteaz\u0103 identitatea queer.&nbsp;<\/p>\n\n\n\n<p><em>\u201eCe este ru\u0219inea? Ru\u0219inea este o experien\u021b\u0103 dureroas\u0103, de aceea o evit\u0103m chiar prin intermediul altor emo\u021bii cum ar fi <\/em><em>furia, dispre\u021bul, ori ajungem s\u0103 tr\u0103im cu depresie sau \u00een negare. Persoanele queer tr\u0103iesc acut acest sentiment pentru c\u0103 iubesc \u0219i simt diferit.&nbsp;<\/em><\/p>\n\n\n\n<p><em>Iat\u0103 de ce vrem s\u0103 aducem \u00een spa\u021biul public acest sentiment \u0219i s\u0103 \u00eencerc\u0103m s\u0103 vedem cum e via\u021ba dincolo de ru\u0219ine.&nbsp;<\/em><\/p>\n\n\n\n<p><em>Pe parcursul primului sezon s-ar putea s\u0103 existe momente \u00een care vom folosi fraze sensibile \u0219i situa\u021bii intime. Asta face parte din ceea ce explor\u0103m aici. De asta te rug\u0103m s\u0103 ascul\u021bi \u0219i s\u0103 comentezi cu inima deschis\u0103 \u0219i te \u00eencuraj\u0103m s\u0103 continui conversa\u021bia \u0219i \u00een via\u021ba real\u0103\u201d, <\/em>adaug\u0103 Vasile Micleu\u0219anu.&nbsp;<\/p>\n\n\n\n<p>Mai jos po\u021bi asculta primul episod \u0219i ne po\u021bi l\u0103sa un comentariu, pentru a ne ajuta s\u0103 devenim mai buni. Iar dac\u0103 cuno\u0219ti pe cineva care are nevoie de sus\u021binere, transmite-i acest material.&nbsp;<\/p>\n\n\n\n<figure class=\"wp-block-embed is-type-rich is-provider-pocket-casts wp-block-embed-pocket-casts\"><div class=\"wp-block-embed__wrapper\">\n<iframe title=\"F\u0102R\u0102 RU\u0218INE\" src=\"https:\/\/pca.st\/embed\/6m13iere\" style=\"border: 0; border-radius: 8px; width: 100%; max-width: 500px; height: 450px;\" allowfullscreen=\"true\" frameborder=\"0\"><\/iframe>\n<\/div><\/figure>\n\n\n\n<p><strong>BangBang.md<\/strong>\u00a0\u043f\u0440\u043e\u0435\u043a\u0442\u00a0<strong>\u0410\u0441\u0441\u043e\u0446\u0438\u0430\u0446\u0438\u0438 \u00abMediaCube\u00bb,<\/strong>\u00a0\u043f\u043e\u0434\u0434\u0435\u0440\u0436\u0430\u043d\u043d\u044b\u0439\u00a0<a href=\"https:\/\/www.facebook.com\/NLinMoldova\/\" target=\"_blank\" rel=\"noreferrer noopener\">Oficiul Ambasadei Olandei \u00een Moldova<\/a>\u0432 \u0440\u0430\u043c\u043a\u0430\u0445 \u043a\u043e\u043d\u043a\u0443\u0440\u0441\u0430 #Merit.<\/p>","protected":false},"excerpt":{"rendered":"<p>F\u0102R\u0102 RU\u0218INE este titlul noului podcast dedicat comunit\u0103\u021bii queer din Moldova, lansat de redac\u021bia BangBang. Acesta este un program despre&#8230;<\/p>","protected":false},"author":4,"featured_media":3593,"comment_status":"open","ping_status":"open","sticky":false,"template":"","format":"audio","meta":{"footnotes":""},"categories":[177,178],"tags":[198,197,199],"class_list":["post-3589","post","type-post","status-publish","format-audio","has-post-thumbnail","hentry","category-noutati","category-queer-proud","tag-lgbt-moldova","tag-lgbtq","tag-queer-moldova","post_format-post-format-audio"],"yoast_head":"<!-- This site is optimized with the Yoast SEO Premium plugin v18.9 (Yoast SEO v20.13) - https:\/\/yoast.com\/wordpress\/plugins\/seo\/ -->\n<title>Redac\u021bia BangBang Moldova lanseaz\u0103 podcastul F\u0102R\u0102 RU\u0218INE, dedicat comunit\u0103\u021bii LGBTQ+ din Moldova - BANG-BANG<\/title>\n<meta name=\"description\" content=\"F\u0102R\u0102 RU\u0218INE este titlul noului podcast dedicat comunit\u0103\u021bii queer din Moldova, lansat de redac\u021bia BangBang. Acesta este un program despre experien\u021b\u0103 individual\u0103 \u0219i identitate personal\u0103.\u00a0\" \/>\n<meta name=\"robots\" content=\"index, follow, max-snippet:-1, max-image-preview:large, max-video-preview:-1\" \/>\n<link rel=\"canonical\" href=\"https:\/\/bangbang.md\/ru\/2022\/11\/07\/redactia-bangbang-moldova-lanseaza-podcastul-fara-rusine\/\" \/>\n<meta property=\"og:locale\" content=\"ru_RU\" \/>\n<meta property=\"og:type\" content=\"article\" \/>\n<meta property=\"og:title\" content=\"Redac\u021bia BangBang Moldova lanseaz\u0103 podcastul F\u0102R\u0102 RU\u0218INE, dedicat comunit\u0103\u021bii LGBTQ+ din Moldova\" \/>\n<meta property=\"og:description\" content=\"F\u0102R\u0102 RU\u0218INE este titlul noului podcast dedicat comunit\u0103\u021bii queer din Moldova, lansat de redac\u021bia BangBang. Acesta este un program despre experien\u021b\u0103 individual\u0103 \u0219i identitate personal\u0103.\u00a0\" \/>\n<meta property=\"og:url\" content=\"https:\/\/bangbang.md\/ru\/2022\/11\/07\/redactia-bangbang-moldova-lanseaza-podcastul-fara-rusine\/\" \/>\n<meta property=\"og:site_name\" content=\"BANG-BANG\" \/>\n<meta property=\"article:publisher\" content=\"https:\/\/www.facebook.com\/bangbangmoldova\" \/>\n<meta property=\"article:published_time\" content=\"2022-11-07T18:13:12+00:00\" \/>\n<meta property=\"article:modified_time\" content=\"2022-11-08T12:33:27+00:00\" \/>\n<meta property=\"og:image\" content=\"https:\/\/bangbang.md\/wp-content\/uploads\/2022\/11\/podcast-fara-rusine-3000-\u00d7-3000px-1024x1024.png\" \/>\n\t<meta property=\"og:image:width\" content=\"1024\" \/>\n\t<meta property=\"og:image:height\" content=\"1024\" \/>\n\t<meta property=\"og:image:type\" content=\"image\/png\" \/>\n<meta name=\"author\" content=\"Redactia\" \/>\n<meta name=\"twitter:card\" content=\"summary_large_image\" \/>\n<meta name=\"twitter:label1\" content=\"\u041d\u0430\u043f\u0438\u0441\u0430\u043d\u043e \u0430\u0432\u0442\u043e\u0440\u043e\u043c\" \/>\n\t<meta name=\"twitter:data1\" content=\"Redactia\" \/>\n\t<meta name=\"twitter:label2\" content=\"\u041f\u0440\u0438\u043c\u0435\u0440\u043d\u043e\u0435 \u0432\u0440\u0435\u043c\u044f \u0434\u043b\u044f \u0447\u0442\u0435\u043d\u0438\u044f\" \/>\n\t<meta name=\"twitter:data2\" content=\"2 \u043c\u0438\u043d\u0443\u0442\u044b\" \/>\n<script type=\"application\/ld+json\" class=\"yoast-schema-graph\">{\"@context\":\"https:\/\/schema.org\",\"@graph\":[{\"@type\":\"Article\",\"@id\":\"https:\/\/bangbang.md\/2022\/11\/07\/redactia-bangbang-moldova-lanseaza-podcastul-fara-rusine\/#article\",\"isPartOf\":{\"@id\":\"https:\/\/bangbang.md\/2022\/11\/07\/redactia-bangbang-moldova-lanseaza-podcastul-fara-rusine\/\"},\"author\":{\"name\":\"Redactia\",\"@id\":\"https:\/\/bangbang.md\/#\/schema\/person\/3c4bdd852f2d2f8db3bde1e81e9676a2\"},\"headline\":\"Redac\u021bia BangBang Moldova lanseaz\u0103 podcastul F\u0102R\u0102 RU\u0218INE, dedicat comunit\u0103\u021bii LGBTQ+ din Moldova\",\"datePublished\":\"2022-11-07T18:13:12+00:00\",\"dateModified\":\"2022-11-08T12:33:27+00:00\",\"mainEntityOfPage\":{\"@id\":\"https:\/\/bangbang.md\/2022\/11\/07\/redactia-bangbang-moldova-lanseaza-podcastul-fara-rusine\/\"},\"wordCount\":375,\"commentCount\":0,\"publisher\":{\"@id\":\"https:\/\/bangbang.md\/#organization\"},\"keywords\":[\"LGBT Moldova\",\"LGBTQ+\",\"Queer Moldova\"],\"articleSection\":[\"Nout\u0103\u021bi\",\"Queer &amp; Proud\"],\"inLanguage\":\"ru-RU\"},{\"@type\":\"WebPage\",\"@id\":\"https:\/\/bangbang.md\/2022\/11\/07\/redactia-bangbang-moldova-lanseaza-podcastul-fara-rusine\/\",\"url\":\"https:\/\/bangbang.md\/2022\/11\/07\/redactia-bangbang-moldova-lanseaza-podcastul-fara-rusine\/\",\"name\":\"Redac\u021bia BangBang Moldova lanseaz\u0103 podcastul F\u0102R\u0102 RU\u0218INE, dedicat comunit\u0103\u021bii LGBTQ+ din Moldova - BANG-BANG\",\"isPartOf\":{\"@id\":\"https:\/\/bangbang.md\/#website\"},\"datePublished\":\"2022-11-07T18:13:12+00:00\",\"dateModified\":\"2022-11-08T12:33:27+00:00\",\"description\":\"F\u0102R\u0102 RU\u0218INE este titlul noului podcast dedicat comunit\u0103\u021bii queer din Moldova, lansat de redac\u021bia BangBang. Acesta este un program despre experien\u021b\u0103 individual\u0103 \u0219i identitate personal\u0103.\u00a0\",\"breadcrumb\":{\"@id\":\"https:\/\/bangbang.md\/2022\/11\/07\/redactia-bangbang-moldova-lanseaza-podcastul-fara-rusine\/#breadcrumb\"},\"inLanguage\":\"ru-RU\",\"potentialAction\":[{\"@type\":\"ReadAction\",\"target\":[\"https:\/\/bangbang.md\/2022\/11\/07\/redactia-bangbang-moldova-lanseaza-podcastul-fara-rusine\/\"]}]},{\"@type\":\"BreadcrumbList\",\"@id\":\"https:\/\/bangbang.md\/2022\/11\/07\/redactia-bangbang-moldova-lanseaza-podcastul-fara-rusine\/#breadcrumb\",\"itemListElement\":[{\"@type\":\"ListItem\",\"position\":1,\"name\":\"Prima pagin\u0103\",\"item\":\"https:\/\/bangbang.md\/\"},{\"@type\":\"ListItem\",\"position\":2,\"name\":\"Redac\u021bia BangBang Moldova lanseaz\u0103 podcastul F\u0102R\u0102 RU\u0218INE, dedicat comunit\u0103\u021bii LGBTQ+ din Moldova\"}]},{\"@type\":\"WebSite\",\"@id\":\"https:\/\/bangbang.md\/#website\",\"url\":\"https:\/\/bangbang.md\/\",\"name\":\"BANG-BANG\",\"description\":\"Portal web dedicat comunit\u0103\u021bii LGBTQ d RM\",\"publisher\":{\"@id\":\"https:\/\/bangbang.md\/#organization\"},\"potentialAction\":[{\"@type\":\"SearchAction\",\"target\":{\"@type\":\"EntryPoint\",\"urlTemplate\":\"https:\/\/bangbang.md\/?s={search_term_string}\"},\"query-input\":\"required name=search_term_string\"}],\"inLanguage\":\"ru-RU\"},{\"@type\":\"Organization\",\"@id\":\"https:\/\/bangbang.md\/#organization\",\"name\":\"Bang bang\",\"url\":\"https:\/\/bangbang.md\/\",\"logo\":{\"@type\":\"ImageObject\",\"inLanguage\":\"ru-RU\",\"@id\":\"https:\/\/bangbang.md\/#\/schema\/logo\/image\/\",\"url\":\"https:\/\/bangbang.md\/wp-content\/uploads\/2022\/07\/cropped-Group.jpg\",\"contentUrl\":\"https:\/\/bangbang.md\/wp-content\/uploads\/2022\/07\/cropped-Group.jpg\",\"width\":512,\"height\":512,\"caption\":\"Bang bang\"},\"image\":{\"@id\":\"https:\/\/bangbang.md\/#\/schema\/logo\/image\/\"},\"sameAs\":[\"https:\/\/www.facebook.com\/bangbangmoldova\"]},{\"@type\":\"Person\",\"@id\":\"https:\/\/bangbang.md\/#\/schema\/person\/3c4bdd852f2d2f8db3bde1e81e9676a2\",\"name\":\"Redactia\",\"image\":{\"@type\":\"ImageObject\",\"inLanguage\":\"ru-RU\",\"@id\":\"https:\/\/bangbang.md\/#\/schema\/person\/image\/\",\"url\":\"https:\/\/secure.gravatar.com\/avatar\/31b9e560d1e50693e5c3bec169fad34f40ffc3d32174e8953ddc1d30a6216ced?s=96&d=mm&r=g\",\"contentUrl\":\"https:\/\/secure.gravatar.com\/avatar\/31b9e560d1e50693e5c3bec169fad34f40ffc3d32174e8953ddc1d30a6216ced?s=96&d=mm&r=g\",\"caption\":\"Redactia\"},\"url\":\"https:\/\/bangbang.md\/ru\/author\/redactia\/\"}]}<\/script>\n<!-- \/ Yoast SEO Premium plugin. -->","yoast_head_json":{"title":"Redac\u021bia BangBang Moldova lanseaz\u0103 podcastul F\u0102R\u0102 RU\u0218INE, dedicat comunit\u0103\u021bii LGBTQ+ din Moldova - BANG-BANG","description":"F\u0102R\u0102 RU\u0218INE este titlul noului podcast dedicat comunit\u0103\u021bii queer din Moldova, lansat de redac\u021bia BangBang. Acesta este un program despre experien\u021b\u0103 individual\u0103 \u0219i identitate personal\u0103.\u00a0","robots":{"index":"index","follow":"follow","max-snippet":"max-snippet:-1","max-image-preview":"max-image-preview:large","max-video-preview":"max-video-preview:-1"},"canonical":"https:\/\/bangbang.md\/ru\/2022\/11\/07\/redactia-bangbang-moldova-lanseaza-podcastul-fara-rusine\/","og_locale":"ru_RU","og_type":"article","og_title":"Redac\u021bia BangBang Moldova lanseaz\u0103 podcastul F\u0102R\u0102 RU\u0218INE, dedicat comunit\u0103\u021bii LGBTQ+ din Moldova","og_description":"F\u0102R\u0102 RU\u0218INE este titlul noului podcast dedicat comunit\u0103\u021bii queer din Moldova, lansat de redac\u021bia BangBang. Acesta este un program despre experien\u021b\u0103 individual\u0103 \u0219i identitate personal\u0103.\u00a0","og_url":"https:\/\/bangbang.md\/ru\/2022\/11\/07\/redactia-bangbang-moldova-lanseaza-podcastul-fara-rusine\/","og_site_name":"BANG-BANG","article_publisher":"https:\/\/www.facebook.com\/bangbangmoldova","article_published_time":"2022-11-07T18:13:12+00:00","article_modified_time":"2022-11-08T12:33:27+00:00","og_image":[{"width":1024,"height":1024,"url":"https:\/\/bangbang.md\/wp-content\/uploads\/2022\/11\/podcast-fara-rusine-3000-\u00d7-3000px-1024x1024.png","type":"image\/png"}],"author":"Redactia","twitter_card":"summary_large_image","twitter_misc":{"\u041d\u0430\u043f\u0438\u0441\u0430\u043d\u043e \u0430\u0432\u0442\u043e\u0440\u043e\u043c":"Redactia","\u041f\u0440\u0438\u043c\u0435\u0440\u043d\u043e\u0435 \u0432\u0440\u0435\u043c\u044f \u0434\u043b\u044f \u0447\u0442\u0435\u043d\u0438\u044f":"2 \u043c\u0438\u043d\u0443\u0442\u044b"},"schema":{"@context":"https:\/\/schema.org","@graph":[{"@type":"Article","@id":"https:\/\/bangbang.md\/2022\/11\/07\/redactia-bangbang-moldova-lanseaza-podcastul-fara-rusine\/#article","isPartOf":{"@id":"https:\/\/bangbang.md\/2022\/11\/07\/redactia-bangbang-moldova-lanseaza-podcastul-fara-rusine\/"},"author":{"name":"Redactia","@id":"https:\/\/bangbang.md\/#\/schema\/person\/3c4bdd852f2d2f8db3bde1e81e9676a2"},"headline":"Redac\u021bia BangBang Moldova lanseaz\u0103 podcastul F\u0102R\u0102 RU\u0218INE, dedicat comunit\u0103\u021bii LGBTQ+ din Moldova","datePublished":"2022-11-07T18:13:12+00:00","dateModified":"2022-11-08T12:33:27+00:00","mainEntityOfPage":{"@id":"https:\/\/bangbang.md\/2022\/11\/07\/redactia-bangbang-moldova-lanseaza-podcastul-fara-rusine\/"},"wordCount":375,"commentCount":0,"publisher":{"@id":"https:\/\/bangbang.md\/#organization"},"keywords":["LGBT Moldova","LGBTQ+","Queer Moldova"],"articleSection":["Nout\u0103\u021bi","Queer &amp; Proud"],"inLanguage":"ru-RU"},{"@type":"WebPage","@id":"https:\/\/bangbang.md\/2022\/11\/07\/redactia-bangbang-moldova-lanseaza-podcastul-fara-rusine\/","url":"https:\/\/bangbang.md\/2022\/11\/07\/redactia-bangbang-moldova-lanseaza-podcastul-fara-rusine\/","name":"Redac\u021bia BangBang Moldova lanseaz\u0103 podcastul F\u0102R\u0102 RU\u0218INE, dedicat comunit\u0103\u021bii LGBTQ+ din Moldova - BANG-BANG","isPartOf":{"@id":"https:\/\/bangbang.md\/#website"},"datePublished":"2022-11-07T18:13:12+00:00","dateModified":"2022-11-08T12:33:27+00:00","description":"F\u0102R\u0102 RU\u0218INE este titlul noului podcast dedicat comunit\u0103\u021bii queer din Moldova, lansat de redac\u021bia BangBang. Acesta este un program despre experien\u021b\u0103 individual\u0103 \u0219i identitate personal\u0103.\u00a0","breadcrumb":{"@id":"https:\/\/bangbang.md\/2022\/11\/07\/redactia-bangbang-moldova-lanseaza-podcastul-fara-rusine\/#breadcrumb"},"inLanguage":"ru-RU","potentialAction":[{"@type":"ReadAction","target":["https:\/\/bangbang.md\/2022\/11\/07\/redactia-bangbang-moldova-lanseaza-podcastul-fara-rusine\/"]}]},{"@type":"BreadcrumbList","@id":"https:\/\/bangbang.md\/2022\/11\/07\/redactia-bangbang-moldova-lanseaza-podcastul-fara-rusine\/#breadcrumb","itemListElement":[{"@type":"ListItem","position":1,"name":"Prima pagin\u0103","item":"https:\/\/bangbang.md\/"},{"@type":"ListItem","position":2,"name":"Redac\u021bia BangBang Moldova lanseaz\u0103 podcastul F\u0102R\u0102 RU\u0218INE, dedicat comunit\u0103\u021bii LGBTQ+ din Moldova"}]},{"@type":"WebSite","@id":"https:\/\/bangbang.md\/#website","url":"https:\/\/bangbang.md\/","name":"BANG-BANG","description":"Portal web dedicat comunit\u0103\u021bii LGBTQ d RM","publisher":{"@id":"https:\/\/bangbang.md\/#organization"},"potentialAction":[{"@type":"SearchAction","target":{"@type":"EntryPoint","urlTemplate":"https:\/\/bangbang.md\/?s={search_term_string}"},"query-input":"required name=search_term_string"}],"inLanguage":"ru-RU"},{"@type":"Organization","@id":"https:\/\/bangbang.md\/#organization","name":"Bang bang","url":"https:\/\/bangbang.md\/","logo":{"@type":"ImageObject","inLanguage":"ru-RU","@id":"https:\/\/bangbang.md\/#\/schema\/logo\/image\/","url":"https:\/\/bangbang.md\/wp-content\/uploads\/2022\/07\/cropped-Group.jpg","contentUrl":"https:\/\/bangbang.md\/wp-content\/uploads\/2022\/07\/cropped-Group.jpg","width":512,"height":512,"caption":"Bang bang"},"image":{"@id":"https:\/\/bangbang.md\/#\/schema\/logo\/image\/"},"sameAs":["https:\/\/www.facebook.com\/bangbangmoldova"]},{"@type":"Person","@id":"https:\/\/bangbang.md\/#\/schema\/person\/3c4bdd852f2d2f8db3bde1e81e9676a2","name":"Redactia","image":{"@type":"ImageObject","inLanguage":"ru-RU","@id":"https:\/\/bangbang.md\/#\/schema\/person\/image\/","url":"https:\/\/secure.gravatar.com\/avatar\/31b9e560d1e50693e5c3bec169fad34f40ffc3d32174e8953ddc1d30a6216ced?s=96&d=mm&r=g","contentUrl":"https:\/\/secure.gravatar.com\/avatar\/31b9e560d1e50693e5c3bec169fad34f40ffc3d32174e8953ddc1d30a6216ced?s=96&d=mm&r=g","caption":"Redactia"},"url":"https:\/\/bangbang.md\/ru\/author\/redactia\/"}]}},"_links":{"self":[{"href":"https:\/\/bangbang.md\/ru\/wp-json\/wp\/v2\/posts\/3589","targetHints":{"allow":["GET"]}}],"collection":[{"href":"https:\/\/bangbang.md\/ru\/wp-json\/wp\/v2\/posts"}],"about":[{"href":"https:\/\/bangbang.md\/ru\/wp-json\/wp\/v2\/types\/post"}],"author":[{"embeddable":true,"href":"https:\/\/bangbang.md\/ru\/wp-json\/wp\/v2\/users\/4"}],"replies":[{"embeddable":true,"href":"https:\/\/bangbang.md\/ru\/wp-json\/wp\/v2\/comments?post=3589"}],"version-history":[{"count":5,"href":"https:\/\/bangbang.md\/ru\/wp-json\/wp\/v2\/posts\/3589\/revisions"}],"predecessor-version":[{"id":3596,"href":"https:\/\/bangbang.md\/ru\/wp-json\/wp\/v2\/posts\/3589\/revisions\/3596"}],"wp:featuredmedia":[{"embeddable":true,"href":"https:\/\/bangbang.md\/ru\/wp-json\/wp\/v2\/media\/3593"}],"wp:attachment":[{"href":"https:\/\/bangbang.md\/ru\/wp-json\/wp\/v2\/media?parent=3589"}],"wp:term":[{"taxonomy":"category","embeddable":true,"href":"https:\/\/bangbang.md\/ru\/wp-json\/wp\/v2\/categories?post=3589"},{"taxonomy":"post_tag","embeddable":true,"href":"https:\/\/bangbang.md\/ru\/wp-json\/wp\/v2\/tags?post=3589"}],"curies":[{"name":"wp","href":"https:\/\/api.w.org\/{rel}","templated":true}]}}