{"id":3448,"date":"2022-10-19T12:12:45","date_gmt":"2022-10-19T12:12:45","guid":{"rendered":"https:\/\/bangbang.md\/?p=3448"},"modified":"2022-10-19T12:12:47","modified_gmt":"2022-10-19T12:12:47","slug":"ziua-internationala-a-pronumelor-ce-este-si-de-ce-este-importanta-pentru-comunitatea-lgbtqi","status":"publish","type":"post","link":"https:\/\/bangbang.md\/ru\/2022\/10\/19\/ziua-internationala-a-pronumelor-ce-este-si-de-ce-este-importanta-pentru-comunitatea-lgbtqi\/","title":{"rendered":"Ziua Interna\u021bional\u0103 a Pronumelor, ce este \u0219i de ce este important\u0103 pentru comunitatea LGBTQI+"},"content":{"rendered":"<h2 class=\"wp-block-heading\" id=\"h-anul-acesta-de-19-octombrie-marcam-ziua-interna\u021bionala-a-pronumelor-aceasta-zi-este-importanta-pentru-persoanele-transgen-\u0219i-neconforme-de-gen\">Anul acesta, de 19 octombrie marc\u0103m Ziua Interna\u021bional\u0103 a Pronumelor. Aceast\u0103 zi este important\u0103 pentru persoanele transgen \u0219i neconforme de gen.<\/h2>\n\n\n\n<p>Ziua Interna\u021bional\u0103 a Pronumelor urm\u0103re\u0219te scopul de a r\u0103sp\u00e2ndi respectarea, \u00eemp\u0103rt\u0103\u0219irea \u0219i educarea despre pronume personale un loc obi\u0219nuit.<\/p>\n\n\n\n<p>Referirea la oameni prin pronumele pe care le determin\u0103 pentru ei \u00een\u0219i\u0219i este esen\u021bial\u0103 pentru demnitatea uman\u0103. A te adresa cu un pronume gre\u0219it afecteaz\u0103, \u00een special, persoanele transgender \u0219i neconforme de gen. De aceea, este bine s\u0103 concretizezi cum te po\u021bi adresa unei persoane, astfel \u00eenc\u00e2t s\u0103 evita\u021bi un moment de incomoditate, discriminare sau conflict.<\/p>\n\n\n\n<p>Exist\u0103 unele ne\u00een\u021belegeri cu privire la referirea sau nu la pronumele de gen drept \u201epreferat\u201d. Unii oameni omit cuv\u00e2ntul \u201epreferat\u201d, numindu-l \u201epronume de gen\u201d sau pur \u0219i simplu \u201epronume\u201d pentru a sublinia c\u0103 utilizarea corect\u0103 a pronumelor este o obliga\u021bie social\u0103 mai degrab\u0103 dec\u00e2t o preferin\u021b\u0103 individual\u0103. Le este fric\u0103 de faptul c\u0103 includerea \u201epreferatului\u201d \u00een nume poate determina unii oameni s\u0103 cread\u0103 c\u0103 utilizarea pronumelor de gen preferate ale unei persoane este op\u021bional\u0103.<\/p>\n\n\n\n<p>Cei care p\u0103streaz\u0103 \u201epreferat\u201d indic\u0103 o paralel\u0103 cu \u201enume preferate\u201d sau ca o modalitate de a afirma dreptul de a-\u0219i alege propriile pronume. \u00cen loc s\u0103 interoghezi \u201dCare sunt pronumele tale preferate?\u201d, recomand\u0103m s\u0103 \u00eentrebi \u201eCe pronume folose\u0219ti?\u201d sau \u201eCare sunt pronumele tale?\u201d.<\/p>\n\n\n\n<p>\u00cempreun\u0103, putem transforma societatea pentru a celebra identit\u0103\u021bile multiple, care se intersecteaz\u0103, ale oamenilor.<\/p>\n\n\n\n<p>Ziua Interna\u021bional\u0103 a Pronumelor este marcat\u0103, an de an, \u00een a treia zi de miercuri a lunii octombrie.<\/p>","protected":false},"excerpt":{"rendered":"<p>Anul acesta, de 19 octombrie marc\u0103m Ziua Interna\u021bional\u0103 a Pronumelor. Aceast\u0103 zi este important\u0103 pentru persoanele transgen \u0219i neconforme de&#8230;<\/p>","protected":false},"author":4,"featured_media":3449,"comment_status":"open","ping_status":"open","sticky":false,"template":"","format":"standard","meta":{"footnotes":""},"categories":[191,179,177],"tags":[197,307,240,358],"class_list":["post-3448","post","type-post","status-publish","format-standard","has-post-thumbnail","hentry","category-evenimente","category-lumea-noastra","category-noutati","tag-lgbtq","tag-neconform-de-gen","tag-transgender","tag-ziua-internationala-a-pronumelui"],"yoast_head":"<!-- This site is optimized with the Yoast SEO Premium plugin v18.9 (Yoast SEO v20.13) - https:\/\/yoast.com\/wordpress\/plugins\/seo\/ -->\n<title>Ziua Interna\u021bional\u0103 a Pronumelor, ce este \u0219i de ce este important\u0103 pentru comunitatea LGBTQI+ - BANG-BANG<\/title>\n<meta name=\"robots\" content=\"index, follow, max-snippet:-1, max-image-preview:large, max-video-preview:-1\" \/>\n<link rel=\"canonical\" href=\"https:\/\/bangbang.md\/ru\/2022\/10\/19\/ziua-internationala-a-pronumelor-ce-este-si-de-ce-este-importanta-pentru-comunitatea-lgbtqi\/\" \/>\n<meta property=\"og:locale\" content=\"ru_RU\" \/>\n<meta property=\"og:type\" content=\"article\" \/>\n<meta property=\"og:title\" content=\"Ziua Interna\u021bional\u0103 a Pronumelor, ce este \u0219i de ce este important\u0103 pentru comunitatea LGBTQI+\" \/>\n<meta property=\"og:description\" content=\"Anul acesta, de 19 octombrie marc\u0103m Ziua Interna\u021bional\u0103 a Pronumelor. Aceast\u0103 zi este important\u0103 pentru persoanele transgen \u0219i neconforme de...\" \/>\n<meta property=\"og:url\" content=\"https:\/\/bangbang.md\/ru\/2022\/10\/19\/ziua-internationala-a-pronumelor-ce-este-si-de-ce-este-importanta-pentru-comunitatea-lgbtqi\/\" \/>\n<meta property=\"og:site_name\" content=\"BANG-BANG\" \/>\n<meta property=\"article:publisher\" content=\"https:\/\/www.facebook.com\/bangbangmoldova\" \/>\n<meta property=\"article:published_time\" content=\"2022-10-19T12:12:45+00:00\" \/>\n<meta property=\"article:modified_time\" content=\"2022-10-19T12:12:47+00:00\" \/>\n<meta property=\"og:image\" content=\"https:\/\/bangbang.md\/wp-content\/uploads\/2022\/10\/gender-fluid-people-hands-rainbow-background_23-2149030498.jpg\" \/>\n\t<meta property=\"og:image:width\" content=\"1380\" \/>\n\t<meta property=\"og:image:height\" content=\"653\" \/>\n\t<meta property=\"og:image:type\" content=\"image\/jpeg\" \/>\n<meta name=\"author\" content=\"Redactia\" \/>\n<meta name=\"twitter:card\" content=\"summary_large_image\" \/>\n<meta name=\"twitter:label1\" content=\"\u041d\u0430\u043f\u0438\u0441\u0430\u043d\u043e \u0430\u0432\u0442\u043e\u0440\u043e\u043c\" \/>\n\t<meta name=\"twitter:data1\" content=\"Redactia\" \/>\n\t<meta name=\"twitter:label2\" content=\"\u041f\u0440\u0438\u043c\u0435\u0440\u043d\u043e\u0435 \u0432\u0440\u0435\u043c\u044f \u0434\u043b\u044f \u0447\u0442\u0435\u043d\u0438\u044f\" \/>\n\t<meta name=\"twitter:data2\" content=\"2 \u043c\u0438\u043d\u0443\u0442\u044b\" \/>\n<script type=\"application\/ld+json\" class=\"yoast-schema-graph\">{\"@context\":\"https:\/\/schema.org\",\"@graph\":[{\"@type\":\"Article\",\"@id\":\"https:\/\/bangbang.md\/2022\/10\/19\/ziua-internationala-a-pronumelor-ce-este-si-de-ce-este-importanta-pentru-comunitatea-lgbtqi\/#article\",\"isPartOf\":{\"@id\":\"https:\/\/bangbang.md\/2022\/10\/19\/ziua-internationala-a-pronumelor-ce-este-si-de-ce-este-importanta-pentru-comunitatea-lgbtqi\/\"},\"author\":{\"name\":\"Redactia\",\"@id\":\"https:\/\/bangbang.md\/#\/schema\/person\/3c4bdd852f2d2f8db3bde1e81e9676a2\"},\"headline\":\"Ziua Interna\u021bional\u0103 a Pronumelor, ce este \u0219i de ce este important\u0103 pentru comunitatea LGBTQI+\",\"datePublished\":\"2022-10-19T12:12:45+00:00\",\"dateModified\":\"2022-10-19T12:12:47+00:00\",\"mainEntityOfPage\":{\"@id\":\"https:\/\/bangbang.md\/2022\/10\/19\/ziua-internationala-a-pronumelor-ce-este-si-de-ce-este-importanta-pentru-comunitatea-lgbtqi\/\"},\"wordCount\":288,\"commentCount\":0,\"publisher\":{\"@id\":\"https:\/\/bangbang.md\/#organization\"},\"keywords\":[\"LGBTQ+\",\"neconform de gen\",\"transgender\",\"Ziua Interna\u021bional\u0103 a Pronumelui\"],\"articleSection\":[\"Evenimente\",\"Lumea noastr\u0103\",\"Nout\u0103\u021bi\"],\"inLanguage\":\"ru-RU\"},{\"@type\":\"WebPage\",\"@id\":\"https:\/\/bangbang.md\/2022\/10\/19\/ziua-internationala-a-pronumelor-ce-este-si-de-ce-este-importanta-pentru-comunitatea-lgbtqi\/\",\"url\":\"https:\/\/bangbang.md\/2022\/10\/19\/ziua-internationala-a-pronumelor-ce-este-si-de-ce-este-importanta-pentru-comunitatea-lgbtqi\/\",\"name\":\"Ziua Interna\u021bional\u0103 a Pronumelor, ce este \u0219i de ce este important\u0103 pentru comunitatea LGBTQI+ - BANG-BANG\",\"isPartOf\":{\"@id\":\"https:\/\/bangbang.md\/#website\"},\"datePublished\":\"2022-10-19T12:12:45+00:00\",\"dateModified\":\"2022-10-19T12:12:47+00:00\",\"breadcrumb\":{\"@id\":\"https:\/\/bangbang.md\/2022\/10\/19\/ziua-internationala-a-pronumelor-ce-este-si-de-ce-este-importanta-pentru-comunitatea-lgbtqi\/#breadcrumb\"},\"inLanguage\":\"ru-RU\",\"potentialAction\":[{\"@type\":\"ReadAction\",\"target\":[\"https:\/\/bangbang.md\/2022\/10\/19\/ziua-internationala-a-pronumelor-ce-este-si-de-ce-este-importanta-pentru-comunitatea-lgbtqi\/\"]}]},{\"@type\":\"BreadcrumbList\",\"@id\":\"https:\/\/bangbang.md\/2022\/10\/19\/ziua-internationala-a-pronumelor-ce-este-si-de-ce-este-importanta-pentru-comunitatea-lgbtqi\/#breadcrumb\",\"itemListElement\":[{\"@type\":\"ListItem\",\"position\":1,\"name\":\"Prima pagin\u0103\",\"item\":\"https:\/\/bangbang.md\/\"},{\"@type\":\"ListItem\",\"position\":2,\"name\":\"Ziua Interna\u021bional\u0103 a Pronumelor, ce este \u0219i de ce este important\u0103 pentru comunitatea LGBTQI+\"}]},{\"@type\":\"WebSite\",\"@id\":\"https:\/\/bangbang.md\/#website\",\"url\":\"https:\/\/bangbang.md\/\",\"name\":\"BANG-BANG\",\"description\":\"Portal web dedicat comunit\u0103\u021bii LGBTQ d RM\",\"publisher\":{\"@id\":\"https:\/\/bangbang.md\/#organization\"},\"potentialAction\":[{\"@type\":\"SearchAction\",\"target\":{\"@type\":\"EntryPoint\",\"urlTemplate\":\"https:\/\/bangbang.md\/?s={search_term_string}\"},\"query-input\":\"required name=search_term_string\"}],\"inLanguage\":\"ru-RU\"},{\"@type\":\"Organization\",\"@id\":\"https:\/\/bangbang.md\/#organization\",\"name\":\"Bang bang\",\"url\":\"https:\/\/bangbang.md\/\",\"logo\":{\"@type\":\"ImageObject\",\"inLanguage\":\"ru-RU\",\"@id\":\"https:\/\/bangbang.md\/#\/schema\/logo\/image\/\",\"url\":\"https:\/\/bangbang.md\/wp-content\/uploads\/2022\/07\/cropped-Group.jpg\",\"contentUrl\":\"https:\/\/bangbang.md\/wp-content\/uploads\/2022\/07\/cropped-Group.jpg\",\"width\":512,\"height\":512,\"caption\":\"Bang bang\"},\"image\":{\"@id\":\"https:\/\/bangbang.md\/#\/schema\/logo\/image\/\"},\"sameAs\":[\"https:\/\/www.facebook.com\/bangbangmoldova\"]},{\"@type\":\"Person\",\"@id\":\"https:\/\/bangbang.md\/#\/schema\/person\/3c4bdd852f2d2f8db3bde1e81e9676a2\",\"name\":\"Redactia\",\"image\":{\"@type\":\"ImageObject\",\"inLanguage\":\"ru-RU\",\"@id\":\"https:\/\/bangbang.md\/#\/schema\/person\/image\/\",\"url\":\"https:\/\/secure.gravatar.com\/avatar\/31b9e560d1e50693e5c3bec169fad34f40ffc3d32174e8953ddc1d30a6216ced?s=96&d=mm&r=g\",\"contentUrl\":\"https:\/\/secure.gravatar.com\/avatar\/31b9e560d1e50693e5c3bec169fad34f40ffc3d32174e8953ddc1d30a6216ced?s=96&d=mm&r=g\",\"caption\":\"Redactia\"},\"url\":\"https:\/\/bangbang.md\/ru\/author\/redactia\/\"}]}<\/script>\n<!-- \/ Yoast SEO Premium plugin. -->","yoast_head_json":{"title":"Ziua Interna\u021bional\u0103 a Pronumelor, ce este \u0219i de ce este important\u0103 pentru comunitatea LGBTQI+ - BANG-BANG","robots":{"index":"index","follow":"follow","max-snippet":"max-snippet:-1","max-image-preview":"max-image-preview:large","max-video-preview":"max-video-preview:-1"},"canonical":"https:\/\/bangbang.md\/ru\/2022\/10\/19\/ziua-internationala-a-pronumelor-ce-este-si-de-ce-este-importanta-pentru-comunitatea-lgbtqi\/","og_locale":"ru_RU","og_type":"article","og_title":"Ziua Interna\u021bional\u0103 a Pronumelor, ce este \u0219i de ce este important\u0103 pentru comunitatea LGBTQI+","og_description":"Anul acesta, de 19 octombrie marc\u0103m Ziua Interna\u021bional\u0103 a Pronumelor. Aceast\u0103 zi este important\u0103 pentru persoanele transgen \u0219i neconforme de...","og_url":"https:\/\/bangbang.md\/ru\/2022\/10\/19\/ziua-internationala-a-pronumelor-ce-este-si-de-ce-este-importanta-pentru-comunitatea-lgbtqi\/","og_site_name":"BANG-BANG","article_publisher":"https:\/\/www.facebook.com\/bangbangmoldova","article_published_time":"2022-10-19T12:12:45+00:00","article_modified_time":"2022-10-19T12:12:47+00:00","og_image":[{"width":1380,"height":653,"url":"https:\/\/bangbang.md\/wp-content\/uploads\/2022\/10\/gender-fluid-people-hands-rainbow-background_23-2149030498.jpg","type":"image\/jpeg"}],"author":"Redactia","twitter_card":"summary_large_image","twitter_misc":{"\u041d\u0430\u043f\u0438\u0441\u0430\u043d\u043e \u0430\u0432\u0442\u043e\u0440\u043e\u043c":"Redactia","\u041f\u0440\u0438\u043c\u0435\u0440\u043d\u043e\u0435 \u0432\u0440\u0435\u043c\u044f \u0434\u043b\u044f \u0447\u0442\u0435\u043d\u0438\u044f":"2 \u043c\u0438\u043d\u0443\u0442\u044b"},"schema":{"@context":"https:\/\/schema.org","@graph":[{"@type":"Article","@id":"https:\/\/bangbang.md\/2022\/10\/19\/ziua-internationala-a-pronumelor-ce-este-si-de-ce-este-importanta-pentru-comunitatea-lgbtqi\/#article","isPartOf":{"@id":"https:\/\/bangbang.md\/2022\/10\/19\/ziua-internationala-a-pronumelor-ce-este-si-de-ce-este-importanta-pentru-comunitatea-lgbtqi\/"},"author":{"name":"Redactia","@id":"https:\/\/bangbang.md\/#\/schema\/person\/3c4bdd852f2d2f8db3bde1e81e9676a2"},"headline":"Ziua Interna\u021bional\u0103 a Pronumelor, ce este \u0219i de ce este important\u0103 pentru comunitatea LGBTQI+","datePublished":"2022-10-19T12:12:45+00:00","dateModified":"2022-10-19T12:12:47+00:00","mainEntityOfPage":{"@id":"https:\/\/bangbang.md\/2022\/10\/19\/ziua-internationala-a-pronumelor-ce-este-si-de-ce-este-importanta-pentru-comunitatea-lgbtqi\/"},"wordCount":288,"commentCount":0,"publisher":{"@id":"https:\/\/bangbang.md\/#organization"},"keywords":["LGBTQ+","neconform de gen","transgender","Ziua Interna\u021bional\u0103 a Pronumelui"],"articleSection":["Evenimente","Lumea noastr\u0103","Nout\u0103\u021bi"],"inLanguage":"ru-RU"},{"@type":"WebPage","@id":"https:\/\/bangbang.md\/2022\/10\/19\/ziua-internationala-a-pronumelor-ce-este-si-de-ce-este-importanta-pentru-comunitatea-lgbtqi\/","url":"https:\/\/bangbang.md\/2022\/10\/19\/ziua-internationala-a-pronumelor-ce-este-si-de-ce-este-importanta-pentru-comunitatea-lgbtqi\/","name":"Ziua Interna\u021bional\u0103 a Pronumelor, ce este \u0219i de ce este important\u0103 pentru comunitatea LGBTQI+ - BANG-BANG","isPartOf":{"@id":"https:\/\/bangbang.md\/#website"},"datePublished":"2022-10-19T12:12:45+00:00","dateModified":"2022-10-19T12:12:47+00:00","breadcrumb":{"@id":"https:\/\/bangbang.md\/2022\/10\/19\/ziua-internationala-a-pronumelor-ce-este-si-de-ce-este-importanta-pentru-comunitatea-lgbtqi\/#breadcrumb"},"inLanguage":"ru-RU","potentialAction":[{"@type":"ReadAction","target":["https:\/\/bangbang.md\/2022\/10\/19\/ziua-internationala-a-pronumelor-ce-este-si-de-ce-este-importanta-pentru-comunitatea-lgbtqi\/"]}]},{"@type":"BreadcrumbList","@id":"https:\/\/bangbang.md\/2022\/10\/19\/ziua-internationala-a-pronumelor-ce-este-si-de-ce-este-importanta-pentru-comunitatea-lgbtqi\/#breadcrumb","itemListElement":[{"@type":"ListItem","position":1,"name":"Prima pagin\u0103","item":"https:\/\/bangbang.md\/"},{"@type":"ListItem","position":2,"name":"Ziua Interna\u021bional\u0103 a Pronumelor, ce este \u0219i de ce este important\u0103 pentru comunitatea LGBTQI+"}]},{"@type":"WebSite","@id":"https:\/\/bangbang.md\/#website","url":"https:\/\/bangbang.md\/","name":"BANG-BANG","description":"Portal web dedicat comunit\u0103\u021bii LGBTQ d RM","publisher":{"@id":"https:\/\/bangbang.md\/#organization"},"potentialAction":[{"@type":"SearchAction","target":{"@type":"EntryPoint","urlTemplate":"https:\/\/bangbang.md\/?s={search_term_string}"},"query-input":"required name=search_term_string"}],"inLanguage":"ru-RU"},{"@type":"Organization","@id":"https:\/\/bangbang.md\/#organization","name":"Bang bang","url":"https:\/\/bangbang.md\/","logo":{"@type":"ImageObject","inLanguage":"ru-RU","@id":"https:\/\/bangbang.md\/#\/schema\/logo\/image\/","url":"https:\/\/bangbang.md\/wp-content\/uploads\/2022\/07\/cropped-Group.jpg","contentUrl":"https:\/\/bangbang.md\/wp-content\/uploads\/2022\/07\/cropped-Group.jpg","width":512,"height":512,"caption":"Bang bang"},"image":{"@id":"https:\/\/bangbang.md\/#\/schema\/logo\/image\/"},"sameAs":["https:\/\/www.facebook.com\/bangbangmoldova"]},{"@type":"Person","@id":"https:\/\/bangbang.md\/#\/schema\/person\/3c4bdd852f2d2f8db3bde1e81e9676a2","name":"Redactia","image":{"@type":"ImageObject","inLanguage":"ru-RU","@id":"https:\/\/bangbang.md\/#\/schema\/person\/image\/","url":"https:\/\/secure.gravatar.com\/avatar\/31b9e560d1e50693e5c3bec169fad34f40ffc3d32174e8953ddc1d30a6216ced?s=96&d=mm&r=g","contentUrl":"https:\/\/secure.gravatar.com\/avatar\/31b9e560d1e50693e5c3bec169fad34f40ffc3d32174e8953ddc1d30a6216ced?s=96&d=mm&r=g","caption":"Redactia"},"url":"https:\/\/bangbang.md\/ru\/author\/redactia\/"}]}},"_links":{"self":[{"href":"https:\/\/bangbang.md\/ru\/wp-json\/wp\/v2\/posts\/3448","targetHints":{"allow":["GET"]}}],"collection":[{"href":"https:\/\/bangbang.md\/ru\/wp-json\/wp\/v2\/posts"}],"about":[{"href":"https:\/\/bangbang.md\/ru\/wp-json\/wp\/v2\/types\/post"}],"author":[{"embeddable":true,"href":"https:\/\/bangbang.md\/ru\/wp-json\/wp\/v2\/users\/4"}],"replies":[{"embeddable":true,"href":"https:\/\/bangbang.md\/ru\/wp-json\/wp\/v2\/comments?post=3448"}],"version-history":[{"count":1,"href":"https:\/\/bangbang.md\/ru\/wp-json\/wp\/v2\/posts\/3448\/revisions"}],"predecessor-version":[{"id":3450,"href":"https:\/\/bangbang.md\/ru\/wp-json\/wp\/v2\/posts\/3448\/revisions\/3450"}],"wp:featuredmedia":[{"embeddable":true,"href":"https:\/\/bangbang.md\/ru\/wp-json\/wp\/v2\/media\/3449"}],"wp:attachment":[{"href":"https:\/\/bangbang.md\/ru\/wp-json\/wp\/v2\/media?parent=3448"}],"wp:term":[{"taxonomy":"category","embeddable":true,"href":"https:\/\/bangbang.md\/ru\/wp-json\/wp\/v2\/categories?post=3448"},{"taxonomy":"post_tag","embeddable":true,"href":"https:\/\/bangbang.md\/ru\/wp-json\/wp\/v2\/tags?post=3448"}],"curies":[{"name":"wp","href":"https:\/\/api.w.org\/{rel}","templated":true}]}}