{"id":3186,"date":"2022-09-28T09:28:22","date_gmt":"2022-09-28T09:28:22","guid":{"rendered":"https:\/\/bangbang.md\/?p=3186"},"modified":"2022-09-28T09:28:24","modified_gmt":"2022-09-28T09:28:24","slug":"raport-grecia-indemnata-sa-combata-intoleranta-fata-de-persoanele-lgbt","status":"publish","type":"post","link":"https:\/\/bangbang.md\/ru\/2022\/09\/28\/raport-grecia-indemnata-sa-combata-intoleranta-fata-de-persoanele-lgbt\/","title":{"rendered":"Raport: Grecia, \u00eendemnat\u0103 s\u0103 combat\u0103 intoleran\u021ba fa\u021b\u0103 de persoanele LGBT+"},"content":{"rendered":"<h2 class=\"wp-block-heading\" id=\"h-in-ciuda-planului-na\u021bional-pentru-egalitate-elevii-lgbtq-din-grecia-continua-sa-se-confrunte-cu-atitudini-\u0219i-comportamente-intolerante-\u0219i-discriminatorii-la-\u0219coala-arata-un-raport-recent-publicat-de-catre-comisia-europeana-impotriva-rasismului-\u0219i-intoleran\u021bei-ecri\">\u00cen ciuda planului na\u021bional pentru egalitate, elevii LGBTQ+ din Grecia continu\u0103 s\u0103 se confrunte cu \u201eatitudini \u0219i comportamente intolerante \u0219i discriminatorii la \u0219coal\u0103\u201d, arat\u0103 un raport recent publicat de c\u0103tre Comisia European\u0103 \u00eempotriva Rasismului \u0219i Intoleran\u021bei (ECRI).&nbsp;<\/h2>\n\n\n\n<p>ECRI a publicat la sf\u00e2r\u0219it de septembrie 2022 un <a href=\"https:\/\/www.coe.int\/en\/web\/european-commission-against-racism-and-intolerance\/home\" target=\"_blank\" rel=\"noreferrer noopener\">raport<\/a> de ansamblu privind eforturile guvernului grec \u0219i ale pre\u0219edintelui Katerina Sakellaropoulou de a reduce discriminarea continu\u0103 a elevilor LGBTQ+ \u00een \u0219colile locale. \u00cen context, Comisia \u0219i-a exprimat \u00eengrijorarea c\u0103 Ombudsmanul grec \u00eenc\u0103 nu are competen\u021ba de a oferi reprezentare legal\u0103 victimelor discrimin\u0103rii sau intoleran\u021bei \u00een instan\u021b\u0103, de a depune litigii strategice sau de a aduce cauze \u00een fa\u021ba instan\u021belor.<\/p>\n\n\n\n<blockquote class=\"wp-block-quote is-layout-flow wp-block-quote-is-layout-flow\"><p>\u00cen raport este men\u021bionat, de asemenea, c\u0103, \u00een ciuda planului na\u021bional de egalitate LGBTQ+, elevii queer continu\u0103 s\u0103 se confrunte cu \u201e<em>atitudini \u0219i comportamente intolerante \u0219i discriminatorii \u00een \u0219coal\u0103, inclusiv din partea profesorilor<\/em>\u201d.<\/p><\/blockquote>\n\n\n\n<p>ECRI a constatat c\u0103 discursurile instigatoare la ur\u0103 frecvente \u2013 uneori implic\u00e2nd politicieni \u0219i chiar oficiali de stat &#8211; vizeaz\u0103 migran\u021bii, precum \u0219i membrii comunit\u0103\u021bilor LGBTQ+ \u0219i romii. Aceasta recomand\u0103 Greciei s\u0103 ofere profesorilor o formare adecvat\u0103 pentru a aborda intoleran\u021ba \u0219i discriminarea persoanelor LGBTI+ \u00een \u0219coli.&nbsp;<\/p>\n\n\n\n<p>Comisia European\u0103 \u00eempotriva Rasismului \u0219i Intoleran\u021bei (ECRI) este un organism unic de monitorizare a drepturilor omului, specializat \u00een chestiuni legate de lupta \u00eempotriva rasismului, discrimin\u0103rii, xenofobiei, antisemitismului \u0219i intoleran\u021bei \u00een Europa. Aceasta preg\u0103te\u0219te rapoarte \u0219i emite recomand\u0103ri statelor membre UE.&nbsp;<\/p>","protected":false},"excerpt":{"rendered":"<p>\u00cen ciuda planului na\u021bional pentru egalitate, elevii LGBTQ+ din Grecia continu\u0103 s\u0103 se confrunte cu \u201eatitudini \u0219i comportamente intolerante \u0219i&#8230;<\/p>","protected":false},"author":4,"featured_media":3187,"comment_status":"open","ping_status":"open","sticky":false,"template":"","format":"standard","meta":{"footnotes":""},"categories":[179,177],"tags":[322,323,197],"class_list":["post-3186","post","type-post","status-publish","format-standard","has-post-thumbnail","hentry","category-lumea-noastra","category-noutati","tag-ecri","tag-grecia","tag-lgbtq"],"yoast_head":"<!-- This site is optimized with the Yoast SEO Premium plugin v18.9 (Yoast SEO v20.13) - https:\/\/yoast.com\/wordpress\/plugins\/seo\/ -->\n<title>Raport: Grecia, \u00eendemnat\u0103 s\u0103 combat\u0103 intoleran\u021ba fa\u021b\u0103 de persoanele LGBT+ - BANG-BANG<\/title>\n<meta name=\"robots\" content=\"index, follow, max-snippet:-1, max-image-preview:large, max-video-preview:-1\" \/>\n<link rel=\"canonical\" href=\"https:\/\/bangbang.md\/ru\/2022\/09\/28\/raport-grecia-indemnata-sa-combata-intoleranta-fata-de-persoanele-lgbt\/\" \/>\n<meta property=\"og:locale\" content=\"ru_RU\" \/>\n<meta property=\"og:type\" content=\"article\" \/>\n<meta property=\"og:title\" content=\"Raport: Grecia, \u00eendemnat\u0103 s\u0103 combat\u0103 intoleran\u021ba fa\u021b\u0103 de persoanele LGBT+\" \/>\n<meta property=\"og:description\" content=\"\u00cen ciuda planului na\u021bional pentru egalitate, elevii LGBTQ+ din Grecia continu\u0103 s\u0103 se confrunte cu \u201eatitudini \u0219i comportamente intolerante \u0219i...\" \/>\n<meta property=\"og:url\" content=\"https:\/\/bangbang.md\/ru\/2022\/09\/28\/raport-grecia-indemnata-sa-combata-intoleranta-fata-de-persoanele-lgbt\/\" \/>\n<meta property=\"og:site_name\" content=\"BANG-BANG\" \/>\n<meta property=\"article:publisher\" content=\"https:\/\/www.facebook.com\/bangbangmoldova\" \/>\n<meta property=\"article:published_time\" content=\"2022-09-28T09:28:22+00:00\" \/>\n<meta property=\"article:modified_time\" content=\"2022-09-28T09:28:24+00:00\" \/>\n<meta property=\"og:image\" content=\"https:\/\/bangbang.md\/wp-content\/uploads\/2022\/09\/ZKOMUKEEY5IEHNUJON5VZL5NNE.jpg\" \/>\n\t<meta property=\"og:image:width\" content=\"960\" \/>\n\t<meta property=\"og:image:height\" content=\"667\" \/>\n\t<meta property=\"og:image:type\" content=\"image\/jpeg\" \/>\n<meta name=\"author\" content=\"Redactia\" \/>\n<meta name=\"twitter:card\" content=\"summary_large_image\" \/>\n<meta name=\"twitter:label1\" content=\"\u041d\u0430\u043f\u0438\u0441\u0430\u043d\u043e \u0430\u0432\u0442\u043e\u0440\u043e\u043c\" \/>\n\t<meta name=\"twitter:data1\" content=\"Redactia\" \/>\n<script type=\"application\/ld+json\" class=\"yoast-schema-graph\">{\"@context\":\"https:\/\/schema.org\",\"@graph\":[{\"@type\":\"Article\",\"@id\":\"https:\/\/bangbang.md\/2022\/09\/28\/raport-grecia-indemnata-sa-combata-intoleranta-fata-de-persoanele-lgbt\/#article\",\"isPartOf\":{\"@id\":\"https:\/\/bangbang.md\/2022\/09\/28\/raport-grecia-indemnata-sa-combata-intoleranta-fata-de-persoanele-lgbt\/\"},\"author\":{\"name\":\"Redactia\",\"@id\":\"https:\/\/bangbang.md\/#\/schema\/person\/3c4bdd852f2d2f8db3bde1e81e9676a2\"},\"headline\":\"Raport: Grecia, \u00eendemnat\u0103 s\u0103 combat\u0103 intoleran\u021ba fa\u021b\u0103 de persoanele LGBT+\",\"datePublished\":\"2022-09-28T09:28:22+00:00\",\"dateModified\":\"2022-09-28T09:28:24+00:00\",\"mainEntityOfPage\":{\"@id\":\"https:\/\/bangbang.md\/2022\/09\/28\/raport-grecia-indemnata-sa-combata-intoleranta-fata-de-persoanele-lgbt\/\"},\"wordCount\":261,\"commentCount\":0,\"publisher\":{\"@id\":\"https:\/\/bangbang.md\/#organization\"},\"keywords\":[\"ECRI\",\"Grecia\",\"LGBTQ+\"],\"articleSection\":[\"Lumea noastr\u0103\",\"Nout\u0103\u021bi\"],\"inLanguage\":\"ru-RU\"},{\"@type\":\"WebPage\",\"@id\":\"https:\/\/bangbang.md\/2022\/09\/28\/raport-grecia-indemnata-sa-combata-intoleranta-fata-de-persoanele-lgbt\/\",\"url\":\"https:\/\/bangbang.md\/2022\/09\/28\/raport-grecia-indemnata-sa-combata-intoleranta-fata-de-persoanele-lgbt\/\",\"name\":\"Raport: Grecia, \u00eendemnat\u0103 s\u0103 combat\u0103 intoleran\u021ba fa\u021b\u0103 de persoanele LGBT+ - BANG-BANG\",\"isPartOf\":{\"@id\":\"https:\/\/bangbang.md\/#website\"},\"datePublished\":\"2022-09-28T09:28:22+00:00\",\"dateModified\":\"2022-09-28T09:28:24+00:00\",\"breadcrumb\":{\"@id\":\"https:\/\/bangbang.md\/2022\/09\/28\/raport-grecia-indemnata-sa-combata-intoleranta-fata-de-persoanele-lgbt\/#breadcrumb\"},\"inLanguage\":\"ru-RU\",\"potentialAction\":[{\"@type\":\"ReadAction\",\"target\":[\"https:\/\/bangbang.md\/2022\/09\/28\/raport-grecia-indemnata-sa-combata-intoleranta-fata-de-persoanele-lgbt\/\"]}]},{\"@type\":\"BreadcrumbList\",\"@id\":\"https:\/\/bangbang.md\/2022\/09\/28\/raport-grecia-indemnata-sa-combata-intoleranta-fata-de-persoanele-lgbt\/#breadcrumb\",\"itemListElement\":[{\"@type\":\"ListItem\",\"position\":1,\"name\":\"Prima pagin\u0103\",\"item\":\"https:\/\/bangbang.md\/\"},{\"@type\":\"ListItem\",\"position\":2,\"name\":\"Raport: Grecia, \u00eendemnat\u0103 s\u0103 combat\u0103 intoleran\u021ba fa\u021b\u0103 de persoanele LGBT+\"}]},{\"@type\":\"WebSite\",\"@id\":\"https:\/\/bangbang.md\/#website\",\"url\":\"https:\/\/bangbang.md\/\",\"name\":\"BANG-BANG\",\"description\":\"Portal web dedicat comunit\u0103\u021bii LGBTQ d RM\",\"publisher\":{\"@id\":\"https:\/\/bangbang.md\/#organization\"},\"potentialAction\":[{\"@type\":\"SearchAction\",\"target\":{\"@type\":\"EntryPoint\",\"urlTemplate\":\"https:\/\/bangbang.md\/?s={search_term_string}\"},\"query-input\":\"required name=search_term_string\"}],\"inLanguage\":\"ru-RU\"},{\"@type\":\"Organization\",\"@id\":\"https:\/\/bangbang.md\/#organization\",\"name\":\"Bang bang\",\"url\":\"https:\/\/bangbang.md\/\",\"logo\":{\"@type\":\"ImageObject\",\"inLanguage\":\"ru-RU\",\"@id\":\"https:\/\/bangbang.md\/#\/schema\/logo\/image\/\",\"url\":\"https:\/\/bangbang.md\/wp-content\/uploads\/2022\/07\/cropped-Group.jpg\",\"contentUrl\":\"https:\/\/bangbang.md\/wp-content\/uploads\/2022\/07\/cropped-Group.jpg\",\"width\":512,\"height\":512,\"caption\":\"Bang bang\"},\"image\":{\"@id\":\"https:\/\/bangbang.md\/#\/schema\/logo\/image\/\"},\"sameAs\":[\"https:\/\/www.facebook.com\/bangbangmoldova\"]},{\"@type\":\"Person\",\"@id\":\"https:\/\/bangbang.md\/#\/schema\/person\/3c4bdd852f2d2f8db3bde1e81e9676a2\",\"name\":\"Redactia\",\"image\":{\"@type\":\"ImageObject\",\"inLanguage\":\"ru-RU\",\"@id\":\"https:\/\/bangbang.md\/#\/schema\/person\/image\/\",\"url\":\"https:\/\/secure.gravatar.com\/avatar\/31b9e560d1e50693e5c3bec169fad34f40ffc3d32174e8953ddc1d30a6216ced?s=96&d=mm&r=g\",\"contentUrl\":\"https:\/\/secure.gravatar.com\/avatar\/31b9e560d1e50693e5c3bec169fad34f40ffc3d32174e8953ddc1d30a6216ced?s=96&d=mm&r=g\",\"caption\":\"Redactia\"},\"url\":\"https:\/\/bangbang.md\/ru\/author\/redactia\/\"}]}<\/script>\n<!-- \/ Yoast SEO Premium plugin. -->","yoast_head_json":{"title":"Raport: Grecia, \u00eendemnat\u0103 s\u0103 combat\u0103 intoleran\u021ba fa\u021b\u0103 de persoanele LGBT+ - BANG-BANG","robots":{"index":"index","follow":"follow","max-snippet":"max-snippet:-1","max-image-preview":"max-image-preview:large","max-video-preview":"max-video-preview:-1"},"canonical":"https:\/\/bangbang.md\/ru\/2022\/09\/28\/raport-grecia-indemnata-sa-combata-intoleranta-fata-de-persoanele-lgbt\/","og_locale":"ru_RU","og_type":"article","og_title":"Raport: Grecia, \u00eendemnat\u0103 s\u0103 combat\u0103 intoleran\u021ba fa\u021b\u0103 de persoanele LGBT+","og_description":"\u00cen ciuda planului na\u021bional pentru egalitate, elevii LGBTQ+ din Grecia continu\u0103 s\u0103 se confrunte cu \u201eatitudini \u0219i comportamente intolerante \u0219i...","og_url":"https:\/\/bangbang.md\/ru\/2022\/09\/28\/raport-grecia-indemnata-sa-combata-intoleranta-fata-de-persoanele-lgbt\/","og_site_name":"BANG-BANG","article_publisher":"https:\/\/www.facebook.com\/bangbangmoldova","article_published_time":"2022-09-28T09:28:22+00:00","article_modified_time":"2022-09-28T09:28:24+00:00","og_image":[{"width":960,"height":667,"url":"https:\/\/bangbang.md\/wp-content\/uploads\/2022\/09\/ZKOMUKEEY5IEHNUJON5VZL5NNE.jpg","type":"image\/jpeg"}],"author":"Redactia","twitter_card":"summary_large_image","twitter_misc":{"\u041d\u0430\u043f\u0438\u0441\u0430\u043d\u043e \u0430\u0432\u0442\u043e\u0440\u043e\u043c":"Redactia"},"schema":{"@context":"https:\/\/schema.org","@graph":[{"@type":"Article","@id":"https:\/\/bangbang.md\/2022\/09\/28\/raport-grecia-indemnata-sa-combata-intoleranta-fata-de-persoanele-lgbt\/#article","isPartOf":{"@id":"https:\/\/bangbang.md\/2022\/09\/28\/raport-grecia-indemnata-sa-combata-intoleranta-fata-de-persoanele-lgbt\/"},"author":{"name":"Redactia","@id":"https:\/\/bangbang.md\/#\/schema\/person\/3c4bdd852f2d2f8db3bde1e81e9676a2"},"headline":"Raport: Grecia, \u00eendemnat\u0103 s\u0103 combat\u0103 intoleran\u021ba fa\u021b\u0103 de persoanele LGBT+","datePublished":"2022-09-28T09:28:22+00:00","dateModified":"2022-09-28T09:28:24+00:00","mainEntityOfPage":{"@id":"https:\/\/bangbang.md\/2022\/09\/28\/raport-grecia-indemnata-sa-combata-intoleranta-fata-de-persoanele-lgbt\/"},"wordCount":261,"commentCount":0,"publisher":{"@id":"https:\/\/bangbang.md\/#organization"},"keywords":["ECRI","Grecia","LGBTQ+"],"articleSection":["Lumea noastr\u0103","Nout\u0103\u021bi"],"inLanguage":"ru-RU"},{"@type":"WebPage","@id":"https:\/\/bangbang.md\/2022\/09\/28\/raport-grecia-indemnata-sa-combata-intoleranta-fata-de-persoanele-lgbt\/","url":"https:\/\/bangbang.md\/2022\/09\/28\/raport-grecia-indemnata-sa-combata-intoleranta-fata-de-persoanele-lgbt\/","name":"Raport: Grecia, \u00eendemnat\u0103 s\u0103 combat\u0103 intoleran\u021ba fa\u021b\u0103 de persoanele LGBT+ - BANG-BANG","isPartOf":{"@id":"https:\/\/bangbang.md\/#website"},"datePublished":"2022-09-28T09:28:22+00:00","dateModified":"2022-09-28T09:28:24+00:00","breadcrumb":{"@id":"https:\/\/bangbang.md\/2022\/09\/28\/raport-grecia-indemnata-sa-combata-intoleranta-fata-de-persoanele-lgbt\/#breadcrumb"},"inLanguage":"ru-RU","potentialAction":[{"@type":"ReadAction","target":["https:\/\/bangbang.md\/2022\/09\/28\/raport-grecia-indemnata-sa-combata-intoleranta-fata-de-persoanele-lgbt\/"]}]},{"@type":"BreadcrumbList","@id":"https:\/\/bangbang.md\/2022\/09\/28\/raport-grecia-indemnata-sa-combata-intoleranta-fata-de-persoanele-lgbt\/#breadcrumb","itemListElement":[{"@type":"ListItem","position":1,"name":"Prima pagin\u0103","item":"https:\/\/bangbang.md\/"},{"@type":"ListItem","position":2,"name":"Raport: Grecia, \u00eendemnat\u0103 s\u0103 combat\u0103 intoleran\u021ba fa\u021b\u0103 de persoanele LGBT+"}]},{"@type":"WebSite","@id":"https:\/\/bangbang.md\/#website","url":"https:\/\/bangbang.md\/","name":"BANG-BANG","description":"Portal web dedicat comunit\u0103\u021bii LGBTQ d RM","publisher":{"@id":"https:\/\/bangbang.md\/#organization"},"potentialAction":[{"@type":"SearchAction","target":{"@type":"EntryPoint","urlTemplate":"https:\/\/bangbang.md\/?s={search_term_string}"},"query-input":"required name=search_term_string"}],"inLanguage":"ru-RU"},{"@type":"Organization","@id":"https:\/\/bangbang.md\/#organization","name":"Bang bang","url":"https:\/\/bangbang.md\/","logo":{"@type":"ImageObject","inLanguage":"ru-RU","@id":"https:\/\/bangbang.md\/#\/schema\/logo\/image\/","url":"https:\/\/bangbang.md\/wp-content\/uploads\/2022\/07\/cropped-Group.jpg","contentUrl":"https:\/\/bangbang.md\/wp-content\/uploads\/2022\/07\/cropped-Group.jpg","width":512,"height":512,"caption":"Bang bang"},"image":{"@id":"https:\/\/bangbang.md\/#\/schema\/logo\/image\/"},"sameAs":["https:\/\/www.facebook.com\/bangbangmoldova"]},{"@type":"Person","@id":"https:\/\/bangbang.md\/#\/schema\/person\/3c4bdd852f2d2f8db3bde1e81e9676a2","name":"Redactia","image":{"@type":"ImageObject","inLanguage":"ru-RU","@id":"https:\/\/bangbang.md\/#\/schema\/person\/image\/","url":"https:\/\/secure.gravatar.com\/avatar\/31b9e560d1e50693e5c3bec169fad34f40ffc3d32174e8953ddc1d30a6216ced?s=96&d=mm&r=g","contentUrl":"https:\/\/secure.gravatar.com\/avatar\/31b9e560d1e50693e5c3bec169fad34f40ffc3d32174e8953ddc1d30a6216ced?s=96&d=mm&r=g","caption":"Redactia"},"url":"https:\/\/bangbang.md\/ru\/author\/redactia\/"}]}},"_links":{"self":[{"href":"https:\/\/bangbang.md\/ru\/wp-json\/wp\/v2\/posts\/3186","targetHints":{"allow":["GET"]}}],"collection":[{"href":"https:\/\/bangbang.md\/ru\/wp-json\/wp\/v2\/posts"}],"about":[{"href":"https:\/\/bangbang.md\/ru\/wp-json\/wp\/v2\/types\/post"}],"author":[{"embeddable":true,"href":"https:\/\/bangbang.md\/ru\/wp-json\/wp\/v2\/users\/4"}],"replies":[{"embeddable":true,"href":"https:\/\/bangbang.md\/ru\/wp-json\/wp\/v2\/comments?post=3186"}],"version-history":[{"count":3,"href":"https:\/\/bangbang.md\/ru\/wp-json\/wp\/v2\/posts\/3186\/revisions"}],"predecessor-version":[{"id":3191,"href":"https:\/\/bangbang.md\/ru\/wp-json\/wp\/v2\/posts\/3186\/revisions\/3191"}],"wp:featuredmedia":[{"embeddable":true,"href":"https:\/\/bangbang.md\/ru\/wp-json\/wp\/v2\/media\/3187"}],"wp:attachment":[{"href":"https:\/\/bangbang.md\/ru\/wp-json\/wp\/v2\/media?parent=3186"}],"wp:term":[{"taxonomy":"category","embeddable":true,"href":"https:\/\/bangbang.md\/ru\/wp-json\/wp\/v2\/categories?post=3186"},{"taxonomy":"post_tag","embeddable":true,"href":"https:\/\/bangbang.md\/ru\/wp-json\/wp\/v2\/tags?post=3186"}],"curies":[{"name":"wp","href":"https:\/\/api.w.org\/{rel}","templated":true}]}}